









{"id":10007,"date":"2020-08-14T07:39:08","date_gmt":"2020-08-14T05:39:08","guid":{"rendered":"https:\/\/peoplesphere.be\/fr\/?p=10007"},"modified":"2020-08-14T07:39:08","modified_gmt":"2020-08-14T05:39:08","slug":"partage-travailleurs-option-reelle-afin-deviter-licenciements-collectifs-de-limiter-recours-chomage-temporaire","status":"publish","type":"post","link":"https:\/\/peoplesphere.be\/fr\/partage-travailleurs-option-reelle-afin-deviter-licenciements-collectifs-de-limiter-recours-chomage-temporaire\/","title":{"rendered":"Le partage des travailleurs, une option r\u00e9elle afin d&rsquo;\u00e9viter les licenciements collectifs et de limiter le recours au ch\u00f4mage temporaire?"},"content":{"rendered":"<p>Malgr\u00e9 les nombreux avantages, le partage de travailleurs n\u2019est pas encore ancr\u00e9 dans l\u2019\u00e9conomie belge \u00e0 l\u2019heure actuelle. Le groupe de services RH Acerta lance une plateforme de partage du personnel \u00e0 destination des entreprises. Au moyen de ce projet, baptis\u00e9 Bridge, il souhaite offrir aux entreprises des alternatives au ch\u00f4mage temporaire et aux licenciements collectifs en raison de la crise du coronavirus. Les travailleurs peuvent adh\u00e9rer volontairement et recevoir l\u2019opportunit\u00e9 de travailler temporairement dans une autre entreprise. Ils retourneront ult\u00e9rieurement chez leur employeur initial. Les entreprises int\u00e9ress\u00e9es peuvent s\u2019inscrire sur cette plateforme de partage si elles connaissent un surplus ou un manque (temporaire) de personnel pour l\u2019instant.<!--more--><\/p>\n<p>Bridge permet aux entreprises de partager mutuellement leurs travailleurs. Les entreprises \u00e0 la recherche de talents pour des p\u00e9riodes courtes ou longues, ainsi que les entreprises qui souhaitent partager des talents s\u2019inscrivent sur la plateforme. Acerta assure alors une proc\u00e9dure de correspondance correcte et les soutient afin de proc\u00e9der \u00e0 un \u00e9change de personnel correct sur le plan juridique. Ces travailleurs partag\u00e9s peuvent travailler temporairement chez un autre employeur et retourner facilement chez leur employeur initial ult\u00e9rieurement, si les deux parties le souhaitent. Entre-temps, ils continuent \u00e0 travailler et conservent une protection sociale et la s\u00e9curit\u00e9 d\u2019un contrat fixe.<\/p>\n<p>L\u2019\u00e9change de travailleurs est model\u00e9 par Bridge par l\u2019interm\u00e9diaire d\u2019une solution juridique adapt\u00e9e aux besoins et aux souhaits des entreprises concern\u00e9es. Une de ces formes est le principe des employeurs multiples, o\u00f9 deux entreprises d\u00e9finissent contractuellement leurs droits et obligations mutuels et concluent ainsi un contrat de travail avec les travailleurs en tant qu\u2019employeur multiple. Il existe aussi d\u2019autres options, comme la cr\u00e9ation d\u2019une coentreprise, la conclusion d\u2019une mission free-lance, etc&#8230;<\/p>\n<p><em><strong>Une solution concr\u00e8te pour certains secteurs ?<\/strong><\/em><\/p>\n<p>Kathelijne Verboomen, directrice du centre de connaissances d\u2019Acerta : \u00ab\u00a0<em>En raison de la crise du coronavirus, de nombreuses entreprises ont d\u00fb r\u00e9duire leurs activit\u00e9s, alors que d\u2019autres enregistraient un surcro\u00eet de travail, en adaptant leurs activit\u00e9s ou non (masques, plexiglas, signalisation&#8230;). Les entreprises agricoles qui ont recours \u00e0 des ouvriers saisonniers mena\u00e7aient aussi d\u2019\u00eatre \u00e0 court de main-d\u2019\u0153uvre. Dans ces secteurs et dans des p\u00e9riodes comme celle-ci, le partage de travailleurs rend le march\u00e9 de l\u2019emploi plus flexible. \u00c0 l\u2019aide de Bridge, nous souhaitons cr\u00e9er un lien entre les entreprises afin d\u2019\u00e9changer facilement des travailleurs lorsque n\u00e9cessaire. Cela nous semble le moyen id\u00e9al pour les entreprises d\u2019\u00e9viter de devoir mettre leur personnel au ch\u00f4mage voire de devoir le licencier. Lorsque la rupture est certes radicale, mais temporaire, comme \u00e0 l\u2019heure actuelle avec la crise du coronavirus, il est toujours possible de revenir \u00e0 l\u2019emploi chez le premier employeur.\u00a0\u00bb<\/em><\/p>\n<p><em><strong>Une r\u00e9ponse potentielle \u00e0 la p\u00e9nurie sur le march\u00e9 de l\u2019emploi<\/strong><\/em><\/p>\n<p>Durant une p\u00e9riode difficile comme la crise du coronavirus, certaines entreprises sont forc\u00e9es d\u2019envisager les licenciements. Pourtant, Acerta constate que cette approche pourrait causer des probl\u00e8mes par la suite, lorsque la p\u00e9nurie sur le march\u00e9 de l\u2019emploi se manifestera (\u00e0 nouveau). Car d\u00e8s que l\u2019\u00e9conomie redeviendra attrayante, ces entreprises voudront\/devront \u00e0 nouveau engager et trouver les bons profils, ce qui sera alors plus difficile que jamais.<\/p>\n<p><em>\u00ab\u00a0L\u2019id\u00e9e du partage de travailleurs a vu le jour \u00e0 cause de la p\u00e9nurie sur le march\u00e9 de l\u2019emploi, qui menace les entreprises telle l\u2019\u00e9p\u00e9e de Damocl\u00e8s. Pour les m\u00e9tiers en p\u00e9nurie, le syst\u00e8me de partage des talents rares par les entreprises peut effectivement constituer une solution. Plus l\u2019expertise est pouss\u00e9e, plus il est probable qu\u2019une entreprise ait besoin d\u2019une certaine expertise, mais pas \u00e0 temps plein. Nous aidons les deux parties en partageant un travailleur (sp\u00e9cialis\u00e9) entre deux employeurs. Il existe en outre des situations o\u00f9 des travailleurs sont partag\u00e9s pendant plus longtemps : les conseillers en pr\u00e9vention, les professions param\u00e9dicales dans des IMP par exemple, l\u2019assistant en pharmacie qui intervient dans deux pharmacies, les m\u00e9decins g\u00e9n\u00e9ralistes qui partagent une secr\u00e9taire, le syndic qui g\u00e8re plusieurs r\u00e9sidences, les sacristains en contrat dans diff\u00e9rentes \u00e9glises&#8230; Mais il s\u2019agit toujours de cas particuliers. Toutefois, nous observons encore une foule d\u2019opportunit\u00e9s. Trop peu d\u2019opportunit\u00e9s sont encore exploit\u00e9es sur notre march\u00e9 de l\u2019emploi. N\u2019oubliez pas : un travailleur qui travaille ailleurs temporairement acquiert de nouvelles connaissances et des exp\u00e9riences qui pourront lui servir plus tard dans l\u2019entreprise propre.\u00a0\u00bb<\/em><\/p>\n<p><em>Source: Acerta<\/em><\/p>\n","protected":false},"excerpt":{"rendered":"<p>Malgr\u00e9 les nombreux avantages, le partage de travailleurs n\u2019est pas encore ancr\u00e9 dans l\u2019\u00e9conomie belge \u00e0 l\u2019heure actuelle. Le groupe de services RH Acerta lance une plateforme de partage du personnel \u00e0 destination des entreprises. Au moyen de ce projet, [&hellip;]<\/p>\n","protected":false},"author":2,"featured_media":0,"comment_status":"closed","ping_status":"open","sticky":false,"template":"","format":"standard","meta":[],"categories":[65,10],"tags":[271,3152,714,116,2947,514,196,3153],"yoast_head":"<!-- This site is optimized with the Yoast SEO plugin v21.0 - https:\/\/yoast.com\/wordpress\/plugins\/seo\/ -->\n<title>Le partage des travailleurs, une option r\u00e9elle afin d&#039;\u00e9viter les licenciements collectifs et de limiter le recours au ch\u00f4mage temporaire? - Peoplesphere<\/title>\n<meta name=\"robots\" content=\"index, follow, max-snippet:-1, max-image-preview:large, max-video-preview:-1\" \/>\n<link rel=\"canonical\" href=\"https:\/\/peoplesphere.be\/fr\/partage-travailleurs-option-reelle-afin-deviter-licenciements-collectifs-de-limiter-recours-chomage-temporaire\/\" \/>\n<meta property=\"og:locale\" content=\"fr_FR\" \/>\n<meta property=\"og:type\" content=\"article\" \/>\n<meta property=\"og:title\" content=\"Le partage des travailleurs, une option r\u00e9elle afin d&#039;\u00e9viter les licenciements collectifs et de limiter le recours au ch\u00f4mage temporaire? - Peoplesphere\" \/>\n<meta property=\"og:description\" content=\"Malgr\u00e9 les nombreux avantages, le partage de travailleurs n\u2019est pas encore ancr\u00e9 dans l\u2019\u00e9conomie belge \u00e0 l\u2019heure actuelle. Le groupe de services RH Acerta lance une plateforme de partage du personnel \u00e0 destination des entreprises. Au moyen de ce projet, [&hellip;]\" \/>\n<meta property=\"og:url\" content=\"https:\/\/peoplesphere.be\/fr\/partage-travailleurs-option-reelle-afin-deviter-licenciements-collectifs-de-limiter-recours-chomage-temporaire\/\" \/>\n<meta property=\"og:site_name\" content=\"Peoplesphere\" \/>\n<meta property=\"article:publisher\" content=\"https:\/\/www.facebook.com\/peoplesphere\" \/>\n<meta property=\"article:published_time\" content=\"2020-08-14T05:39:08+00:00\" \/>\n<meta property=\"og:image\" content=\"http:\/\/www.peoplesphere.be\/fr\/wp-content\/uploads\/2016\/07\/facebook-default-posting-1200x628px.jpg\" \/>\n<meta name=\"author\" content=\"Jean-Paul Erhard\" \/>\n<meta name=\"twitter:card\" content=\"summary_large_image\" \/>\n<meta name=\"twitter:creator\" content=\"@PeoplesphereMag\" \/>\n<meta name=\"twitter:site\" content=\"@PeoplesphereMag\" \/>\n<meta name=\"twitter:label1\" content=\"\u00c9crit par\" \/>\n\t<meta name=\"twitter:data1\" content=\"Jean-Paul Erhard\" \/>\n\t<meta name=\"twitter:label2\" content=\"Dur\u00e9e de lecture estim\u00e9e\" \/>\n\t<meta name=\"twitter:data2\" content=\"4 minutes\" \/>\n<script type=\"application\/ld+json\" class=\"yoast-schema-graph\">{\"@context\":\"https:\/\/schema.org\",\"@graph\":[{\"@type\":\"Article\",\"@id\":\"https:\/\/peoplesphere.be\/fr\/partage-travailleurs-option-reelle-afin-deviter-licenciements-collectifs-de-limiter-recours-chomage-temporaire\/#article\",\"isPartOf\":{\"@id\":\"https:\/\/peoplesphere.be\/fr\/partage-travailleurs-option-reelle-afin-deviter-licenciements-collectifs-de-limiter-recours-chomage-temporaire\/\"},\"author\":{\"name\":\"Jean-Paul Erhard\",\"@id\":\"https:\/\/peoplesphere.be\/fr\/#\/schema\/person\/7976225ff17988604334abb7b3536a7e\"},\"headline\":\"Le partage des travailleurs, une option r\u00e9elle afin d&rsquo;\u00e9viter les licenciements collectifs et de limiter le recours au ch\u00f4mage temporaire?\",\"datePublished\":\"2020-08-14T05:39:08+00:00\",\"dateModified\":\"2020-08-14T05:39:08+00:00\",\"mainEntityOfPage\":{\"@id\":\"https:\/\/peoplesphere.be\/fr\/partage-travailleurs-option-reelle-afin-deviter-licenciements-collectifs-de-limiter-recours-chomage-temporaire\/\"},\"wordCount\":801,\"publisher\":{\"@id\":\"https:\/\/peoplesphere.be\/fr\/#organization\"},\"keywords\":[\"acerta\",\"Bridge\",\"ch\u00f4mage temporaire\",\"comp\u00e9tences\",\"coronavirus\",\"licenciements\",\"m\u00e9tiers en p\u00e9nurie\",\"partage des travailleurs\"],\"articleSection\":[\"Actualit\u00e9s\",\"Digital\"],\"inLanguage\":\"fr-FR\"},{\"@type\":\"WebPage\",\"@id\":\"https:\/\/peoplesphere.be\/fr\/partage-travailleurs-option-reelle-afin-deviter-licenciements-collectifs-de-limiter-recours-chomage-temporaire\/\",\"url\":\"https:\/\/peoplesphere.be\/fr\/partage-travailleurs-option-reelle-afin-deviter-licenciements-collectifs-de-limiter-recours-chomage-temporaire\/\",\"name\":\"Le partage des travailleurs, une option r\u00e9elle afin d'\u00e9viter les licenciements collectifs et de limiter le recours au ch\u00f4mage temporaire? - Peoplesphere\",\"isPartOf\":{\"@id\":\"https:\/\/peoplesphere.be\/fr\/#website\"},\"datePublished\":\"2020-08-14T05:39:08+00:00\",\"dateModified\":\"2020-08-14T05:39:08+00:00\",\"breadcrumb\":{\"@id\":\"https:\/\/peoplesphere.be\/fr\/partage-travailleurs-option-reelle-afin-deviter-licenciements-collectifs-de-limiter-recours-chomage-temporaire\/#breadcrumb\"},\"inLanguage\":\"fr-FR\",\"potentialAction\":[{\"@type\":\"ReadAction\",\"target\":[\"https:\/\/peoplesphere.be\/fr\/partage-travailleurs-option-reelle-afin-deviter-licenciements-collectifs-de-limiter-recours-chomage-temporaire\/\"]}]},{\"@type\":\"BreadcrumbList\",\"@id\":\"https:\/\/peoplesphere.be\/fr\/partage-travailleurs-option-reelle-afin-deviter-licenciements-collectifs-de-limiter-recours-chomage-temporaire\/#breadcrumb\",\"itemListElement\":[{\"@type\":\"ListItem\",\"position\":1,\"name\":\"Accueil\",\"item\":\"https:\/\/peoplesphere.be\/fr\/\"},{\"@type\":\"ListItem\",\"position\":2,\"name\":\"Le partage des travailleurs, une option r\u00e9elle afin d&rsquo;\u00e9viter les licenciements collectifs et de limiter le recours au ch\u00f4mage temporaire?\"}]},{\"@type\":\"WebSite\",\"@id\":\"https:\/\/peoplesphere.be\/fr\/#website\",\"url\":\"https:\/\/peoplesphere.be\/fr\/\",\"name\":\"Peoplesphere\",\"description\":\"The People Managers Magazine\",\"publisher\":{\"@id\":\"https:\/\/peoplesphere.be\/fr\/#organization\"},\"potentialAction\":[{\"@type\":\"SearchAction\",\"target\":{\"@type\":\"EntryPoint\",\"urlTemplate\":\"https:\/\/peoplesphere.be\/fr\/?s={search_term_string}\"},\"query-input\":\"required name=search_term_string\"}],\"inLanguage\":\"fr-FR\"},{\"@type\":\"Organization\",\"@id\":\"https:\/\/peoplesphere.be\/fr\/#organization\",\"name\":\"Peoplesphere Company srl\",\"url\":\"https:\/\/peoplesphere.be\/fr\/\",\"logo\":{\"@type\":\"ImageObject\",\"inLanguage\":\"fr-FR\",\"@id\":\"https:\/\/peoplesphere.be\/fr\/#\/schema\/logo\/image\/\",\"url\":\"https:\/\/peoplesphere.be\/fr\/wp-content\/uploads\/2023\/07\/peoplesphere-lgo-new-generik.jpg\",\"contentUrl\":\"https:\/\/peoplesphere.be\/fr\/wp-content\/uploads\/2023\/07\/peoplesphere-lgo-new-generik.jpg\",\"width\":1031,\"height\":1479,\"caption\":\"Peoplesphere Company srl\"},\"image\":{\"@id\":\"https:\/\/peoplesphere.be\/fr\/#\/schema\/logo\/image\/\"},\"sameAs\":[\"https:\/\/www.facebook.com\/peoplesphere\",\"https:\/\/twitter.com\/PeoplesphereMag\",\"https:\/\/www.linkedin.com\/company\/7587361?trk\",\"http:\/\/youtube.com\/peoplesphere\"]},{\"@type\":\"Person\",\"@id\":\"https:\/\/peoplesphere.be\/fr\/#\/schema\/person\/7976225ff17988604334abb7b3536a7e\",\"name\":\"Jean-Paul Erhard\",\"image\":{\"@type\":\"ImageObject\",\"inLanguage\":\"fr-FR\",\"@id\":\"https:\/\/peoplesphere.be\/fr\/#\/schema\/person\/image\/\",\"url\":\"https:\/\/secure.gravatar.com\/avatar\/f941e681460179738071629a51574930?s=96&d=mm&r=g\",\"contentUrl\":\"https:\/\/secure.gravatar.com\/avatar\/f941e681460179738071629a51574930?s=96&d=mm&r=g\",\"caption\":\"Jean-Paul Erhard\"},\"url\":\"https:\/\/peoplesphere.be\/fr\/author\/jpe\/\"}]}<\/script>\n<!-- \/ Yoast SEO plugin. -->","yoast_head_json":{"title":"Le partage des travailleurs, une option r\u00e9elle afin d'\u00e9viter les licenciements collectifs et de limiter le recours au ch\u00f4mage temporaire? - Peoplesphere","robots":{"index":"index","follow":"follow","max-snippet":"max-snippet:-1","max-image-preview":"max-image-preview:large","max-video-preview":"max-video-preview:-1"},"canonical":"https:\/\/peoplesphere.be\/fr\/partage-travailleurs-option-reelle-afin-deviter-licenciements-collectifs-de-limiter-recours-chomage-temporaire\/","og_locale":"fr_FR","og_type":"article","og_title":"Le partage des travailleurs, une option r\u00e9elle afin d'\u00e9viter les licenciements collectifs et de limiter le recours au ch\u00f4mage temporaire? - Peoplesphere","og_description":"Malgr\u00e9 les nombreux avantages, le partage de travailleurs n\u2019est pas encore ancr\u00e9 dans l\u2019\u00e9conomie belge \u00e0 l\u2019heure actuelle. Le groupe de services RH Acerta lance une plateforme de partage du personnel \u00e0 destination des entreprises. Au moyen de ce projet, [&hellip;]","og_url":"https:\/\/peoplesphere.be\/fr\/partage-travailleurs-option-reelle-afin-deviter-licenciements-collectifs-de-limiter-recours-chomage-temporaire\/","og_site_name":"Peoplesphere","article_publisher":"https:\/\/www.facebook.com\/peoplesphere","article_published_time":"2020-08-14T05:39:08+00:00","og_image":[{"url":"http:\/\/www.peoplesphere.be\/fr\/wp-content\/uploads\/2016\/07\/facebook-default-posting-1200x628px.jpg"}],"author":"Jean-Paul Erhard","twitter_card":"summary_large_image","twitter_creator":"@PeoplesphereMag","twitter_site":"@PeoplesphereMag","twitter_misc":{"\u00c9crit par":"Jean-Paul Erhard","Dur\u00e9e de lecture estim\u00e9e":"4 minutes"},"schema":{"@context":"https:\/\/schema.org","@graph":[{"@type":"Article","@id":"https:\/\/peoplesphere.be\/fr\/partage-travailleurs-option-reelle-afin-deviter-licenciements-collectifs-de-limiter-recours-chomage-temporaire\/#article","isPartOf":{"@id":"https:\/\/peoplesphere.be\/fr\/partage-travailleurs-option-reelle-afin-deviter-licenciements-collectifs-de-limiter-recours-chomage-temporaire\/"},"author":{"name":"Jean-Paul Erhard","@id":"https:\/\/peoplesphere.be\/fr\/#\/schema\/person\/7976225ff17988604334abb7b3536a7e"},"headline":"Le partage des travailleurs, une option r\u00e9elle afin d&rsquo;\u00e9viter les licenciements collectifs et de limiter le recours au ch\u00f4mage temporaire?","datePublished":"2020-08-14T05:39:08+00:00","dateModified":"2020-08-14T05:39:08+00:00","mainEntityOfPage":{"@id":"https:\/\/peoplesphere.be\/fr\/partage-travailleurs-option-reelle-afin-deviter-licenciements-collectifs-de-limiter-recours-chomage-temporaire\/"},"wordCount":801,"publisher":{"@id":"https:\/\/peoplesphere.be\/fr\/#organization"},"keywords":["acerta","Bridge","ch\u00f4mage temporaire","comp\u00e9tences","coronavirus","licenciements","m\u00e9tiers en p\u00e9nurie","partage des travailleurs"],"articleSection":["Actualit\u00e9s","Digital"],"inLanguage":"fr-FR"},{"@type":"WebPage","@id":"https:\/\/peoplesphere.be\/fr\/partage-travailleurs-option-reelle-afin-deviter-licenciements-collectifs-de-limiter-recours-chomage-temporaire\/","url":"https:\/\/peoplesphere.be\/fr\/partage-travailleurs-option-reelle-afin-deviter-licenciements-collectifs-de-limiter-recours-chomage-temporaire\/","name":"Le partage des travailleurs, une option r\u00e9elle afin d'\u00e9viter les licenciements collectifs et de limiter le recours au ch\u00f4mage temporaire? - Peoplesphere","isPartOf":{"@id":"https:\/\/peoplesphere.be\/fr\/#website"},"datePublished":"2020-08-14T05:39:08+00:00","dateModified":"2020-08-14T05:39:08+00:00","breadcrumb":{"@id":"https:\/\/peoplesphere.be\/fr\/partage-travailleurs-option-reelle-afin-deviter-licenciements-collectifs-de-limiter-recours-chomage-temporaire\/#breadcrumb"},"inLanguage":"fr-FR","potentialAction":[{"@type":"ReadAction","target":["https:\/\/peoplesphere.be\/fr\/partage-travailleurs-option-reelle-afin-deviter-licenciements-collectifs-de-limiter-recours-chomage-temporaire\/"]}]},{"@type":"BreadcrumbList","@id":"https:\/\/peoplesphere.be\/fr\/partage-travailleurs-option-reelle-afin-deviter-licenciements-collectifs-de-limiter-recours-chomage-temporaire\/#breadcrumb","itemListElement":[{"@type":"ListItem","position":1,"name":"Accueil","item":"https:\/\/peoplesphere.be\/fr\/"},{"@type":"ListItem","position":2,"name":"Le partage des travailleurs, une option r\u00e9elle afin d&rsquo;\u00e9viter les licenciements collectifs et de limiter le recours au ch\u00f4mage temporaire?"}]},{"@type":"WebSite","@id":"https:\/\/peoplesphere.be\/fr\/#website","url":"https:\/\/peoplesphere.be\/fr\/","name":"Peoplesphere","description":"The People Managers Magazine","publisher":{"@id":"https:\/\/peoplesphere.be\/fr\/#organization"},"potentialAction":[{"@type":"SearchAction","target":{"@type":"EntryPoint","urlTemplate":"https:\/\/peoplesphere.be\/fr\/?s={search_term_string}"},"query-input":"required name=search_term_string"}],"inLanguage":"fr-FR"},{"@type":"Organization","@id":"https:\/\/peoplesphere.be\/fr\/#organization","name":"Peoplesphere Company srl","url":"https:\/\/peoplesphere.be\/fr\/","logo":{"@type":"ImageObject","inLanguage":"fr-FR","@id":"https:\/\/peoplesphere.be\/fr\/#\/schema\/logo\/image\/","url":"https:\/\/peoplesphere.be\/fr\/wp-content\/uploads\/2023\/07\/peoplesphere-lgo-new-generik.jpg","contentUrl":"https:\/\/peoplesphere.be\/fr\/wp-content\/uploads\/2023\/07\/peoplesphere-lgo-new-generik.jpg","width":1031,"height":1479,"caption":"Peoplesphere Company srl"},"image":{"@id":"https:\/\/peoplesphere.be\/fr\/#\/schema\/logo\/image\/"},"sameAs":["https:\/\/www.facebook.com\/peoplesphere","https:\/\/twitter.com\/PeoplesphereMag","https:\/\/www.linkedin.com\/company\/7587361?trk","http:\/\/youtube.com\/peoplesphere"]},{"@type":"Person","@id":"https:\/\/peoplesphere.be\/fr\/#\/schema\/person\/7976225ff17988604334abb7b3536a7e","name":"Jean-Paul Erhard","image":{"@type":"ImageObject","inLanguage":"fr-FR","@id":"https:\/\/peoplesphere.be\/fr\/#\/schema\/person\/image\/","url":"https:\/\/secure.gravatar.com\/avatar\/f941e681460179738071629a51574930?s=96&d=mm&r=g","contentUrl":"https:\/\/secure.gravatar.com\/avatar\/f941e681460179738071629a51574930?s=96&d=mm&r=g","caption":"Jean-Paul Erhard"},"url":"https:\/\/peoplesphere.be\/fr\/author\/jpe\/"}]}},"_links":{"self":[{"href":"https:\/\/peoplesphere.be\/fr\/wp-json\/wp\/v2\/posts\/10007"}],"collection":[{"href":"https:\/\/peoplesphere.be\/fr\/wp-json\/wp\/v2\/posts"}],"about":[{"href":"https:\/\/peoplesphere.be\/fr\/wp-json\/wp\/v2\/types\/post"}],"author":[{"embeddable":true,"href":"https:\/\/peoplesphere.be\/fr\/wp-json\/wp\/v2\/users\/2"}],"replies":[{"embeddable":true,"href":"https:\/\/peoplesphere.be\/fr\/wp-json\/wp\/v2\/comments?post=10007"}],"version-history":[{"count":1,"href":"https:\/\/peoplesphere.be\/fr\/wp-json\/wp\/v2\/posts\/10007\/revisions"}],"predecessor-version":[{"id":10008,"href":"https:\/\/peoplesphere.be\/fr\/wp-json\/wp\/v2\/posts\/10007\/revisions\/10008"}],"wp:attachment":[{"href":"https:\/\/peoplesphere.be\/fr\/wp-json\/wp\/v2\/media?parent=10007"}],"wp:term":[{"taxonomy":"category","embeddable":true,"href":"https:\/\/peoplesphere.be\/fr\/wp-json\/wp\/v2\/categories?post=10007"},{"taxonomy":"post_tag","embeddable":true,"href":"https:\/\/peoplesphere.be\/fr\/wp-json\/wp\/v2\/tags?post=10007"}],"curies":[{"name":"wp","href":"https:\/\/api.w.org\/{rel}","templated":true}]}}