









{"id":10067,"date":"2020-09-02T13:39:06","date_gmt":"2020-09-02T11:39:06","guid":{"rendered":"https:\/\/peoplesphere.be\/fr\/?p=10067"},"modified":"2020-09-02T13:39:06","modified_gmt":"2020-09-02T11:39:06","slug":"jeunes-parents-menaces-travail-rentree-classes","status":"publish","type":"post","link":"https:\/\/peoplesphere.be\/fr\/jeunes-parents-menaces-travail-rentree-classes\/","title":{"rendered":"Les jeunes parents sont-ils menac\u00e9s dans leur travail par la rentr\u00e9e des classes?"},"content":{"rendered":"<p>La CSC tire la sonnette d&rsquo;alarme et demande d&rsquo;urgence une protection de la parentalit\u00e9. Sur quelle argumentation se base donc le syndicat chr\u00e9tien, Selon ce dernier, la rentr\u00e9e est l\u00e0 et avec son lot d\u2019incertitudes pour les jeunes parents. Que faire avec son enfant si celui\u00b7celle-ci a le nez qui coule ou tousse un peu : le\u00b7la mettre \u00e0 l\u2019\u00e9cole au risque de se voir rappeler au boulot? Le\u00b7la garder \u00e0 la maison au risque de r\u00e9-empi\u00e9ter sur son t\u00e9l\u00e9travail ? Trouver des plans B, C, D aupr\u00e8s des grands-parents avec les craintes qui sont toujours l\u00e0 vu les pr\u00e9cautions \u00e0 prendre avec les personnes \u00e2g\u00e9es ? Que faire si des classes, voire des \u00e9coles enti\u00e8res, sont remises en quatorzaine ?<!--more--><\/p>\n<p><em>\u00ab\u00a0La rentr\u00e9e est l\u00e0. Depuis le mois de juin, on sait pertinemment que des soucis tr\u00e8s concrets vont se poser aux travailleurs\u00b7euses parents si les r\u00e8gles anti-covid sont respect\u00e9es \u00e0 la lettre dans les \u00e9coles\u00a0\u00bb<\/em>, explique le syndicat.<\/p>\n<p><em>\u00ab\u00a0Qu\u2019est-ce qui a \u00e9t\u00e9 pens\u00e9 pour eux\u00b7elles ? Pour prot\u00e9ger leur travail ? Pour rompre avec le stress et l\u2019incertitude de ces derniers mois?\u00a0Malgr\u00e9 nos nombreuses alertes, \u00e0 diff\u00e9rents niveaux rien n\u2019a \u00e9t\u00e9 pens\u00e9 ni mis en place.\u00a0Vu la vague de restructurations \u00e0 laquelle on se pr\u00e9pare, quels choix feront les employeurs lorsqu\u2019il faudra licencier ? Habituellement, ce sont les plus \u00e2g\u00e9\u00b7e\u00b7s et les dernier\u00b7e\u00b7s arriv\u00e9\u00b7e\u00b7s qui paient les pots cass\u00e9s. Cette fois, doit-on s\u2019attendre \u00e0 ce que ce soit les jeunes parents vu leurs probables absences r\u00e9p\u00e9t\u00e9es pour s\u2019occuper de leurs enfants remis en quarantaine ?\u00a0\u00bb<\/em><\/p>\n<p>Les Femmes CSC se disent inqui\u00e8tes car elles savent que, <em>\u00ab\u00a0lorsque nous parlons de parents qui devrons s\u2019occuper d\u2019enfants malades ou en quarantaine, ce sera une fois de plus les femmes qui prendront leurs responsabilit\u00e9s et se retrouveront dans des situations inextricables\u2026 alors m\u00eame qu\u2019elles ne se sont pas encore remises du confinement.\u00a0\u00bb<\/em><\/p>\n<p><strong><em>Stress infernal&#8230; L\u2019\u00e9puisement guette.\u00a0<\/em><\/strong><\/p>\n<p><em>\u00ab\u00a0Nous demandons donc d\u2019urgence une protection de la parentalit\u00e9, \u00e0 l\u2019image de la protection de la maternit\u00e9, jusqu\u2019\u00e0 ce que les \u00e9coles puissent fonctionner sans code couleur. Cette protection doit au minimum \u00eatre approuv\u00e9e et inscrite dans la \u00ab R\u00e9solution relative \u00e0 la prise de mesures de d\u00e9fense des droits des femmes pendant la crise de COVID-19 \u00bb actuellement en lecture au Conseil nationale du Travail.\u00a0\u00bb<\/em><\/p>\n<p><em>Source: Femmes CSC<\/em><\/p>\n","protected":false},"excerpt":{"rendered":"<p>La CSC tire la sonnette d&rsquo;alarme et demande d&rsquo;urgence une protection de la parentalit\u00e9. Sur quelle argumentation se base donc le syndicat chr\u00e9tien, Selon ce dernier, la rentr\u00e9e est l\u00e0 et avec son lot d\u2019incertitudes pour les jeunes parents. Que [&hellip;]<\/p>\n","protected":false},"author":2,"featured_media":0,"comment_status":"closed","ping_status":"open","sticky":false,"template":"","format":"standard","meta":[],"categories":[65,10],"tags":[2998,747,1983,2594,18],"yoast_head":"<!-- This site is optimized with the Yoast SEO plugin v21.0 - https:\/\/yoast.com\/wordpress\/plugins\/seo\/ -->\n<title>Les jeunes parents sont-ils menac\u00e9s dans leur travail par la rentr\u00e9e des classes? - Peoplesphere<\/title>\n<meta name=\"robots\" content=\"index, follow, max-snippet:-1, max-image-preview:large, max-video-preview:-1\" \/>\n<link rel=\"canonical\" href=\"https:\/\/peoplesphere.be\/fr\/jeunes-parents-menaces-travail-rentree-classes\/\" \/>\n<meta property=\"og:locale\" content=\"fr_FR\" \/>\n<meta property=\"og:type\" content=\"article\" \/>\n<meta property=\"og:title\" content=\"Les jeunes parents sont-ils menac\u00e9s dans leur travail par la rentr\u00e9e des classes? - Peoplesphere\" \/>\n<meta property=\"og:description\" content=\"La CSC tire la sonnette d&rsquo;alarme et demande d&rsquo;urgence une protection de la parentalit\u00e9. Sur quelle argumentation se base donc le syndicat chr\u00e9tien, Selon ce dernier, la rentr\u00e9e est l\u00e0 et avec son lot d\u2019incertitudes pour les jeunes parents. Que [&hellip;]\" \/>\n<meta property=\"og:url\" content=\"https:\/\/peoplesphere.be\/fr\/jeunes-parents-menaces-travail-rentree-classes\/\" \/>\n<meta property=\"og:site_name\" content=\"Peoplesphere\" \/>\n<meta property=\"article:publisher\" content=\"https:\/\/www.facebook.com\/peoplesphere\" \/>\n<meta property=\"article:published_time\" content=\"2020-09-02T11:39:06+00:00\" \/>\n<meta property=\"og:image\" content=\"http:\/\/www.peoplesphere.be\/fr\/wp-content\/uploads\/2016\/07\/facebook-default-posting-1200x628px.jpg\" \/>\n<meta name=\"author\" content=\"Jean-Paul Erhard\" \/>\n<meta name=\"twitter:card\" content=\"summary_large_image\" \/>\n<meta name=\"twitter:creator\" content=\"@PeoplesphereMag\" \/>\n<meta name=\"twitter:site\" content=\"@PeoplesphereMag\" \/>\n<meta name=\"twitter:label1\" content=\"\u00c9crit par\" \/>\n\t<meta name=\"twitter:data1\" content=\"Jean-Paul Erhard\" \/>\n\t<meta name=\"twitter:label2\" content=\"Dur\u00e9e de lecture estim\u00e9e\" \/>\n\t<meta name=\"twitter:data2\" content=\"2 minutes\" \/>\n<script type=\"application\/ld+json\" class=\"yoast-schema-graph\">{\"@context\":\"https:\/\/schema.org\",\"@graph\":[{\"@type\":\"Article\",\"@id\":\"https:\/\/peoplesphere.be\/fr\/jeunes-parents-menaces-travail-rentree-classes\/#article\",\"isPartOf\":{\"@id\":\"https:\/\/peoplesphere.be\/fr\/jeunes-parents-menaces-travail-rentree-classes\/\"},\"author\":{\"name\":\"Jean-Paul Erhard\",\"@id\":\"https:\/\/peoplesphere.be\/fr\/#\/schema\/person\/7976225ff17988604334abb7b3536a7e\"},\"headline\":\"Les jeunes parents sont-ils menac\u00e9s dans leur travail par la rentr\u00e9e des classes?\",\"datePublished\":\"2020-09-02T11:39:06+00:00\",\"dateModified\":\"2020-09-02T11:39:06+00:00\",\"mainEntityOfPage\":{\"@id\":\"https:\/\/peoplesphere.be\/fr\/jeunes-parents-menaces-travail-rentree-classes\/\"},\"wordCount\":432,\"publisher\":{\"@id\":\"https:\/\/peoplesphere.be\/fr\/#organization\"},\"keywords\":[\"covid-19\",\"\u00e9puisement professionnel\",\"parentalit\u00e9\",\"protection des travailleurs\",\"Stress\"],\"articleSection\":[\"Actualit\u00e9s\",\"Digital\"],\"inLanguage\":\"fr-FR\"},{\"@type\":\"WebPage\",\"@id\":\"https:\/\/peoplesphere.be\/fr\/jeunes-parents-menaces-travail-rentree-classes\/\",\"url\":\"https:\/\/peoplesphere.be\/fr\/jeunes-parents-menaces-travail-rentree-classes\/\",\"name\":\"Les jeunes parents sont-ils menac\u00e9s dans leur travail par la rentr\u00e9e des classes? - Peoplesphere\",\"isPartOf\":{\"@id\":\"https:\/\/peoplesphere.be\/fr\/#website\"},\"datePublished\":\"2020-09-02T11:39:06+00:00\",\"dateModified\":\"2020-09-02T11:39:06+00:00\",\"breadcrumb\":{\"@id\":\"https:\/\/peoplesphere.be\/fr\/jeunes-parents-menaces-travail-rentree-classes\/#breadcrumb\"},\"inLanguage\":\"fr-FR\",\"potentialAction\":[{\"@type\":\"ReadAction\",\"target\":[\"https:\/\/peoplesphere.be\/fr\/jeunes-parents-menaces-travail-rentree-classes\/\"]}]},{\"@type\":\"BreadcrumbList\",\"@id\":\"https:\/\/peoplesphere.be\/fr\/jeunes-parents-menaces-travail-rentree-classes\/#breadcrumb\",\"itemListElement\":[{\"@type\":\"ListItem\",\"position\":1,\"name\":\"Accueil\",\"item\":\"https:\/\/peoplesphere.be\/fr\/\"},{\"@type\":\"ListItem\",\"position\":2,\"name\":\"Les jeunes parents sont-ils menac\u00e9s dans leur travail par la rentr\u00e9e des classes?\"}]},{\"@type\":\"WebSite\",\"@id\":\"https:\/\/peoplesphere.be\/fr\/#website\",\"url\":\"https:\/\/peoplesphere.be\/fr\/\",\"name\":\"Peoplesphere\",\"description\":\"The People Managers Magazine\",\"publisher\":{\"@id\":\"https:\/\/peoplesphere.be\/fr\/#organization\"},\"potentialAction\":[{\"@type\":\"SearchAction\",\"target\":{\"@type\":\"EntryPoint\",\"urlTemplate\":\"https:\/\/peoplesphere.be\/fr\/?s={search_term_string}\"},\"query-input\":\"required name=search_term_string\"}],\"inLanguage\":\"fr-FR\"},{\"@type\":\"Organization\",\"@id\":\"https:\/\/peoplesphere.be\/fr\/#organization\",\"name\":\"Peoplesphere Company srl\",\"url\":\"https:\/\/peoplesphere.be\/fr\/\",\"logo\":{\"@type\":\"ImageObject\",\"inLanguage\":\"fr-FR\",\"@id\":\"https:\/\/peoplesphere.be\/fr\/#\/schema\/logo\/image\/\",\"url\":\"https:\/\/peoplesphere.be\/fr\/wp-content\/uploads\/2023\/07\/peoplesphere-lgo-new-generik.jpg\",\"contentUrl\":\"https:\/\/peoplesphere.be\/fr\/wp-content\/uploads\/2023\/07\/peoplesphere-lgo-new-generik.jpg\",\"width\":1031,\"height\":1479,\"caption\":\"Peoplesphere Company srl\"},\"image\":{\"@id\":\"https:\/\/peoplesphere.be\/fr\/#\/schema\/logo\/image\/\"},\"sameAs\":[\"https:\/\/www.facebook.com\/peoplesphere\",\"https:\/\/twitter.com\/PeoplesphereMag\",\"https:\/\/www.linkedin.com\/company\/7587361?trk\",\"http:\/\/youtube.com\/peoplesphere\"]},{\"@type\":\"Person\",\"@id\":\"https:\/\/peoplesphere.be\/fr\/#\/schema\/person\/7976225ff17988604334abb7b3536a7e\",\"name\":\"Jean-Paul Erhard\",\"image\":{\"@type\":\"ImageObject\",\"inLanguage\":\"fr-FR\",\"@id\":\"https:\/\/peoplesphere.be\/fr\/#\/schema\/person\/image\/\",\"url\":\"https:\/\/secure.gravatar.com\/avatar\/f941e681460179738071629a51574930?s=96&d=mm&r=g\",\"contentUrl\":\"https:\/\/secure.gravatar.com\/avatar\/f941e681460179738071629a51574930?s=96&d=mm&r=g\",\"caption\":\"Jean-Paul Erhard\"},\"url\":\"https:\/\/peoplesphere.be\/fr\/author\/jpe\/\"}]}<\/script>\n<!-- \/ Yoast SEO plugin. -->","yoast_head_json":{"title":"Les jeunes parents sont-ils menac\u00e9s dans leur travail par la rentr\u00e9e des classes? - Peoplesphere","robots":{"index":"index","follow":"follow","max-snippet":"max-snippet:-1","max-image-preview":"max-image-preview:large","max-video-preview":"max-video-preview:-1"},"canonical":"https:\/\/peoplesphere.be\/fr\/jeunes-parents-menaces-travail-rentree-classes\/","og_locale":"fr_FR","og_type":"article","og_title":"Les jeunes parents sont-ils menac\u00e9s dans leur travail par la rentr\u00e9e des classes? - Peoplesphere","og_description":"La CSC tire la sonnette d&rsquo;alarme et demande d&rsquo;urgence une protection de la parentalit\u00e9. Sur quelle argumentation se base donc le syndicat chr\u00e9tien, Selon ce dernier, la rentr\u00e9e est l\u00e0 et avec son lot d\u2019incertitudes pour les jeunes parents. Que [&hellip;]","og_url":"https:\/\/peoplesphere.be\/fr\/jeunes-parents-menaces-travail-rentree-classes\/","og_site_name":"Peoplesphere","article_publisher":"https:\/\/www.facebook.com\/peoplesphere","article_published_time":"2020-09-02T11:39:06+00:00","og_image":[{"url":"http:\/\/www.peoplesphere.be\/fr\/wp-content\/uploads\/2016\/07\/facebook-default-posting-1200x628px.jpg"}],"author":"Jean-Paul Erhard","twitter_card":"summary_large_image","twitter_creator":"@PeoplesphereMag","twitter_site":"@PeoplesphereMag","twitter_misc":{"\u00c9crit par":"Jean-Paul Erhard","Dur\u00e9e de lecture estim\u00e9e":"2 minutes"},"schema":{"@context":"https:\/\/schema.org","@graph":[{"@type":"Article","@id":"https:\/\/peoplesphere.be\/fr\/jeunes-parents-menaces-travail-rentree-classes\/#article","isPartOf":{"@id":"https:\/\/peoplesphere.be\/fr\/jeunes-parents-menaces-travail-rentree-classes\/"},"author":{"name":"Jean-Paul Erhard","@id":"https:\/\/peoplesphere.be\/fr\/#\/schema\/person\/7976225ff17988604334abb7b3536a7e"},"headline":"Les jeunes parents sont-ils menac\u00e9s dans leur travail par la rentr\u00e9e des classes?","datePublished":"2020-09-02T11:39:06+00:00","dateModified":"2020-09-02T11:39:06+00:00","mainEntityOfPage":{"@id":"https:\/\/peoplesphere.be\/fr\/jeunes-parents-menaces-travail-rentree-classes\/"},"wordCount":432,"publisher":{"@id":"https:\/\/peoplesphere.be\/fr\/#organization"},"keywords":["covid-19","\u00e9puisement professionnel","parentalit\u00e9","protection des travailleurs","Stress"],"articleSection":["Actualit\u00e9s","Digital"],"inLanguage":"fr-FR"},{"@type":"WebPage","@id":"https:\/\/peoplesphere.be\/fr\/jeunes-parents-menaces-travail-rentree-classes\/","url":"https:\/\/peoplesphere.be\/fr\/jeunes-parents-menaces-travail-rentree-classes\/","name":"Les jeunes parents sont-ils menac\u00e9s dans leur travail par la rentr\u00e9e des classes? - Peoplesphere","isPartOf":{"@id":"https:\/\/peoplesphere.be\/fr\/#website"},"datePublished":"2020-09-02T11:39:06+00:00","dateModified":"2020-09-02T11:39:06+00:00","breadcrumb":{"@id":"https:\/\/peoplesphere.be\/fr\/jeunes-parents-menaces-travail-rentree-classes\/#breadcrumb"},"inLanguage":"fr-FR","potentialAction":[{"@type":"ReadAction","target":["https:\/\/peoplesphere.be\/fr\/jeunes-parents-menaces-travail-rentree-classes\/"]}]},{"@type":"BreadcrumbList","@id":"https:\/\/peoplesphere.be\/fr\/jeunes-parents-menaces-travail-rentree-classes\/#breadcrumb","itemListElement":[{"@type":"ListItem","position":1,"name":"Accueil","item":"https:\/\/peoplesphere.be\/fr\/"},{"@type":"ListItem","position":2,"name":"Les jeunes parents sont-ils menac\u00e9s dans leur travail par la rentr\u00e9e des classes?"}]},{"@type":"WebSite","@id":"https:\/\/peoplesphere.be\/fr\/#website","url":"https:\/\/peoplesphere.be\/fr\/","name":"Peoplesphere","description":"The People Managers Magazine","publisher":{"@id":"https:\/\/peoplesphere.be\/fr\/#organization"},"potentialAction":[{"@type":"SearchAction","target":{"@type":"EntryPoint","urlTemplate":"https:\/\/peoplesphere.be\/fr\/?s={search_term_string}"},"query-input":"required name=search_term_string"}],"inLanguage":"fr-FR"},{"@type":"Organization","@id":"https:\/\/peoplesphere.be\/fr\/#organization","name":"Peoplesphere Company srl","url":"https:\/\/peoplesphere.be\/fr\/","logo":{"@type":"ImageObject","inLanguage":"fr-FR","@id":"https:\/\/peoplesphere.be\/fr\/#\/schema\/logo\/image\/","url":"https:\/\/peoplesphere.be\/fr\/wp-content\/uploads\/2023\/07\/peoplesphere-lgo-new-generik.jpg","contentUrl":"https:\/\/peoplesphere.be\/fr\/wp-content\/uploads\/2023\/07\/peoplesphere-lgo-new-generik.jpg","width":1031,"height":1479,"caption":"Peoplesphere Company srl"},"image":{"@id":"https:\/\/peoplesphere.be\/fr\/#\/schema\/logo\/image\/"},"sameAs":["https:\/\/www.facebook.com\/peoplesphere","https:\/\/twitter.com\/PeoplesphereMag","https:\/\/www.linkedin.com\/company\/7587361?trk","http:\/\/youtube.com\/peoplesphere"]},{"@type":"Person","@id":"https:\/\/peoplesphere.be\/fr\/#\/schema\/person\/7976225ff17988604334abb7b3536a7e","name":"Jean-Paul Erhard","image":{"@type":"ImageObject","inLanguage":"fr-FR","@id":"https:\/\/peoplesphere.be\/fr\/#\/schema\/person\/image\/","url":"https:\/\/secure.gravatar.com\/avatar\/f941e681460179738071629a51574930?s=96&d=mm&r=g","contentUrl":"https:\/\/secure.gravatar.com\/avatar\/f941e681460179738071629a51574930?s=96&d=mm&r=g","caption":"Jean-Paul Erhard"},"url":"https:\/\/peoplesphere.be\/fr\/author\/jpe\/"}]}},"_links":{"self":[{"href":"https:\/\/peoplesphere.be\/fr\/wp-json\/wp\/v2\/posts\/10067"}],"collection":[{"href":"https:\/\/peoplesphere.be\/fr\/wp-json\/wp\/v2\/posts"}],"about":[{"href":"https:\/\/peoplesphere.be\/fr\/wp-json\/wp\/v2\/types\/post"}],"author":[{"embeddable":true,"href":"https:\/\/peoplesphere.be\/fr\/wp-json\/wp\/v2\/users\/2"}],"replies":[{"embeddable":true,"href":"https:\/\/peoplesphere.be\/fr\/wp-json\/wp\/v2\/comments?post=10067"}],"version-history":[{"count":1,"href":"https:\/\/peoplesphere.be\/fr\/wp-json\/wp\/v2\/posts\/10067\/revisions"}],"predecessor-version":[{"id":10068,"href":"https:\/\/peoplesphere.be\/fr\/wp-json\/wp\/v2\/posts\/10067\/revisions\/10068"}],"wp:attachment":[{"href":"https:\/\/peoplesphere.be\/fr\/wp-json\/wp\/v2\/media?parent=10067"}],"wp:term":[{"taxonomy":"category","embeddable":true,"href":"https:\/\/peoplesphere.be\/fr\/wp-json\/wp\/v2\/categories?post=10067"},{"taxonomy":"post_tag","embeddable":true,"href":"https:\/\/peoplesphere.be\/fr\/wp-json\/wp\/v2\/tags?post=10067"}],"curies":[{"name":"wp","href":"https:\/\/api.w.org\/{rel}","templated":true}]}}