









{"id":10082,"date":"2020-09-07T06:26:13","date_gmt":"2020-09-07T04:26:13","guid":{"rendered":"https:\/\/peoplesphere.be\/fr\/?p=10082"},"modified":"2020-09-07T06:26:13","modified_gmt":"2020-09-07T04:26:13","slug":"retour-a-normale-demandes-de-chomage-temporaire-force-majeure-raisons-economiques-a-quelques-exceptions-pres","status":"publish","type":"post","link":"https:\/\/peoplesphere.be\/fr\/retour-a-normale-demandes-de-chomage-temporaire-force-majeure-raisons-economiques-a-quelques-exceptions-pres\/","title":{"rendered":"Retour \u00e0 la &lsquo;normale&rsquo; pour les demandes de ch\u00f4mage temporaire pour force majeure ou pour raisons \u00e9conomiques, \u00e0 quelques exceptions pr\u00e8s&#8230;"},"content":{"rendered":"<p>A partir du 1er septembre 2020, les r\u00e8gles habituelles en mati\u00e8re de ch\u00f4mage temporaire pour force majeure ou pour causes \u00e9conomiques seront \u00e0 nouveau d\u2019application. Il reste cependant deux cas de figure pr\u00e9sentant des dispositions particuli\u00e8res. Les mesures transitoires restent d&rsquo;application jusqu\u2019au 31 d\u00e9cembre 2020 en cas de recours au r\u00e9gime de ch\u00f4mage temporaire pour causes \u00e9conomiques. Et la proc\u00e9dure simplifi\u00e9e de ch\u00f4mage temporaire pour force majeure corona pour les secteurs et employeurs particuli\u00e8rement touch\u00e9s par la crise reste maintenue elle aussi.<!--more--><\/p>\n<p>La proc\u00e9dure simplifi\u00e9e de ch\u00f4mage temporaire pour force majeure corona (dispense de communications \u00e0 l\u2019ONEM et de transmission de la carte de contr\u00f4le C3.2A au travailleur) pourra encore continuer \u00e0 s\u2019appliquer aux employeurs :<\/p>\n<p>&#8211; Qui rel\u00e8vent d\u2019un secteur encore impact\u00e9 par les mesures restrictives prises par le ministre de l\u2019int\u00e9rieur. La ministre f\u00e9d\u00e9rale du travail, de l\u2019\u00e9conomie et de la consommation a annonc\u00e9 qu\u2019un arr\u00eat\u00e9 royal pr\u00e9cisera les secteurs consid\u00e9r\u00e9s comme particuli\u00e8rement touch\u00e9s par la crise ; ou<br \/>\n&#8211; Qui, au niveau de leur entit\u00e9 juridique, peuvent prouver qu\u2019ils ont connu au moins 20% de jours de ch\u00f4mage temporaire (pour cause de force majeure corona ou pour raisons \u00e9conomiques) pendant le 2e trimestre 2020 par rapport au nombre total de jours d\u00e9clar\u00e9s \u00e0 l\u2019Office national de s\u00e9curit\u00e9 sociale.<\/p>\n<p>Pour avoir recours \u00e0 la proc\u00e9dure simplifi\u00e9e, l\u2019employeur remplissant l\u2019une de ces deux conditions, doit compl\u00e9ter le formulaire C106A-CORONA-EPT et l\u2019envoyer par voie \u00e9lectronique au service \u00ab Ch\u00f4mage temporaire \u00bb du bureau du ch\u00f4mage de l\u2019ONEM comp\u00e9tent pour le ressort dans lequel est \u00e9tabli le si\u00e8ge social de l\u2019entreprise.<\/p>\n<p><strong><em>Mesures transitoires en cas de recours au r\u00e9gime de ch\u00f4mage temporaire pour causes \u00e9conomiques<\/em><\/strong><\/p>\n<p>1. Pour les ouvriers<\/p>\n<p>De mani\u00e8re transitoire et jusqu\u2019au 31 d\u00e9cembre 2020, la dur\u00e9e maximale de la suspension du contrat de travail des ouvriers est augment\u00e9e de la mani\u00e8re suivante, \u00e0 d\u00e9faut de dispositions sectorielles :<\/p>\n<ul>\n<li>Le r\u00e9gime de suspension compl\u00e8te sera possible pour une p\u00e9riode maximale de 8 semaines (au lieu de 4 semaines) ;<\/li>\n<li>Le r\u00e9gime de suspension partielle sera possible pour une p\u00e9riode maximale de 18 semaines en cas de \u00ab grande suspension \u00bb (au lieu de 3 mois).<\/li>\n<\/ul>\n<p>Si la dur\u00e9e maximum de suspension est atteinte (8 ou 18 semaines), le travailleur devra reprendre le travail durant une semaine compl\u00e8te avant que le r\u00e9gime de suspension puisse \u00e0 nouveau \u00eatre appliqu\u00e9.<\/p>\n<p>2. Pour les employ\u00e9es<\/p>\n<p>L\u2019employeur qui n\u2019est plus dans les conditions pour invoquer la suspension de l\u2019ex\u00e9cution du contrat de travail pour cause de force majeure corona, peut introduire une demande transitoire de suspension totale \/ partielle du temps de travail.<\/p>\n<p>Cette demande pr\u00e9voit \u00e9galement une augmentation de la dur\u00e9e maximale de la p\u00e9riode de suspension et n\u00e9cessite la r\u00e9union de certaines conditions.<\/p>\n<p>Cette proc\u00e9dure transitoire lui permettra de b\u00e9n\u00e9ficier d\u2019un cr\u00e9dit suppl\u00e9mentaire de 8 semaines \u00e9tabli de la mani\u00e8re suivante :<\/p>\n<ul>\n<li>R\u00e9gime de suspension compl\u00e8te pour 24 semaines (au lieu de 16 semaines) ;<\/li>\n<li>R\u00e9gime de travail \u00e0 temps partiel pour 34 semaines (au lieu de 26 semaines).<\/li>\n<\/ul>\n<p>A cet effet, l\u2019employeur doit prouver que :<\/p>\n<ul>\n<li>il a une baisse substantielle d\u2019au moins 10% de la production ou du chiffre d\u2019affaires au cours du trimestre pr\u00e9c\u00e9dent l\u2019introduction du r\u00e9gime de ch\u00f4mage temporaire par rapport au m\u00eame trimestre de 2019 ;<\/li>\n<li>il offre 2 jours de formation par mois aux employ\u00e9s mis au ch\u00f4mage temporaire ;<\/li>\n<li>il est li\u00e9 par une convention collective de travail sectorielle ou d\u2019entreprise ou d\u2019un plan d\u2019entreprise pour la p\u00e9riode du 1er septembre 2020 au 31 d\u00e9cembre 2020 pr\u00e9voyant le paiement d\u2019un suppl\u00e9ment.<\/li>\n<\/ul>\n<p>Cet employeur devra en outre envoyer un formulaire C106A-CORONA-R\u00c9GIME TRANSITOIRE par recommand\u00e9 au service \u00ab Ch\u00f4mage temporaire \u00bb du bureau du ch\u00f4mage comp\u00e9tent pour le ressort dans lequel l\u2019entreprise de l\u2019employeur est \u00e9tablie au plus tard 14 jours avant la premi\u00e8re communication \u00ab suspension employ\u00e9s pour manque de travail \u00bb. Pour que la demande puisse \u00eatre trait\u00e9e le plus rapidement possible, il lui est \u00e9galement recommand\u00e9 d\u2019envoyer le formulaire simultan\u00e9ment par e-mail.<\/p>\n<p><em>Source : Loyens &amp; Loeff<\/em><\/p>\n","protected":false},"excerpt":{"rendered":"<p>A partir du 1er septembre 2020, les r\u00e8gles habituelles en mati\u00e8re de ch\u00f4mage temporaire pour force majeure ou pour causes \u00e9conomiques seront \u00e0 nouveau d\u2019application. Il reste cependant deux cas de figure pr\u00e9sentant des dispositions particuli\u00e8res. Les mesures transitoires restent [&hellip;]<\/p>\n","protected":false},"author":2,"featured_media":0,"comment_status":"closed","ping_status":"open","sticky":false,"template":"","format":"standard","meta":[],"categories":[65,10],"tags":[502,714,2947,455,3044,3060],"yoast_head":"<!-- This site is optimized with the Yoast SEO plugin v21.0 - https:\/\/yoast.com\/wordpress\/plugins\/seo\/ -->\n<title>Retour \u00e0 la &#039;normale&#039; pour les demandes de ch\u00f4mage temporaire pour force majeure ou pour raisons \u00e9conomiques, \u00e0 quelques exceptions pr\u00e8s... - Peoplesphere<\/title>\n<meta name=\"robots\" content=\"index, follow, max-snippet:-1, max-image-preview:large, max-video-preview:-1\" \/>\n<link rel=\"canonical\" href=\"https:\/\/peoplesphere.be\/fr\/retour-a-normale-demandes-de-chomage-temporaire-force-majeure-raisons-economiques-a-quelques-exceptions-pres\/\" \/>\n<meta property=\"og:locale\" content=\"fr_FR\" \/>\n<meta property=\"og:type\" content=\"article\" \/>\n<meta property=\"og:title\" content=\"Retour \u00e0 la &#039;normale&#039; pour les demandes de ch\u00f4mage temporaire pour force majeure ou pour raisons \u00e9conomiques, \u00e0 quelques exceptions pr\u00e8s... - Peoplesphere\" \/>\n<meta property=\"og:description\" content=\"A partir du 1er septembre 2020, les r\u00e8gles habituelles en mati\u00e8re de ch\u00f4mage temporaire pour force majeure ou pour causes \u00e9conomiques seront \u00e0 nouveau d\u2019application. Il reste cependant deux cas de figure pr\u00e9sentant des dispositions particuli\u00e8res. Les mesures transitoires restent [&hellip;]\" \/>\n<meta property=\"og:url\" content=\"https:\/\/peoplesphere.be\/fr\/retour-a-normale-demandes-de-chomage-temporaire-force-majeure-raisons-economiques-a-quelques-exceptions-pres\/\" \/>\n<meta property=\"og:site_name\" content=\"Peoplesphere\" \/>\n<meta property=\"article:publisher\" content=\"https:\/\/www.facebook.com\/peoplesphere\" \/>\n<meta property=\"article:published_time\" content=\"2020-09-07T04:26:13+00:00\" \/>\n<meta property=\"og:image\" content=\"http:\/\/www.peoplesphere.be\/fr\/wp-content\/uploads\/2016\/07\/facebook-default-posting-1200x628px.jpg\" \/>\n<meta name=\"author\" content=\"Jean-Paul Erhard\" \/>\n<meta name=\"twitter:card\" content=\"summary_large_image\" \/>\n<meta name=\"twitter:creator\" content=\"@PeoplesphereMag\" \/>\n<meta name=\"twitter:site\" content=\"@PeoplesphereMag\" \/>\n<meta name=\"twitter:label1\" content=\"\u00c9crit par\" \/>\n\t<meta name=\"twitter:data1\" content=\"Jean-Paul Erhard\" \/>\n\t<meta name=\"twitter:label2\" content=\"Dur\u00e9e de lecture estim\u00e9e\" \/>\n\t<meta name=\"twitter:data2\" content=\"4 minutes\" \/>\n<script type=\"application\/ld+json\" class=\"yoast-schema-graph\">{\"@context\":\"https:\/\/schema.org\",\"@graph\":[{\"@type\":\"Article\",\"@id\":\"https:\/\/peoplesphere.be\/fr\/retour-a-normale-demandes-de-chomage-temporaire-force-majeure-raisons-economiques-a-quelques-exceptions-pres\/#article\",\"isPartOf\":{\"@id\":\"https:\/\/peoplesphere.be\/fr\/retour-a-normale-demandes-de-chomage-temporaire-force-majeure-raisons-economiques-a-quelques-exceptions-pres\/\"},\"author\":{\"name\":\"Jean-Paul Erhard\",\"@id\":\"https:\/\/peoplesphere.be\/fr\/#\/schema\/person\/7976225ff17988604334abb7b3536a7e\"},\"headline\":\"Retour \u00e0 la &lsquo;normale&rsquo; pour les demandes de ch\u00f4mage temporaire pour force majeure ou pour raisons \u00e9conomiques, \u00e0 quelques exceptions pr\u00e8s&#8230;\",\"datePublished\":\"2020-09-07T04:26:13+00:00\",\"dateModified\":\"2020-09-07T04:26:13+00:00\",\"mainEntityOfPage\":{\"@id\":\"https:\/\/peoplesphere.be\/fr\/retour-a-normale-demandes-de-chomage-temporaire-force-majeure-raisons-economiques-a-quelques-exceptions-pres\/\"},\"wordCount\":754,\"publisher\":{\"@id\":\"https:\/\/peoplesphere.be\/fr\/#organization\"},\"keywords\":[\"ch\u00f4mage \u00e9conomique\",\"ch\u00f4mage temporaire\",\"coronavirus\",\"force majeure\",\"Loyens &amp; Loeff\",\"suspension du contrat de travail\"],\"articleSection\":[\"Actualit\u00e9s\",\"Digital\"],\"inLanguage\":\"fr-FR\"},{\"@type\":\"WebPage\",\"@id\":\"https:\/\/peoplesphere.be\/fr\/retour-a-normale-demandes-de-chomage-temporaire-force-majeure-raisons-economiques-a-quelques-exceptions-pres\/\",\"url\":\"https:\/\/peoplesphere.be\/fr\/retour-a-normale-demandes-de-chomage-temporaire-force-majeure-raisons-economiques-a-quelques-exceptions-pres\/\",\"name\":\"Retour \u00e0 la 'normale' pour les demandes de ch\u00f4mage temporaire pour force majeure ou pour raisons \u00e9conomiques, \u00e0 quelques exceptions pr\u00e8s... - Peoplesphere\",\"isPartOf\":{\"@id\":\"https:\/\/peoplesphere.be\/fr\/#website\"},\"datePublished\":\"2020-09-07T04:26:13+00:00\",\"dateModified\":\"2020-09-07T04:26:13+00:00\",\"breadcrumb\":{\"@id\":\"https:\/\/peoplesphere.be\/fr\/retour-a-normale-demandes-de-chomage-temporaire-force-majeure-raisons-economiques-a-quelques-exceptions-pres\/#breadcrumb\"},\"inLanguage\":\"fr-FR\",\"potentialAction\":[{\"@type\":\"ReadAction\",\"target\":[\"https:\/\/peoplesphere.be\/fr\/retour-a-normale-demandes-de-chomage-temporaire-force-majeure-raisons-economiques-a-quelques-exceptions-pres\/\"]}]},{\"@type\":\"BreadcrumbList\",\"@id\":\"https:\/\/peoplesphere.be\/fr\/retour-a-normale-demandes-de-chomage-temporaire-force-majeure-raisons-economiques-a-quelques-exceptions-pres\/#breadcrumb\",\"itemListElement\":[{\"@type\":\"ListItem\",\"position\":1,\"name\":\"Accueil\",\"item\":\"https:\/\/peoplesphere.be\/fr\/\"},{\"@type\":\"ListItem\",\"position\":2,\"name\":\"Retour \u00e0 la &lsquo;normale&rsquo; pour les demandes de ch\u00f4mage temporaire pour force majeure ou pour raisons \u00e9conomiques, \u00e0 quelques exceptions pr\u00e8s&#8230;\"}]},{\"@type\":\"WebSite\",\"@id\":\"https:\/\/peoplesphere.be\/fr\/#website\",\"url\":\"https:\/\/peoplesphere.be\/fr\/\",\"name\":\"Peoplesphere\",\"description\":\"The People Managers Magazine\",\"publisher\":{\"@id\":\"https:\/\/peoplesphere.be\/fr\/#organization\"},\"potentialAction\":[{\"@type\":\"SearchAction\",\"target\":{\"@type\":\"EntryPoint\",\"urlTemplate\":\"https:\/\/peoplesphere.be\/fr\/?s={search_term_string}\"},\"query-input\":\"required name=search_term_string\"}],\"inLanguage\":\"fr-FR\"},{\"@type\":\"Organization\",\"@id\":\"https:\/\/peoplesphere.be\/fr\/#organization\",\"name\":\"Peoplesphere Company srl\",\"url\":\"https:\/\/peoplesphere.be\/fr\/\",\"logo\":{\"@type\":\"ImageObject\",\"inLanguage\":\"fr-FR\",\"@id\":\"https:\/\/peoplesphere.be\/fr\/#\/schema\/logo\/image\/\",\"url\":\"https:\/\/peoplesphere.be\/fr\/wp-content\/uploads\/2023\/07\/peoplesphere-lgo-new-generik.jpg\",\"contentUrl\":\"https:\/\/peoplesphere.be\/fr\/wp-content\/uploads\/2023\/07\/peoplesphere-lgo-new-generik.jpg\",\"width\":1031,\"height\":1479,\"caption\":\"Peoplesphere Company srl\"},\"image\":{\"@id\":\"https:\/\/peoplesphere.be\/fr\/#\/schema\/logo\/image\/\"},\"sameAs\":[\"https:\/\/www.facebook.com\/peoplesphere\",\"https:\/\/twitter.com\/PeoplesphereMag\",\"https:\/\/www.linkedin.com\/company\/7587361?trk\",\"http:\/\/youtube.com\/peoplesphere\"]},{\"@type\":\"Person\",\"@id\":\"https:\/\/peoplesphere.be\/fr\/#\/schema\/person\/7976225ff17988604334abb7b3536a7e\",\"name\":\"Jean-Paul Erhard\",\"image\":{\"@type\":\"ImageObject\",\"inLanguage\":\"fr-FR\",\"@id\":\"https:\/\/peoplesphere.be\/fr\/#\/schema\/person\/image\/\",\"url\":\"https:\/\/secure.gravatar.com\/avatar\/f941e681460179738071629a51574930?s=96&d=mm&r=g\",\"contentUrl\":\"https:\/\/secure.gravatar.com\/avatar\/f941e681460179738071629a51574930?s=96&d=mm&r=g\",\"caption\":\"Jean-Paul Erhard\"},\"url\":\"https:\/\/peoplesphere.be\/fr\/author\/jpe\/\"}]}<\/script>\n<!-- \/ Yoast SEO plugin. -->","yoast_head_json":{"title":"Retour \u00e0 la 'normale' pour les demandes de ch\u00f4mage temporaire pour force majeure ou pour raisons \u00e9conomiques, \u00e0 quelques exceptions pr\u00e8s... - Peoplesphere","robots":{"index":"index","follow":"follow","max-snippet":"max-snippet:-1","max-image-preview":"max-image-preview:large","max-video-preview":"max-video-preview:-1"},"canonical":"https:\/\/peoplesphere.be\/fr\/retour-a-normale-demandes-de-chomage-temporaire-force-majeure-raisons-economiques-a-quelques-exceptions-pres\/","og_locale":"fr_FR","og_type":"article","og_title":"Retour \u00e0 la 'normale' pour les demandes de ch\u00f4mage temporaire pour force majeure ou pour raisons \u00e9conomiques, \u00e0 quelques exceptions pr\u00e8s... - Peoplesphere","og_description":"A partir du 1er septembre 2020, les r\u00e8gles habituelles en mati\u00e8re de ch\u00f4mage temporaire pour force majeure ou pour causes \u00e9conomiques seront \u00e0 nouveau d\u2019application. Il reste cependant deux cas de figure pr\u00e9sentant des dispositions particuli\u00e8res. Les mesures transitoires restent [&hellip;]","og_url":"https:\/\/peoplesphere.be\/fr\/retour-a-normale-demandes-de-chomage-temporaire-force-majeure-raisons-economiques-a-quelques-exceptions-pres\/","og_site_name":"Peoplesphere","article_publisher":"https:\/\/www.facebook.com\/peoplesphere","article_published_time":"2020-09-07T04:26:13+00:00","og_image":[{"url":"http:\/\/www.peoplesphere.be\/fr\/wp-content\/uploads\/2016\/07\/facebook-default-posting-1200x628px.jpg"}],"author":"Jean-Paul Erhard","twitter_card":"summary_large_image","twitter_creator":"@PeoplesphereMag","twitter_site":"@PeoplesphereMag","twitter_misc":{"\u00c9crit par":"Jean-Paul Erhard","Dur\u00e9e de lecture estim\u00e9e":"4 minutes"},"schema":{"@context":"https:\/\/schema.org","@graph":[{"@type":"Article","@id":"https:\/\/peoplesphere.be\/fr\/retour-a-normale-demandes-de-chomage-temporaire-force-majeure-raisons-economiques-a-quelques-exceptions-pres\/#article","isPartOf":{"@id":"https:\/\/peoplesphere.be\/fr\/retour-a-normale-demandes-de-chomage-temporaire-force-majeure-raisons-economiques-a-quelques-exceptions-pres\/"},"author":{"name":"Jean-Paul Erhard","@id":"https:\/\/peoplesphere.be\/fr\/#\/schema\/person\/7976225ff17988604334abb7b3536a7e"},"headline":"Retour \u00e0 la &lsquo;normale&rsquo; pour les demandes de ch\u00f4mage temporaire pour force majeure ou pour raisons \u00e9conomiques, \u00e0 quelques exceptions pr\u00e8s&#8230;","datePublished":"2020-09-07T04:26:13+00:00","dateModified":"2020-09-07T04:26:13+00:00","mainEntityOfPage":{"@id":"https:\/\/peoplesphere.be\/fr\/retour-a-normale-demandes-de-chomage-temporaire-force-majeure-raisons-economiques-a-quelques-exceptions-pres\/"},"wordCount":754,"publisher":{"@id":"https:\/\/peoplesphere.be\/fr\/#organization"},"keywords":["ch\u00f4mage \u00e9conomique","ch\u00f4mage temporaire","coronavirus","force majeure","Loyens &amp; Loeff","suspension du contrat de travail"],"articleSection":["Actualit\u00e9s","Digital"],"inLanguage":"fr-FR"},{"@type":"WebPage","@id":"https:\/\/peoplesphere.be\/fr\/retour-a-normale-demandes-de-chomage-temporaire-force-majeure-raisons-economiques-a-quelques-exceptions-pres\/","url":"https:\/\/peoplesphere.be\/fr\/retour-a-normale-demandes-de-chomage-temporaire-force-majeure-raisons-economiques-a-quelques-exceptions-pres\/","name":"Retour \u00e0 la 'normale' pour les demandes de ch\u00f4mage temporaire pour force majeure ou pour raisons \u00e9conomiques, \u00e0 quelques exceptions pr\u00e8s... - Peoplesphere","isPartOf":{"@id":"https:\/\/peoplesphere.be\/fr\/#website"},"datePublished":"2020-09-07T04:26:13+00:00","dateModified":"2020-09-07T04:26:13+00:00","breadcrumb":{"@id":"https:\/\/peoplesphere.be\/fr\/retour-a-normale-demandes-de-chomage-temporaire-force-majeure-raisons-economiques-a-quelques-exceptions-pres\/#breadcrumb"},"inLanguage":"fr-FR","potentialAction":[{"@type":"ReadAction","target":["https:\/\/peoplesphere.be\/fr\/retour-a-normale-demandes-de-chomage-temporaire-force-majeure-raisons-economiques-a-quelques-exceptions-pres\/"]}]},{"@type":"BreadcrumbList","@id":"https:\/\/peoplesphere.be\/fr\/retour-a-normale-demandes-de-chomage-temporaire-force-majeure-raisons-economiques-a-quelques-exceptions-pres\/#breadcrumb","itemListElement":[{"@type":"ListItem","position":1,"name":"Accueil","item":"https:\/\/peoplesphere.be\/fr\/"},{"@type":"ListItem","position":2,"name":"Retour \u00e0 la &lsquo;normale&rsquo; pour les demandes de ch\u00f4mage temporaire pour force majeure ou pour raisons \u00e9conomiques, \u00e0 quelques exceptions pr\u00e8s&#8230;"}]},{"@type":"WebSite","@id":"https:\/\/peoplesphere.be\/fr\/#website","url":"https:\/\/peoplesphere.be\/fr\/","name":"Peoplesphere","description":"The People Managers Magazine","publisher":{"@id":"https:\/\/peoplesphere.be\/fr\/#organization"},"potentialAction":[{"@type":"SearchAction","target":{"@type":"EntryPoint","urlTemplate":"https:\/\/peoplesphere.be\/fr\/?s={search_term_string}"},"query-input":"required name=search_term_string"}],"inLanguage":"fr-FR"},{"@type":"Organization","@id":"https:\/\/peoplesphere.be\/fr\/#organization","name":"Peoplesphere Company srl","url":"https:\/\/peoplesphere.be\/fr\/","logo":{"@type":"ImageObject","inLanguage":"fr-FR","@id":"https:\/\/peoplesphere.be\/fr\/#\/schema\/logo\/image\/","url":"https:\/\/peoplesphere.be\/fr\/wp-content\/uploads\/2023\/07\/peoplesphere-lgo-new-generik.jpg","contentUrl":"https:\/\/peoplesphere.be\/fr\/wp-content\/uploads\/2023\/07\/peoplesphere-lgo-new-generik.jpg","width":1031,"height":1479,"caption":"Peoplesphere Company srl"},"image":{"@id":"https:\/\/peoplesphere.be\/fr\/#\/schema\/logo\/image\/"},"sameAs":["https:\/\/www.facebook.com\/peoplesphere","https:\/\/twitter.com\/PeoplesphereMag","https:\/\/www.linkedin.com\/company\/7587361?trk","http:\/\/youtube.com\/peoplesphere"]},{"@type":"Person","@id":"https:\/\/peoplesphere.be\/fr\/#\/schema\/person\/7976225ff17988604334abb7b3536a7e","name":"Jean-Paul Erhard","image":{"@type":"ImageObject","inLanguage":"fr-FR","@id":"https:\/\/peoplesphere.be\/fr\/#\/schema\/person\/image\/","url":"https:\/\/secure.gravatar.com\/avatar\/f941e681460179738071629a51574930?s=96&d=mm&r=g","contentUrl":"https:\/\/secure.gravatar.com\/avatar\/f941e681460179738071629a51574930?s=96&d=mm&r=g","caption":"Jean-Paul Erhard"},"url":"https:\/\/peoplesphere.be\/fr\/author\/jpe\/"}]}},"_links":{"self":[{"href":"https:\/\/peoplesphere.be\/fr\/wp-json\/wp\/v2\/posts\/10082"}],"collection":[{"href":"https:\/\/peoplesphere.be\/fr\/wp-json\/wp\/v2\/posts"}],"about":[{"href":"https:\/\/peoplesphere.be\/fr\/wp-json\/wp\/v2\/types\/post"}],"author":[{"embeddable":true,"href":"https:\/\/peoplesphere.be\/fr\/wp-json\/wp\/v2\/users\/2"}],"replies":[{"embeddable":true,"href":"https:\/\/peoplesphere.be\/fr\/wp-json\/wp\/v2\/comments?post=10082"}],"version-history":[{"count":1,"href":"https:\/\/peoplesphere.be\/fr\/wp-json\/wp\/v2\/posts\/10082\/revisions"}],"predecessor-version":[{"id":10083,"href":"https:\/\/peoplesphere.be\/fr\/wp-json\/wp\/v2\/posts\/10082\/revisions\/10083"}],"wp:attachment":[{"href":"https:\/\/peoplesphere.be\/fr\/wp-json\/wp\/v2\/media?parent=10082"}],"wp:term":[{"taxonomy":"category","embeddable":true,"href":"https:\/\/peoplesphere.be\/fr\/wp-json\/wp\/v2\/categories?post=10082"},{"taxonomy":"post_tag","embeddable":true,"href":"https:\/\/peoplesphere.be\/fr\/wp-json\/wp\/v2\/tags?post=10082"}],"curies":[{"name":"wp","href":"https:\/\/api.w.org\/{rel}","templated":true}]}}