









{"id":10085,"date":"2020-09-07T11:01:49","date_gmt":"2020-09-07T09:01:49","guid":{"rendered":"https:\/\/peoplesphere.be\/fr\/?p=10085"},"modified":"2020-09-07T11:01:49","modified_gmt":"2020-09-07T09:01:49","slug":"signes-de-reprise-de-lemploi-grandes-entreprises-rentree-doute-subsiste-quant-caractere-durable-de-cette-tendance","status":"publish","type":"post","link":"https:\/\/peoplesphere.be\/fr\/signes-de-reprise-de-lemploi-grandes-entreprises-rentree-doute-subsiste-quant-caractere-durable-de-cette-tendance\/","title":{"rendered":"Des signes de reprise de l&#8217;emploi dans les grandes entreprises avant la rentr\u00e9e: le doute subsiste quant au caract\u00e8re durable de cette tendance."},"content":{"rendered":"<p>Le march\u00e9 du travail semble reprendre de la vigueur. Le nombre d\u2019emplois a augment\u00e9 de 1,16% en juillet. Pour une s\u00e9lection de plus de 20.000 de ses 55.000 clients en Belgique, SD Worx a compar\u00e9 les donn\u00e9es salariales de juillet 2020 avec celles de juin. Cette reprise ne donne pas pour autant la moindre certitude quant \u00e0 l&rsquo;\u00e9volution que nous pourrons observer au cours des prochains mois. Prudence, donc&#8230;<!--more--><\/p>\n<p>Le nombre de salari\u00e9s \u00e0 temps plein, c&rsquo;est-\u00e0-dire le volume de travail, a augment\u00e9 de 1,16 % en juillet par rapport au mois pr\u00e9c\u00e9dent. Bien qu&rsquo;il y ait eu une croissance par rapport au mois de juin, elle a \u00e9t\u00e9 deux fois plus forte \u00e0 la m\u00eame p\u00e9riode, l&rsquo;ann\u00e9e derni\u00e8re. Les grandes entreprises font un grand pas en avant. Le nombre d&#8217;emplois dans les PME augmente de fa\u00e7on marginale. Enfin, les secteurs \u00e0 faible croissance sont l&rsquo;informatique, la sant\u00e9 et l&rsquo;immobilier. D&rsquo;autres secteurs, tels que l&rsquo;h\u00f4tellerie, montrent \u00e9galement des signes de reprise.<\/p>\n<p>L&rsquo;\u00e9chantillon a \u00e9t\u00e9 pr\u00e9lev\u00e9 exactement dans les m\u00eames entreprises qui emploient ensemble quelques 700.000 employ\u00e9s \u00e0 temps plein. Ce substrat concerne une s\u00e9lection de plus de 20 000 employeurs du secteur priv\u00e9, tant des petites entreprises (moins de 250 employ\u00e9s) que des grandes (plus de 250 employ\u00e9s). En Flandre, la plus forte augmentation a eu lieu avec 1,39 %. En Wallonie (+0,72%) et \u00e0 Bruxelles (+0,59%), la courbe a augment\u00e9 de fa\u00e7on un peu moins marqu\u00e9e. SD Worx a \u00e9galement fait la comparaison avec l&rsquo;ann\u00e9e pr\u00e9c\u00e9dente : en juillet 2019, le volume de travail a augment\u00e9 de 2,06% par rapport \u00e0 juin 2019.<\/p>\n<p>Hugues Thibaut, consultant chez SD Worx explique : \u00ab\u00a0<em>D&rsquo;apr\u00e8s nos chiffres, nous constatons une l\u00e9g\u00e8re reprise. Le march\u00e9 du travail semble reprendre de la vigueur. Les chiffres sont assur\u00e9ment positifs, bien que la croissance reste limit\u00e9e \u00e0 la moiti\u00e9 de l&rsquo;ann\u00e9e derni\u00e8re, prudence donc.\u00a0\u00bb<\/em><\/p>\n<p><em><strong>Les grandes entreprises plus dynamiques<\/strong><\/em><\/p>\n<p>Les grandes entreprises de plus de 250 salari\u00e9s ont r\u00e9alis\u00e9 en juillet de cette ann\u00e9e la plus forte progression par rapport au mois pr\u00e9c\u00e9dent, avec 1,97 % dans l&rsquo;ensemble de la Belgique. Au niveau r\u00e9gional, les entreprises flamandes ont de nouveau affich\u00e9 la plus forte croissance, avec 2,58 %. En Wallonie (+0,77%) et \u00e0 Bruxelles (+0,62%), la hausse a \u00e9t\u00e9 moins prononc\u00e9e. Les PME de moins de 250 salari\u00e9s se redressent un peu plus lentement. Ce chiffre est de +0,41% dans tout le pays. Les PME wallonnes connaissent la croissance la plus rapide avec 0,69%. \u00c0 Bruxelles (+0,54%) et en Flandre (+0,32%), l&rsquo;augmentation a \u00e9t\u00e9 l\u00e9g\u00e8rement plus limit\u00e9e, mais dans l&rsquo;ensemble, la tendance est positive.<\/p>\n<p>Il est \u00e9vident que, compte tenu des conditions exceptionnelles de la Covid19 (fermeture, mesures sp\u00e9cifiques pour l&rsquo;industrie h\u00f4teli\u00e8re et les magasins, etc.), les augmentations restent prudentes au sein du secteur. N\u00e9anmoins, il y a un taux de nouvelles recrues tout \u00e0 fait remarquable dans le secteur de l&rsquo;h\u00f4tellerie et de la restauration. Une augmentation de 2,82 % pour les PME et de 3,38 % pour les grandes entreprises. Les chiffres montrent que l&rsquo;on peut parler de reprise, certes, qui reste prudente.<\/p>\n<p>Les secteurs du commerce de d\u00e9tail et de gros s&rsquo;am\u00e9liorent \u00e9galement, avec une croissance de 1,22 % pour les grandes entreprises et de 1,02 % pour les PME. Les services et l&rsquo;administration (4,69 %) ainsi que les soins de sant\u00e9 et l&rsquo;action sociale (3,21 %) progressent \u00e9galement rapidement dans les grandes entreprises. Pour les PME, les services et l&rsquo;administration diminuent l\u00e9g\u00e8rement (-0,37 %) et le nombre d&#8217;emplois \u00e0 temps plein dans le secteur de la sant\u00e9 et de l&rsquo;action sociale augmente de 1,65 %.<\/p>\n<p><strong><em>Le secteur de la construction toujours dans le trouble<\/em><\/strong><\/p>\n<p>Le secteur de la construction est \u00e0 nouveau touch\u00e9. Le nombre d&#8217;employ\u00e9s \u00e0 temps plein, des PME et autres soci\u00e9t\u00e9s de construction, a diminu\u00e9 de 1,06 % en juillet de cette ann\u00e9e, par rapport au mois pr\u00e9c\u00e9dent. Pour les plus grandes entreprises, c\u2019est le m\u00eame verdict avec une diminution 1,20 % sous la m\u00eame temporalit\u00e9. Hugues Thibaut, consultant chez SD Worx, nuance : \u00ab<em> Selon toute probabilit\u00e9, nous pouvons expliquer cette baisse du volume de travail par les cong\u00e9s du secteur de la construction qui a occup\u00e9 une grande partie du mois de juillet. \u00bb<\/em><\/p>\n<p>Source : SD Worx<\/p>\n","protected":false},"excerpt":{"rendered":"<p>Le march\u00e9 du travail semble reprendre de la vigueur. Le nombre d\u2019emplois a augment\u00e9 de 1,16% en juillet. Pour une s\u00e9lection de plus de 20.000 de ses 55.000 clients en Belgique, SD Worx a compar\u00e9 les donn\u00e9es salariales de juillet [&hellip;]<\/p>\n","protected":false},"author":2,"featured_media":0,"comment_status":"closed","ping_status":"open","sticky":false,"template":"","format":"standard","meta":[],"categories":[65,10],"tags":[2947,11,72,124,671],"yoast_head":"<!-- This site is optimized with the Yoast SEO plugin v21.0 - https:\/\/yoast.com\/wordpress\/plugins\/seo\/ -->\n<title>Des signes de reprise de l&#039;emploi dans les grandes entreprises avant la rentr\u00e9e: le doute subsiste quant au caract\u00e8re durable de cette tendance. - Peoplesphere<\/title>\n<meta name=\"robots\" content=\"index, follow, max-snippet:-1, max-image-preview:large, max-video-preview:-1\" \/>\n<link rel=\"canonical\" href=\"https:\/\/peoplesphere.be\/fr\/signes-de-reprise-de-lemploi-grandes-entreprises-rentree-doute-subsiste-quant-caractere-durable-de-cette-tendance\/\" \/>\n<meta property=\"og:locale\" content=\"fr_FR\" \/>\n<meta property=\"og:type\" content=\"article\" \/>\n<meta property=\"og:title\" content=\"Des signes de reprise de l&#039;emploi dans les grandes entreprises avant la rentr\u00e9e: le doute subsiste quant au caract\u00e8re durable de cette tendance. - Peoplesphere\" \/>\n<meta property=\"og:description\" content=\"Le march\u00e9 du travail semble reprendre de la vigueur. Le nombre d\u2019emplois a augment\u00e9 de 1,16% en juillet. Pour une s\u00e9lection de plus de 20.000 de ses 55.000 clients en Belgique, SD Worx a compar\u00e9 les donn\u00e9es salariales de juillet [&hellip;]\" \/>\n<meta property=\"og:url\" content=\"https:\/\/peoplesphere.be\/fr\/signes-de-reprise-de-lemploi-grandes-entreprises-rentree-doute-subsiste-quant-caractere-durable-de-cette-tendance\/\" \/>\n<meta property=\"og:site_name\" content=\"Peoplesphere\" \/>\n<meta property=\"article:publisher\" content=\"https:\/\/www.facebook.com\/peoplesphere\" \/>\n<meta property=\"article:published_time\" content=\"2020-09-07T09:01:49+00:00\" \/>\n<meta property=\"og:image\" content=\"http:\/\/www.peoplesphere.be\/fr\/wp-content\/uploads\/2016\/07\/facebook-default-posting-1200x628px.jpg\" \/>\n<meta name=\"author\" content=\"Jean-Paul Erhard\" \/>\n<meta name=\"twitter:card\" content=\"summary_large_image\" \/>\n<meta name=\"twitter:creator\" content=\"@PeoplesphereMag\" \/>\n<meta name=\"twitter:site\" content=\"@PeoplesphereMag\" \/>\n<meta name=\"twitter:label1\" content=\"\u00c9crit par\" \/>\n\t<meta name=\"twitter:data1\" content=\"Jean-Paul Erhard\" \/>\n\t<meta name=\"twitter:label2\" content=\"Dur\u00e9e de lecture estim\u00e9e\" \/>\n\t<meta name=\"twitter:data2\" content=\"3 minutes\" \/>\n<script type=\"application\/ld+json\" class=\"yoast-schema-graph\">{\"@context\":\"https:\/\/schema.org\",\"@graph\":[{\"@type\":\"Article\",\"@id\":\"https:\/\/peoplesphere.be\/fr\/signes-de-reprise-de-lemploi-grandes-entreprises-rentree-doute-subsiste-quant-caractere-durable-de-cette-tendance\/#article\",\"isPartOf\":{\"@id\":\"https:\/\/peoplesphere.be\/fr\/signes-de-reprise-de-lemploi-grandes-entreprises-rentree-doute-subsiste-quant-caractere-durable-de-cette-tendance\/\"},\"author\":{\"name\":\"Jean-Paul Erhard\",\"@id\":\"https:\/\/peoplesphere.be\/fr\/#\/schema\/person\/7976225ff17988604334abb7b3536a7e\"},\"headline\":\"Des signes de reprise de l&#8217;emploi dans les grandes entreprises avant la rentr\u00e9e: le doute subsiste quant au caract\u00e8re durable de cette tendance.\",\"datePublished\":\"2020-09-07T09:01:49+00:00\",\"dateModified\":\"2020-09-07T09:01:49+00:00\",\"mainEntityOfPage\":{\"@id\":\"https:\/\/peoplesphere.be\/fr\/signes-de-reprise-de-lemploi-grandes-entreprises-rentree-doute-subsiste-quant-caractere-durable-de-cette-tendance\/\"},\"wordCount\":720,\"publisher\":{\"@id\":\"https:\/\/peoplesphere.be\/fr\/#organization\"},\"keywords\":[\"coronavirus\",\"emploi\",\"recrutement\",\"reprise\",\"SD Worx\"],\"articleSection\":[\"Actualit\u00e9s\",\"Digital\"],\"inLanguage\":\"fr-FR\"},{\"@type\":\"WebPage\",\"@id\":\"https:\/\/peoplesphere.be\/fr\/signes-de-reprise-de-lemploi-grandes-entreprises-rentree-doute-subsiste-quant-caractere-durable-de-cette-tendance\/\",\"url\":\"https:\/\/peoplesphere.be\/fr\/signes-de-reprise-de-lemploi-grandes-entreprises-rentree-doute-subsiste-quant-caractere-durable-de-cette-tendance\/\",\"name\":\"Des signes de reprise de l'emploi dans les grandes entreprises avant la rentr\u00e9e: le doute subsiste quant au caract\u00e8re durable de cette tendance. - Peoplesphere\",\"isPartOf\":{\"@id\":\"https:\/\/peoplesphere.be\/fr\/#website\"},\"datePublished\":\"2020-09-07T09:01:49+00:00\",\"dateModified\":\"2020-09-07T09:01:49+00:00\",\"breadcrumb\":{\"@id\":\"https:\/\/peoplesphere.be\/fr\/signes-de-reprise-de-lemploi-grandes-entreprises-rentree-doute-subsiste-quant-caractere-durable-de-cette-tendance\/#breadcrumb\"},\"inLanguage\":\"fr-FR\",\"potentialAction\":[{\"@type\":\"ReadAction\",\"target\":[\"https:\/\/peoplesphere.be\/fr\/signes-de-reprise-de-lemploi-grandes-entreprises-rentree-doute-subsiste-quant-caractere-durable-de-cette-tendance\/\"]}]},{\"@type\":\"BreadcrumbList\",\"@id\":\"https:\/\/peoplesphere.be\/fr\/signes-de-reprise-de-lemploi-grandes-entreprises-rentree-doute-subsiste-quant-caractere-durable-de-cette-tendance\/#breadcrumb\",\"itemListElement\":[{\"@type\":\"ListItem\",\"position\":1,\"name\":\"Accueil\",\"item\":\"https:\/\/peoplesphere.be\/fr\/\"},{\"@type\":\"ListItem\",\"position\":2,\"name\":\"Des signes de reprise de l&#8217;emploi dans les grandes entreprises avant la rentr\u00e9e: le doute subsiste quant au caract\u00e8re durable de cette tendance.\"}]},{\"@type\":\"WebSite\",\"@id\":\"https:\/\/peoplesphere.be\/fr\/#website\",\"url\":\"https:\/\/peoplesphere.be\/fr\/\",\"name\":\"Peoplesphere\",\"description\":\"The People Managers Magazine\",\"publisher\":{\"@id\":\"https:\/\/peoplesphere.be\/fr\/#organization\"},\"potentialAction\":[{\"@type\":\"SearchAction\",\"target\":{\"@type\":\"EntryPoint\",\"urlTemplate\":\"https:\/\/peoplesphere.be\/fr\/?s={search_term_string}\"},\"query-input\":\"required name=search_term_string\"}],\"inLanguage\":\"fr-FR\"},{\"@type\":\"Organization\",\"@id\":\"https:\/\/peoplesphere.be\/fr\/#organization\",\"name\":\"Peoplesphere Company srl\",\"url\":\"https:\/\/peoplesphere.be\/fr\/\",\"logo\":{\"@type\":\"ImageObject\",\"inLanguage\":\"fr-FR\",\"@id\":\"https:\/\/peoplesphere.be\/fr\/#\/schema\/logo\/image\/\",\"url\":\"https:\/\/peoplesphere.be\/fr\/wp-content\/uploads\/2023\/07\/peoplesphere-lgo-new-generik.jpg\",\"contentUrl\":\"https:\/\/peoplesphere.be\/fr\/wp-content\/uploads\/2023\/07\/peoplesphere-lgo-new-generik.jpg\",\"width\":1031,\"height\":1479,\"caption\":\"Peoplesphere Company srl\"},\"image\":{\"@id\":\"https:\/\/peoplesphere.be\/fr\/#\/schema\/logo\/image\/\"},\"sameAs\":[\"https:\/\/www.facebook.com\/peoplesphere\",\"https:\/\/twitter.com\/PeoplesphereMag\",\"https:\/\/www.linkedin.com\/company\/7587361?trk\",\"http:\/\/youtube.com\/peoplesphere\"]},{\"@type\":\"Person\",\"@id\":\"https:\/\/peoplesphere.be\/fr\/#\/schema\/person\/7976225ff17988604334abb7b3536a7e\",\"name\":\"Jean-Paul Erhard\",\"image\":{\"@type\":\"ImageObject\",\"inLanguage\":\"fr-FR\",\"@id\":\"https:\/\/peoplesphere.be\/fr\/#\/schema\/person\/image\/\",\"url\":\"https:\/\/secure.gravatar.com\/avatar\/f941e681460179738071629a51574930?s=96&d=mm&r=g\",\"contentUrl\":\"https:\/\/secure.gravatar.com\/avatar\/f941e681460179738071629a51574930?s=96&d=mm&r=g\",\"caption\":\"Jean-Paul Erhard\"},\"url\":\"https:\/\/peoplesphere.be\/fr\/author\/jpe\/\"}]}<\/script>\n<!-- \/ Yoast SEO plugin. -->","yoast_head_json":{"title":"Des signes de reprise de l'emploi dans les grandes entreprises avant la rentr\u00e9e: le doute subsiste quant au caract\u00e8re durable de cette tendance. - Peoplesphere","robots":{"index":"index","follow":"follow","max-snippet":"max-snippet:-1","max-image-preview":"max-image-preview:large","max-video-preview":"max-video-preview:-1"},"canonical":"https:\/\/peoplesphere.be\/fr\/signes-de-reprise-de-lemploi-grandes-entreprises-rentree-doute-subsiste-quant-caractere-durable-de-cette-tendance\/","og_locale":"fr_FR","og_type":"article","og_title":"Des signes de reprise de l'emploi dans les grandes entreprises avant la rentr\u00e9e: le doute subsiste quant au caract\u00e8re durable de cette tendance. - Peoplesphere","og_description":"Le march\u00e9 du travail semble reprendre de la vigueur. Le nombre d\u2019emplois a augment\u00e9 de 1,16% en juillet. Pour une s\u00e9lection de plus de 20.000 de ses 55.000 clients en Belgique, SD Worx a compar\u00e9 les donn\u00e9es salariales de juillet [&hellip;]","og_url":"https:\/\/peoplesphere.be\/fr\/signes-de-reprise-de-lemploi-grandes-entreprises-rentree-doute-subsiste-quant-caractere-durable-de-cette-tendance\/","og_site_name":"Peoplesphere","article_publisher":"https:\/\/www.facebook.com\/peoplesphere","article_published_time":"2020-09-07T09:01:49+00:00","og_image":[{"url":"http:\/\/www.peoplesphere.be\/fr\/wp-content\/uploads\/2016\/07\/facebook-default-posting-1200x628px.jpg"}],"author":"Jean-Paul Erhard","twitter_card":"summary_large_image","twitter_creator":"@PeoplesphereMag","twitter_site":"@PeoplesphereMag","twitter_misc":{"\u00c9crit par":"Jean-Paul Erhard","Dur\u00e9e de lecture estim\u00e9e":"3 minutes"},"schema":{"@context":"https:\/\/schema.org","@graph":[{"@type":"Article","@id":"https:\/\/peoplesphere.be\/fr\/signes-de-reprise-de-lemploi-grandes-entreprises-rentree-doute-subsiste-quant-caractere-durable-de-cette-tendance\/#article","isPartOf":{"@id":"https:\/\/peoplesphere.be\/fr\/signes-de-reprise-de-lemploi-grandes-entreprises-rentree-doute-subsiste-quant-caractere-durable-de-cette-tendance\/"},"author":{"name":"Jean-Paul Erhard","@id":"https:\/\/peoplesphere.be\/fr\/#\/schema\/person\/7976225ff17988604334abb7b3536a7e"},"headline":"Des signes de reprise de l&#8217;emploi dans les grandes entreprises avant la rentr\u00e9e: le doute subsiste quant au caract\u00e8re durable de cette tendance.","datePublished":"2020-09-07T09:01:49+00:00","dateModified":"2020-09-07T09:01:49+00:00","mainEntityOfPage":{"@id":"https:\/\/peoplesphere.be\/fr\/signes-de-reprise-de-lemploi-grandes-entreprises-rentree-doute-subsiste-quant-caractere-durable-de-cette-tendance\/"},"wordCount":720,"publisher":{"@id":"https:\/\/peoplesphere.be\/fr\/#organization"},"keywords":["coronavirus","emploi","recrutement","reprise","SD Worx"],"articleSection":["Actualit\u00e9s","Digital"],"inLanguage":"fr-FR"},{"@type":"WebPage","@id":"https:\/\/peoplesphere.be\/fr\/signes-de-reprise-de-lemploi-grandes-entreprises-rentree-doute-subsiste-quant-caractere-durable-de-cette-tendance\/","url":"https:\/\/peoplesphere.be\/fr\/signes-de-reprise-de-lemploi-grandes-entreprises-rentree-doute-subsiste-quant-caractere-durable-de-cette-tendance\/","name":"Des signes de reprise de l'emploi dans les grandes entreprises avant la rentr\u00e9e: le doute subsiste quant au caract\u00e8re durable de cette tendance. - Peoplesphere","isPartOf":{"@id":"https:\/\/peoplesphere.be\/fr\/#website"},"datePublished":"2020-09-07T09:01:49+00:00","dateModified":"2020-09-07T09:01:49+00:00","breadcrumb":{"@id":"https:\/\/peoplesphere.be\/fr\/signes-de-reprise-de-lemploi-grandes-entreprises-rentree-doute-subsiste-quant-caractere-durable-de-cette-tendance\/#breadcrumb"},"inLanguage":"fr-FR","potentialAction":[{"@type":"ReadAction","target":["https:\/\/peoplesphere.be\/fr\/signes-de-reprise-de-lemploi-grandes-entreprises-rentree-doute-subsiste-quant-caractere-durable-de-cette-tendance\/"]}]},{"@type":"BreadcrumbList","@id":"https:\/\/peoplesphere.be\/fr\/signes-de-reprise-de-lemploi-grandes-entreprises-rentree-doute-subsiste-quant-caractere-durable-de-cette-tendance\/#breadcrumb","itemListElement":[{"@type":"ListItem","position":1,"name":"Accueil","item":"https:\/\/peoplesphere.be\/fr\/"},{"@type":"ListItem","position":2,"name":"Des signes de reprise de l&#8217;emploi dans les grandes entreprises avant la rentr\u00e9e: le doute subsiste quant au caract\u00e8re durable de cette tendance."}]},{"@type":"WebSite","@id":"https:\/\/peoplesphere.be\/fr\/#website","url":"https:\/\/peoplesphere.be\/fr\/","name":"Peoplesphere","description":"The People Managers Magazine","publisher":{"@id":"https:\/\/peoplesphere.be\/fr\/#organization"},"potentialAction":[{"@type":"SearchAction","target":{"@type":"EntryPoint","urlTemplate":"https:\/\/peoplesphere.be\/fr\/?s={search_term_string}"},"query-input":"required name=search_term_string"}],"inLanguage":"fr-FR"},{"@type":"Organization","@id":"https:\/\/peoplesphere.be\/fr\/#organization","name":"Peoplesphere Company srl","url":"https:\/\/peoplesphere.be\/fr\/","logo":{"@type":"ImageObject","inLanguage":"fr-FR","@id":"https:\/\/peoplesphere.be\/fr\/#\/schema\/logo\/image\/","url":"https:\/\/peoplesphere.be\/fr\/wp-content\/uploads\/2023\/07\/peoplesphere-lgo-new-generik.jpg","contentUrl":"https:\/\/peoplesphere.be\/fr\/wp-content\/uploads\/2023\/07\/peoplesphere-lgo-new-generik.jpg","width":1031,"height":1479,"caption":"Peoplesphere Company srl"},"image":{"@id":"https:\/\/peoplesphere.be\/fr\/#\/schema\/logo\/image\/"},"sameAs":["https:\/\/www.facebook.com\/peoplesphere","https:\/\/twitter.com\/PeoplesphereMag","https:\/\/www.linkedin.com\/company\/7587361?trk","http:\/\/youtube.com\/peoplesphere"]},{"@type":"Person","@id":"https:\/\/peoplesphere.be\/fr\/#\/schema\/person\/7976225ff17988604334abb7b3536a7e","name":"Jean-Paul Erhard","image":{"@type":"ImageObject","inLanguage":"fr-FR","@id":"https:\/\/peoplesphere.be\/fr\/#\/schema\/person\/image\/","url":"https:\/\/secure.gravatar.com\/avatar\/f941e681460179738071629a51574930?s=96&d=mm&r=g","contentUrl":"https:\/\/secure.gravatar.com\/avatar\/f941e681460179738071629a51574930?s=96&d=mm&r=g","caption":"Jean-Paul Erhard"},"url":"https:\/\/peoplesphere.be\/fr\/author\/jpe\/"}]}},"_links":{"self":[{"href":"https:\/\/peoplesphere.be\/fr\/wp-json\/wp\/v2\/posts\/10085"}],"collection":[{"href":"https:\/\/peoplesphere.be\/fr\/wp-json\/wp\/v2\/posts"}],"about":[{"href":"https:\/\/peoplesphere.be\/fr\/wp-json\/wp\/v2\/types\/post"}],"author":[{"embeddable":true,"href":"https:\/\/peoplesphere.be\/fr\/wp-json\/wp\/v2\/users\/2"}],"replies":[{"embeddable":true,"href":"https:\/\/peoplesphere.be\/fr\/wp-json\/wp\/v2\/comments?post=10085"}],"version-history":[{"count":1,"href":"https:\/\/peoplesphere.be\/fr\/wp-json\/wp\/v2\/posts\/10085\/revisions"}],"predecessor-version":[{"id":10086,"href":"https:\/\/peoplesphere.be\/fr\/wp-json\/wp\/v2\/posts\/10085\/revisions\/10086"}],"wp:attachment":[{"href":"https:\/\/peoplesphere.be\/fr\/wp-json\/wp\/v2\/media?parent=10085"}],"wp:term":[{"taxonomy":"category","embeddable":true,"href":"https:\/\/peoplesphere.be\/fr\/wp-json\/wp\/v2\/categories?post=10085"},{"taxonomy":"post_tag","embeddable":true,"href":"https:\/\/peoplesphere.be\/fr\/wp-json\/wp\/v2\/tags?post=10085"}],"curies":[{"name":"wp","href":"https:\/\/api.w.org\/{rel}","templated":true}]}}