









{"id":10095,"date":"2020-09-09T21:40:46","date_gmt":"2020-09-09T19:40:46","guid":{"rendered":"https:\/\/peoplesphere.be\/fr\/?p=10095"},"modified":"2020-09-09T21:40:46","modified_gmt":"2020-09-09T19:40:46","slug":"employeurs-syndicats-reunis-sein-groupe-dix-attendent-pre-formateurs-quils-imposent-plan-federal-contrer-limpact-coronavirus","status":"publish","type":"post","link":"https:\/\/peoplesphere.be\/fr\/employeurs-syndicats-reunis-sein-groupe-dix-attendent-pre-formateurs-quils-imposent-plan-federal-contrer-limpact-coronavirus\/","title":{"rendered":"Employeurs et syndicats r\u00e9unis au sein du Groupe des Dix attendent des pr\u00e9-formateurs qu&rsquo;ils imposent un plan f\u00e9d\u00e9ral pour contrer l&rsquo;impact du coronavirus."},"content":{"rendered":"<p>D\u00e8s le d\u00e9but de la crise du coronavirus, il \u00e9tait clair que son impact socio-\u00e9conomique serait d\u2019une ampleur sans pr\u00e9c\u00e9dent. Le Groupe des Dix \u2013 le groupe des n\u00e9gociateurs cl\u00e9s des employeurs et des syndicats \u2013 estime d\u00e8s lors qu\u2019un plan d\u2019action f\u00e9d\u00e9ral s\u2019impose, dont les mesures interviendraient \u00e0 trois p\u00e9riodes diff\u00e9rentes : la ma\u00eetrise de l&rsquo;impact d\u00e8s aujourd&rsquo;hui, un plan de relance ambitieux et la gestion de l&rsquo;apr\u00e8s en vue d&rsquo;am\u00e9liorer la r\u00e9sistance de notre \u00e9conomie \u00e0 l&rsquo;avenir.<!--more--><\/p>\n<p>Le Groupe des Dix appelle le Conseil national de s\u00e9curit\u00e9 qui se r\u00e9unira fin septembre \u00e0 fixer un cadre stable et clair de mesures qui restera d\u2019application pendant la p\u00e9riode corona. Ce cadre doit indiquer clairement comment notre soci\u00e9t\u00e9 peut fonctionner de mani\u00e8re maximale sur le plan social et \u00e9conomique, dans le respect des exigences sanitaires requises. Dans la p\u00e9riode corona \u00e0 venir, il y a lieu de veiller \u00e0 maintenir au maximum l\u2019ensemble des activit\u00e9s \u00e9conomiques. Les partenaires sociaux appellent \u00e9galement conjointement \u00e0 ne pas laisser dispara\u00eetre le contact avec l\u2019entreprise et les coll\u00e8gues en cas de t\u00e9l\u00e9travail.<\/p>\n<p><em><strong>Un plan de relance ambitieux s&rsquo;impose<\/strong><\/em><\/p>\n<p>Deux facteurs importants pouvant favoriser la reprise \u00e9conomique et la croissance de la productivit\u00e9 sont, d\u2019une part, la digitalisation et, d\u2019autre part, une augmentation des investissements productifs.<\/p>\n<p>Dans une premi\u00e8re partie de leur d\u00e9claration sur la relance, les partenaires sociaux d\u00e9finissent une approche conjointe et globale de l\u2019impact de la digitalisation sur le march\u00e9 du travail. Ils mettent en avant 9 domaines dans lesquels des mesures concr\u00e8tes devraient \u00eatre prises. Ils s\u2019attelleront personnellement \u00e0 l\u2019\u00e9laboration de l\u2019apprentissage tout au long de la vie, des trajets d\u2019insertion, des p\u00f4les de transition, de l\u2019activation des demandeurs d\u2019emploi&#8230;<\/p>\n<p>La deuxi\u00e8me partie consiste en un plaidoyer conjoint particuli\u00e8rement important des syndicats et des employeurs en faveur d\u2019un plan d\u2019investissement ambitieux visant principalement les investissements productifs. Il s\u2019agit d\u2019investissements qui g\u00e9n\u00e8rent un important \u00ab effet multiplicateur \u00bb, stimulent la croissance de la productivit\u00e9 de notre \u00e9conomie et, enfin, b\u00e9n\u00e9ficient \u00e0 la cr\u00e9ation d\u2019emplois et au financement de la s\u00e9curit\u00e9 sociale. \u00c0 cet \u00e9gard, les partenaires sociaux ont fix\u00e9 des objectifs, d\u00e9fini des priorit\u00e9s et identifi\u00e9 des possibilit\u00e9s de financement.<\/p>\n<p>Objectif ? Les investissements publics dans notre pays sont particuli\u00e8rement faibles actuellement. Un mouvement de rattrapage est d\u00e8s lors n\u00e9cessaire. Il doit s\u2019appuyer sur un ambitieux programme d\u2019investissements publics par les autorit\u00e9s f\u00e9d\u00e9rales, r\u00e9gionales et locales. Le Groupe des Dix plaide en faveur d\u2019un plan d\u2019investissement ambitieux, dans lequel notre pays doit se fixer l\u2019objectif de doubler ses investissements publics pour les 10 prochaines ann\u00e9es, pour les faire passer d\u2019un peu plus de 2% du PIB actuellement \u00e0 au moins 4% en 2030.<\/p>\n<p>Priorit\u00e9s ? Selon le Groupe des Dix, la priorit\u00e9 doit notamment \u00eatre donn\u00e9e aux domaines de la mobilit\u00e9, de l\u2019\u00e9nergie et de la digitalisation. Les partenaires sociaux proposent, par exemple, de travailler sur l\u2019isolation et la r\u00e9novation du parc immobilier priv\u00e9 et public, les cha\u00eenons manquants dans la mobilit\u00e9, une politique des transports connect\u00e9e num\u00e9riquement via un plan de mobilit\u00e9 interf\u00e9d\u00e9ral, un engagement fort en faveur d\u2019un r\u00e9seau de t\u00e9l\u00e9communications moderne et tourn\u00e9 vers l\u2019avenir, un plan \u00e9nerg\u00e9tique permettant la transition vers les \u00e9nergies renouvelables sans compromettre la s\u00e9curit\u00e9 d\u2019approvisionnement de notre pays.<\/p>\n<p>Financement ? Tout d\u2019abord, il est urgent d\u2019\u00e9laborer un plan pour mobiliser les moyens r\u00e9cemment lib\u00e9r\u00e9s par l\u2019Europe en faveur de notre pays. Ensuite, des fonds doivent \u00e9galement \u00eatre mobilis\u00e9s dans le secteur priv\u00e9 afin de stimuler les investissements priv\u00e9s et publics.<\/p>\n<p><strong><em>Post-corona : renforcer la r\u00e9sistance aux chocs<\/em><\/strong><\/p>\n<p>Le Groupe des Dix appelle \u00e0 adopter des mesures structurelles pour rendre \u00e0 l\u2019avenir notre \u00e9conomie plus r\u00e9sistante \u00e0 des chocs tels que la crise du coronavirus, et l\u2019adapter aux changements rendus d\u00e9finitifs par la pand\u00e9mie.<\/p>\n<p>Le Groupe des Dix \u00e9laborera ce plan d\u2019action global et invite les autorit\u00e9s f\u00e9d\u00e9rales \u00e0 entrer en concertation avec lui \u00e0 ce sujet.<\/p>\n<p>Selon Pieter Timmermans, administrateur d\u00e9l\u00e9gu\u00e9 de la FEB, il s\u2019agit d\u2019une d\u00e9claration importante du Groupe des Dix : <em>\u00ab Ce message du Groupe des Dix constitue ni plus ni moins qu\u2019un jalon, un point de r\u00e9f\u00e9rence dans les relations socio-\u00e9conomiques entre employeurs et syndicats. Non seulement il arrive au bon moment en tant qu\u2019input pour les (pr\u00e9)formateurs du nouveau gouvernement f\u00e9d\u00e9ral, mais il renferme surtout un contenu important. Pour la premi\u00e8re fois, syndicats et employeurs affirment conjointement la n\u00e9cessit\u00e9 d\u2019un plan d\u2019investissement ambitieux, \u00e9mettent conjointement des propositions pour un pacte de mobilit\u00e9 interf\u00e9d\u00e9ral, mettent sur la table des solutions consensuelles visant la transition \u00e9nerg\u00e9tique avec une garantie de s\u00e9curit\u00e9 d\u2019approvisionnement, et plaident conjointement en faveur d\u2019un r\u00e9seau de t\u00e9l\u00e9communications performant et tourn\u00e9 vers l\u2019avenir, qui permettra de nombreux nouveaux d\u00e9veloppements technologiques dans le domaine notamment de la mobilit\u00e9 et des soins de sant\u00e9 \u00bb.<\/em><\/p>\n","protected":false},"excerpt":{"rendered":"<p>D\u00e8s le d\u00e9but de la crise du coronavirus, il \u00e9tait clair que son impact socio-\u00e9conomique serait d\u2019une ampleur sans pr\u00e9c\u00e9dent. Le Groupe des Dix \u2013 le groupe des n\u00e9gociateurs cl\u00e9s des employeurs et des syndicats \u2013 estime d\u00e8s lors qu\u2019un [&hellip;]<\/p>\n","protected":false},"author":2,"featured_media":0,"comment_status":"closed","ping_status":"open","sticky":false,"template":"","format":"standard","meta":[],"categories":[65,10],"tags":[332,2947,876,1108,219],"yoast_head":"<!-- This site is optimized with the Yoast SEO plugin v21.0 - https:\/\/yoast.com\/wordpress\/plugins\/seo\/ -->\n<title>Employeurs et syndicats r\u00e9unis au sein du Groupe des Dix attendent des pr\u00e9-formateurs qu&#039;ils imposent un plan f\u00e9d\u00e9ral pour contrer l&#039;impact du coronavirus. - Peoplesphere<\/title>\n<meta name=\"robots\" content=\"index, follow, max-snippet:-1, max-image-preview:large, max-video-preview:-1\" \/>\n<link rel=\"canonical\" href=\"https:\/\/peoplesphere.be\/fr\/employeurs-syndicats-reunis-sein-groupe-dix-attendent-pre-formateurs-quils-imposent-plan-federal-contrer-limpact-coronavirus\/\" \/>\n<meta property=\"og:locale\" content=\"fr_FR\" \/>\n<meta property=\"og:type\" content=\"article\" \/>\n<meta property=\"og:title\" content=\"Employeurs et syndicats r\u00e9unis au sein du Groupe des Dix attendent des pr\u00e9-formateurs qu&#039;ils imposent un plan f\u00e9d\u00e9ral pour contrer l&#039;impact du coronavirus. - Peoplesphere\" \/>\n<meta property=\"og:description\" content=\"D\u00e8s le d\u00e9but de la crise du coronavirus, il \u00e9tait clair que son impact socio-\u00e9conomique serait d\u2019une ampleur sans pr\u00e9c\u00e9dent. Le Groupe des Dix \u2013 le groupe des n\u00e9gociateurs cl\u00e9s des employeurs et des syndicats \u2013 estime d\u00e8s lors qu\u2019un [&hellip;]\" \/>\n<meta property=\"og:url\" content=\"https:\/\/peoplesphere.be\/fr\/employeurs-syndicats-reunis-sein-groupe-dix-attendent-pre-formateurs-quils-imposent-plan-federal-contrer-limpact-coronavirus\/\" \/>\n<meta property=\"og:site_name\" content=\"Peoplesphere\" \/>\n<meta property=\"article:publisher\" content=\"https:\/\/www.facebook.com\/peoplesphere\" \/>\n<meta property=\"article:published_time\" content=\"2020-09-09T19:40:46+00:00\" \/>\n<meta property=\"og:image\" content=\"http:\/\/www.peoplesphere.be\/fr\/wp-content\/uploads\/2016\/07\/facebook-default-posting-1200x628px.jpg\" \/>\n<meta name=\"author\" content=\"Jean-Paul Erhard\" \/>\n<meta name=\"twitter:card\" content=\"summary_large_image\" \/>\n<meta name=\"twitter:creator\" content=\"@PeoplesphereMag\" \/>\n<meta name=\"twitter:site\" content=\"@PeoplesphereMag\" \/>\n<meta name=\"twitter:label1\" content=\"\u00c9crit par\" \/>\n\t<meta name=\"twitter:data1\" content=\"Jean-Paul Erhard\" \/>\n\t<meta name=\"twitter:label2\" content=\"Dur\u00e9e de lecture estim\u00e9e\" \/>\n\t<meta name=\"twitter:data2\" content=\"4 minutes\" \/>\n<script type=\"application\/ld+json\" class=\"yoast-schema-graph\">{\"@context\":\"https:\/\/schema.org\",\"@graph\":[{\"@type\":\"Article\",\"@id\":\"https:\/\/peoplesphere.be\/fr\/employeurs-syndicats-reunis-sein-groupe-dix-attendent-pre-formateurs-quils-imposent-plan-federal-contrer-limpact-coronavirus\/#article\",\"isPartOf\":{\"@id\":\"https:\/\/peoplesphere.be\/fr\/employeurs-syndicats-reunis-sein-groupe-dix-attendent-pre-formateurs-quils-imposent-plan-federal-contrer-limpact-coronavirus\/\"},\"author\":{\"name\":\"Jean-Paul Erhard\",\"@id\":\"https:\/\/peoplesphere.be\/fr\/#\/schema\/person\/7976225ff17988604334abb7b3536a7e\"},\"headline\":\"Employeurs et syndicats r\u00e9unis au sein du Groupe des Dix attendent des pr\u00e9-formateurs qu&rsquo;ils imposent un plan f\u00e9d\u00e9ral pour contrer l&rsquo;impact du coronavirus.\",\"datePublished\":\"2020-09-09T19:40:46+00:00\",\"dateModified\":\"2020-09-09T19:40:46+00:00\",\"mainEntityOfPage\":{\"@id\":\"https:\/\/peoplesphere.be\/fr\/employeurs-syndicats-reunis-sein-groupe-dix-attendent-pre-formateurs-quils-imposent-plan-federal-contrer-limpact-coronavirus\/\"},\"wordCount\":924,\"publisher\":{\"@id\":\"https:\/\/peoplesphere.be\/fr\/#organization\"},\"keywords\":[\"concertation sociale\",\"coronavirus\",\"groupe des dix\",\"r\u00e9silience\",\"t\u00e9l\u00e9travail\"],\"articleSection\":[\"Actualit\u00e9s\",\"Digital\"],\"inLanguage\":\"fr-FR\"},{\"@type\":\"WebPage\",\"@id\":\"https:\/\/peoplesphere.be\/fr\/employeurs-syndicats-reunis-sein-groupe-dix-attendent-pre-formateurs-quils-imposent-plan-federal-contrer-limpact-coronavirus\/\",\"url\":\"https:\/\/peoplesphere.be\/fr\/employeurs-syndicats-reunis-sein-groupe-dix-attendent-pre-formateurs-quils-imposent-plan-federal-contrer-limpact-coronavirus\/\",\"name\":\"Employeurs et syndicats r\u00e9unis au sein du Groupe des Dix attendent des pr\u00e9-formateurs qu'ils imposent un plan f\u00e9d\u00e9ral pour contrer l'impact du coronavirus. - Peoplesphere\",\"isPartOf\":{\"@id\":\"https:\/\/peoplesphere.be\/fr\/#website\"},\"datePublished\":\"2020-09-09T19:40:46+00:00\",\"dateModified\":\"2020-09-09T19:40:46+00:00\",\"breadcrumb\":{\"@id\":\"https:\/\/peoplesphere.be\/fr\/employeurs-syndicats-reunis-sein-groupe-dix-attendent-pre-formateurs-quils-imposent-plan-federal-contrer-limpact-coronavirus\/#breadcrumb\"},\"inLanguage\":\"fr-FR\",\"potentialAction\":[{\"@type\":\"ReadAction\",\"target\":[\"https:\/\/peoplesphere.be\/fr\/employeurs-syndicats-reunis-sein-groupe-dix-attendent-pre-formateurs-quils-imposent-plan-federal-contrer-limpact-coronavirus\/\"]}]},{\"@type\":\"BreadcrumbList\",\"@id\":\"https:\/\/peoplesphere.be\/fr\/employeurs-syndicats-reunis-sein-groupe-dix-attendent-pre-formateurs-quils-imposent-plan-federal-contrer-limpact-coronavirus\/#breadcrumb\",\"itemListElement\":[{\"@type\":\"ListItem\",\"position\":1,\"name\":\"Accueil\",\"item\":\"https:\/\/peoplesphere.be\/fr\/\"},{\"@type\":\"ListItem\",\"position\":2,\"name\":\"Employeurs et syndicats r\u00e9unis au sein du Groupe des Dix attendent des pr\u00e9-formateurs qu&rsquo;ils imposent un plan f\u00e9d\u00e9ral pour contrer l&rsquo;impact du coronavirus.\"}]},{\"@type\":\"WebSite\",\"@id\":\"https:\/\/peoplesphere.be\/fr\/#website\",\"url\":\"https:\/\/peoplesphere.be\/fr\/\",\"name\":\"Peoplesphere\",\"description\":\"The People Managers Magazine\",\"publisher\":{\"@id\":\"https:\/\/peoplesphere.be\/fr\/#organization\"},\"potentialAction\":[{\"@type\":\"SearchAction\",\"target\":{\"@type\":\"EntryPoint\",\"urlTemplate\":\"https:\/\/peoplesphere.be\/fr\/?s={search_term_string}\"},\"query-input\":\"required name=search_term_string\"}],\"inLanguage\":\"fr-FR\"},{\"@type\":\"Organization\",\"@id\":\"https:\/\/peoplesphere.be\/fr\/#organization\",\"name\":\"Peoplesphere Company srl\",\"url\":\"https:\/\/peoplesphere.be\/fr\/\",\"logo\":{\"@type\":\"ImageObject\",\"inLanguage\":\"fr-FR\",\"@id\":\"https:\/\/peoplesphere.be\/fr\/#\/schema\/logo\/image\/\",\"url\":\"https:\/\/peoplesphere.be\/fr\/wp-content\/uploads\/2023\/07\/peoplesphere-lgo-new-generik.jpg\",\"contentUrl\":\"https:\/\/peoplesphere.be\/fr\/wp-content\/uploads\/2023\/07\/peoplesphere-lgo-new-generik.jpg\",\"width\":1031,\"height\":1479,\"caption\":\"Peoplesphere Company srl\"},\"image\":{\"@id\":\"https:\/\/peoplesphere.be\/fr\/#\/schema\/logo\/image\/\"},\"sameAs\":[\"https:\/\/www.facebook.com\/peoplesphere\",\"https:\/\/twitter.com\/PeoplesphereMag\",\"https:\/\/www.linkedin.com\/company\/7587361?trk\",\"http:\/\/youtube.com\/peoplesphere\"]},{\"@type\":\"Person\",\"@id\":\"https:\/\/peoplesphere.be\/fr\/#\/schema\/person\/7976225ff17988604334abb7b3536a7e\",\"name\":\"Jean-Paul Erhard\",\"image\":{\"@type\":\"ImageObject\",\"inLanguage\":\"fr-FR\",\"@id\":\"https:\/\/peoplesphere.be\/fr\/#\/schema\/person\/image\/\",\"url\":\"https:\/\/secure.gravatar.com\/avatar\/f941e681460179738071629a51574930?s=96&d=mm&r=g\",\"contentUrl\":\"https:\/\/secure.gravatar.com\/avatar\/f941e681460179738071629a51574930?s=96&d=mm&r=g\",\"caption\":\"Jean-Paul Erhard\"},\"url\":\"https:\/\/peoplesphere.be\/fr\/author\/jpe\/\"}]}<\/script>\n<!-- \/ Yoast SEO plugin. -->","yoast_head_json":{"title":"Employeurs et syndicats r\u00e9unis au sein du Groupe des Dix attendent des pr\u00e9-formateurs qu'ils imposent un plan f\u00e9d\u00e9ral pour contrer l'impact du coronavirus. - Peoplesphere","robots":{"index":"index","follow":"follow","max-snippet":"max-snippet:-1","max-image-preview":"max-image-preview:large","max-video-preview":"max-video-preview:-1"},"canonical":"https:\/\/peoplesphere.be\/fr\/employeurs-syndicats-reunis-sein-groupe-dix-attendent-pre-formateurs-quils-imposent-plan-federal-contrer-limpact-coronavirus\/","og_locale":"fr_FR","og_type":"article","og_title":"Employeurs et syndicats r\u00e9unis au sein du Groupe des Dix attendent des pr\u00e9-formateurs qu'ils imposent un plan f\u00e9d\u00e9ral pour contrer l'impact du coronavirus. - Peoplesphere","og_description":"D\u00e8s le d\u00e9but de la crise du coronavirus, il \u00e9tait clair que son impact socio-\u00e9conomique serait d\u2019une ampleur sans pr\u00e9c\u00e9dent. Le Groupe des Dix \u2013 le groupe des n\u00e9gociateurs cl\u00e9s des employeurs et des syndicats \u2013 estime d\u00e8s lors qu\u2019un [&hellip;]","og_url":"https:\/\/peoplesphere.be\/fr\/employeurs-syndicats-reunis-sein-groupe-dix-attendent-pre-formateurs-quils-imposent-plan-federal-contrer-limpact-coronavirus\/","og_site_name":"Peoplesphere","article_publisher":"https:\/\/www.facebook.com\/peoplesphere","article_published_time":"2020-09-09T19:40:46+00:00","og_image":[{"url":"http:\/\/www.peoplesphere.be\/fr\/wp-content\/uploads\/2016\/07\/facebook-default-posting-1200x628px.jpg"}],"author":"Jean-Paul Erhard","twitter_card":"summary_large_image","twitter_creator":"@PeoplesphereMag","twitter_site":"@PeoplesphereMag","twitter_misc":{"\u00c9crit par":"Jean-Paul Erhard","Dur\u00e9e de lecture estim\u00e9e":"4 minutes"},"schema":{"@context":"https:\/\/schema.org","@graph":[{"@type":"Article","@id":"https:\/\/peoplesphere.be\/fr\/employeurs-syndicats-reunis-sein-groupe-dix-attendent-pre-formateurs-quils-imposent-plan-federal-contrer-limpact-coronavirus\/#article","isPartOf":{"@id":"https:\/\/peoplesphere.be\/fr\/employeurs-syndicats-reunis-sein-groupe-dix-attendent-pre-formateurs-quils-imposent-plan-federal-contrer-limpact-coronavirus\/"},"author":{"name":"Jean-Paul Erhard","@id":"https:\/\/peoplesphere.be\/fr\/#\/schema\/person\/7976225ff17988604334abb7b3536a7e"},"headline":"Employeurs et syndicats r\u00e9unis au sein du Groupe des Dix attendent des pr\u00e9-formateurs qu&rsquo;ils imposent un plan f\u00e9d\u00e9ral pour contrer l&rsquo;impact du coronavirus.","datePublished":"2020-09-09T19:40:46+00:00","dateModified":"2020-09-09T19:40:46+00:00","mainEntityOfPage":{"@id":"https:\/\/peoplesphere.be\/fr\/employeurs-syndicats-reunis-sein-groupe-dix-attendent-pre-formateurs-quils-imposent-plan-federal-contrer-limpact-coronavirus\/"},"wordCount":924,"publisher":{"@id":"https:\/\/peoplesphere.be\/fr\/#organization"},"keywords":["concertation sociale","coronavirus","groupe des dix","r\u00e9silience","t\u00e9l\u00e9travail"],"articleSection":["Actualit\u00e9s","Digital"],"inLanguage":"fr-FR"},{"@type":"WebPage","@id":"https:\/\/peoplesphere.be\/fr\/employeurs-syndicats-reunis-sein-groupe-dix-attendent-pre-formateurs-quils-imposent-plan-federal-contrer-limpact-coronavirus\/","url":"https:\/\/peoplesphere.be\/fr\/employeurs-syndicats-reunis-sein-groupe-dix-attendent-pre-formateurs-quils-imposent-plan-federal-contrer-limpact-coronavirus\/","name":"Employeurs et syndicats r\u00e9unis au sein du Groupe des Dix attendent des pr\u00e9-formateurs qu'ils imposent un plan f\u00e9d\u00e9ral pour contrer l'impact du coronavirus. - Peoplesphere","isPartOf":{"@id":"https:\/\/peoplesphere.be\/fr\/#website"},"datePublished":"2020-09-09T19:40:46+00:00","dateModified":"2020-09-09T19:40:46+00:00","breadcrumb":{"@id":"https:\/\/peoplesphere.be\/fr\/employeurs-syndicats-reunis-sein-groupe-dix-attendent-pre-formateurs-quils-imposent-plan-federal-contrer-limpact-coronavirus\/#breadcrumb"},"inLanguage":"fr-FR","potentialAction":[{"@type":"ReadAction","target":["https:\/\/peoplesphere.be\/fr\/employeurs-syndicats-reunis-sein-groupe-dix-attendent-pre-formateurs-quils-imposent-plan-federal-contrer-limpact-coronavirus\/"]}]},{"@type":"BreadcrumbList","@id":"https:\/\/peoplesphere.be\/fr\/employeurs-syndicats-reunis-sein-groupe-dix-attendent-pre-formateurs-quils-imposent-plan-federal-contrer-limpact-coronavirus\/#breadcrumb","itemListElement":[{"@type":"ListItem","position":1,"name":"Accueil","item":"https:\/\/peoplesphere.be\/fr\/"},{"@type":"ListItem","position":2,"name":"Employeurs et syndicats r\u00e9unis au sein du Groupe des Dix attendent des pr\u00e9-formateurs qu&rsquo;ils imposent un plan f\u00e9d\u00e9ral pour contrer l&rsquo;impact du coronavirus."}]},{"@type":"WebSite","@id":"https:\/\/peoplesphere.be\/fr\/#website","url":"https:\/\/peoplesphere.be\/fr\/","name":"Peoplesphere","description":"The People Managers Magazine","publisher":{"@id":"https:\/\/peoplesphere.be\/fr\/#organization"},"potentialAction":[{"@type":"SearchAction","target":{"@type":"EntryPoint","urlTemplate":"https:\/\/peoplesphere.be\/fr\/?s={search_term_string}"},"query-input":"required name=search_term_string"}],"inLanguage":"fr-FR"},{"@type":"Organization","@id":"https:\/\/peoplesphere.be\/fr\/#organization","name":"Peoplesphere Company srl","url":"https:\/\/peoplesphere.be\/fr\/","logo":{"@type":"ImageObject","inLanguage":"fr-FR","@id":"https:\/\/peoplesphere.be\/fr\/#\/schema\/logo\/image\/","url":"https:\/\/peoplesphere.be\/fr\/wp-content\/uploads\/2023\/07\/peoplesphere-lgo-new-generik.jpg","contentUrl":"https:\/\/peoplesphere.be\/fr\/wp-content\/uploads\/2023\/07\/peoplesphere-lgo-new-generik.jpg","width":1031,"height":1479,"caption":"Peoplesphere Company srl"},"image":{"@id":"https:\/\/peoplesphere.be\/fr\/#\/schema\/logo\/image\/"},"sameAs":["https:\/\/www.facebook.com\/peoplesphere","https:\/\/twitter.com\/PeoplesphereMag","https:\/\/www.linkedin.com\/company\/7587361?trk","http:\/\/youtube.com\/peoplesphere"]},{"@type":"Person","@id":"https:\/\/peoplesphere.be\/fr\/#\/schema\/person\/7976225ff17988604334abb7b3536a7e","name":"Jean-Paul Erhard","image":{"@type":"ImageObject","inLanguage":"fr-FR","@id":"https:\/\/peoplesphere.be\/fr\/#\/schema\/person\/image\/","url":"https:\/\/secure.gravatar.com\/avatar\/f941e681460179738071629a51574930?s=96&d=mm&r=g","contentUrl":"https:\/\/secure.gravatar.com\/avatar\/f941e681460179738071629a51574930?s=96&d=mm&r=g","caption":"Jean-Paul Erhard"},"url":"https:\/\/peoplesphere.be\/fr\/author\/jpe\/"}]}},"_links":{"self":[{"href":"https:\/\/peoplesphere.be\/fr\/wp-json\/wp\/v2\/posts\/10095"}],"collection":[{"href":"https:\/\/peoplesphere.be\/fr\/wp-json\/wp\/v2\/posts"}],"about":[{"href":"https:\/\/peoplesphere.be\/fr\/wp-json\/wp\/v2\/types\/post"}],"author":[{"embeddable":true,"href":"https:\/\/peoplesphere.be\/fr\/wp-json\/wp\/v2\/users\/2"}],"replies":[{"embeddable":true,"href":"https:\/\/peoplesphere.be\/fr\/wp-json\/wp\/v2\/comments?post=10095"}],"version-history":[{"count":1,"href":"https:\/\/peoplesphere.be\/fr\/wp-json\/wp\/v2\/posts\/10095\/revisions"}],"predecessor-version":[{"id":10096,"href":"https:\/\/peoplesphere.be\/fr\/wp-json\/wp\/v2\/posts\/10095\/revisions\/10096"}],"wp:attachment":[{"href":"https:\/\/peoplesphere.be\/fr\/wp-json\/wp\/v2\/media?parent=10095"}],"wp:term":[{"taxonomy":"category","embeddable":true,"href":"https:\/\/peoplesphere.be\/fr\/wp-json\/wp\/v2\/categories?post=10095"},{"taxonomy":"post_tag","embeddable":true,"href":"https:\/\/peoplesphere.be\/fr\/wp-json\/wp\/v2\/tags?post=10095"}],"curies":[{"name":"wp","href":"https:\/\/api.w.org\/{rel}","templated":true}]}}