









{"id":10109,"date":"2020-09-11T07:23:32","date_gmt":"2020-09-11T05:23:32","guid":{"rendered":"https:\/\/peoplesphere.be\/fr\/?p=10109"},"modified":"2020-09-11T07:23:32","modified_gmt":"2020-09-11T05:23:32","slug":"creation-dun-centre-de-references-stem-wallonie-donner-envie-a-de-se-tourner-vers-filieres-scientifiques-technologiques","status":"publish","type":"post","link":"https:\/\/peoplesphere.be\/fr\/creation-dun-centre-de-references-stem-wallonie-donner-envie-a-de-se-tourner-vers-filieres-scientifiques-technologiques\/","title":{"rendered":"Cr\u00e9ation d&rsquo;un centre de r\u00e9f\u00e9rences STEM en Wallonie: donner envie \u00e0 tous de se tourner vers les fili\u00e8res scientifiques et technologiques."},"content":{"rendered":"<p>Avec la num\u00e9risation de notre \u00e9conomie et de notre soci\u00e9t\u00e9, de nouveaux m\u00e9tiers \u00e9mergent. Il s\u2019agit de m\u00e9tiers essentiels et de m\u00e9tiers d\u2019avenir. Il est donc capital de donner envie aux jeunes, aux demandeurs d\u2019emploi et aux travailleurs, tous milieux socio-\u00e9conomiques confondus, et notamment aux jeunes filles et aux (futures) travailleuses, de s\u2019orienter vers des fili\u00e8res STEM, dans tous les types d\u2019enseignement, en vue d\u2019une (r\u00e9)orientation vers une carri\u00e8re professionnelle dans ces fili\u00e8res.<!--more--><\/p>\n<p>Face au nombre croissant des m\u00e9tiers dans le champ des sciences, technologie, ing\u00e9nierie et math\u00e9matiques, le Gouvernement de Wallonie et la F\u00e9d\u00e9ration Wallonie-Bruxelles cr\u00e9ent un centre de r\u00e9f\u00e9rences STEM sur la proposition du Ministre Willy BORSUS, en charge de l\u2019Economie, de l\u2019IFAPME et des Centres de comp\u00e9tence, de la Ministre Christie MORREALE, en charge de l\u2019Emploi et de la Formation, et de la Ministre GLATIGNY en charge de l&rsquo;Enseignement sup\u00e9rieur et de l&rsquo;Enseignement de la promotion sociale.<\/p>\n<p>Ce doit \u00eatre une priorit\u00e9 dans le cadre de la relance de l\u2019\u00e9conomie et de la cr\u00e9ation d\u2019emploi et permettrait \u00e9galement de se rapprocher de la moyenne europ\u00e9enne en termes de nombre de dipl\u00f4m\u00e9s et de professionnels dans ces secteurs.<\/p>\n<p>Des actions de sensibilisation du grand public aux sciences et aux techniques et de nombreuses formations qualifiantes en lien avec une ou plusieurs composantes des STEM sont d\u00e9j\u00e0 propos\u00e9es en Wallonie comme en F\u00e9d\u00e9ration Wallonie Bruxelles.<\/p>\n<p>Dans un souci de lisibilit\u00e9, d\u2019attractivit\u00e9 et d\u2019efficience, il est indispensable de les coordonner et d\u2019en optimiser l\u2019impact. C\u2019est pourquoi la Wallonie et la F\u00e9d\u00e9ration Wallonie-Bruxelles se sont accord\u00e9es sur la mise en place d\u2019un dispositif unique d\u2019orientation tout au long de la vie, organis\u00e9 autour des 4 Cit\u00e9s des m\u00e9tiers wallonnes et bruxelloise et des Carrefours Emploi Formation Orientation (CEFO).<\/p>\n<p>Cette dynamique s\u2019inscrit en amont des objectifs et missions de Wallonie Comp\u00e9tences d\u2019Avenir avec la vulgarisation, la sensibilisation et l\u2019orientation vers les fili\u00e8res STEM.<\/p>\n<p>L\u2019implication et la participation d\u2019un maximum d\u2019acteurs socio-\u00e9conomiques et issus de la soci\u00e9t\u00e9 civile, en plus des acteurs de l\u2019enseignement, de la formation et de l\u2019orientation sont essentielles \u00e0 la r\u00e9ussite de cette strat\u00e9gie.<\/p>\n<p>Il est propos\u00e9 que le centre de r\u00e9f\u00e9rences STEM regroupe les repr\u00e9sentants des Ministres dont les comp\u00e9tences sont directement impact\u00e9es par les STEM au sein de la F\u00e9d\u00e9ration Wallonie-Bruxelles, la R\u00e9gion wallonne, la R\u00e9gion de Bruxelles-Capitale et la Commission communautaire fran\u00e7aise.<\/p>\n<p>Il aura pour mission de proposer aux diff\u00e9rents Gouvernements une strat\u00e9gie globale sur 10 ans, int\u00e9grant une dimension genre forte, dans le but de coordonner les diff\u00e9rentes actions men\u00e9es dans le domaine des STEM, en ce compris leurs objectifs propres.<\/p>\n<p>Une Task-force STEM, organe de conseil qui reprendra tous les acteurs actifs dans le domaine des STEM, aura pour mission de proposer au centre une strat\u00e9gie de d\u00e9veloppement des fili\u00e8res STEM, avec une dimension genre forte, mais \u00e9galement de remettre des avis sur toute question relative aux STEM.<\/p>\n<p>En ce qui concerne le timing une premi\u00e8re r\u00e9union entre les membres d\u00e9sign\u00e9s du centre de r\u00e9f\u00e9rences STEM et de la Task-force aura lieu dans les prochaines semaines.<\/p>\n<p>Fin mars 2021 au plus tard, la Task-force proposera au centre de r\u00e9f\u00e9rences STEM un plan d\u2019actions \u00e0 moyen terme et \u00e0 long terme visant \u00e0 coordonner, orienter et d\u00e9velopper les efforts d\u2019orientation professionnelle, d\u2019enseignement, de formation, de sensibilisation, d\u2019encadrement et de vulgarisation dans le domaine des fili\u00e8res STEM, tout en veillant \u00e0 la coh\u00e9rence et \u00e0 l\u2019articulation avec le dispositif d\u2019orientation tout au long de la vie, articul\u00e9 autour du r\u00e9seau des 4 Cit\u00e9s des m\u00e9tiers wallonnes et bruxelloise et des CEFO y associ\u00e9s.<\/p>\n<p>Pour Willy Borsus : <em>\u00ab La relance et le red\u00e9ploiement de notre R\u00e9gion passe par des formations plus adapt\u00e9es aux besoins des entreprises. Les STEM sont des fili\u00e8res en grande p\u00e9nurie, alors qu\u2019elles sont largement pourvoyeuses d\u2019emploi. Tous nos efforts doivent mobilis\u00e9s sur cette sensibilisation \u00e0 ces m\u00e9tiers ! \u00bb<\/em><\/p>\n<p>Christie Morreale : <em>\u00ab Les m\u00e9tiers techniques, technologiques et scientifiques sont en p\u00e9nurie en Wallonie. Il est d\u00e8s lors n\u00e9cessaire de d\u00e9multiplier les initiatives cr\u00e9atives pour susciter des vocations dans ces secteurs pourvoyeurs d\u2019emplois, y compris chez les femmes souvent sous-repr\u00e9sent\u00e9es dans cette branche d\u2019activit\u00e9 \u00bb<\/em><\/p>\n<p>Val\u00e9rie Glatigny : <em>\u00ab Donner envie aux jeunes d\u2019\u00eatre pr\u00e9sents dans les domaines d\u2019\u00e9tudes et les carri\u00e8res STEM constitue un enjeu de taille pour la F\u00e9d\u00e9ration Wallonie-Bruxelles. Trop peu de jeunes, et surtout de jeunes filles, font actuellement ce choix, alors que ces secteurs d\u2019avenir constituent une passerelle vers l\u2019emploi et une r\u00e9elle plus-value pour la soci\u00e9t\u00e9 \u00bb, souligne Val\u00e9rie Glatigny, Ministre de l\u2019Enseignement sup\u00e9rieur et de la Recherche scientifique en F\u00e9d\u00e9ration Wallonie-Bruxelles. \u00bb<\/em><\/p>\n<p><em>Source : Cabinet du Vice Pr\u00e9sident du Gouvernement Wallon Willy Borsus<\/em><\/p>\n","protected":false},"excerpt":{"rendered":"<p>Avec la num\u00e9risation de notre \u00e9conomie et de notre soci\u00e9t\u00e9, de nouveaux m\u00e9tiers \u00e9mergent. Il s\u2019agit de m\u00e9tiers essentiels et de m\u00e9tiers d\u2019avenir. Il est donc capital de donner envie aux jeunes, aux demandeurs d\u2019emploi et aux travailleurs, tous milieux [&hellip;]<\/p>\n","protected":false},"author":2,"featured_media":0,"comment_status":"closed","ping_status":"open","sticky":false,"template":"","format":"standard","meta":[],"categories":[65,10],"tags":[3170,467,48,2839,196,3169,1568,3171,955],"yoast_head":"<!-- This site is optimized with the Yoast SEO plugin v21.0 - https:\/\/yoast.com\/wordpress\/plugins\/seo\/ -->\n<title>Cr\u00e9ation d&#039;un centre de r\u00e9f\u00e9rences STEM en Wallonie: donner envie \u00e0 tous de se tourner vers les fili\u00e8res scientifiques et technologiques. - Peoplesphere<\/title>\n<meta name=\"robots\" content=\"index, follow, max-snippet:-1, max-image-preview:large, max-video-preview:-1\" \/>\n<link rel=\"canonical\" href=\"https:\/\/peoplesphere.be\/fr\/creation-dun-centre-de-references-stem-wallonie-donner-envie-a-de-se-tourner-vers-filieres-scientifiques-technologiques\/\" \/>\n<meta property=\"og:locale\" content=\"fr_FR\" \/>\n<meta property=\"og:type\" content=\"article\" \/>\n<meta property=\"og:title\" content=\"Cr\u00e9ation d&#039;un centre de r\u00e9f\u00e9rences STEM en Wallonie: donner envie \u00e0 tous de se tourner vers les fili\u00e8res scientifiques et technologiques. - Peoplesphere\" \/>\n<meta property=\"og:description\" content=\"Avec la num\u00e9risation de notre \u00e9conomie et de notre soci\u00e9t\u00e9, de nouveaux m\u00e9tiers \u00e9mergent. Il s\u2019agit de m\u00e9tiers essentiels et de m\u00e9tiers d\u2019avenir. Il est donc capital de donner envie aux jeunes, aux demandeurs d\u2019emploi et aux travailleurs, tous milieux [&hellip;]\" \/>\n<meta property=\"og:url\" content=\"https:\/\/peoplesphere.be\/fr\/creation-dun-centre-de-references-stem-wallonie-donner-envie-a-de-se-tourner-vers-filieres-scientifiques-technologiques\/\" \/>\n<meta property=\"og:site_name\" content=\"Peoplesphere\" \/>\n<meta property=\"article:publisher\" content=\"https:\/\/www.facebook.com\/peoplesphere\" \/>\n<meta property=\"article:published_time\" content=\"2020-09-11T05:23:32+00:00\" \/>\n<meta property=\"og:image\" content=\"http:\/\/www.peoplesphere.be\/fr\/wp-content\/uploads\/2016\/07\/facebook-default-posting-1200x628px.jpg\" \/>\n<meta name=\"author\" content=\"Jean-Paul Erhard\" \/>\n<meta name=\"twitter:card\" content=\"summary_large_image\" \/>\n<meta name=\"twitter:creator\" content=\"@PeoplesphereMag\" \/>\n<meta name=\"twitter:site\" content=\"@PeoplesphereMag\" \/>\n<meta name=\"twitter:label1\" content=\"\u00c9crit par\" \/>\n\t<meta name=\"twitter:data1\" content=\"Jean-Paul Erhard\" \/>\n\t<meta name=\"twitter:label2\" content=\"Dur\u00e9e de lecture estim\u00e9e\" \/>\n\t<meta name=\"twitter:data2\" content=\"4 minutes\" \/>\n<script type=\"application\/ld+json\" class=\"yoast-schema-graph\">{\"@context\":\"https:\/\/schema.org\",\"@graph\":[{\"@type\":\"Article\",\"@id\":\"https:\/\/peoplesphere.be\/fr\/creation-dun-centre-de-references-stem-wallonie-donner-envie-a-de-se-tourner-vers-filieres-scientifiques-technologiques\/#article\",\"isPartOf\":{\"@id\":\"https:\/\/peoplesphere.be\/fr\/creation-dun-centre-de-references-stem-wallonie-donner-envie-a-de-se-tourner-vers-filieres-scientifiques-technologiques\/\"},\"author\":{\"name\":\"Jean-Paul Erhard\",\"@id\":\"https:\/\/peoplesphere.be\/fr\/#\/schema\/person\/7976225ff17988604334abb7b3536a7e\"},\"headline\":\"Cr\u00e9ation d&rsquo;un centre de r\u00e9f\u00e9rences STEM en Wallonie: donner envie \u00e0 tous de se tourner vers les fili\u00e8res scientifiques et technologiques.\",\"datePublished\":\"2020-09-11T05:23:32+00:00\",\"dateModified\":\"2020-09-11T05:23:32+00:00\",\"mainEntityOfPage\":{\"@id\":\"https:\/\/peoplesphere.be\/fr\/creation-dun-centre-de-references-stem-wallonie-donner-envie-a-de-se-tourner-vers-filieres-scientifiques-technologiques\/\"},\"wordCount\":909,\"publisher\":{\"@id\":\"https:\/\/peoplesphere.be\/fr\/#organization\"},\"keywords\":[\"Christie Morale\",\"enseignement\",\"Formation\",\"IFAPME\",\"m\u00e9tiers en p\u00e9nurie\",\"m\u00e9tiers scientifiques\",\"STEM\",\"Val\u00e9rie Glatigny\",\"Willy Borsus\"],\"articleSection\":[\"Actualit\u00e9s\",\"Digital\"],\"inLanguage\":\"fr-FR\"},{\"@type\":\"WebPage\",\"@id\":\"https:\/\/peoplesphere.be\/fr\/creation-dun-centre-de-references-stem-wallonie-donner-envie-a-de-se-tourner-vers-filieres-scientifiques-technologiques\/\",\"url\":\"https:\/\/peoplesphere.be\/fr\/creation-dun-centre-de-references-stem-wallonie-donner-envie-a-de-se-tourner-vers-filieres-scientifiques-technologiques\/\",\"name\":\"Cr\u00e9ation d'un centre de r\u00e9f\u00e9rences STEM en Wallonie: donner envie \u00e0 tous de se tourner vers les fili\u00e8res scientifiques et technologiques. - Peoplesphere\",\"isPartOf\":{\"@id\":\"https:\/\/peoplesphere.be\/fr\/#website\"},\"datePublished\":\"2020-09-11T05:23:32+00:00\",\"dateModified\":\"2020-09-11T05:23:32+00:00\",\"breadcrumb\":{\"@id\":\"https:\/\/peoplesphere.be\/fr\/creation-dun-centre-de-references-stem-wallonie-donner-envie-a-de-se-tourner-vers-filieres-scientifiques-technologiques\/#breadcrumb\"},\"inLanguage\":\"fr-FR\",\"potentialAction\":[{\"@type\":\"ReadAction\",\"target\":[\"https:\/\/peoplesphere.be\/fr\/creation-dun-centre-de-references-stem-wallonie-donner-envie-a-de-se-tourner-vers-filieres-scientifiques-technologiques\/\"]}]},{\"@type\":\"BreadcrumbList\",\"@id\":\"https:\/\/peoplesphere.be\/fr\/creation-dun-centre-de-references-stem-wallonie-donner-envie-a-de-se-tourner-vers-filieres-scientifiques-technologiques\/#breadcrumb\",\"itemListElement\":[{\"@type\":\"ListItem\",\"position\":1,\"name\":\"Accueil\",\"item\":\"https:\/\/peoplesphere.be\/fr\/\"},{\"@type\":\"ListItem\",\"position\":2,\"name\":\"Cr\u00e9ation d&rsquo;un centre de r\u00e9f\u00e9rences STEM en Wallonie: donner envie \u00e0 tous de se tourner vers les fili\u00e8res scientifiques et technologiques.\"}]},{\"@type\":\"WebSite\",\"@id\":\"https:\/\/peoplesphere.be\/fr\/#website\",\"url\":\"https:\/\/peoplesphere.be\/fr\/\",\"name\":\"Peoplesphere\",\"description\":\"The People Managers Magazine\",\"publisher\":{\"@id\":\"https:\/\/peoplesphere.be\/fr\/#organization\"},\"potentialAction\":[{\"@type\":\"SearchAction\",\"target\":{\"@type\":\"EntryPoint\",\"urlTemplate\":\"https:\/\/peoplesphere.be\/fr\/?s={search_term_string}\"},\"query-input\":\"required name=search_term_string\"}],\"inLanguage\":\"fr-FR\"},{\"@type\":\"Organization\",\"@id\":\"https:\/\/peoplesphere.be\/fr\/#organization\",\"name\":\"Peoplesphere Company srl\",\"url\":\"https:\/\/peoplesphere.be\/fr\/\",\"logo\":{\"@type\":\"ImageObject\",\"inLanguage\":\"fr-FR\",\"@id\":\"https:\/\/peoplesphere.be\/fr\/#\/schema\/logo\/image\/\",\"url\":\"https:\/\/peoplesphere.be\/fr\/wp-content\/uploads\/2023\/07\/peoplesphere-lgo-new-generik.jpg\",\"contentUrl\":\"https:\/\/peoplesphere.be\/fr\/wp-content\/uploads\/2023\/07\/peoplesphere-lgo-new-generik.jpg\",\"width\":1031,\"height\":1479,\"caption\":\"Peoplesphere Company srl\"},\"image\":{\"@id\":\"https:\/\/peoplesphere.be\/fr\/#\/schema\/logo\/image\/\"},\"sameAs\":[\"https:\/\/www.facebook.com\/peoplesphere\",\"https:\/\/twitter.com\/PeoplesphereMag\",\"https:\/\/www.linkedin.com\/company\/7587361?trk\",\"http:\/\/youtube.com\/peoplesphere\"]},{\"@type\":\"Person\",\"@id\":\"https:\/\/peoplesphere.be\/fr\/#\/schema\/person\/7976225ff17988604334abb7b3536a7e\",\"name\":\"Jean-Paul Erhard\",\"image\":{\"@type\":\"ImageObject\",\"inLanguage\":\"fr-FR\",\"@id\":\"https:\/\/peoplesphere.be\/fr\/#\/schema\/person\/image\/\",\"url\":\"https:\/\/secure.gravatar.com\/avatar\/f941e681460179738071629a51574930?s=96&d=mm&r=g\",\"contentUrl\":\"https:\/\/secure.gravatar.com\/avatar\/f941e681460179738071629a51574930?s=96&d=mm&r=g\",\"caption\":\"Jean-Paul Erhard\"},\"url\":\"https:\/\/peoplesphere.be\/fr\/author\/jpe\/\"}]}<\/script>\n<!-- \/ Yoast SEO plugin. -->","yoast_head_json":{"title":"Cr\u00e9ation d'un centre de r\u00e9f\u00e9rences STEM en Wallonie: donner envie \u00e0 tous de se tourner vers les fili\u00e8res scientifiques et technologiques. - Peoplesphere","robots":{"index":"index","follow":"follow","max-snippet":"max-snippet:-1","max-image-preview":"max-image-preview:large","max-video-preview":"max-video-preview:-1"},"canonical":"https:\/\/peoplesphere.be\/fr\/creation-dun-centre-de-references-stem-wallonie-donner-envie-a-de-se-tourner-vers-filieres-scientifiques-technologiques\/","og_locale":"fr_FR","og_type":"article","og_title":"Cr\u00e9ation d'un centre de r\u00e9f\u00e9rences STEM en Wallonie: donner envie \u00e0 tous de se tourner vers les fili\u00e8res scientifiques et technologiques. - Peoplesphere","og_description":"Avec la num\u00e9risation de notre \u00e9conomie et de notre soci\u00e9t\u00e9, de nouveaux m\u00e9tiers \u00e9mergent. Il s\u2019agit de m\u00e9tiers essentiels et de m\u00e9tiers d\u2019avenir. Il est donc capital de donner envie aux jeunes, aux demandeurs d\u2019emploi et aux travailleurs, tous milieux [&hellip;]","og_url":"https:\/\/peoplesphere.be\/fr\/creation-dun-centre-de-references-stem-wallonie-donner-envie-a-de-se-tourner-vers-filieres-scientifiques-technologiques\/","og_site_name":"Peoplesphere","article_publisher":"https:\/\/www.facebook.com\/peoplesphere","article_published_time":"2020-09-11T05:23:32+00:00","og_image":[{"url":"http:\/\/www.peoplesphere.be\/fr\/wp-content\/uploads\/2016\/07\/facebook-default-posting-1200x628px.jpg"}],"author":"Jean-Paul Erhard","twitter_card":"summary_large_image","twitter_creator":"@PeoplesphereMag","twitter_site":"@PeoplesphereMag","twitter_misc":{"\u00c9crit par":"Jean-Paul Erhard","Dur\u00e9e de lecture estim\u00e9e":"4 minutes"},"schema":{"@context":"https:\/\/schema.org","@graph":[{"@type":"Article","@id":"https:\/\/peoplesphere.be\/fr\/creation-dun-centre-de-references-stem-wallonie-donner-envie-a-de-se-tourner-vers-filieres-scientifiques-technologiques\/#article","isPartOf":{"@id":"https:\/\/peoplesphere.be\/fr\/creation-dun-centre-de-references-stem-wallonie-donner-envie-a-de-se-tourner-vers-filieres-scientifiques-technologiques\/"},"author":{"name":"Jean-Paul Erhard","@id":"https:\/\/peoplesphere.be\/fr\/#\/schema\/person\/7976225ff17988604334abb7b3536a7e"},"headline":"Cr\u00e9ation d&rsquo;un centre de r\u00e9f\u00e9rences STEM en Wallonie: donner envie \u00e0 tous de se tourner vers les fili\u00e8res scientifiques et technologiques.","datePublished":"2020-09-11T05:23:32+00:00","dateModified":"2020-09-11T05:23:32+00:00","mainEntityOfPage":{"@id":"https:\/\/peoplesphere.be\/fr\/creation-dun-centre-de-references-stem-wallonie-donner-envie-a-de-se-tourner-vers-filieres-scientifiques-technologiques\/"},"wordCount":909,"publisher":{"@id":"https:\/\/peoplesphere.be\/fr\/#organization"},"keywords":["Christie Morale","enseignement","Formation","IFAPME","m\u00e9tiers en p\u00e9nurie","m\u00e9tiers scientifiques","STEM","Val\u00e9rie Glatigny","Willy Borsus"],"articleSection":["Actualit\u00e9s","Digital"],"inLanguage":"fr-FR"},{"@type":"WebPage","@id":"https:\/\/peoplesphere.be\/fr\/creation-dun-centre-de-references-stem-wallonie-donner-envie-a-de-se-tourner-vers-filieres-scientifiques-technologiques\/","url":"https:\/\/peoplesphere.be\/fr\/creation-dun-centre-de-references-stem-wallonie-donner-envie-a-de-se-tourner-vers-filieres-scientifiques-technologiques\/","name":"Cr\u00e9ation d'un centre de r\u00e9f\u00e9rences STEM en Wallonie: donner envie \u00e0 tous de se tourner vers les fili\u00e8res scientifiques et technologiques. - Peoplesphere","isPartOf":{"@id":"https:\/\/peoplesphere.be\/fr\/#website"},"datePublished":"2020-09-11T05:23:32+00:00","dateModified":"2020-09-11T05:23:32+00:00","breadcrumb":{"@id":"https:\/\/peoplesphere.be\/fr\/creation-dun-centre-de-references-stem-wallonie-donner-envie-a-de-se-tourner-vers-filieres-scientifiques-technologiques\/#breadcrumb"},"inLanguage":"fr-FR","potentialAction":[{"@type":"ReadAction","target":["https:\/\/peoplesphere.be\/fr\/creation-dun-centre-de-references-stem-wallonie-donner-envie-a-de-se-tourner-vers-filieres-scientifiques-technologiques\/"]}]},{"@type":"BreadcrumbList","@id":"https:\/\/peoplesphere.be\/fr\/creation-dun-centre-de-references-stem-wallonie-donner-envie-a-de-se-tourner-vers-filieres-scientifiques-technologiques\/#breadcrumb","itemListElement":[{"@type":"ListItem","position":1,"name":"Accueil","item":"https:\/\/peoplesphere.be\/fr\/"},{"@type":"ListItem","position":2,"name":"Cr\u00e9ation d&rsquo;un centre de r\u00e9f\u00e9rences STEM en Wallonie: donner envie \u00e0 tous de se tourner vers les fili\u00e8res scientifiques et technologiques."}]},{"@type":"WebSite","@id":"https:\/\/peoplesphere.be\/fr\/#website","url":"https:\/\/peoplesphere.be\/fr\/","name":"Peoplesphere","description":"The People Managers Magazine","publisher":{"@id":"https:\/\/peoplesphere.be\/fr\/#organization"},"potentialAction":[{"@type":"SearchAction","target":{"@type":"EntryPoint","urlTemplate":"https:\/\/peoplesphere.be\/fr\/?s={search_term_string}"},"query-input":"required name=search_term_string"}],"inLanguage":"fr-FR"},{"@type":"Organization","@id":"https:\/\/peoplesphere.be\/fr\/#organization","name":"Peoplesphere Company srl","url":"https:\/\/peoplesphere.be\/fr\/","logo":{"@type":"ImageObject","inLanguage":"fr-FR","@id":"https:\/\/peoplesphere.be\/fr\/#\/schema\/logo\/image\/","url":"https:\/\/peoplesphere.be\/fr\/wp-content\/uploads\/2023\/07\/peoplesphere-lgo-new-generik.jpg","contentUrl":"https:\/\/peoplesphere.be\/fr\/wp-content\/uploads\/2023\/07\/peoplesphere-lgo-new-generik.jpg","width":1031,"height":1479,"caption":"Peoplesphere Company srl"},"image":{"@id":"https:\/\/peoplesphere.be\/fr\/#\/schema\/logo\/image\/"},"sameAs":["https:\/\/www.facebook.com\/peoplesphere","https:\/\/twitter.com\/PeoplesphereMag","https:\/\/www.linkedin.com\/company\/7587361?trk","http:\/\/youtube.com\/peoplesphere"]},{"@type":"Person","@id":"https:\/\/peoplesphere.be\/fr\/#\/schema\/person\/7976225ff17988604334abb7b3536a7e","name":"Jean-Paul Erhard","image":{"@type":"ImageObject","inLanguage":"fr-FR","@id":"https:\/\/peoplesphere.be\/fr\/#\/schema\/person\/image\/","url":"https:\/\/secure.gravatar.com\/avatar\/f941e681460179738071629a51574930?s=96&d=mm&r=g","contentUrl":"https:\/\/secure.gravatar.com\/avatar\/f941e681460179738071629a51574930?s=96&d=mm&r=g","caption":"Jean-Paul Erhard"},"url":"https:\/\/peoplesphere.be\/fr\/author\/jpe\/"}]}},"_links":{"self":[{"href":"https:\/\/peoplesphere.be\/fr\/wp-json\/wp\/v2\/posts\/10109"}],"collection":[{"href":"https:\/\/peoplesphere.be\/fr\/wp-json\/wp\/v2\/posts"}],"about":[{"href":"https:\/\/peoplesphere.be\/fr\/wp-json\/wp\/v2\/types\/post"}],"author":[{"embeddable":true,"href":"https:\/\/peoplesphere.be\/fr\/wp-json\/wp\/v2\/users\/2"}],"replies":[{"embeddable":true,"href":"https:\/\/peoplesphere.be\/fr\/wp-json\/wp\/v2\/comments?post=10109"}],"version-history":[{"count":1,"href":"https:\/\/peoplesphere.be\/fr\/wp-json\/wp\/v2\/posts\/10109\/revisions"}],"predecessor-version":[{"id":10110,"href":"https:\/\/peoplesphere.be\/fr\/wp-json\/wp\/v2\/posts\/10109\/revisions\/10110"}],"wp:attachment":[{"href":"https:\/\/peoplesphere.be\/fr\/wp-json\/wp\/v2\/media?parent=10109"}],"wp:term":[{"taxonomy":"category","embeddable":true,"href":"https:\/\/peoplesphere.be\/fr\/wp-json\/wp\/v2\/categories?post=10109"},{"taxonomy":"post_tag","embeddable":true,"href":"https:\/\/peoplesphere.be\/fr\/wp-json\/wp\/v2\/tags?post=10109"}],"curies":[{"name":"wp","href":"https:\/\/api.w.org\/{rel}","templated":true}]}}