









{"id":10127,"date":"2020-09-16T07:41:22","date_gmt":"2020-09-16T05:41:22","guid":{"rendered":"https:\/\/peoplesphere.be\/fr\/?p=10127"},"modified":"2020-09-16T08:38:50","modified_gmt":"2020-09-16T06:38:50","slug":"impact-concret-de-pandemie-marche-travail-nombre-doffres-demploi-a-diminue-de-moitie-malgre-lexplosion-nombre-de-flex-jobs","status":"publish","type":"post","link":"https:\/\/peoplesphere.be\/fr\/impact-concret-de-pandemie-marche-travail-nombre-doffres-demploi-a-diminue-de-moitie-malgre-lexplosion-nombre-de-flex-jobs\/","title":{"rendered":"Impact concret de la pand\u00e9mie sur le march\u00e9 du travail: le nombre d&rsquo;offres d&#8217;emploi a diminu\u00e9 de moiti\u00e9 malgr\u00e9 l&rsquo;explosion du nombre de flexi-jobs."},"content":{"rendered":"<p>La pand\u00e9mie de coronavirus impacte lourdement le march\u00e9 de l\u2019emploi en Belgique : par rapport \u00e0 la m\u00eame p\u00e9riode l\u2019ann\u00e9e derni\u00e8re, l\u2019offre est en baisse de pas moins de 42%, selon les constats pos\u00e9s par Indeed, le site d\u2019offres d\u2019emploi. Les flexi-jobs se multiplient, les entreprises de soins de sant\u00e9 recrutent \u00e0 tour de bras et le secteur de l\u2019enseignement est dans l\u2019expectative.<!--more--><\/p>\n<p>Les mesures strictes prises par le gouvernement belge pour arr\u00eater la propagation de la COVID-19 ont provoqu\u00e9 une grave chute de l\u2019activit\u00e9 \u00e9conomique dans notre pays, ce qui se refl\u00e8te bien s\u00fbr aussi dans les offres d\u2019emploi<em>. \u00ab\u00a0Le nombre d\u2019offres d\u2019emploi a fortement diminu\u00e9 entre la mi-mars et le d\u00e9but du mois de juin\u00a0\u00bb<\/em>, explique Arjan Visser, responsable de la strat\u00e9gie chez Indeed Benelux. <em>\u00ab\u00a0\u00c0 la mi-juin, le march\u00e9 a montr\u00e9 des signes de reprise, mais la crainte d\u2019une seconde vague d\u2019infections en a effray\u00e9 plus d\u2019un. En cons\u00e9quence, l\u2019offre est actuellement 42% inf\u00e9rieure \u00e0 la m\u00eame p\u00e9riode l\u2019ann\u00e9e derni\u00e8re.\u00a0\u00bb<\/em><\/p>\n<p><em><strong>Les flexi-jobs sont plus populaires.<\/strong><\/em><\/p>\n<p>Chose frappante, le nombre de flexi-jobs disponibles est en augmentation relative. Ces deux derni\u00e8res ann\u00e9es, la formule a connu un vrai engouement : en janvier 2019, par exemple, Indeed avait observ\u00e9 une hausse de 440% par rapport \u00e0 la m\u00eame p\u00e9riode en 2018, et cette ann\u00e9e, le site d\u2019offres d\u2019emploi avait initialement constat\u00e9 une augmentation de 168%. Mais en f\u00e9vrier, il y a eu une chute soudaine et atypique de l\u2019offre, avec un creux \u00e0 la mi-mai, en raison de la pand\u00e9mie de COVID-19. Les autres ann\u00e9es, il y avait \u00e9galement eu une l\u00e9g\u00e8re baisse en \u00e9t\u00e9, peut-\u00eatre en raison de l\u2019arriv\u00e9e des \u00e9tudiants jobistes.<\/p>\n<p>Depuis lors, la courbe s\u2019est \u00e0 nouveau redress\u00e9e, parall\u00e8lement \u00e0 l\u2019assouplissement des mesures de confinement, notamment avec la r\u00e9ouverture des restaurants et des magasins non essentiels. Alors qu\u2019au 16 mai, il n\u2019y avait que 1.744 flexi-jobs par million d\u2019offres d\u2019emploi en Belgique, le 16 juillet, ce chiffre \u00e9tait pass\u00e9 \u00e0 2.270 par million, soit une augmentation de 30%. Pendant la m\u00eame p\u00e9riode, Indeed n\u2019a gu\u00e8re constat\u00e9 de mouvement dans les offres d\u2019emploi &lsquo;g\u00e9n\u00e9rales&rsquo;.<\/p>\n<p>Comme on pouvait s\u2019y attendre, la plupart des flexi-jobs sont destin\u00e9s aux travailleurs de la vente, de la restauration et du commerce de d\u00e9tail, et se trouvent principalement dans les secteurs de l\u2019alimentation, du commerce et de la vente au d\u00e9tail. Outre la flexibilit\u00e9 qu\u2019apportent les travailleurs en flexi-jobs, il faut aussi g\u00e9n\u00e9ralement moins de temps pour les former que les \u00e9tudiants, car ils ont souvent des connaissances techniques pr\u00e9alables, ce qui permet de les d\u00e9ployer plus vite en p\u00e9riode de pointe. Il y a \u00e9galement moins de rotation que chez les \u00e9tudiants jobistes.<\/p>\n<p><em><strong>Les entreprises du secteur des soins de sant\u00e9 recrutent \u00e0 tour de bras<\/strong><\/em><\/p>\n<p>Une autre cons\u00e9quence peu surprenante de la pand\u00e9mie de coronavirus est la pr\u00e9sence de pas moins de quatre entreprises de soins de sant\u00e9 parmi les dix organisations belges proposant le plus d\u2019offres d\u2019emploi sur Indeed. Il s\u2019agit d\u2019i-mens, une organisation de soins r\u00e9cemment cr\u00e9\u00e9e suite \u00e0 la fusion de plusieurs acteurs importants des soins de sant\u00e9, de Familiehulp, de Ferm et de la Croix Jaune et Blanche.<\/p>\n<p><em>\u00ab\u00a0C\u2019est la preuve qu\u2019il y a un nombre consid\u00e9rable de postes \u00e0 pourvoir dans le secteur des soins de sant\u00e9\u00a0\u00bb<\/em>, ajoute Arjan Visser. \u00ab\u00a0<em>C\u2019est un ph\u00e9nom\u00e8ne r\u00e9cent : aucune de ces organisations ne figurait dans le Top 10 de notre \u00e9tude d\u2019octobre 2019.\u00a0\u00bb<\/em><\/p>\n<p><strong><em>L\u2019enseignement est dans l\u2019expectative<\/em><\/strong><\/p>\n<p>La situation est totalement diff\u00e9rente dans l\u2019enseignement. Au lieu du pic habituel du mois d\u2019ao\u00fbt, nous constatons que les offres d\u2019emploi restent au niveau traditionnellement bas de mai et juin. Arjan Visser conclut :<em> \u00ab\u00a0C\u2019est probablement la cons\u00e9quence de la pand\u00e9mie de coronavirus. Le recrutement de nouveaux enseignants semble \u00eatre report\u00e9 jusqu\u2019\u00e0 ce qu\u2019il y ait plus de certitudes quant au d\u00e9roulement de la nouvelle ann\u00e9e scolaire.\u00a0\u00bb<\/em><\/p>\n<p><em>Source : Indeed &#8211; SilkRoad &amp; iCIMS<\/em><\/p>\n","protected":false},"excerpt":{"rendered":"<p>La pand\u00e9mie de coronavirus impacte lourdement le march\u00e9 de l\u2019emploi en Belgique : par rapport \u00e0 la m\u00eame p\u00e9riode l\u2019ann\u00e9e derni\u00e8re, l\u2019offre est en baisse de pas moins de 42%, selon les constats pos\u00e9s par Indeed, le site d\u2019offres d\u2019emploi. [&hellip;]<\/p>\n","protected":false},"author":2,"featured_media":0,"comment_status":"closed","ping_status":"open","sticky":false,"template":"","format":"standard","meta":[],"categories":[65,10],"tags":[467,1326,585,105,72,240],"yoast_head":"<!-- This site is optimized with the Yoast SEO plugin v21.0 - https:\/\/yoast.com\/wordpress\/plugins\/seo\/ -->\n<title>Impact concret de la pand\u00e9mie sur le march\u00e9 du travail: le nombre d&#039;offres d&#039;emploi a diminu\u00e9 de moiti\u00e9 malgr\u00e9 l&#039;explosion du nombre de flexi-jobs. - Peoplesphere<\/title>\n<meta name=\"robots\" content=\"index, follow, max-snippet:-1, max-image-preview:large, max-video-preview:-1\" \/>\n<link rel=\"canonical\" href=\"https:\/\/peoplesphere.be\/fr\/impact-concret-de-pandemie-marche-travail-nombre-doffres-demploi-a-diminue-de-moitie-malgre-lexplosion-nombre-de-flex-jobs\/\" \/>\n<meta property=\"og:locale\" content=\"fr_FR\" \/>\n<meta property=\"og:type\" content=\"article\" \/>\n<meta property=\"og:title\" content=\"Impact concret de la pand\u00e9mie sur le march\u00e9 du travail: le nombre d&#039;offres d&#039;emploi a diminu\u00e9 de moiti\u00e9 malgr\u00e9 l&#039;explosion du nombre de flexi-jobs. - Peoplesphere\" \/>\n<meta property=\"og:description\" content=\"La pand\u00e9mie de coronavirus impacte lourdement le march\u00e9 de l\u2019emploi en Belgique : par rapport \u00e0 la m\u00eame p\u00e9riode l\u2019ann\u00e9e derni\u00e8re, l\u2019offre est en baisse de pas moins de 42%, selon les constats pos\u00e9s par Indeed, le site d\u2019offres d\u2019emploi. [&hellip;]\" \/>\n<meta property=\"og:url\" content=\"https:\/\/peoplesphere.be\/fr\/impact-concret-de-pandemie-marche-travail-nombre-doffres-demploi-a-diminue-de-moitie-malgre-lexplosion-nombre-de-flex-jobs\/\" \/>\n<meta property=\"og:site_name\" content=\"Peoplesphere\" \/>\n<meta property=\"article:publisher\" content=\"https:\/\/www.facebook.com\/peoplesphere\" \/>\n<meta property=\"article:published_time\" content=\"2020-09-16T05:41:22+00:00\" \/>\n<meta property=\"article:modified_time\" content=\"2020-09-16T06:38:50+00:00\" \/>\n<meta property=\"og:image\" content=\"http:\/\/www.peoplesphere.be\/fr\/wp-content\/uploads\/2016\/07\/facebook-default-posting-1200x628px.jpg\" \/>\n<meta name=\"author\" content=\"Jean-Paul Erhard\" \/>\n<meta name=\"twitter:card\" content=\"summary_large_image\" \/>\n<meta name=\"twitter:creator\" content=\"@PeoplesphereMag\" \/>\n<meta name=\"twitter:site\" content=\"@PeoplesphereMag\" \/>\n<meta name=\"twitter:label1\" content=\"\u00c9crit par\" \/>\n\t<meta name=\"twitter:data1\" content=\"Jean-Paul Erhard\" \/>\n\t<meta name=\"twitter:label2\" content=\"Dur\u00e9e de lecture estim\u00e9e\" \/>\n\t<meta name=\"twitter:data2\" content=\"4 minutes\" \/>\n<script type=\"application\/ld+json\" class=\"yoast-schema-graph\">{\"@context\":\"https:\/\/schema.org\",\"@graph\":[{\"@type\":\"Article\",\"@id\":\"https:\/\/peoplesphere.be\/fr\/impact-concret-de-pandemie-marche-travail-nombre-doffres-demploi-a-diminue-de-moitie-malgre-lexplosion-nombre-de-flex-jobs\/#article\",\"isPartOf\":{\"@id\":\"https:\/\/peoplesphere.be\/fr\/impact-concret-de-pandemie-marche-travail-nombre-doffres-demploi-a-diminue-de-moitie-malgre-lexplosion-nombre-de-flex-jobs\/\"},\"author\":{\"name\":\"Jean-Paul Erhard\",\"@id\":\"https:\/\/peoplesphere.be\/fr\/#\/schema\/person\/7976225ff17988604334abb7b3536a7e\"},\"headline\":\"Impact concret de la pand\u00e9mie sur le march\u00e9 du travail: le nombre d&rsquo;offres d&#8217;emploi a diminu\u00e9 de moiti\u00e9 malgr\u00e9 l&rsquo;explosion du nombre de flexi-jobs.\",\"datePublished\":\"2020-09-16T05:41:22+00:00\",\"dateModified\":\"2020-09-16T06:38:50+00:00\",\"mainEntityOfPage\":{\"@id\":\"https:\/\/peoplesphere.be\/fr\/impact-concret-de-pandemie-marche-travail-nombre-doffres-demploi-a-diminue-de-moitie-malgre-lexplosion-nombre-de-flex-jobs\/\"},\"wordCount\":742,\"publisher\":{\"@id\":\"https:\/\/peoplesphere.be\/fr\/#organization\"},\"keywords\":[\"enseignement\",\"indeed\",\"march\u00e9 du travail\",\"offres d'emploi\",\"recrutement\",\"soins de sant\u00e9\"],\"articleSection\":[\"Actualit\u00e9s\",\"Digital\"],\"inLanguage\":\"fr-FR\"},{\"@type\":\"WebPage\",\"@id\":\"https:\/\/peoplesphere.be\/fr\/impact-concret-de-pandemie-marche-travail-nombre-doffres-demploi-a-diminue-de-moitie-malgre-lexplosion-nombre-de-flex-jobs\/\",\"url\":\"https:\/\/peoplesphere.be\/fr\/impact-concret-de-pandemie-marche-travail-nombre-doffres-demploi-a-diminue-de-moitie-malgre-lexplosion-nombre-de-flex-jobs\/\",\"name\":\"Impact concret de la pand\u00e9mie sur le march\u00e9 du travail: le nombre d'offres d'emploi a diminu\u00e9 de moiti\u00e9 malgr\u00e9 l'explosion du nombre de flexi-jobs. - Peoplesphere\",\"isPartOf\":{\"@id\":\"https:\/\/peoplesphere.be\/fr\/#website\"},\"datePublished\":\"2020-09-16T05:41:22+00:00\",\"dateModified\":\"2020-09-16T06:38:50+00:00\",\"breadcrumb\":{\"@id\":\"https:\/\/peoplesphere.be\/fr\/impact-concret-de-pandemie-marche-travail-nombre-doffres-demploi-a-diminue-de-moitie-malgre-lexplosion-nombre-de-flex-jobs\/#breadcrumb\"},\"inLanguage\":\"fr-FR\",\"potentialAction\":[{\"@type\":\"ReadAction\",\"target\":[\"https:\/\/peoplesphere.be\/fr\/impact-concret-de-pandemie-marche-travail-nombre-doffres-demploi-a-diminue-de-moitie-malgre-lexplosion-nombre-de-flex-jobs\/\"]}]},{\"@type\":\"BreadcrumbList\",\"@id\":\"https:\/\/peoplesphere.be\/fr\/impact-concret-de-pandemie-marche-travail-nombre-doffres-demploi-a-diminue-de-moitie-malgre-lexplosion-nombre-de-flex-jobs\/#breadcrumb\",\"itemListElement\":[{\"@type\":\"ListItem\",\"position\":1,\"name\":\"Accueil\",\"item\":\"https:\/\/peoplesphere.be\/fr\/\"},{\"@type\":\"ListItem\",\"position\":2,\"name\":\"Impact concret de la pand\u00e9mie sur le march\u00e9 du travail: le nombre d&rsquo;offres d&#8217;emploi a diminu\u00e9 de moiti\u00e9 malgr\u00e9 l&rsquo;explosion du nombre de flexi-jobs.\"}]},{\"@type\":\"WebSite\",\"@id\":\"https:\/\/peoplesphere.be\/fr\/#website\",\"url\":\"https:\/\/peoplesphere.be\/fr\/\",\"name\":\"Peoplesphere\",\"description\":\"The People Managers Magazine\",\"publisher\":{\"@id\":\"https:\/\/peoplesphere.be\/fr\/#organization\"},\"potentialAction\":[{\"@type\":\"SearchAction\",\"target\":{\"@type\":\"EntryPoint\",\"urlTemplate\":\"https:\/\/peoplesphere.be\/fr\/?s={search_term_string}\"},\"query-input\":\"required name=search_term_string\"}],\"inLanguage\":\"fr-FR\"},{\"@type\":\"Organization\",\"@id\":\"https:\/\/peoplesphere.be\/fr\/#organization\",\"name\":\"Peoplesphere Company srl\",\"url\":\"https:\/\/peoplesphere.be\/fr\/\",\"logo\":{\"@type\":\"ImageObject\",\"inLanguage\":\"fr-FR\",\"@id\":\"https:\/\/peoplesphere.be\/fr\/#\/schema\/logo\/image\/\",\"url\":\"https:\/\/peoplesphere.be\/fr\/wp-content\/uploads\/2023\/07\/peoplesphere-lgo-new-generik.jpg\",\"contentUrl\":\"https:\/\/peoplesphere.be\/fr\/wp-content\/uploads\/2023\/07\/peoplesphere-lgo-new-generik.jpg\",\"width\":1031,\"height\":1479,\"caption\":\"Peoplesphere Company srl\"},\"image\":{\"@id\":\"https:\/\/peoplesphere.be\/fr\/#\/schema\/logo\/image\/\"},\"sameAs\":[\"https:\/\/www.facebook.com\/peoplesphere\",\"https:\/\/twitter.com\/PeoplesphereMag\",\"https:\/\/www.linkedin.com\/company\/7587361?trk\",\"http:\/\/youtube.com\/peoplesphere\"]},{\"@type\":\"Person\",\"@id\":\"https:\/\/peoplesphere.be\/fr\/#\/schema\/person\/7976225ff17988604334abb7b3536a7e\",\"name\":\"Jean-Paul Erhard\",\"image\":{\"@type\":\"ImageObject\",\"inLanguage\":\"fr-FR\",\"@id\":\"https:\/\/peoplesphere.be\/fr\/#\/schema\/person\/image\/\",\"url\":\"https:\/\/secure.gravatar.com\/avatar\/f941e681460179738071629a51574930?s=96&d=mm&r=g\",\"contentUrl\":\"https:\/\/secure.gravatar.com\/avatar\/f941e681460179738071629a51574930?s=96&d=mm&r=g\",\"caption\":\"Jean-Paul Erhard\"},\"url\":\"https:\/\/peoplesphere.be\/fr\/author\/jpe\/\"}]}<\/script>\n<!-- \/ Yoast SEO plugin. -->","yoast_head_json":{"title":"Impact concret de la pand\u00e9mie sur le march\u00e9 du travail: le nombre d'offres d'emploi a diminu\u00e9 de moiti\u00e9 malgr\u00e9 l'explosion du nombre de flexi-jobs. - Peoplesphere","robots":{"index":"index","follow":"follow","max-snippet":"max-snippet:-1","max-image-preview":"max-image-preview:large","max-video-preview":"max-video-preview:-1"},"canonical":"https:\/\/peoplesphere.be\/fr\/impact-concret-de-pandemie-marche-travail-nombre-doffres-demploi-a-diminue-de-moitie-malgre-lexplosion-nombre-de-flex-jobs\/","og_locale":"fr_FR","og_type":"article","og_title":"Impact concret de la pand\u00e9mie sur le march\u00e9 du travail: le nombre d'offres d'emploi a diminu\u00e9 de moiti\u00e9 malgr\u00e9 l'explosion du nombre de flexi-jobs. - Peoplesphere","og_description":"La pand\u00e9mie de coronavirus impacte lourdement le march\u00e9 de l\u2019emploi en Belgique : par rapport \u00e0 la m\u00eame p\u00e9riode l\u2019ann\u00e9e derni\u00e8re, l\u2019offre est en baisse de pas moins de 42%, selon les constats pos\u00e9s par Indeed, le site d\u2019offres d\u2019emploi. [&hellip;]","og_url":"https:\/\/peoplesphere.be\/fr\/impact-concret-de-pandemie-marche-travail-nombre-doffres-demploi-a-diminue-de-moitie-malgre-lexplosion-nombre-de-flex-jobs\/","og_site_name":"Peoplesphere","article_publisher":"https:\/\/www.facebook.com\/peoplesphere","article_published_time":"2020-09-16T05:41:22+00:00","article_modified_time":"2020-09-16T06:38:50+00:00","og_image":[{"url":"http:\/\/www.peoplesphere.be\/fr\/wp-content\/uploads\/2016\/07\/facebook-default-posting-1200x628px.jpg"}],"author":"Jean-Paul Erhard","twitter_card":"summary_large_image","twitter_creator":"@PeoplesphereMag","twitter_site":"@PeoplesphereMag","twitter_misc":{"\u00c9crit par":"Jean-Paul Erhard","Dur\u00e9e de lecture estim\u00e9e":"4 minutes"},"schema":{"@context":"https:\/\/schema.org","@graph":[{"@type":"Article","@id":"https:\/\/peoplesphere.be\/fr\/impact-concret-de-pandemie-marche-travail-nombre-doffres-demploi-a-diminue-de-moitie-malgre-lexplosion-nombre-de-flex-jobs\/#article","isPartOf":{"@id":"https:\/\/peoplesphere.be\/fr\/impact-concret-de-pandemie-marche-travail-nombre-doffres-demploi-a-diminue-de-moitie-malgre-lexplosion-nombre-de-flex-jobs\/"},"author":{"name":"Jean-Paul Erhard","@id":"https:\/\/peoplesphere.be\/fr\/#\/schema\/person\/7976225ff17988604334abb7b3536a7e"},"headline":"Impact concret de la pand\u00e9mie sur le march\u00e9 du travail: le nombre d&rsquo;offres d&#8217;emploi a diminu\u00e9 de moiti\u00e9 malgr\u00e9 l&rsquo;explosion du nombre de flexi-jobs.","datePublished":"2020-09-16T05:41:22+00:00","dateModified":"2020-09-16T06:38:50+00:00","mainEntityOfPage":{"@id":"https:\/\/peoplesphere.be\/fr\/impact-concret-de-pandemie-marche-travail-nombre-doffres-demploi-a-diminue-de-moitie-malgre-lexplosion-nombre-de-flex-jobs\/"},"wordCount":742,"publisher":{"@id":"https:\/\/peoplesphere.be\/fr\/#organization"},"keywords":["enseignement","indeed","march\u00e9 du travail","offres d'emploi","recrutement","soins de sant\u00e9"],"articleSection":["Actualit\u00e9s","Digital"],"inLanguage":"fr-FR"},{"@type":"WebPage","@id":"https:\/\/peoplesphere.be\/fr\/impact-concret-de-pandemie-marche-travail-nombre-doffres-demploi-a-diminue-de-moitie-malgre-lexplosion-nombre-de-flex-jobs\/","url":"https:\/\/peoplesphere.be\/fr\/impact-concret-de-pandemie-marche-travail-nombre-doffres-demploi-a-diminue-de-moitie-malgre-lexplosion-nombre-de-flex-jobs\/","name":"Impact concret de la pand\u00e9mie sur le march\u00e9 du travail: le nombre d'offres d'emploi a diminu\u00e9 de moiti\u00e9 malgr\u00e9 l'explosion du nombre de flexi-jobs. - Peoplesphere","isPartOf":{"@id":"https:\/\/peoplesphere.be\/fr\/#website"},"datePublished":"2020-09-16T05:41:22+00:00","dateModified":"2020-09-16T06:38:50+00:00","breadcrumb":{"@id":"https:\/\/peoplesphere.be\/fr\/impact-concret-de-pandemie-marche-travail-nombre-doffres-demploi-a-diminue-de-moitie-malgre-lexplosion-nombre-de-flex-jobs\/#breadcrumb"},"inLanguage":"fr-FR","potentialAction":[{"@type":"ReadAction","target":["https:\/\/peoplesphere.be\/fr\/impact-concret-de-pandemie-marche-travail-nombre-doffres-demploi-a-diminue-de-moitie-malgre-lexplosion-nombre-de-flex-jobs\/"]}]},{"@type":"BreadcrumbList","@id":"https:\/\/peoplesphere.be\/fr\/impact-concret-de-pandemie-marche-travail-nombre-doffres-demploi-a-diminue-de-moitie-malgre-lexplosion-nombre-de-flex-jobs\/#breadcrumb","itemListElement":[{"@type":"ListItem","position":1,"name":"Accueil","item":"https:\/\/peoplesphere.be\/fr\/"},{"@type":"ListItem","position":2,"name":"Impact concret de la pand\u00e9mie sur le march\u00e9 du travail: le nombre d&rsquo;offres d&#8217;emploi a diminu\u00e9 de moiti\u00e9 malgr\u00e9 l&rsquo;explosion du nombre de flexi-jobs."}]},{"@type":"WebSite","@id":"https:\/\/peoplesphere.be\/fr\/#website","url":"https:\/\/peoplesphere.be\/fr\/","name":"Peoplesphere","description":"The People Managers Magazine","publisher":{"@id":"https:\/\/peoplesphere.be\/fr\/#organization"},"potentialAction":[{"@type":"SearchAction","target":{"@type":"EntryPoint","urlTemplate":"https:\/\/peoplesphere.be\/fr\/?s={search_term_string}"},"query-input":"required name=search_term_string"}],"inLanguage":"fr-FR"},{"@type":"Organization","@id":"https:\/\/peoplesphere.be\/fr\/#organization","name":"Peoplesphere Company srl","url":"https:\/\/peoplesphere.be\/fr\/","logo":{"@type":"ImageObject","inLanguage":"fr-FR","@id":"https:\/\/peoplesphere.be\/fr\/#\/schema\/logo\/image\/","url":"https:\/\/peoplesphere.be\/fr\/wp-content\/uploads\/2023\/07\/peoplesphere-lgo-new-generik.jpg","contentUrl":"https:\/\/peoplesphere.be\/fr\/wp-content\/uploads\/2023\/07\/peoplesphere-lgo-new-generik.jpg","width":1031,"height":1479,"caption":"Peoplesphere Company srl"},"image":{"@id":"https:\/\/peoplesphere.be\/fr\/#\/schema\/logo\/image\/"},"sameAs":["https:\/\/www.facebook.com\/peoplesphere","https:\/\/twitter.com\/PeoplesphereMag","https:\/\/www.linkedin.com\/company\/7587361?trk","http:\/\/youtube.com\/peoplesphere"]},{"@type":"Person","@id":"https:\/\/peoplesphere.be\/fr\/#\/schema\/person\/7976225ff17988604334abb7b3536a7e","name":"Jean-Paul Erhard","image":{"@type":"ImageObject","inLanguage":"fr-FR","@id":"https:\/\/peoplesphere.be\/fr\/#\/schema\/person\/image\/","url":"https:\/\/secure.gravatar.com\/avatar\/f941e681460179738071629a51574930?s=96&d=mm&r=g","contentUrl":"https:\/\/secure.gravatar.com\/avatar\/f941e681460179738071629a51574930?s=96&d=mm&r=g","caption":"Jean-Paul Erhard"},"url":"https:\/\/peoplesphere.be\/fr\/author\/jpe\/"}]}},"_links":{"self":[{"href":"https:\/\/peoplesphere.be\/fr\/wp-json\/wp\/v2\/posts\/10127"}],"collection":[{"href":"https:\/\/peoplesphere.be\/fr\/wp-json\/wp\/v2\/posts"}],"about":[{"href":"https:\/\/peoplesphere.be\/fr\/wp-json\/wp\/v2\/types\/post"}],"author":[{"embeddable":true,"href":"https:\/\/peoplesphere.be\/fr\/wp-json\/wp\/v2\/users\/2"}],"replies":[{"embeddable":true,"href":"https:\/\/peoplesphere.be\/fr\/wp-json\/wp\/v2\/comments?post=10127"}],"version-history":[{"count":2,"href":"https:\/\/peoplesphere.be\/fr\/wp-json\/wp\/v2\/posts\/10127\/revisions"}],"predecessor-version":[{"id":10129,"href":"https:\/\/peoplesphere.be\/fr\/wp-json\/wp\/v2\/posts\/10127\/revisions\/10129"}],"wp:attachment":[{"href":"https:\/\/peoplesphere.be\/fr\/wp-json\/wp\/v2\/media?parent=10127"}],"wp:term":[{"taxonomy":"category","embeddable":true,"href":"https:\/\/peoplesphere.be\/fr\/wp-json\/wp\/v2\/categories?post=10127"},{"taxonomy":"post_tag","embeddable":true,"href":"https:\/\/peoplesphere.be\/fr\/wp-json\/wp\/v2\/tags?post=10127"}],"curies":[{"name":"wp","href":"https:\/\/api.w.org\/{rel}","templated":true}]}}