









{"id":10155,"date":"2020-09-20T08:25:51","date_gmt":"2020-09-20T06:25:51","guid":{"rendered":"https:\/\/peoplesphere.be\/fr\/?p=10155"},"modified":"2020-09-20T08:26:51","modified_gmt":"2020-09-20T06:26:51","slug":"impact-de-pandemie-nos-habitudes-de-mobilite-coronavirus-nest-pres-davoir-peau-de-preference-voiture","status":"publish","type":"post","link":"https:\/\/peoplesphere.be\/fr\/impact-de-pandemie-nos-habitudes-de-mobilite-coronavirus-nest-pres-davoir-peau-de-preference-voiture\/","title":{"rendered":"Impact de la pand\u00e9mie sur nos habitudes de mobilit\u00e9: le coronavirus n&rsquo;est pas pr\u00e8s d&rsquo;avoir la peau de notre pr\u00e9f\u00e9rence pour la voiture."},"content":{"rendered":"<p>En 2020, sept Belges sur dix se rendent au travail en voiture, mais nous ne sommes pas les plus mauvais \u00e9l\u00e8ves de la classe (internationale). En France et en Allemagne, la voiture est encore plus le moyen de transport privil\u00e9gi\u00e9 pour se rendre au travail, et concerne respectivement 75 % et 73 % des travailleurs. Les Pays-Bas et le Royaume-Uni enregistrent de meilleurs r\u00e9sultats, avec respectivement 62 % et 66 %. Des diff\u00e9rences se constatent au niveau r\u00e9gional en Belgique, avec moins d\u2019un travailleur sur deux qui prend la voiture \u00e0 Bruxelles (47 %) ; le train (29 %) et le m\u00e9tro, le tram, le bus (35 %) y enregistrent de bons r\u00e9sultats. Le v\u00e9lo, quant \u00e0 lui, est populaire en Flandre (20 % pour le v\u00e9lo ordinaire et 10 % pour le mod\u00e8le \u00e9lectrique). Il est frappant de constater que les voitures de soci\u00e9t\u00e9 repr\u00e9sentent une minorit\u00e9 de 14 %, dont plus de la moiti\u00e9 des voitures de fonction sont n\u00e9cessaires \u00e0 l\u2019ex\u00e9cution du travail (8 %).<!--more--><\/p>\n<p>Dans l\u2019enqu\u00eate internationale de juin 2020, SD Worx constate que le coronavirus n\u2019a pas chang\u00e9 la pr\u00e9f\u00e9rence pour la voiture. Sept Belges sur dix optent pour la voiture pour leurs d\u00e9placements domicile-lieu de travail. La Belgique se situe ainsi dans la moyenne. Seuls les Pays-Bas et le Royaume-Uni empruntent moins la voiture pour aller au travail. En Belgique, plus de la moiti\u00e9 des travailleurs (55 %) d\u00e9clarent prendre leur \u00ab propre voiture \u00bb pour leurs d\u00e9placements du domicile vers leur lieu de travail. Chez nos voisins aussi, la voiture personnelle prime : la France et l\u2019Allemagne d\u00e9crochent la premi\u00e8re place avec 65 % d\u2019utilisation de leur propre voiture.<\/p>\n<p>Les Belges ne sont donc pas les plus mauvais \u00e9l\u00e8ves de la classe, m\u00eame si un travailleur belge sur sept (14 %) se rend au travail dans une voiture de soci\u00e9t\u00e9 ; aux Pays-Bas, il s\u2019agit de neuf pour cent. Il convient de souligner que les voitures de soci\u00e9t\u00e9 en Belgique sont, pour plus de la moiti\u00e9 (8 % au total), des voitures de fonction n\u00e9cessaires par exemple pour rendre visite \u00e0 des clients. Six pour cent des travailleurs indiquent avoir une voiture de soci\u00e9t\u00e9. Ce chiffre est plus \u00e9lev\u00e9 que dans les pays voisins. La voiture partag\u00e9e rencontre peu de succ\u00e8s non seulement en Belgique, mais aussi dans les pays voisins (et n\u2019enregistre nulle part plus de 3 %).<\/p>\n<p>Par rapport \u00e0 2019, il n\u2019y a pas de diff\u00e9rences significatives dans notre pays, sauf pour la moto qui a l\u00e9g\u00e8rement diminu\u00e9 (de 3 \u00e0 2 %). Cela signifie que le choix de la voiture (de soci\u00e9t\u00e9) et des transports en commun est rest\u00e9 pratiquement inchang\u00e9. L\u2019effet coronavirus ne semble pas encore se faire sentir dans le choix du moyen de transport.<\/p>\n<p><em><strong>Pas mieux dans les pays voisins&#8230;<\/strong><\/em><\/p>\n<p>Veerle Michiels, experte en mobilit\u00e9 de SD Worx : <em>\u00ab\u00a0Seuls les Pays-Bas et le Royaume-Uni utilisent moins la voiture. Pourtant, nous pouvons tirer des enseignements de nos pays voisins. Par exemple, le Royaume-Uni et l\u2019Allemagne ont une longueur d\u2019avance dans l\u2019utilisation des transports publics ; les Pays-Bas confirment clairement leur r\u00e9putation de pays du v\u00e9lo. La distance et le temps n\u00e9cessaire jouent un r\u00f4le important. \u00c0 partir de 54 km aller-retour et d\u2019un investissement en temps moyen de 70 minutes par jour, le Belge consid\u00e8re les d\u00e9placements domicile-lieu de travail comme n\u00e9gatifs. En Belgique, la voiture partag\u00e9e, le transport collectif par l\u2019employeur et le train enregistrent de mauvais r\u00e9sultats en termes d\u2019investissement en temps. La voiture partag\u00e9e obtient \u00e9galement un score m\u00e9diocre en termes de co\u00fbts. L\u2019exp\u00e9rience utilisateur joue \u00e9galement un r\u00f4le important : les cyclistes ont par exemple besoin d\u2019infrastructures cyclables s\u00fbres, ce qui peut expliquer en partie les diff\u00e9rences r\u00e9gionales en Belgique\u00a0\u00bb.<\/em><\/p>\n<p><em><strong>Des alternatives durables uniquement sous certaines conditions<\/strong><\/em><\/p>\n<p>Un quart des travailleurs interrog\u00e9s ne veulent en aucun cas \u00e9changer leur voiture. Pourtant, il existe des leviers. Pr\u00e8s d\u2019un travailleur sur trois (27 %) est ouvert aux alternatives durables si elles se r\u00e9v\u00e9laient aussi rapides. Un travailleur sur cinq d\u00e9clare envisager les transports publics, si le service \u00e9tait meilleur. Pour pr\u00e8s d\u2019un travailleur sur cinq (18,6 %), le confort joue un r\u00f4le.<\/p>\n<p>Veerle Michiels de SD Worx : \u00ab\u00a0<em>Les employeurs qui veulent se positionner en pionniers ont tout int\u00e9r\u00eat \u00e0 tenir compte du fait que leurs travailleurs ont de nombreuses pr\u00e9f\u00e9rences et des besoins diff\u00e9rents. Une aubaine pour le budget mobilit\u00e9 f\u00e9d\u00e9ral (qui vous permet de choisir une voiture \u00e9cologique en combinaison, par exemple, avec les transports publics ou le v\u00e9lo) : 8 % se prononcent positivement \u00e0 ce sujet, 10 % seraient pr\u00eats \u00e0 utiliser un v\u00e9lo \u00e9lectrique ou une trottinette de l\u2019employeur, 7 % se rendraient au travail \u00e0 v\u00e9lo en \u00e9change d\u2019une indemnit\u00e9 v\u00e9lo, 6 % aimeraient utiliser les transports publics s\u2019ils \u00e9taient enti\u00e8rement pay\u00e9s par l\u2019employeur et pr\u00e8s de 6 % disent \u00eatre potentiellement int\u00e9ress\u00e9s par les voitures partag\u00e9es. Nouveau potentiel pour le budget mobilit\u00e9 : toutes ces solutions durables sont possibles dans le cadre du deuxi\u00e8me pilier de ce budget et b\u00e9n\u00e9ficient d\u2019un traitement (para)fiscal tr\u00e8s favorable.\u00a0\u00bb<\/em><\/p>\n<p><strong><em>Bruxelles en transports publics; la Flandre \u00e0 v\u00e9lo<\/em><\/strong><\/p>\n<p>Au niveau r\u00e9gional, on observe de grandes diff\u00e9rences. \u00c0 Bruxelles, l\u2019utilisation des transports publics (29 % train, 35 % tram\/bus\/m\u00e9tro) prime et d\u00e9passe de justesse l\u2019utilisation de la voiture personnelle (29 %). En Flandre et en Wallonie, l\u2019utilisation de la voiture personnelle est la plus marqu\u00e9e (respectivement 54 et 70 %). Les travailleurs flamands prennent le plus souvent le v\u00e9lo (20 % sur un v\u00e9lo ordinaire et 10 % sur un v\u00e9lo \u00e9lectrique). Donn\u00e9e \u00e9tonnante : seuls 16 % des navetteurs cyclistes flamands re\u00e7oivent une indemnit\u00e9 v\u00e9lo exon\u00e9r\u00e9e de maximum 0,24 EUR par km.<\/p>\n<p>M\u00eame si nous examinons les combinaisons de moyens de transport, nous remarquons des diff\u00e9rences r\u00e9gionales. C\u2019est pourquoi le top 10 affiche \u00e9galement des chiffres diff\u00e9rents. La \u00ab voiture personnelle \u00bb domine dans toutes les r\u00e9gions (le plus souvent en Wallonie), mais \u00e0 Bruxelles, au m\u00eame niveau que le \u00ab m\u00e9tro,tram, bus \u00bb. Il est frappant de constater que le \u00ab v\u00e9lo personnel \u00bb fait partie du top trois en Flandre ; il entre tout juste dans le top 10 des moyens les plus utilis\u00e9s en Wallonie (un dixi\u00e8me de la Flandre). \u00c0 Bruxelles, le v\u00e9lo ne fait pas partie du top 10, mais plut\u00f4t des combinaisons avec les transports publics. Le v\u00e9lo \u00e9lectrique fait uniquement partie du top 10 de Flandre (5e position), \u00e9galement en combinaison avec la \u00ab voiture personnelle \u00bb (8e position).<\/p>\n<p>En ce qui concerne la combinaison de moyens de transport, il reste encore du chemin \u00e0 parcourir. Une constante dans chaque r\u00e9gion est que les travailleurs s\u2019en tiennent \u00e0 une seule forme de transport. Ceux qui combinent le font avec leur propre voiture et leur propre v\u00e9lo (Flandre), les transports publics (Bruxelles) et leur propre voiture et les transports publics\/\u00e0 pied en Wallonie.<\/p>\n<p>&nbsp;<\/p>\n<p><em>Source : entre le 8 et le 26 juin 2020, le prestataire de services RH SD Worx a notamment \u00e9tudi\u00e9 les d\u00e9placements domicile-lieu de travail de la population contractuelle active (enqu\u00eate via un panel en ligne organis\u00e9e par le bureau d\u2019\u00e9tudes iVOX). Les ind\u00e9pendants et les non-actifs n\u2019ont pas particip\u00e9. Les personnes qui ont \u00e9t\u00e9 enti\u00e8rement mises au ch\u00f4mage temporaire en raison du COVID-19 ne sont donc pas reprises. Pr\u00e8s de quatre collaborateurs sur dix (36%) de cet \u00e9chantillon travaillaient depuis leur domicile, 29% au bureau, 17% dans une usine ou sur un chantier de construction et les 18% restants depuis un autre poste de travail. Les r\u00e9sultats ont \u00e9galement \u00e9t\u00e9 pond\u00e9r\u00e9s afin d\u2019\u00eatre repr\u00e9sentatifs de la population active.<\/em><\/p>\n","protected":false},"excerpt":{"rendered":"<p>En 2020, sept Belges sur dix se rendent au travail en voiture, mais nous ne sommes pas les plus mauvais \u00e9l\u00e8ves de la classe (internationale). En France et en Allemagne, la voiture est encore plus le moyen de transport privil\u00e9gi\u00e9 [&hellip;]<\/p>\n","protected":false},"author":2,"featured_media":0,"comment_status":"closed","ping_status":"open","sticky":false,"template":"","format":"standard","meta":[],"categories":[65,10],"tags":[2690,615,136,671],"yoast_head":"<!-- This site is optimized with the Yoast SEO plugin v21.0 - https:\/\/yoast.com\/wordpress\/plugins\/seo\/ -->\n<title>Impact de la pand\u00e9mie sur nos habitudes de mobilit\u00e9: le coronavirus n&#039;est pas pr\u00e8s d&#039;avoir la peau de notre pr\u00e9f\u00e9rence pour la voiture. - Peoplesphere<\/title>\n<meta name=\"robots\" content=\"index, follow, max-snippet:-1, max-image-preview:large, max-video-preview:-1\" \/>\n<link rel=\"canonical\" href=\"https:\/\/peoplesphere.be\/fr\/impact-de-pandemie-nos-habitudes-de-mobilite-coronavirus-nest-pres-davoir-peau-de-preference-voiture\/\" \/>\n<meta property=\"og:locale\" content=\"fr_FR\" \/>\n<meta property=\"og:type\" content=\"article\" \/>\n<meta property=\"og:title\" content=\"Impact de la pand\u00e9mie sur nos habitudes de mobilit\u00e9: le coronavirus n&#039;est pas pr\u00e8s d&#039;avoir la peau de notre pr\u00e9f\u00e9rence pour la voiture. - Peoplesphere\" \/>\n<meta property=\"og:description\" content=\"En 2020, sept Belges sur dix se rendent au travail en voiture, mais nous ne sommes pas les plus mauvais \u00e9l\u00e8ves de la classe (internationale). En France et en Allemagne, la voiture est encore plus le moyen de transport privil\u00e9gi\u00e9 [&hellip;]\" \/>\n<meta property=\"og:url\" content=\"https:\/\/peoplesphere.be\/fr\/impact-de-pandemie-nos-habitudes-de-mobilite-coronavirus-nest-pres-davoir-peau-de-preference-voiture\/\" \/>\n<meta property=\"og:site_name\" content=\"Peoplesphere\" \/>\n<meta property=\"article:publisher\" content=\"https:\/\/www.facebook.com\/peoplesphere\" \/>\n<meta property=\"article:published_time\" content=\"2020-09-20T06:25:51+00:00\" \/>\n<meta property=\"article:modified_time\" content=\"2020-09-20T06:26:51+00:00\" \/>\n<meta property=\"og:image\" content=\"http:\/\/www.peoplesphere.be\/fr\/wp-content\/uploads\/2016\/07\/facebook-default-posting-1200x628px.jpg\" \/>\n<meta name=\"author\" content=\"Jean-Paul Erhard\" \/>\n<meta name=\"twitter:card\" content=\"summary_large_image\" \/>\n<meta name=\"twitter:creator\" content=\"@PeoplesphereMag\" \/>\n<meta name=\"twitter:site\" content=\"@PeoplesphereMag\" \/>\n<meta name=\"twitter:label1\" content=\"\u00c9crit par\" \/>\n\t<meta name=\"twitter:data1\" content=\"Jean-Paul Erhard\" \/>\n\t<meta name=\"twitter:label2\" content=\"Dur\u00e9e de lecture estim\u00e9e\" \/>\n\t<meta name=\"twitter:data2\" content=\"6 minutes\" \/>\n<script type=\"application\/ld+json\" class=\"yoast-schema-graph\">{\"@context\":\"https:\/\/schema.org\",\"@graph\":[{\"@type\":\"Article\",\"@id\":\"https:\/\/peoplesphere.be\/fr\/impact-de-pandemie-nos-habitudes-de-mobilite-coronavirus-nest-pres-davoir-peau-de-preference-voiture\/#article\",\"isPartOf\":{\"@id\":\"https:\/\/peoplesphere.be\/fr\/impact-de-pandemie-nos-habitudes-de-mobilite-coronavirus-nest-pres-davoir-peau-de-preference-voiture\/\"},\"author\":{\"name\":\"Jean-Paul Erhard\",\"@id\":\"https:\/\/peoplesphere.be\/fr\/#\/schema\/person\/7976225ff17988604334abb7b3536a7e\"},\"headline\":\"Impact de la pand\u00e9mie sur nos habitudes de mobilit\u00e9: le coronavirus n&rsquo;est pas pr\u00e8s d&rsquo;avoir la peau de notre pr\u00e9f\u00e9rence pour la voiture.\",\"datePublished\":\"2020-09-20T06:25:51+00:00\",\"dateModified\":\"2020-09-20T06:26:51+00:00\",\"mainEntityOfPage\":{\"@id\":\"https:\/\/peoplesphere.be\/fr\/impact-de-pandemie-nos-habitudes-de-mobilite-coronavirus-nest-pres-davoir-peau-de-preference-voiture\/\"},\"wordCount\":1321,\"publisher\":{\"@id\":\"https:\/\/peoplesphere.be\/fr\/#organization\"},\"keywords\":[\"durabilit\u00e9\",\"fleet\",\"mobilit\u00e9\",\"SD Worx\"],\"articleSection\":[\"Actualit\u00e9s\",\"Digital\"],\"inLanguage\":\"fr-FR\"},{\"@type\":\"WebPage\",\"@id\":\"https:\/\/peoplesphere.be\/fr\/impact-de-pandemie-nos-habitudes-de-mobilite-coronavirus-nest-pres-davoir-peau-de-preference-voiture\/\",\"url\":\"https:\/\/peoplesphere.be\/fr\/impact-de-pandemie-nos-habitudes-de-mobilite-coronavirus-nest-pres-davoir-peau-de-preference-voiture\/\",\"name\":\"Impact de la pand\u00e9mie sur nos habitudes de mobilit\u00e9: le coronavirus n'est pas pr\u00e8s d'avoir la peau de notre pr\u00e9f\u00e9rence pour la voiture. - Peoplesphere\",\"isPartOf\":{\"@id\":\"https:\/\/peoplesphere.be\/fr\/#website\"},\"datePublished\":\"2020-09-20T06:25:51+00:00\",\"dateModified\":\"2020-09-20T06:26:51+00:00\",\"breadcrumb\":{\"@id\":\"https:\/\/peoplesphere.be\/fr\/impact-de-pandemie-nos-habitudes-de-mobilite-coronavirus-nest-pres-davoir-peau-de-preference-voiture\/#breadcrumb\"},\"inLanguage\":\"fr-FR\",\"potentialAction\":[{\"@type\":\"ReadAction\",\"target\":[\"https:\/\/peoplesphere.be\/fr\/impact-de-pandemie-nos-habitudes-de-mobilite-coronavirus-nest-pres-davoir-peau-de-preference-voiture\/\"]}]},{\"@type\":\"BreadcrumbList\",\"@id\":\"https:\/\/peoplesphere.be\/fr\/impact-de-pandemie-nos-habitudes-de-mobilite-coronavirus-nest-pres-davoir-peau-de-preference-voiture\/#breadcrumb\",\"itemListElement\":[{\"@type\":\"ListItem\",\"position\":1,\"name\":\"Accueil\",\"item\":\"https:\/\/peoplesphere.be\/fr\/\"},{\"@type\":\"ListItem\",\"position\":2,\"name\":\"Impact de la pand\u00e9mie sur nos habitudes de mobilit\u00e9: le coronavirus n&rsquo;est pas pr\u00e8s d&rsquo;avoir la peau de notre pr\u00e9f\u00e9rence pour la voiture.\"}]},{\"@type\":\"WebSite\",\"@id\":\"https:\/\/peoplesphere.be\/fr\/#website\",\"url\":\"https:\/\/peoplesphere.be\/fr\/\",\"name\":\"Peoplesphere\",\"description\":\"The People Managers Magazine\",\"publisher\":{\"@id\":\"https:\/\/peoplesphere.be\/fr\/#organization\"},\"potentialAction\":[{\"@type\":\"SearchAction\",\"target\":{\"@type\":\"EntryPoint\",\"urlTemplate\":\"https:\/\/peoplesphere.be\/fr\/?s={search_term_string}\"},\"query-input\":\"required name=search_term_string\"}],\"inLanguage\":\"fr-FR\"},{\"@type\":\"Organization\",\"@id\":\"https:\/\/peoplesphere.be\/fr\/#organization\",\"name\":\"Peoplesphere Company srl\",\"url\":\"https:\/\/peoplesphere.be\/fr\/\",\"logo\":{\"@type\":\"ImageObject\",\"inLanguage\":\"fr-FR\",\"@id\":\"https:\/\/peoplesphere.be\/fr\/#\/schema\/logo\/image\/\",\"url\":\"https:\/\/peoplesphere.be\/fr\/wp-content\/uploads\/2023\/07\/peoplesphere-lgo-new-generik.jpg\",\"contentUrl\":\"https:\/\/peoplesphere.be\/fr\/wp-content\/uploads\/2023\/07\/peoplesphere-lgo-new-generik.jpg\",\"width\":1031,\"height\":1479,\"caption\":\"Peoplesphere Company srl\"},\"image\":{\"@id\":\"https:\/\/peoplesphere.be\/fr\/#\/schema\/logo\/image\/\"},\"sameAs\":[\"https:\/\/www.facebook.com\/peoplesphere\",\"https:\/\/twitter.com\/PeoplesphereMag\",\"https:\/\/www.linkedin.com\/company\/7587361?trk\",\"http:\/\/youtube.com\/peoplesphere\"]},{\"@type\":\"Person\",\"@id\":\"https:\/\/peoplesphere.be\/fr\/#\/schema\/person\/7976225ff17988604334abb7b3536a7e\",\"name\":\"Jean-Paul Erhard\",\"image\":{\"@type\":\"ImageObject\",\"inLanguage\":\"fr-FR\",\"@id\":\"https:\/\/peoplesphere.be\/fr\/#\/schema\/person\/image\/\",\"url\":\"https:\/\/secure.gravatar.com\/avatar\/f941e681460179738071629a51574930?s=96&d=mm&r=g\",\"contentUrl\":\"https:\/\/secure.gravatar.com\/avatar\/f941e681460179738071629a51574930?s=96&d=mm&r=g\",\"caption\":\"Jean-Paul Erhard\"},\"url\":\"https:\/\/peoplesphere.be\/fr\/author\/jpe\/\"}]}<\/script>\n<!-- \/ Yoast SEO plugin. -->","yoast_head_json":{"title":"Impact de la pand\u00e9mie sur nos habitudes de mobilit\u00e9: le coronavirus n'est pas pr\u00e8s d'avoir la peau de notre pr\u00e9f\u00e9rence pour la voiture. - Peoplesphere","robots":{"index":"index","follow":"follow","max-snippet":"max-snippet:-1","max-image-preview":"max-image-preview:large","max-video-preview":"max-video-preview:-1"},"canonical":"https:\/\/peoplesphere.be\/fr\/impact-de-pandemie-nos-habitudes-de-mobilite-coronavirus-nest-pres-davoir-peau-de-preference-voiture\/","og_locale":"fr_FR","og_type":"article","og_title":"Impact de la pand\u00e9mie sur nos habitudes de mobilit\u00e9: le coronavirus n'est pas pr\u00e8s d'avoir la peau de notre pr\u00e9f\u00e9rence pour la voiture. - Peoplesphere","og_description":"En 2020, sept Belges sur dix se rendent au travail en voiture, mais nous ne sommes pas les plus mauvais \u00e9l\u00e8ves de la classe (internationale). En France et en Allemagne, la voiture est encore plus le moyen de transport privil\u00e9gi\u00e9 [&hellip;]","og_url":"https:\/\/peoplesphere.be\/fr\/impact-de-pandemie-nos-habitudes-de-mobilite-coronavirus-nest-pres-davoir-peau-de-preference-voiture\/","og_site_name":"Peoplesphere","article_publisher":"https:\/\/www.facebook.com\/peoplesphere","article_published_time":"2020-09-20T06:25:51+00:00","article_modified_time":"2020-09-20T06:26:51+00:00","og_image":[{"url":"http:\/\/www.peoplesphere.be\/fr\/wp-content\/uploads\/2016\/07\/facebook-default-posting-1200x628px.jpg"}],"author":"Jean-Paul Erhard","twitter_card":"summary_large_image","twitter_creator":"@PeoplesphereMag","twitter_site":"@PeoplesphereMag","twitter_misc":{"\u00c9crit par":"Jean-Paul Erhard","Dur\u00e9e de lecture estim\u00e9e":"6 minutes"},"schema":{"@context":"https:\/\/schema.org","@graph":[{"@type":"Article","@id":"https:\/\/peoplesphere.be\/fr\/impact-de-pandemie-nos-habitudes-de-mobilite-coronavirus-nest-pres-davoir-peau-de-preference-voiture\/#article","isPartOf":{"@id":"https:\/\/peoplesphere.be\/fr\/impact-de-pandemie-nos-habitudes-de-mobilite-coronavirus-nest-pres-davoir-peau-de-preference-voiture\/"},"author":{"name":"Jean-Paul Erhard","@id":"https:\/\/peoplesphere.be\/fr\/#\/schema\/person\/7976225ff17988604334abb7b3536a7e"},"headline":"Impact de la pand\u00e9mie sur nos habitudes de mobilit\u00e9: le coronavirus n&rsquo;est pas pr\u00e8s d&rsquo;avoir la peau de notre pr\u00e9f\u00e9rence pour la voiture.","datePublished":"2020-09-20T06:25:51+00:00","dateModified":"2020-09-20T06:26:51+00:00","mainEntityOfPage":{"@id":"https:\/\/peoplesphere.be\/fr\/impact-de-pandemie-nos-habitudes-de-mobilite-coronavirus-nest-pres-davoir-peau-de-preference-voiture\/"},"wordCount":1321,"publisher":{"@id":"https:\/\/peoplesphere.be\/fr\/#organization"},"keywords":["durabilit\u00e9","fleet","mobilit\u00e9","SD Worx"],"articleSection":["Actualit\u00e9s","Digital"],"inLanguage":"fr-FR"},{"@type":"WebPage","@id":"https:\/\/peoplesphere.be\/fr\/impact-de-pandemie-nos-habitudes-de-mobilite-coronavirus-nest-pres-davoir-peau-de-preference-voiture\/","url":"https:\/\/peoplesphere.be\/fr\/impact-de-pandemie-nos-habitudes-de-mobilite-coronavirus-nest-pres-davoir-peau-de-preference-voiture\/","name":"Impact de la pand\u00e9mie sur nos habitudes de mobilit\u00e9: le coronavirus n'est pas pr\u00e8s d'avoir la peau de notre pr\u00e9f\u00e9rence pour la voiture. - Peoplesphere","isPartOf":{"@id":"https:\/\/peoplesphere.be\/fr\/#website"},"datePublished":"2020-09-20T06:25:51+00:00","dateModified":"2020-09-20T06:26:51+00:00","breadcrumb":{"@id":"https:\/\/peoplesphere.be\/fr\/impact-de-pandemie-nos-habitudes-de-mobilite-coronavirus-nest-pres-davoir-peau-de-preference-voiture\/#breadcrumb"},"inLanguage":"fr-FR","potentialAction":[{"@type":"ReadAction","target":["https:\/\/peoplesphere.be\/fr\/impact-de-pandemie-nos-habitudes-de-mobilite-coronavirus-nest-pres-davoir-peau-de-preference-voiture\/"]}]},{"@type":"BreadcrumbList","@id":"https:\/\/peoplesphere.be\/fr\/impact-de-pandemie-nos-habitudes-de-mobilite-coronavirus-nest-pres-davoir-peau-de-preference-voiture\/#breadcrumb","itemListElement":[{"@type":"ListItem","position":1,"name":"Accueil","item":"https:\/\/peoplesphere.be\/fr\/"},{"@type":"ListItem","position":2,"name":"Impact de la pand\u00e9mie sur nos habitudes de mobilit\u00e9: le coronavirus n&rsquo;est pas pr\u00e8s d&rsquo;avoir la peau de notre pr\u00e9f\u00e9rence pour la voiture."}]},{"@type":"WebSite","@id":"https:\/\/peoplesphere.be\/fr\/#website","url":"https:\/\/peoplesphere.be\/fr\/","name":"Peoplesphere","description":"The People Managers Magazine","publisher":{"@id":"https:\/\/peoplesphere.be\/fr\/#organization"},"potentialAction":[{"@type":"SearchAction","target":{"@type":"EntryPoint","urlTemplate":"https:\/\/peoplesphere.be\/fr\/?s={search_term_string}"},"query-input":"required name=search_term_string"}],"inLanguage":"fr-FR"},{"@type":"Organization","@id":"https:\/\/peoplesphere.be\/fr\/#organization","name":"Peoplesphere Company srl","url":"https:\/\/peoplesphere.be\/fr\/","logo":{"@type":"ImageObject","inLanguage":"fr-FR","@id":"https:\/\/peoplesphere.be\/fr\/#\/schema\/logo\/image\/","url":"https:\/\/peoplesphere.be\/fr\/wp-content\/uploads\/2023\/07\/peoplesphere-lgo-new-generik.jpg","contentUrl":"https:\/\/peoplesphere.be\/fr\/wp-content\/uploads\/2023\/07\/peoplesphere-lgo-new-generik.jpg","width":1031,"height":1479,"caption":"Peoplesphere Company srl"},"image":{"@id":"https:\/\/peoplesphere.be\/fr\/#\/schema\/logo\/image\/"},"sameAs":["https:\/\/www.facebook.com\/peoplesphere","https:\/\/twitter.com\/PeoplesphereMag","https:\/\/www.linkedin.com\/company\/7587361?trk","http:\/\/youtube.com\/peoplesphere"]},{"@type":"Person","@id":"https:\/\/peoplesphere.be\/fr\/#\/schema\/person\/7976225ff17988604334abb7b3536a7e","name":"Jean-Paul Erhard","image":{"@type":"ImageObject","inLanguage":"fr-FR","@id":"https:\/\/peoplesphere.be\/fr\/#\/schema\/person\/image\/","url":"https:\/\/secure.gravatar.com\/avatar\/f941e681460179738071629a51574930?s=96&d=mm&r=g","contentUrl":"https:\/\/secure.gravatar.com\/avatar\/f941e681460179738071629a51574930?s=96&d=mm&r=g","caption":"Jean-Paul Erhard"},"url":"https:\/\/peoplesphere.be\/fr\/author\/jpe\/"}]}},"_links":{"self":[{"href":"https:\/\/peoplesphere.be\/fr\/wp-json\/wp\/v2\/posts\/10155"}],"collection":[{"href":"https:\/\/peoplesphere.be\/fr\/wp-json\/wp\/v2\/posts"}],"about":[{"href":"https:\/\/peoplesphere.be\/fr\/wp-json\/wp\/v2\/types\/post"}],"author":[{"embeddable":true,"href":"https:\/\/peoplesphere.be\/fr\/wp-json\/wp\/v2\/users\/2"}],"replies":[{"embeddable":true,"href":"https:\/\/peoplesphere.be\/fr\/wp-json\/wp\/v2\/comments?post=10155"}],"version-history":[{"count":2,"href":"https:\/\/peoplesphere.be\/fr\/wp-json\/wp\/v2\/posts\/10155\/revisions"}],"predecessor-version":[{"id":10157,"href":"https:\/\/peoplesphere.be\/fr\/wp-json\/wp\/v2\/posts\/10155\/revisions\/10157"}],"wp:attachment":[{"href":"https:\/\/peoplesphere.be\/fr\/wp-json\/wp\/v2\/media?parent=10155"}],"wp:term":[{"taxonomy":"category","embeddable":true,"href":"https:\/\/peoplesphere.be\/fr\/wp-json\/wp\/v2\/categories?post=10155"},{"taxonomy":"post_tag","embeddable":true,"href":"https:\/\/peoplesphere.be\/fr\/wp-json\/wp\/v2\/tags?post=10155"}],"curies":[{"name":"wp","href":"https:\/\/api.w.org\/{rel}","templated":true}]}}