









{"id":10164,"date":"2020-09-22T07:01:30","date_gmt":"2020-09-22T05:01:30","guid":{"rendered":"https:\/\/peoplesphere.be\/fr\/?p=10164"},"modified":"2020-09-22T07:01:30","modified_gmt":"2020-09-22T05:01:30","slug":"ecocheques-mobilite-douce-mariage-damour-estime-a-58-millions-deuros","status":"publish","type":"post","link":"https:\/\/peoplesphere.be\/fr\/ecocheques-mobilite-douce-mariage-damour-estime-a-58-millions-deuros\/","title":{"rendered":"Ecoch\u00e8ques et mobilit\u00e9 douce, un mariage d&rsquo;amour estim\u00e9 \u00e0 5,8 millions d&rsquo;euros."},"content":{"rendered":"<p>Que ce soit comme loisir ou moyen de transport, le v\u00e9lo gagne en popularit\u00e9. De nombreuses \u00e9tudes ont d\u00e9montr\u00e9 cette tendance et celle-ci est confirm\u00e9e par la mani\u00e8re dont les b\u00e9n\u00e9ficiaires d\u2019\u00e9coch\u00e8ques les ont utilis\u00e9s pour s\u2019octroyer un v\u00e9lo. De mars \u00e0 juin, VIA, la f\u00e9d\u00e9ration \u00e9mettrice des titres-repas et des \u00e9coch\u00e8ques, a constat\u00e9 qu&rsquo;un nombre significatif d\u2019\u00e9coch\u00e8ques \u00e9taient utilis\u00e9s lors de l&rsquo;achat d&rsquo;un deux-roues. Pour 1,2 million d&rsquo;euros de plus qu&rsquo;\u00e0 la m\u00eame p\u00e9riode l&rsquo;ann\u00e9e derni\u00e8re, soit une augmentation de 25% par rapport au printemps 2019.<!--more--><\/p>\n<p>La Covid-19 a ind\u00e9niablement provoqu\u00e9 des changements de comportement. Non seulement dans notre vie sociale, mais aussi dans la fa\u00e7on dont nous nous d\u00e9pla\u00e7ons. Les Belges ont d\u00e9pens\u00e9 au total 5,8 millions d&rsquo;\u00e9coch\u00e8ques en quatre mois pour l\u2019achat d&rsquo;un v\u00e9lo. C\u2019est ce qui ressort des chiffres des trois \u00e9metteurs (Edenred, Monizze et Sodexo).<\/p>\n<p>Selon une enqu\u00eate de Bisnode, un quart des Belges envisagent de changer de moyen de transport. 40 % d&rsquo;entre eux ont \u00e9galement indiqu\u00e9 qu&rsquo;ils avaient investi dans un v\u00e9lo ou une trottinette (\u00e9lectrique ou ordinaire) pour se d\u00e9placer. Depuis le confinement, les Belges sont de plus en plus investis dans des solutions de mobilit\u00e9 douce. Quel que soit l&rsquo;usage que l&rsquo;on fait de la bicyclette, l&rsquo;\u00e9coch\u00e8que a donn\u00e9 \u00e0 beaucoup de b\u00e9n\u00e9ficiaires un coup de pouce suppl\u00e9mentaire pour l\u2019achat d\u2019un (nouveau) deux-roues.<\/p>\n<p>Les chiffres sont sans \u00e9quivoque. De mars \u00e0 juin, en Belgique, 5,8 millions d&rsquo;euros ont \u00e9t\u00e9 d\u00e9pens\u00e9s pour l&rsquo;achat de v\u00e9los, \u00e9lectriques et ordinaires, via des \u00e9coch\u00e8ques. Cela repr\u00e9sente une augmentation d\u20191,2 million d\u2019euros et une hausse de 25 % par rapport \u00e0 la m\u00eame p\u00e9riode l&rsquo;ann\u00e9e derni\u00e8re. Les \u00e9coch\u00e8ques encouragent r\u00e9ellement les b\u00e9n\u00e9ficiaires \u00e0 opter pour des options plus \u00e9cologiques, comme l&rsquo;a d\u00e9j\u00e0 d\u00e9montr\u00e9 une \u00e9tude de l&rsquo;UHasselt. Plus de la moiti\u00e9 (54 %) des b\u00e9n\u00e9ficiaires ont indiqu\u00e9 que les \u00e9coch\u00e8ques qu&rsquo;ils re\u00e7oivent modifient leur comportement d&rsquo;achat et les incitent \u00e0 faire des choix plus \u00e9cologiques.<\/p>\n<p><strong><em>Changement de mentalit\u00e9?<\/em><\/strong><\/p>\n<p><em>\u00ab\u00a0La mentalit\u00e9 de nombreux Belges a chang\u00e9 pendant le confinement \u00ab\u00a0,<\/em> explique Olivier Bouquet, pr\u00e9sident de l\u2019association des \u00e9metteurs de ch\u00e8ques (VIA). <em>\u00ab\u00a0Le v\u00e9lo a progressivement pris une place plus importante dans la mobilit\u00e9 des belges. Il peut \u00eatre utilis\u00e9 pour le sport ou les loisirs, mais aussi comme moyen de transport. Ces deux options sont en tout cas un effet secondaire positif de la crise de la Covid19. La forte augmentation de l&rsquo;utilisation des \u00e9coch\u00e8ques pour un v\u00e9lo ou une trottinette ne fait que confirmer cette tendance positive. L&rsquo;ann\u00e9e derni\u00e8re, les v\u00e9los \u00e9taient d\u00e9j\u00e0 le quatri\u00e8me produit le plus souvent achet\u00e9 avec des \u00e9coch\u00e8ques. Nous ne pouvons qu&rsquo;applaudir le fait que ces ventes augmentent car chaque euro d\u00e9pens\u00e9 en bons \u00e9cologiques entra\u00eene une r\u00e9duction de 1 kg des \u00e9missions de CO2\u00a0\u00bb.<\/em><\/p>\n<p><strong><em>Top 10 des cat\u00e9gories de produits les plus achet\u00e9s avec les \u00e9coch\u00e8ques:<\/em><\/strong><\/p>\n<ul>\n<li>Multim\u00e9dia &amp; \u00c9lectrom\u00e9nager<\/li>\n<li>Jardin<\/li>\n<li>\u00c9clairage<\/li>\n<li>V\u00e9los<\/li>\n<li>Achats de produits bio<\/li>\n<li>R\u00e9novation &amp; Construction<\/li>\n<li>Do it Yourself<\/li>\n<li>Produits durables en bois<\/li>\n<li>Seconde main &amp; R\u00e9paration<\/li>\n<li>Tourisme<\/li>\n<\/ul>\n<p><em>Source: VIA<\/em><\/p>\n","protected":false},"excerpt":{"rendered":"<p>Que ce soit comme loisir ou moyen de transport, le v\u00e9lo gagne en popularit\u00e9. De nombreuses \u00e9tudes ont d\u00e9montr\u00e9 cette tendance et celle-ci est confirm\u00e9e par la mani\u00e8re dont les b\u00e9n\u00e9ficiaires d\u2019\u00e9coch\u00e8ques les ont utilis\u00e9s pour s\u2019octroyer un v\u00e9lo. De [&hellip;]<\/p>\n","protected":false},"author":2,"featured_media":0,"comment_status":"closed","ping_status":"open","sticky":false,"template":"","format":"standard","meta":[],"categories":[65,10],"tags":[2947,581,136,374],"yoast_head":"<!-- This site is optimized with the Yoast SEO plugin v21.0 - https:\/\/yoast.com\/wordpress\/plugins\/seo\/ -->\n<title>Ecoch\u00e8ques et mobilit\u00e9 douce, un mariage d&#039;amour estim\u00e9 \u00e0 5,8 millions d&#039;euros. - Peoplesphere<\/title>\n<meta name=\"robots\" content=\"index, follow, max-snippet:-1, max-image-preview:large, max-video-preview:-1\" \/>\n<link rel=\"canonical\" href=\"https:\/\/peoplesphere.be\/fr\/ecocheques-mobilite-douce-mariage-damour-estime-a-58-millions-deuros\/\" \/>\n<meta property=\"og:locale\" content=\"fr_FR\" \/>\n<meta property=\"og:type\" content=\"article\" \/>\n<meta property=\"og:title\" content=\"Ecoch\u00e8ques et mobilit\u00e9 douce, un mariage d&#039;amour estim\u00e9 \u00e0 5,8 millions d&#039;euros. - Peoplesphere\" \/>\n<meta property=\"og:description\" content=\"Que ce soit comme loisir ou moyen de transport, le v\u00e9lo gagne en popularit\u00e9. De nombreuses \u00e9tudes ont d\u00e9montr\u00e9 cette tendance et celle-ci est confirm\u00e9e par la mani\u00e8re dont les b\u00e9n\u00e9ficiaires d\u2019\u00e9coch\u00e8ques les ont utilis\u00e9s pour s\u2019octroyer un v\u00e9lo. De [&hellip;]\" \/>\n<meta property=\"og:url\" content=\"https:\/\/peoplesphere.be\/fr\/ecocheques-mobilite-douce-mariage-damour-estime-a-58-millions-deuros\/\" \/>\n<meta property=\"og:site_name\" content=\"Peoplesphere\" \/>\n<meta property=\"article:publisher\" content=\"https:\/\/www.facebook.com\/peoplesphere\" \/>\n<meta property=\"article:published_time\" content=\"2020-09-22T05:01:30+00:00\" \/>\n<meta property=\"og:image\" content=\"http:\/\/www.peoplesphere.be\/fr\/wp-content\/uploads\/2016\/07\/facebook-default-posting-1200x628px.jpg\" \/>\n<meta name=\"author\" content=\"Jean-Paul Erhard\" \/>\n<meta name=\"twitter:card\" content=\"summary_large_image\" \/>\n<meta name=\"twitter:creator\" content=\"@PeoplesphereMag\" \/>\n<meta name=\"twitter:site\" content=\"@PeoplesphereMag\" \/>\n<meta name=\"twitter:label1\" content=\"\u00c9crit par\" \/>\n\t<meta name=\"twitter:data1\" content=\"Jean-Paul Erhard\" \/>\n\t<meta name=\"twitter:label2\" content=\"Dur\u00e9e de lecture estim\u00e9e\" \/>\n\t<meta name=\"twitter:data2\" content=\"3 minutes\" \/>\n<script type=\"application\/ld+json\" class=\"yoast-schema-graph\">{\"@context\":\"https:\/\/schema.org\",\"@graph\":[{\"@type\":\"Article\",\"@id\":\"https:\/\/peoplesphere.be\/fr\/ecocheques-mobilite-douce-mariage-damour-estime-a-58-millions-deuros\/#article\",\"isPartOf\":{\"@id\":\"https:\/\/peoplesphere.be\/fr\/ecocheques-mobilite-douce-mariage-damour-estime-a-58-millions-deuros\/\"},\"author\":{\"name\":\"Jean-Paul Erhard\",\"@id\":\"https:\/\/peoplesphere.be\/fr\/#\/schema\/person\/7976225ff17988604334abb7b3536a7e\"},\"headline\":\"Ecoch\u00e8ques et mobilit\u00e9 douce, un mariage d&rsquo;amour estim\u00e9 \u00e0 5,8 millions d&rsquo;euros.\",\"datePublished\":\"2020-09-22T05:01:30+00:00\",\"dateModified\":\"2020-09-22T05:01:30+00:00\",\"mainEntityOfPage\":{\"@id\":\"https:\/\/peoplesphere.be\/fr\/ecocheques-mobilite-douce-mariage-damour-estime-a-58-millions-deuros\/\"},\"wordCount\":568,\"publisher\":{\"@id\":\"https:\/\/peoplesphere.be\/fr\/#organization\"},\"keywords\":[\"coronavirus\",\"\u00e9co-ch\u00e8ques\",\"mobilit\u00e9\",\"r\u00e9mun\u00e9rations\"],\"articleSection\":[\"Actualit\u00e9s\",\"Digital\"],\"inLanguage\":\"fr-FR\"},{\"@type\":\"WebPage\",\"@id\":\"https:\/\/peoplesphere.be\/fr\/ecocheques-mobilite-douce-mariage-damour-estime-a-58-millions-deuros\/\",\"url\":\"https:\/\/peoplesphere.be\/fr\/ecocheques-mobilite-douce-mariage-damour-estime-a-58-millions-deuros\/\",\"name\":\"Ecoch\u00e8ques et mobilit\u00e9 douce, un mariage d'amour estim\u00e9 \u00e0 5,8 millions d'euros. - Peoplesphere\",\"isPartOf\":{\"@id\":\"https:\/\/peoplesphere.be\/fr\/#website\"},\"datePublished\":\"2020-09-22T05:01:30+00:00\",\"dateModified\":\"2020-09-22T05:01:30+00:00\",\"breadcrumb\":{\"@id\":\"https:\/\/peoplesphere.be\/fr\/ecocheques-mobilite-douce-mariage-damour-estime-a-58-millions-deuros\/#breadcrumb\"},\"inLanguage\":\"fr-FR\",\"potentialAction\":[{\"@type\":\"ReadAction\",\"target\":[\"https:\/\/peoplesphere.be\/fr\/ecocheques-mobilite-douce-mariage-damour-estime-a-58-millions-deuros\/\"]}]},{\"@type\":\"BreadcrumbList\",\"@id\":\"https:\/\/peoplesphere.be\/fr\/ecocheques-mobilite-douce-mariage-damour-estime-a-58-millions-deuros\/#breadcrumb\",\"itemListElement\":[{\"@type\":\"ListItem\",\"position\":1,\"name\":\"Accueil\",\"item\":\"https:\/\/peoplesphere.be\/fr\/\"},{\"@type\":\"ListItem\",\"position\":2,\"name\":\"Ecoch\u00e8ques et mobilit\u00e9 douce, un mariage d&rsquo;amour estim\u00e9 \u00e0 5,8 millions d&rsquo;euros.\"}]},{\"@type\":\"WebSite\",\"@id\":\"https:\/\/peoplesphere.be\/fr\/#website\",\"url\":\"https:\/\/peoplesphere.be\/fr\/\",\"name\":\"Peoplesphere\",\"description\":\"The People Managers Magazine\",\"publisher\":{\"@id\":\"https:\/\/peoplesphere.be\/fr\/#organization\"},\"potentialAction\":[{\"@type\":\"SearchAction\",\"target\":{\"@type\":\"EntryPoint\",\"urlTemplate\":\"https:\/\/peoplesphere.be\/fr\/?s={search_term_string}\"},\"query-input\":\"required name=search_term_string\"}],\"inLanguage\":\"fr-FR\"},{\"@type\":\"Organization\",\"@id\":\"https:\/\/peoplesphere.be\/fr\/#organization\",\"name\":\"Peoplesphere Company srl\",\"url\":\"https:\/\/peoplesphere.be\/fr\/\",\"logo\":{\"@type\":\"ImageObject\",\"inLanguage\":\"fr-FR\",\"@id\":\"https:\/\/peoplesphere.be\/fr\/#\/schema\/logo\/image\/\",\"url\":\"https:\/\/peoplesphere.be\/fr\/wp-content\/uploads\/2023\/07\/peoplesphere-lgo-new-generik.jpg\",\"contentUrl\":\"https:\/\/peoplesphere.be\/fr\/wp-content\/uploads\/2023\/07\/peoplesphere-lgo-new-generik.jpg\",\"width\":1031,\"height\":1479,\"caption\":\"Peoplesphere Company srl\"},\"image\":{\"@id\":\"https:\/\/peoplesphere.be\/fr\/#\/schema\/logo\/image\/\"},\"sameAs\":[\"https:\/\/www.facebook.com\/peoplesphere\",\"https:\/\/twitter.com\/PeoplesphereMag\",\"https:\/\/www.linkedin.com\/company\/7587361?trk\",\"http:\/\/youtube.com\/peoplesphere\"]},{\"@type\":\"Person\",\"@id\":\"https:\/\/peoplesphere.be\/fr\/#\/schema\/person\/7976225ff17988604334abb7b3536a7e\",\"name\":\"Jean-Paul Erhard\",\"image\":{\"@type\":\"ImageObject\",\"inLanguage\":\"fr-FR\",\"@id\":\"https:\/\/peoplesphere.be\/fr\/#\/schema\/person\/image\/\",\"url\":\"https:\/\/secure.gravatar.com\/avatar\/f941e681460179738071629a51574930?s=96&d=mm&r=g\",\"contentUrl\":\"https:\/\/secure.gravatar.com\/avatar\/f941e681460179738071629a51574930?s=96&d=mm&r=g\",\"caption\":\"Jean-Paul Erhard\"},\"url\":\"https:\/\/peoplesphere.be\/fr\/author\/jpe\/\"}]}<\/script>\n<!-- \/ Yoast SEO plugin. -->","yoast_head_json":{"title":"Ecoch\u00e8ques et mobilit\u00e9 douce, un mariage d'amour estim\u00e9 \u00e0 5,8 millions d'euros. - Peoplesphere","robots":{"index":"index","follow":"follow","max-snippet":"max-snippet:-1","max-image-preview":"max-image-preview:large","max-video-preview":"max-video-preview:-1"},"canonical":"https:\/\/peoplesphere.be\/fr\/ecocheques-mobilite-douce-mariage-damour-estime-a-58-millions-deuros\/","og_locale":"fr_FR","og_type":"article","og_title":"Ecoch\u00e8ques et mobilit\u00e9 douce, un mariage d'amour estim\u00e9 \u00e0 5,8 millions d'euros. - Peoplesphere","og_description":"Que ce soit comme loisir ou moyen de transport, le v\u00e9lo gagne en popularit\u00e9. De nombreuses \u00e9tudes ont d\u00e9montr\u00e9 cette tendance et celle-ci est confirm\u00e9e par la mani\u00e8re dont les b\u00e9n\u00e9ficiaires d\u2019\u00e9coch\u00e8ques les ont utilis\u00e9s pour s\u2019octroyer un v\u00e9lo. De [&hellip;]","og_url":"https:\/\/peoplesphere.be\/fr\/ecocheques-mobilite-douce-mariage-damour-estime-a-58-millions-deuros\/","og_site_name":"Peoplesphere","article_publisher":"https:\/\/www.facebook.com\/peoplesphere","article_published_time":"2020-09-22T05:01:30+00:00","og_image":[{"url":"http:\/\/www.peoplesphere.be\/fr\/wp-content\/uploads\/2016\/07\/facebook-default-posting-1200x628px.jpg"}],"author":"Jean-Paul Erhard","twitter_card":"summary_large_image","twitter_creator":"@PeoplesphereMag","twitter_site":"@PeoplesphereMag","twitter_misc":{"\u00c9crit par":"Jean-Paul Erhard","Dur\u00e9e de lecture estim\u00e9e":"3 minutes"},"schema":{"@context":"https:\/\/schema.org","@graph":[{"@type":"Article","@id":"https:\/\/peoplesphere.be\/fr\/ecocheques-mobilite-douce-mariage-damour-estime-a-58-millions-deuros\/#article","isPartOf":{"@id":"https:\/\/peoplesphere.be\/fr\/ecocheques-mobilite-douce-mariage-damour-estime-a-58-millions-deuros\/"},"author":{"name":"Jean-Paul Erhard","@id":"https:\/\/peoplesphere.be\/fr\/#\/schema\/person\/7976225ff17988604334abb7b3536a7e"},"headline":"Ecoch\u00e8ques et mobilit\u00e9 douce, un mariage d&rsquo;amour estim\u00e9 \u00e0 5,8 millions d&rsquo;euros.","datePublished":"2020-09-22T05:01:30+00:00","dateModified":"2020-09-22T05:01:30+00:00","mainEntityOfPage":{"@id":"https:\/\/peoplesphere.be\/fr\/ecocheques-mobilite-douce-mariage-damour-estime-a-58-millions-deuros\/"},"wordCount":568,"publisher":{"@id":"https:\/\/peoplesphere.be\/fr\/#organization"},"keywords":["coronavirus","\u00e9co-ch\u00e8ques","mobilit\u00e9","r\u00e9mun\u00e9rations"],"articleSection":["Actualit\u00e9s","Digital"],"inLanguage":"fr-FR"},{"@type":"WebPage","@id":"https:\/\/peoplesphere.be\/fr\/ecocheques-mobilite-douce-mariage-damour-estime-a-58-millions-deuros\/","url":"https:\/\/peoplesphere.be\/fr\/ecocheques-mobilite-douce-mariage-damour-estime-a-58-millions-deuros\/","name":"Ecoch\u00e8ques et mobilit\u00e9 douce, un mariage d'amour estim\u00e9 \u00e0 5,8 millions d'euros. - Peoplesphere","isPartOf":{"@id":"https:\/\/peoplesphere.be\/fr\/#website"},"datePublished":"2020-09-22T05:01:30+00:00","dateModified":"2020-09-22T05:01:30+00:00","breadcrumb":{"@id":"https:\/\/peoplesphere.be\/fr\/ecocheques-mobilite-douce-mariage-damour-estime-a-58-millions-deuros\/#breadcrumb"},"inLanguage":"fr-FR","potentialAction":[{"@type":"ReadAction","target":["https:\/\/peoplesphere.be\/fr\/ecocheques-mobilite-douce-mariage-damour-estime-a-58-millions-deuros\/"]}]},{"@type":"BreadcrumbList","@id":"https:\/\/peoplesphere.be\/fr\/ecocheques-mobilite-douce-mariage-damour-estime-a-58-millions-deuros\/#breadcrumb","itemListElement":[{"@type":"ListItem","position":1,"name":"Accueil","item":"https:\/\/peoplesphere.be\/fr\/"},{"@type":"ListItem","position":2,"name":"Ecoch\u00e8ques et mobilit\u00e9 douce, un mariage d&rsquo;amour estim\u00e9 \u00e0 5,8 millions d&rsquo;euros."}]},{"@type":"WebSite","@id":"https:\/\/peoplesphere.be\/fr\/#website","url":"https:\/\/peoplesphere.be\/fr\/","name":"Peoplesphere","description":"The People Managers Magazine","publisher":{"@id":"https:\/\/peoplesphere.be\/fr\/#organization"},"potentialAction":[{"@type":"SearchAction","target":{"@type":"EntryPoint","urlTemplate":"https:\/\/peoplesphere.be\/fr\/?s={search_term_string}"},"query-input":"required name=search_term_string"}],"inLanguage":"fr-FR"},{"@type":"Organization","@id":"https:\/\/peoplesphere.be\/fr\/#organization","name":"Peoplesphere Company srl","url":"https:\/\/peoplesphere.be\/fr\/","logo":{"@type":"ImageObject","inLanguage":"fr-FR","@id":"https:\/\/peoplesphere.be\/fr\/#\/schema\/logo\/image\/","url":"https:\/\/peoplesphere.be\/fr\/wp-content\/uploads\/2023\/07\/peoplesphere-lgo-new-generik.jpg","contentUrl":"https:\/\/peoplesphere.be\/fr\/wp-content\/uploads\/2023\/07\/peoplesphere-lgo-new-generik.jpg","width":1031,"height":1479,"caption":"Peoplesphere Company srl"},"image":{"@id":"https:\/\/peoplesphere.be\/fr\/#\/schema\/logo\/image\/"},"sameAs":["https:\/\/www.facebook.com\/peoplesphere","https:\/\/twitter.com\/PeoplesphereMag","https:\/\/www.linkedin.com\/company\/7587361?trk","http:\/\/youtube.com\/peoplesphere"]},{"@type":"Person","@id":"https:\/\/peoplesphere.be\/fr\/#\/schema\/person\/7976225ff17988604334abb7b3536a7e","name":"Jean-Paul Erhard","image":{"@type":"ImageObject","inLanguage":"fr-FR","@id":"https:\/\/peoplesphere.be\/fr\/#\/schema\/person\/image\/","url":"https:\/\/secure.gravatar.com\/avatar\/f941e681460179738071629a51574930?s=96&d=mm&r=g","contentUrl":"https:\/\/secure.gravatar.com\/avatar\/f941e681460179738071629a51574930?s=96&d=mm&r=g","caption":"Jean-Paul Erhard"},"url":"https:\/\/peoplesphere.be\/fr\/author\/jpe\/"}]}},"_links":{"self":[{"href":"https:\/\/peoplesphere.be\/fr\/wp-json\/wp\/v2\/posts\/10164"}],"collection":[{"href":"https:\/\/peoplesphere.be\/fr\/wp-json\/wp\/v2\/posts"}],"about":[{"href":"https:\/\/peoplesphere.be\/fr\/wp-json\/wp\/v2\/types\/post"}],"author":[{"embeddable":true,"href":"https:\/\/peoplesphere.be\/fr\/wp-json\/wp\/v2\/users\/2"}],"replies":[{"embeddable":true,"href":"https:\/\/peoplesphere.be\/fr\/wp-json\/wp\/v2\/comments?post=10164"}],"version-history":[{"count":1,"href":"https:\/\/peoplesphere.be\/fr\/wp-json\/wp\/v2\/posts\/10164\/revisions"}],"predecessor-version":[{"id":10165,"href":"https:\/\/peoplesphere.be\/fr\/wp-json\/wp\/v2\/posts\/10164\/revisions\/10165"}],"wp:attachment":[{"href":"https:\/\/peoplesphere.be\/fr\/wp-json\/wp\/v2\/media?parent=10164"}],"wp:term":[{"taxonomy":"category","embeddable":true,"href":"https:\/\/peoplesphere.be\/fr\/wp-json\/wp\/v2\/categories?post=10164"},{"taxonomy":"post_tag","embeddable":true,"href":"https:\/\/peoplesphere.be\/fr\/wp-json\/wp\/v2\/tags?post=10164"}],"curies":[{"name":"wp","href":"https:\/\/api.w.org\/{rel}","templated":true}]}}