









{"id":10189,"date":"2020-09-28T07:01:17","date_gmt":"2020-09-28T05:01:17","guid":{"rendered":"https:\/\/peoplesphere.be\/fr\/?p=10189"},"modified":"2020-09-28T07:01:17","modified_gmt":"2020-09-28T05:01:17","slug":"a-suivre-spf-securite-sociale-coordonne-groupe-de-travail-limpact-covid-19-protection-sociale","status":"publish","type":"post","link":"https:\/\/peoplesphere.be\/fr\/a-suivre-spf-securite-sociale-coordonne-groupe-de-travail-limpact-covid-19-protection-sociale\/","title":{"rendered":"A suivre: le SPF S\u00e9curit\u00e9 Sociale coordonne un groupe de travail sur l&rsquo;impact du COVID-19 sur la protection sociale."},"content":{"rendered":"<p>Mesurer, c&rsquo;est savoir. C&rsquo;est sous cet adage et dans le cadre de la structure f\u00e9d\u00e9rale de crise et au d\u00e9but de la crise sanitaire, que la cellule socio-\u00e9conomique (ECOSOC), compos\u00e9e de repr\u00e9sentants des cellules politiques concern\u00e9es et des administrations comp\u00e9tentes, a pris l&rsquo;initiative de cr\u00e9er un groupe de travail sur l&rsquo;impact social (COVID-19) charg\u00e9 de suivre l&rsquo;impact sur la protection sociale, l&#8217;emploi et le march\u00e9 du travail \u00e0 l&rsquo;aide de donn\u00e9es actualis\u00e9es.<!--more--><\/p>\n<p>Ce groupe de travail est compos\u00e9 d&rsquo;un r\u00e9seau d&rsquo;experts du SPF S\u00e9curit\u00e9 sociale, du SPF Emploi, Travail et Concertation sociale, du SPP Int\u00e9gration sociale et de repr\u00e9sentants des Institutions publiques de s\u00e9curit\u00e9 sociale (IPSS), de Sigedis, de Statbel, de la Banque nationale et du Bureau f\u00e9d\u00e9ral du Plan.<\/p>\n<p><em><strong>Elaborer des politiques sur mesure<\/strong><\/em><\/p>\n<p>Cartographier l&rsquo;impact socio-\u00e9conomique de la crise COVID-19 avec des donn\u00e9es r\u00e9centes est un d\u00e9fi.<br \/>\nGr\u00e2ce \u00e0 la coop\u00e9ration constructive de tous ces diff\u00e9rents partenaires, chacun disposant de ses propres connaissances et expertises, le potentiel des donn\u00e9es administratives disponibles est mieux exploit\u00e9 dans des circonstances exceptionnelles. <em>\u00ab\u00a0En rendant les donn\u00e9es sur l&rsquo;impact social largement disponibles, nous disposons d&rsquo;un bon outil pour aligner la politique sociale. Mesurer, c&rsquo;est savoir, cela s&rsquo;applique certainement ici\u00a0\u00bb,<\/em> d\u00e9clare le ministre de la sant\u00e9 et des affaires sociales De Block.<\/p>\n<p>Un rapport complet des derni\u00e8res donn\u00e9es identifie les d\u00e9fis \u00e0 court et \u00e0 long terme de la politique sociale, tandis qu&rsquo;un rapport d&rsquo;analyse hebdomadaire actualis\u00e9 permet une \u00e9valuation rapide des mesures d\u00e9j\u00e0 prises et une simulation de l&rsquo;impact de toute nouvelle mesure.<\/p>\n<p>De cette mani\u00e8re, les diff\u00e9rents responsables politiques peuvent faire des choix \u00e9clair\u00e9s et formuler des propositions appropri\u00e9es, en tenant compte des cons\u00e9quences sociales sp\u00e9cifiques pour, entre autres, les groupes cibles vuln\u00e9rables. Nathalie Muylle, ministre du Travail : <em>\u00ab\u00a0En rassemblant les donn\u00e9es des diff\u00e9rents services, nous pouvons obtenir tr\u00e8s rapidement des informations solides et fiables, y compris pour des groupes sp\u00e9cifiques. Cela nous permet de r\u00e9agir rapidement et de prendre les bonnes d\u00e9cisions pour pr\u00e9venir les probl\u00e8mes sociaux et \u00e9conomiques \u00e0 long terme\u00a0\u00bb.<\/em><\/p>\n<p>L&rsquo;ouverture de ce suivi \u00e0 un public plus large sur base de donn\u00e9es en constante \u00e9volution, qui ne sont g\u00e9n\u00e9ralement pas disponibles, contribue \u00e0 une plus large diffusion des connaissances sur l&rsquo;impact socio-\u00e9conomique concret de la crise COVID-19, tout en garantissant l&rsquo;accessibilit\u00e9 \u00e0 d&rsquo;autres acteurs int\u00e9ress\u00e9s.<\/p>\n<p>Enfin, l&rsquo;approche adopt\u00e9e d\u00e9montre la valeur ajout\u00e9e d&rsquo;une coop\u00e9ration coordonn\u00e9e et tourn\u00e9e vers l&rsquo;avenir pour l&rsquo;organisation d&rsquo;une protection sociale durable.<\/p>\n","protected":false},"excerpt":{"rendered":"<p>Mesurer, c&rsquo;est savoir. C&rsquo;est sous cet adage et dans le cadre de la structure f\u00e9d\u00e9rale de crise et au d\u00e9but de la crise sanitaire, que la cellule socio-\u00e9conomique (ECOSOC), compos\u00e9e de repr\u00e9sentants des cellules politiques concern\u00e9es et des administrations comp\u00e9tentes, [&hellip;]<\/p>\n","protected":false},"author":2,"featured_media":0,"comment_status":"closed","ping_status":"open","sticky":false,"template":"","format":"standard","meta":[],"categories":[65,10],"tags":[2998,201,2264],"yoast_head":"<!-- This site is optimized with the Yoast SEO plugin v21.0 - https:\/\/yoast.com\/wordpress\/plugins\/seo\/ -->\n<title>A suivre: le SPF S\u00e9curit\u00e9 Sociale coordonne un groupe de travail sur l&#039;impact du COVID-19 sur la protection sociale. - Peoplesphere<\/title>\n<meta name=\"robots\" content=\"index, follow, max-snippet:-1, max-image-preview:large, max-video-preview:-1\" \/>\n<link rel=\"canonical\" href=\"https:\/\/peoplesphere.be\/fr\/a-suivre-spf-securite-sociale-coordonne-groupe-de-travail-limpact-covid-19-protection-sociale\/\" \/>\n<meta property=\"og:locale\" content=\"fr_FR\" \/>\n<meta property=\"og:type\" content=\"article\" \/>\n<meta property=\"og:title\" content=\"A suivre: le SPF S\u00e9curit\u00e9 Sociale coordonne un groupe de travail sur l&#039;impact du COVID-19 sur la protection sociale. - Peoplesphere\" \/>\n<meta property=\"og:description\" content=\"Mesurer, c&rsquo;est savoir. C&rsquo;est sous cet adage et dans le cadre de la structure f\u00e9d\u00e9rale de crise et au d\u00e9but de la crise sanitaire, que la cellule socio-\u00e9conomique (ECOSOC), compos\u00e9e de repr\u00e9sentants des cellules politiques concern\u00e9es et des administrations comp\u00e9tentes, [&hellip;]\" \/>\n<meta property=\"og:url\" content=\"https:\/\/peoplesphere.be\/fr\/a-suivre-spf-securite-sociale-coordonne-groupe-de-travail-limpact-covid-19-protection-sociale\/\" \/>\n<meta property=\"og:site_name\" content=\"Peoplesphere\" \/>\n<meta property=\"article:publisher\" content=\"https:\/\/www.facebook.com\/peoplesphere\" \/>\n<meta property=\"article:published_time\" content=\"2020-09-28T05:01:17+00:00\" \/>\n<meta property=\"og:image\" content=\"http:\/\/www.peoplesphere.be\/fr\/wp-content\/uploads\/2016\/07\/facebook-default-posting-1200x628px.jpg\" \/>\n<meta name=\"author\" content=\"Jean-Paul Erhard\" \/>\n<meta name=\"twitter:card\" content=\"summary_large_image\" \/>\n<meta name=\"twitter:creator\" content=\"@PeoplesphereMag\" \/>\n<meta name=\"twitter:site\" content=\"@PeoplesphereMag\" \/>\n<meta name=\"twitter:label1\" content=\"\u00c9crit par\" \/>\n\t<meta name=\"twitter:data1\" content=\"Jean-Paul Erhard\" \/>\n\t<meta name=\"twitter:label2\" content=\"Dur\u00e9e de lecture estim\u00e9e\" \/>\n\t<meta name=\"twitter:data2\" content=\"2 minutes\" \/>\n<script type=\"application\/ld+json\" class=\"yoast-schema-graph\">{\"@context\":\"https:\/\/schema.org\",\"@graph\":[{\"@type\":\"Article\",\"@id\":\"https:\/\/peoplesphere.be\/fr\/a-suivre-spf-securite-sociale-coordonne-groupe-de-travail-limpact-covid-19-protection-sociale\/#article\",\"isPartOf\":{\"@id\":\"https:\/\/peoplesphere.be\/fr\/a-suivre-spf-securite-sociale-coordonne-groupe-de-travail-limpact-covid-19-protection-sociale\/\"},\"author\":{\"name\":\"Jean-Paul Erhard\",\"@id\":\"https:\/\/peoplesphere.be\/fr\/#\/schema\/person\/7976225ff17988604334abb7b3536a7e\"},\"headline\":\"A suivre: le SPF S\u00e9curit\u00e9 Sociale coordonne un groupe de travail sur l&rsquo;impact du COVID-19 sur la protection sociale.\",\"datePublished\":\"2020-09-28T05:01:17+00:00\",\"dateModified\":\"2020-09-28T05:01:17+00:00\",\"mainEntityOfPage\":{\"@id\":\"https:\/\/peoplesphere.be\/fr\/a-suivre-spf-securite-sociale-coordonne-groupe-de-travail-limpact-covid-19-protection-sociale\/\"},\"wordCount\":468,\"publisher\":{\"@id\":\"https:\/\/peoplesphere.be\/fr\/#organization\"},\"keywords\":[\"covid-19\",\"protection sociale\",\"SPF S\u00e9curit\u00e9 Sociale\"],\"articleSection\":[\"Actualit\u00e9s\",\"Digital\"],\"inLanguage\":\"fr-FR\"},{\"@type\":\"WebPage\",\"@id\":\"https:\/\/peoplesphere.be\/fr\/a-suivre-spf-securite-sociale-coordonne-groupe-de-travail-limpact-covid-19-protection-sociale\/\",\"url\":\"https:\/\/peoplesphere.be\/fr\/a-suivre-spf-securite-sociale-coordonne-groupe-de-travail-limpact-covid-19-protection-sociale\/\",\"name\":\"A suivre: le SPF S\u00e9curit\u00e9 Sociale coordonne un groupe de travail sur l'impact du COVID-19 sur la protection sociale. - Peoplesphere\",\"isPartOf\":{\"@id\":\"https:\/\/peoplesphere.be\/fr\/#website\"},\"datePublished\":\"2020-09-28T05:01:17+00:00\",\"dateModified\":\"2020-09-28T05:01:17+00:00\",\"breadcrumb\":{\"@id\":\"https:\/\/peoplesphere.be\/fr\/a-suivre-spf-securite-sociale-coordonne-groupe-de-travail-limpact-covid-19-protection-sociale\/#breadcrumb\"},\"inLanguage\":\"fr-FR\",\"potentialAction\":[{\"@type\":\"ReadAction\",\"target\":[\"https:\/\/peoplesphere.be\/fr\/a-suivre-spf-securite-sociale-coordonne-groupe-de-travail-limpact-covid-19-protection-sociale\/\"]}]},{\"@type\":\"BreadcrumbList\",\"@id\":\"https:\/\/peoplesphere.be\/fr\/a-suivre-spf-securite-sociale-coordonne-groupe-de-travail-limpact-covid-19-protection-sociale\/#breadcrumb\",\"itemListElement\":[{\"@type\":\"ListItem\",\"position\":1,\"name\":\"Accueil\",\"item\":\"https:\/\/peoplesphere.be\/fr\/\"},{\"@type\":\"ListItem\",\"position\":2,\"name\":\"A suivre: le SPF S\u00e9curit\u00e9 Sociale coordonne un groupe de travail sur l&rsquo;impact du COVID-19 sur la protection sociale.\"}]},{\"@type\":\"WebSite\",\"@id\":\"https:\/\/peoplesphere.be\/fr\/#website\",\"url\":\"https:\/\/peoplesphere.be\/fr\/\",\"name\":\"Peoplesphere\",\"description\":\"The People Managers Magazine\",\"publisher\":{\"@id\":\"https:\/\/peoplesphere.be\/fr\/#organization\"},\"potentialAction\":[{\"@type\":\"SearchAction\",\"target\":{\"@type\":\"EntryPoint\",\"urlTemplate\":\"https:\/\/peoplesphere.be\/fr\/?s={search_term_string}\"},\"query-input\":\"required name=search_term_string\"}],\"inLanguage\":\"fr-FR\"},{\"@type\":\"Organization\",\"@id\":\"https:\/\/peoplesphere.be\/fr\/#organization\",\"name\":\"Peoplesphere Company srl\",\"url\":\"https:\/\/peoplesphere.be\/fr\/\",\"logo\":{\"@type\":\"ImageObject\",\"inLanguage\":\"fr-FR\",\"@id\":\"https:\/\/peoplesphere.be\/fr\/#\/schema\/logo\/image\/\",\"url\":\"https:\/\/peoplesphere.be\/fr\/wp-content\/uploads\/2023\/07\/peoplesphere-lgo-new-generik.jpg\",\"contentUrl\":\"https:\/\/peoplesphere.be\/fr\/wp-content\/uploads\/2023\/07\/peoplesphere-lgo-new-generik.jpg\",\"width\":1031,\"height\":1479,\"caption\":\"Peoplesphere Company srl\"},\"image\":{\"@id\":\"https:\/\/peoplesphere.be\/fr\/#\/schema\/logo\/image\/\"},\"sameAs\":[\"https:\/\/www.facebook.com\/peoplesphere\",\"https:\/\/twitter.com\/PeoplesphereMag\",\"https:\/\/www.linkedin.com\/company\/7587361?trk\",\"http:\/\/youtube.com\/peoplesphere\"]},{\"@type\":\"Person\",\"@id\":\"https:\/\/peoplesphere.be\/fr\/#\/schema\/person\/7976225ff17988604334abb7b3536a7e\",\"name\":\"Jean-Paul Erhard\",\"image\":{\"@type\":\"ImageObject\",\"inLanguage\":\"fr-FR\",\"@id\":\"https:\/\/peoplesphere.be\/fr\/#\/schema\/person\/image\/\",\"url\":\"https:\/\/secure.gravatar.com\/avatar\/f941e681460179738071629a51574930?s=96&d=mm&r=g\",\"contentUrl\":\"https:\/\/secure.gravatar.com\/avatar\/f941e681460179738071629a51574930?s=96&d=mm&r=g\",\"caption\":\"Jean-Paul Erhard\"},\"url\":\"https:\/\/peoplesphere.be\/fr\/author\/jpe\/\"}]}<\/script>\n<!-- \/ Yoast SEO plugin. -->","yoast_head_json":{"title":"A suivre: le SPF S\u00e9curit\u00e9 Sociale coordonne un groupe de travail sur l'impact du COVID-19 sur la protection sociale. - Peoplesphere","robots":{"index":"index","follow":"follow","max-snippet":"max-snippet:-1","max-image-preview":"max-image-preview:large","max-video-preview":"max-video-preview:-1"},"canonical":"https:\/\/peoplesphere.be\/fr\/a-suivre-spf-securite-sociale-coordonne-groupe-de-travail-limpact-covid-19-protection-sociale\/","og_locale":"fr_FR","og_type":"article","og_title":"A suivre: le SPF S\u00e9curit\u00e9 Sociale coordonne un groupe de travail sur l'impact du COVID-19 sur la protection sociale. - Peoplesphere","og_description":"Mesurer, c&rsquo;est savoir. C&rsquo;est sous cet adage et dans le cadre de la structure f\u00e9d\u00e9rale de crise et au d\u00e9but de la crise sanitaire, que la cellule socio-\u00e9conomique (ECOSOC), compos\u00e9e de repr\u00e9sentants des cellules politiques concern\u00e9es et des administrations comp\u00e9tentes, [&hellip;]","og_url":"https:\/\/peoplesphere.be\/fr\/a-suivre-spf-securite-sociale-coordonne-groupe-de-travail-limpact-covid-19-protection-sociale\/","og_site_name":"Peoplesphere","article_publisher":"https:\/\/www.facebook.com\/peoplesphere","article_published_time":"2020-09-28T05:01:17+00:00","og_image":[{"url":"http:\/\/www.peoplesphere.be\/fr\/wp-content\/uploads\/2016\/07\/facebook-default-posting-1200x628px.jpg"}],"author":"Jean-Paul Erhard","twitter_card":"summary_large_image","twitter_creator":"@PeoplesphereMag","twitter_site":"@PeoplesphereMag","twitter_misc":{"\u00c9crit par":"Jean-Paul Erhard","Dur\u00e9e de lecture estim\u00e9e":"2 minutes"},"schema":{"@context":"https:\/\/schema.org","@graph":[{"@type":"Article","@id":"https:\/\/peoplesphere.be\/fr\/a-suivre-spf-securite-sociale-coordonne-groupe-de-travail-limpact-covid-19-protection-sociale\/#article","isPartOf":{"@id":"https:\/\/peoplesphere.be\/fr\/a-suivre-spf-securite-sociale-coordonne-groupe-de-travail-limpact-covid-19-protection-sociale\/"},"author":{"name":"Jean-Paul Erhard","@id":"https:\/\/peoplesphere.be\/fr\/#\/schema\/person\/7976225ff17988604334abb7b3536a7e"},"headline":"A suivre: le SPF S\u00e9curit\u00e9 Sociale coordonne un groupe de travail sur l&rsquo;impact du COVID-19 sur la protection sociale.","datePublished":"2020-09-28T05:01:17+00:00","dateModified":"2020-09-28T05:01:17+00:00","mainEntityOfPage":{"@id":"https:\/\/peoplesphere.be\/fr\/a-suivre-spf-securite-sociale-coordonne-groupe-de-travail-limpact-covid-19-protection-sociale\/"},"wordCount":468,"publisher":{"@id":"https:\/\/peoplesphere.be\/fr\/#organization"},"keywords":["covid-19","protection sociale","SPF S\u00e9curit\u00e9 Sociale"],"articleSection":["Actualit\u00e9s","Digital"],"inLanguage":"fr-FR"},{"@type":"WebPage","@id":"https:\/\/peoplesphere.be\/fr\/a-suivre-spf-securite-sociale-coordonne-groupe-de-travail-limpact-covid-19-protection-sociale\/","url":"https:\/\/peoplesphere.be\/fr\/a-suivre-spf-securite-sociale-coordonne-groupe-de-travail-limpact-covid-19-protection-sociale\/","name":"A suivre: le SPF S\u00e9curit\u00e9 Sociale coordonne un groupe de travail sur l'impact du COVID-19 sur la protection sociale. - Peoplesphere","isPartOf":{"@id":"https:\/\/peoplesphere.be\/fr\/#website"},"datePublished":"2020-09-28T05:01:17+00:00","dateModified":"2020-09-28T05:01:17+00:00","breadcrumb":{"@id":"https:\/\/peoplesphere.be\/fr\/a-suivre-spf-securite-sociale-coordonne-groupe-de-travail-limpact-covid-19-protection-sociale\/#breadcrumb"},"inLanguage":"fr-FR","potentialAction":[{"@type":"ReadAction","target":["https:\/\/peoplesphere.be\/fr\/a-suivre-spf-securite-sociale-coordonne-groupe-de-travail-limpact-covid-19-protection-sociale\/"]}]},{"@type":"BreadcrumbList","@id":"https:\/\/peoplesphere.be\/fr\/a-suivre-spf-securite-sociale-coordonne-groupe-de-travail-limpact-covid-19-protection-sociale\/#breadcrumb","itemListElement":[{"@type":"ListItem","position":1,"name":"Accueil","item":"https:\/\/peoplesphere.be\/fr\/"},{"@type":"ListItem","position":2,"name":"A suivre: le SPF S\u00e9curit\u00e9 Sociale coordonne un groupe de travail sur l&rsquo;impact du COVID-19 sur la protection sociale."}]},{"@type":"WebSite","@id":"https:\/\/peoplesphere.be\/fr\/#website","url":"https:\/\/peoplesphere.be\/fr\/","name":"Peoplesphere","description":"The People Managers Magazine","publisher":{"@id":"https:\/\/peoplesphere.be\/fr\/#organization"},"potentialAction":[{"@type":"SearchAction","target":{"@type":"EntryPoint","urlTemplate":"https:\/\/peoplesphere.be\/fr\/?s={search_term_string}"},"query-input":"required name=search_term_string"}],"inLanguage":"fr-FR"},{"@type":"Organization","@id":"https:\/\/peoplesphere.be\/fr\/#organization","name":"Peoplesphere Company srl","url":"https:\/\/peoplesphere.be\/fr\/","logo":{"@type":"ImageObject","inLanguage":"fr-FR","@id":"https:\/\/peoplesphere.be\/fr\/#\/schema\/logo\/image\/","url":"https:\/\/peoplesphere.be\/fr\/wp-content\/uploads\/2023\/07\/peoplesphere-lgo-new-generik.jpg","contentUrl":"https:\/\/peoplesphere.be\/fr\/wp-content\/uploads\/2023\/07\/peoplesphere-lgo-new-generik.jpg","width":1031,"height":1479,"caption":"Peoplesphere Company srl"},"image":{"@id":"https:\/\/peoplesphere.be\/fr\/#\/schema\/logo\/image\/"},"sameAs":["https:\/\/www.facebook.com\/peoplesphere","https:\/\/twitter.com\/PeoplesphereMag","https:\/\/www.linkedin.com\/company\/7587361?trk","http:\/\/youtube.com\/peoplesphere"]},{"@type":"Person","@id":"https:\/\/peoplesphere.be\/fr\/#\/schema\/person\/7976225ff17988604334abb7b3536a7e","name":"Jean-Paul Erhard","image":{"@type":"ImageObject","inLanguage":"fr-FR","@id":"https:\/\/peoplesphere.be\/fr\/#\/schema\/person\/image\/","url":"https:\/\/secure.gravatar.com\/avatar\/f941e681460179738071629a51574930?s=96&d=mm&r=g","contentUrl":"https:\/\/secure.gravatar.com\/avatar\/f941e681460179738071629a51574930?s=96&d=mm&r=g","caption":"Jean-Paul Erhard"},"url":"https:\/\/peoplesphere.be\/fr\/author\/jpe\/"}]}},"_links":{"self":[{"href":"https:\/\/peoplesphere.be\/fr\/wp-json\/wp\/v2\/posts\/10189"}],"collection":[{"href":"https:\/\/peoplesphere.be\/fr\/wp-json\/wp\/v2\/posts"}],"about":[{"href":"https:\/\/peoplesphere.be\/fr\/wp-json\/wp\/v2\/types\/post"}],"author":[{"embeddable":true,"href":"https:\/\/peoplesphere.be\/fr\/wp-json\/wp\/v2\/users\/2"}],"replies":[{"embeddable":true,"href":"https:\/\/peoplesphere.be\/fr\/wp-json\/wp\/v2\/comments?post=10189"}],"version-history":[{"count":1,"href":"https:\/\/peoplesphere.be\/fr\/wp-json\/wp\/v2\/posts\/10189\/revisions"}],"predecessor-version":[{"id":10190,"href":"https:\/\/peoplesphere.be\/fr\/wp-json\/wp\/v2\/posts\/10189\/revisions\/10190"}],"wp:attachment":[{"href":"https:\/\/peoplesphere.be\/fr\/wp-json\/wp\/v2\/media?parent=10189"}],"wp:term":[{"taxonomy":"category","embeddable":true,"href":"https:\/\/peoplesphere.be\/fr\/wp-json\/wp\/v2\/categories?post=10189"},{"taxonomy":"post_tag","embeddable":true,"href":"https:\/\/peoplesphere.be\/fr\/wp-json\/wp\/v2\/tags?post=10189"}],"curies":[{"name":"wp","href":"https:\/\/api.w.org\/{rel}","templated":true}]}}