









{"id":10193,"date":"2020-09-28T16:28:00","date_gmt":"2020-09-28T14:28:00","guid":{"rendered":"https:\/\/peoplesphere.be\/fr\/?p=10193"},"modified":"2020-09-28T16:28:00","modified_gmt":"2020-09-28T14:28:00","slug":"lermg-constate-linterruption-de-reprise-de-leconomie-septembre-lhorizon-reste-sombre-nos-entreprises","status":"publish","type":"post","link":"https:\/\/peoplesphere.be\/fr\/lermg-constate-linterruption-de-reprise-de-leconomie-septembre-lhorizon-reste-sombre-nos-entreprises\/","title":{"rendered":"L&rsquo;ERMG constate l&rsquo;interruption de la reprise de l&rsquo;\u00e9conomie en septembre: l&rsquo;horizon reste sombre pour nos entreprises."},"content":{"rendered":"<p>Les entreprises belges estiment que leur chiffre d\u2019affaires est \u00e0 l\u2019heure actuelle encore inf\u00e9rieur de 14 % \u00e0 la normale, soit un pourcentage similaire \u00e0 celui enregistr\u00e9 lors de l\u2019enqu\u00eate r\u00e9alis\u00e9e \u00e0 la fin du mois d\u2019ao\u00fbt. Cela signifie que la lente et incompl\u00e8te reprise du chiffre d\u2019affaires au cours des derniers mois s\u2019est interrompue. Comme dans l&rsquo;enqu\u00eate pr\u00e9c\u00e9dente, les entreprises n&rsquo;anticipent pratiquement aucune am\u00e9lioration en 2021. C\u2019est ce qui ressort de la nouvelle enqu\u00eate de l\u2019ERMG aupr\u00e8s des entreprises belges. Par ailleurs, non seulement les investissements initialement pr\u00e9vus en 2020 ont \u00e9t\u00e9 n\u00e9gativement impact\u00e9s mais, plus inqui\u00e9tant encore, les entreprises interrog\u00e9es s\u2019attendent en outre \u00e0 ce que leurs investissements soient sensiblement moindres aussi en 2021.<!--more--><\/p>\n<p>Une nouvelle enqu\u00eate a \u00e9t\u00e9 r\u00e9alis\u00e9e la semaine derni\u00e8re par plusieurs f\u00e9d\u00e9rations d\u2019entreprises et d\u2019ind\u00e9pendants (BECI, SNI, UNIZO, UWE et VOKA). L\u2019initiative est coordonn\u00e9e par la BNB et par la FEB. Cette enqu\u00eate fait suite \u00e0 une s\u00e9rie de onze vagues d\u2019enqu\u00eates men\u00e9es depuis mars, dont l\u2019objectif est d\u2019\u00e9valuer l\u2019incidence de la crise du coronavirus et des mesures de confinement sur l\u2019activit\u00e9 \u00e9conomique et sur la sant\u00e9 financi\u00e8re des entreprises. L\u2019enqu\u00eate est d\u00e9sormais organis\u00e9e \u00e0 un rythme mensuel. Au total, 2.868 entreprises et ind\u00e9pendants ont r\u00e9pondu \u00e0 l\u2019enqu\u00eate cette semaine. L&rsquo;\u00e9volution des indicateurs cit\u00e9s doit \u00eatre interpr\u00e9t\u00e9e avec prudence. Compte tenu du d\u00e9lai entre les enqu\u00eates, un \u00ab biais de survie \u00bb peut appara\u00eetre, en particulier au sein des secteurs les plus fortement touch\u00e9s. Il est possible que des entreprises en difficult\u00e9 aient entre-temps d\u00e9pos\u00e9 le bilan et qu\u2019elles ne soient plus prises en compte. En outre, les f\u00e9d\u00e9rations et les entreprises participant \u00e0 l\u2019initiative peuvent diff\u00e9rer d\u2019une enqu\u00eate \u00e0 l\u2019autre, ce qui peut influer sur la composition de l\u2019\u00e9chantillon. Par exemple, cette semaine, les entreprises de plus petite taille et celles localis\u00e9es en Wallonie et \u00e0 Bruxelles repr\u00e9sentent une plus faible part de celui-ci que lors de l\u2019enqu\u00eate pr\u00e9c\u00e9dente.<\/p>\n<p><strong><em>Le chiffre d\u2019affaires des entreprises ne s\u2018est pas am\u00e9lior\u00e9 depuis l\u2019enqu\u00eate pr\u00e9c\u00e9dente r\u00e9alis\u00e9e en ao\u00fbt<\/em><\/strong><\/p>\n<p>En tenant compte de la taille des entreprises et de la valeur ajout\u00e9e sectorielle, les entreprises interrog\u00e9es ont mentionn\u00e9 cette semaine une baisse de leur chiffre d\u2019affaires de 14 % comparativement \u00e0 la normale, soit une quasi-stabilit\u00e9 par rapport \u00e0 ce qu\u2019elles avaient indiqu\u00e9 au mois d\u2019ao\u00fbt. L\u2019absence d\u2019embellie durant le mois \u00e9coul\u00e9 co\u00efncide avec la d\u00e9t\u00e9rioration de la situation sanitaire ces derni\u00e8res semaines, comme l\u2019atteste la hausse du taux de contamination et des hospitalisations en lien avec cette maladie. La crainte du virus et les mesures restrictives continuent de freiner la reprise du chiffre d\u2019affaires de nombreuses entreprises belges. La faiblesse de la demande reste de loin la principale raison \u00e0 la base de cette perte de chiffre d\u2019affaires et elle est cit\u00e9e par plus d\u2019une entreprise sur deux. Notons par ailleurs que l\u2019incidence sur le chiffre d\u2019affaires est deux \u00e0 trois fois plus forte pour les ind\u00e9pendants et les entreprises de moins de dix employ\u00e9s que pour celles occupant plus de 250 employ\u00e9s. \u00c0 ce propos, la situation est particuli\u00e8re dans la r\u00e9gion de Bruxelles-Capitale, puisque les plus petites structures y rapportent un impact n\u00e9gatif bien plus marqu\u00e9 que dans les deux autres r\u00e9gions, ce qui est sans doute d\u00fb \u00e0 l&rsquo;effet n\u00e9gatif suppl\u00e9mentaire du recours intensif actuel au t\u00e9l\u00e9travail, qui implique que la capitale accueille beaucoup moins de navetteurs.<\/p>\n<p>Au niveau des deux secteurs les plus touch\u00e9s, \u00e0 savoir le secteur des arts, spectacles et services r\u00e9cr\u00e9atifs et l\u2019horeca, la situation reste pr\u00e9occupante et comparable \u00e0 ce qui avait \u00e9t\u00e9 observ\u00e9 en ao\u00fbt. En moyenne, les entreprises du secteur des arts, spectacles et services r\u00e9cr\u00e9atifs interrog\u00e9es font toujours \u00e9tat d\u2019une chute de 81 % de leur chiffre d\u2019affaires par rapport \u00e0 la normale, et il s\u2019agit du sixi\u00e8me mois cons\u00e9cutif \u00e0 ce niveau. L\u2019horeca reste, selon les r\u00e9sultats de l\u2019enqu\u00eate, le second secteur le plus impact\u00e9 par la crise du coronavirus, avec une baisse moyenne du chiffre d\u2019affaires de 39 % par rapport \u00e0 la normale. Dans les deux secteurs, selon les entreprises interrog\u00e9es, la perte de chiffre d&rsquo;affaires est principalement due \u00e0 des mesures sanitaires et de distanciation sociale, \u00e0 l&rsquo;interdiction d&rsquo;activit\u00e9 (partielle ou totale), et \u00e0 la faiblesse de la demande.<\/p>\n<p>Les autres secteurs affichent une \u00e9volution diff\u00e9rente du chiffre d&rsquo;affaires dans cette enqu\u00eate. Si le secteur financier, la construction et, surtout, l&rsquo;industrie ont enregistr\u00e9 une am\u00e9lioration de leur chiffre d\u2019affaires, celui-ci est rest\u00e9 stable dans les services de support et le commerce de gros, tandis qu\u2019il s&rsquo;est d\u00e9t\u00e9rior\u00e9 dans le secteur de l&rsquo;information et de la communication, les transports et la logistique et le commerce de d\u00e9tail alimentaire et non alimentaire. Toutefois, la d\u00e9gradation du chiffre d&rsquo;affaires dans ce dernier secteur peut \u00eatre partiellement saisonni\u00e8re et li\u00e9e \u00e0 la fin de la p\u00e9riode des soldes qui a eu lieu en ao\u00fbt, bien que les ventes au cours de cette p\u00e9riode aient g\u00e9n\u00e9ralement \u00e9t\u00e9 d\u00e9cevantes. Selon l\u2019enqu\u00eate men\u00e9e cette semaine, les perspectives pour l\u2019ann\u00e9e prochaine au niveau du chiffre d\u2019affaires sont inchang\u00e9es vis-\u00e0-vis de l\u2019enqu\u00eate pr\u00e9c\u00e9dente, et les entreprises interrog\u00e9es continuent de pr\u00e9voir que leur chiffre d\u2019affaires restera inf\u00e9rieur de 10 % \u00e0 la normale en 2021. Les perspectives d\u2019am\u00e9lioration du chiffre d\u2019affaires d\u2019ici l\u2019ann\u00e9e prochaine sont donc tr\u00e8s limit\u00e9es, et la totalit\u00e9 des secteurs d\u2019activit\u00e9 consid\u00e9r\u00e9s dans cette \u00e9tude s\u2019attendent toujours \u00e0 un recul du chiffre d\u2019affaires par rapport \u00e0 la normale pour l\u2019ann\u00e9e prochaine. Comme pour la diminution actuelle du chiffre d\u2019affaires, ce sont les entreprises du secteur des arts, spectacles et services r\u00e9cr\u00e9atifs et de l\u2019horeca qui se montrent les plus pessimistes, avec des baisses anticip\u00e9es du chiffre d\u2019affaires de, respectivement, 53 et 18 % compar\u00e9 \u00e0 la normale en 2021. Il convient toutefois de noter que l&rsquo;enqu\u00eate a \u00e9t\u00e9 r\u00e9alis\u00e9e avant la d\u00e9cision prise mercredi dernier par le Conseil national de s\u00e9curit\u00e9, ce qui pourrait l\u00e9g\u00e8rement embellir les perspectives pour le secteur \u00e9v\u00e9nementiel.<\/p>\n<p><em><strong>Pas de survie au-del\u00e0 de 3 mois sans apport de fonds compl\u00e9mentaires.<\/strong><\/em><\/p>\n<p>La crise du coronavirus a mis \u00e0 rude \u00e9preuve la tr\u00e9sorerie de nombreuses entreprises. Cette semaine, une entreprise interrog\u00e9e sur quatre a encore fait \u00e9tat de probl\u00e8mes de liquidit\u00e9. Ce chiffre repr\u00e9sente n\u00e9anmoins un mieux par rapport \u00e0 la situation tr\u00e8s pr\u00e9caire observ\u00e9e au d\u00e9but du mois d\u2019avril, lorsque pr\u00e8s d&rsquo;une entreprise sur deux indiquait rencontrer des probl\u00e8mes de liquidit\u00e9. Cette am\u00e9lioration de la position de liquidit\u00e9 des entreprises au cours des derniers mois s&rsquo;explique par le redressement partiel du chiffre d&rsquo;affaires et par les mesures prises par le gouvernement pour soutenir la liquidit\u00e9 des entreprises.<\/p>\n<p>En outre, cette semaine, nous avons pos\u00e9 une question suppl\u00e9mentaire en lien avec la position de liquidit\u00e9 de l\u2019entreprise : \u00ab Combien de temps votre entreprise peut-elle faire face \u00e0 ses obligations financi\u00e8res actuelles (remboursement de dettes, loyer, TVA, imp\u00f4ts, s\u00e9curit\u00e9 sociale, &#8230;) sans devoir compter sur des fonds propres ou des pr\u00eats suppl\u00e9mentaires ? \u00bb. \u00c0 cette question, 4 % des r\u00e9pondants ont r\u00e9pondu pouvoir y faire face pendant moins d\u2019un mois, 15 % entre un et trois mois et 18 % entre trois et six mois. Les petites entreprises font \u00e9tat de plus grandes difficult\u00e9s : 31 % des ind\u00e9pendants et 24 % des entreprises occupant moins de dix employ\u00e9s ne pourront pas tenir leurs engagements financiers au-del\u00e0 de trois mois sans soutien financier suppl\u00e9mentaire. Ces pourcentages n\u2019atteignent que 2 et 10 % respectivement s\u2019agissant des entreprises occupant plus de 1 000 employ\u00e9s et celles comptant entre 250 et 1 000 employ\u00e9s. Au niveau sectoriel, ce sont les entreprises du secteur immobilier2, du secteur des arts, spectacles et services r\u00e9cr\u00e9atifs ainsi que de l\u2019horeca qui font \u00e9tat de positions de liquidit\u00e9 plus fragiles.<\/p>\n<p>N\u00e9anmoins, la diminution du nombre d\u2019entreprises \u00e9voquant des probl\u00e8mes de liquidit\u00e9 ne signifie pas n\u00e9cessairement que la situation des entreprises se redresse durablement. A cet \u00e9gard, la perception du risque de faillite est toujours \u00e9tudi\u00e9e. Cette semaine, 4 % des r\u00e9pondants ont indiqu\u00e9 que la faillite de leur entreprise \u00e9tait soit probable, soit tr\u00e8s probable. Il s\u2019agit d\u2019une r\u00e9duction sensible par rapport \u00e0 l\u2019enqu\u00eate pr\u00e9c\u00e9dente, mais il convient de tenir compte de l\u2019\u00e9volution de la composition de notre \u00e9chantillon. Dans l\u2019enqu\u00eate de cette semaine, l\u2019\u00e9chantillon comprend moins d\u2019ind\u00e9pendants et moins d\u2019entreprises localis\u00e9es en Wallonie ou \u00e0 Bruxelles (en raison, entre autres, de l\u2019absence de l\u2019UCM parmi les f\u00e9d\u00e9ration participantes). Ces deux cat\u00e9gories affichaient jusqu\u2019\u00e0 pr\u00e9sent une perception du risque de faillite bien plus \u00e9lev\u00e9e, et il convient donc d\u2019interpr\u00e9ter les r\u00e9sultats avec une certaine prudence, d\u2019autant plus que le biais de survie peut \u00e9galement exercer une influence. Par ailleurs, 4 % des entreprises interrog\u00e9es pr\u00e9voient de faire l\u2019objet d\u2019une proc\u00e9dure de faillite dans les six mois. Les deux secteurs qui rapportent un risque de faillite plus \u00e9lev\u00e9 sont, en toute logique, aussi ceux qui sont caract\u00e9ris\u00e9s par une baisse du chiffre d\u2019affaires plus \u00e9lev\u00e9e. En particulier, 16 et 14 % des entreprises interrog\u00e9es respectivement dans l\u2019horeca et dans le secteur des arts, spectacles et services r\u00e9cr\u00e9atifs s\u2019attendent \u00e0 une faillite dans moins de six mois.<\/p>\n<p>Ces r\u00e9sultats ne tiennent toutefois pas compte des entreprises qui ont d\u00e9j\u00e0 fait faillite depuis le d\u00e9but de la crise du coronavirus. Les entreprises de l\u2019horeca et du secteur des arts, spectacles et services r\u00e9cr\u00e9atifs interrog\u00e9es estiment que pr\u00e8s de 30 % des entreprises actives dans leur propre secteur d\u2019activit\u00e9 ont soit d\u00e9j\u00e0 d\u00e9pos\u00e9 le bilan, soit sont actuellement engag\u00e9es dans une proc\u00e9dure de mise en faillite \u00e0 cause de la crise du coronavirus (contre 8 % dans l\u2019\u00e9chantillon total). Ceci sugg\u00e8re donc que le biais de survie pourrait \u00e9dulcorer certains r\u00e9sultats issus de l\u2019enqu\u00eate, en particulier pour les secteurs les plus affect\u00e9s.<\/p>\n<p><em><strong>Un impact s\u00e9rieux sur les perspectives d\u2019investissements en 2021<\/strong><\/em><\/p>\n<p>Le degr\u00e9 d\u2019inqui\u00e9tude quant \u00e0 l\u2019activit\u00e9 commerciale de l\u2019entreprise, mesur\u00e9 sur une \u00e9chelle allant de 1 (peu inquiet) \u00e0 10 (fort inquiet), s\u2019est l\u00e9g\u00e8rement am\u00e9lior\u00e9 cette semaine par rapport \u00e0 la fin du mois d\u2019ao\u00fbt (de 6,7 \u00e0 6,3). Il n\u2019emp\u00eache que le niveau reste assez \u00e9lev\u00e9 et proche de celui qui avait \u00e9t\u00e9 enregistr\u00e9 lors de l\u2019enqu\u00eate men\u00e9e au d\u00e9but du mois de juin. Comme pour le chiffre d\u2019affaires, l\u2019embellie que l\u2019on observait depuis le mois de mai pour le degr\u00e9 d\u2019inqui\u00e9tude a marqu\u00e9 un temps d\u2019arr\u00eat ces deux derniers mois.<\/p>\n<p>Le manque de pr\u00e9visibilit\u00e9 est naturellement un facteur influen\u00e7ant largement les d\u00e9cisions d\u2019investissements des entreprises, tandis que l\u2019incertitude, qu\u2019elle soit politique, \u00e9conomique ou encore sanitaire, peut conduire au report de certains investissements priv\u00e9s. S\u2019agissant de l\u2019ann\u00e9e en cours, les entreprises interrog\u00e9es estiment que la crise du coronavirus r\u00e9duit leurs investissements de 21 % en moyenne.<\/p>\n<p>Un \u00e9l\u00e9ment inqui\u00e9tant r\u00e9side dans les perspectives d\u2019investissements pour 2021, qui restent moroses, ce qui renforce l\u2019id\u00e9e que la reprise mettra du temps. En effet, les entreprises interrog\u00e9es s\u2019attendent \u00e0 ce que les montants investis soient inf\u00e9rieurs de 19 % \u00e0 ce qu\u2019ils auraient \u00e9t\u00e9 sans la crise du coronavirus. Ces r\u00e9sultats ne sugg\u00e8rent qu\u2019une tr\u00e8s l\u00e9g\u00e8re reprise des investissements en 2021.<\/p>\n<p><strong><em>Les entreprises restent pessimistes \u00e0 propos de l\u2019emploi<\/em><\/strong><\/p>\n<p>L\u2019impact de la crise du coronavirus sur l\u2019emploi reste consid\u00e9r\u00e9 comme important cette semaine. Les entreprises interrog\u00e9es estiment ainsi \u00e0 84 000 le nombre d\u2019emplois perdus dans le secteur priv\u00e9 entre le d\u00e9but de la crise et la fin de l\u2019ann\u00e9e (soit une baisse de 3 %). Il convient toutefois de noter que le syst\u00e8me du ch\u00f4mage temporaire a \u00e9t\u00e9 prolong\u00e9 jusqu&rsquo;\u00e0 la fin de cette ann\u00e9e pour certains secteurs, ce qui signifie qu&rsquo;une partie des pertes d&#8217;emplois attendues en raison de la crise pourraient \u00eatre report\u00e9es \u00e0 l&rsquo;ann\u00e9e prochaine. Selon les r\u00e9sultats de l\u2019enqu\u00eate, 6 % des employ\u00e9s dans le secteur priv\u00e9 sont r\u00e9pertori\u00e9s comme \u00e9tant au ch\u00f4mage temporaire, et ceci concerne en grande majorit\u00e9 les deux secteurs les plus touch\u00e9s, soit l\u2019horeca et le secteur des arts, spectacles et services r\u00e9cr\u00e9atifs.<\/p>\n<p>Par ailleurs, en ce qui concerne le lieu de travail, la part des salari\u00e9s partiellement en t\u00e9l\u00e9travail a fortement augment\u00e9, passant de 15 % \u00e0 la fin de juin \u00e0 26 % aujourd\u2019hui. En revanche, la part des salari\u00e9s qui ne font que du t\u00e9l\u00e9travail est revenue de 16 % \u00e0 la fin de juin \u00e0 9 % maintenant. Le recours intensif actuel au t\u00e9l\u00e9travail aura \u00e9galement un impact durable sur le futur mode de travail car, comme dans l\u2019enqu\u00eate pr\u00e9c\u00e9dente, une entreprise sur trois affirme qu&rsquo;elle aura davantage recours au t\u00e9l\u00e9travail qu&rsquo;avant la crise.<\/p>\n<p><em>Source : Banque Nationale de Belgique<\/em><\/p>\n","protected":false},"excerpt":{"rendered":"<p>Les entreprises belges estiment que leur chiffre d\u2019affaires est \u00e0 l\u2019heure actuelle encore inf\u00e9rieur de 14 % \u00e0 la normale, soit un pourcentage similaire \u00e0 celui enregistr\u00e9 lors de l\u2019enqu\u00eate r\u00e9alis\u00e9e \u00e0 la fin du mois d\u2019ao\u00fbt. Cela signifie que [&hellip;]<\/p>\n","protected":false},"author":2,"featured_media":0,"comment_status":"closed","ping_status":"open","sticky":false,"template":"","format":"standard","meta":[],"categories":[65,10],"tags":[1412,2998,11,2997,1787,487],"yoast_head":"<!-- This site is optimized with the Yoast SEO plugin v21.0 - https:\/\/yoast.com\/wordpress\/plugins\/seo\/ -->\n<title>L&#039;ERMG constate l&#039;interruption de la reprise de l&#039;\u00e9conomie en septembre: l&#039;horizon reste sombre pour nos entreprises. - Peoplesphere<\/title>\n<meta name=\"robots\" content=\"index, follow, max-snippet:-1, max-image-preview:large, max-video-preview:-1\" \/>\n<link rel=\"canonical\" href=\"https:\/\/peoplesphere.be\/fr\/lermg-constate-linterruption-de-reprise-de-leconomie-septembre-lhorizon-reste-sombre-nos-entreprises\/\" \/>\n<meta property=\"og:locale\" content=\"fr_FR\" \/>\n<meta property=\"og:type\" content=\"article\" \/>\n<meta property=\"og:title\" content=\"L&#039;ERMG constate l&#039;interruption de la reprise de l&#039;\u00e9conomie en septembre: l&#039;horizon reste sombre pour nos entreprises. - Peoplesphere\" \/>\n<meta property=\"og:description\" content=\"Les entreprises belges estiment que leur chiffre d\u2019affaires est \u00e0 l\u2019heure actuelle encore inf\u00e9rieur de 14 % \u00e0 la normale, soit un pourcentage similaire \u00e0 celui enregistr\u00e9 lors de l\u2019enqu\u00eate r\u00e9alis\u00e9e \u00e0 la fin du mois d\u2019ao\u00fbt. Cela signifie que [&hellip;]\" \/>\n<meta property=\"og:url\" content=\"https:\/\/peoplesphere.be\/fr\/lermg-constate-linterruption-de-reprise-de-leconomie-septembre-lhorizon-reste-sombre-nos-entreprises\/\" \/>\n<meta property=\"og:site_name\" content=\"Peoplesphere\" \/>\n<meta property=\"article:publisher\" content=\"https:\/\/www.facebook.com\/peoplesphere\" \/>\n<meta property=\"article:published_time\" content=\"2020-09-28T14:28:00+00:00\" \/>\n<meta property=\"og:image\" content=\"http:\/\/www.peoplesphere.be\/fr\/wp-content\/uploads\/2016\/07\/facebook-default-posting-1200x628px.jpg\" \/>\n<meta name=\"author\" content=\"Jean-Paul Erhard\" \/>\n<meta name=\"twitter:card\" content=\"summary_large_image\" \/>\n<meta name=\"twitter:creator\" content=\"@PeoplesphereMag\" \/>\n<meta name=\"twitter:site\" content=\"@PeoplesphereMag\" \/>\n<meta name=\"twitter:label1\" content=\"\u00c9crit par\" \/>\n\t<meta name=\"twitter:data1\" content=\"Jean-Paul Erhard\" \/>\n\t<meta name=\"twitter:label2\" content=\"Dur\u00e9e de lecture estim\u00e9e\" \/>\n\t<meta name=\"twitter:data2\" content=\"12 minutes\" \/>\n<script type=\"application\/ld+json\" class=\"yoast-schema-graph\">{\"@context\":\"https:\/\/schema.org\",\"@graph\":[{\"@type\":\"Article\",\"@id\":\"https:\/\/peoplesphere.be\/fr\/lermg-constate-linterruption-de-reprise-de-leconomie-septembre-lhorizon-reste-sombre-nos-entreprises\/#article\",\"isPartOf\":{\"@id\":\"https:\/\/peoplesphere.be\/fr\/lermg-constate-linterruption-de-reprise-de-leconomie-septembre-lhorizon-reste-sombre-nos-entreprises\/\"},\"author\":{\"name\":\"Jean-Paul Erhard\",\"@id\":\"https:\/\/peoplesphere.be\/fr\/#\/schema\/person\/7976225ff17988604334abb7b3536a7e\"},\"headline\":\"L&rsquo;ERMG constate l&rsquo;interruption de la reprise de l&rsquo;\u00e9conomie en septembre: l&rsquo;horizon reste sombre pour nos entreprises.\",\"datePublished\":\"2020-09-28T14:28:00+00:00\",\"dateModified\":\"2020-09-28T14:28:00+00:00\",\"mainEntityOfPage\":{\"@id\":\"https:\/\/peoplesphere.be\/fr\/lermg-constate-linterruption-de-reprise-de-leconomie-septembre-lhorizon-reste-sombre-nos-entreprises\/\"},\"wordCount\":2331,\"publisher\":{\"@id\":\"https:\/\/peoplesphere.be\/fr\/#organization\"},\"keywords\":[\"BNB\",\"covid-19\",\"emploi\",\"ERMG\",\"investissements\",\"reprise \u00e9conomique\"],\"articleSection\":[\"Actualit\u00e9s\",\"Digital\"],\"inLanguage\":\"fr-FR\"},{\"@type\":\"WebPage\",\"@id\":\"https:\/\/peoplesphere.be\/fr\/lermg-constate-linterruption-de-reprise-de-leconomie-septembre-lhorizon-reste-sombre-nos-entreprises\/\",\"url\":\"https:\/\/peoplesphere.be\/fr\/lermg-constate-linterruption-de-reprise-de-leconomie-septembre-lhorizon-reste-sombre-nos-entreprises\/\",\"name\":\"L'ERMG constate l'interruption de la reprise de l'\u00e9conomie en septembre: l'horizon reste sombre pour nos entreprises. - Peoplesphere\",\"isPartOf\":{\"@id\":\"https:\/\/peoplesphere.be\/fr\/#website\"},\"datePublished\":\"2020-09-28T14:28:00+00:00\",\"dateModified\":\"2020-09-28T14:28:00+00:00\",\"breadcrumb\":{\"@id\":\"https:\/\/peoplesphere.be\/fr\/lermg-constate-linterruption-de-reprise-de-leconomie-septembre-lhorizon-reste-sombre-nos-entreprises\/#breadcrumb\"},\"inLanguage\":\"fr-FR\",\"potentialAction\":[{\"@type\":\"ReadAction\",\"target\":[\"https:\/\/peoplesphere.be\/fr\/lermg-constate-linterruption-de-reprise-de-leconomie-septembre-lhorizon-reste-sombre-nos-entreprises\/\"]}]},{\"@type\":\"BreadcrumbList\",\"@id\":\"https:\/\/peoplesphere.be\/fr\/lermg-constate-linterruption-de-reprise-de-leconomie-septembre-lhorizon-reste-sombre-nos-entreprises\/#breadcrumb\",\"itemListElement\":[{\"@type\":\"ListItem\",\"position\":1,\"name\":\"Accueil\",\"item\":\"https:\/\/peoplesphere.be\/fr\/\"},{\"@type\":\"ListItem\",\"position\":2,\"name\":\"L&rsquo;ERMG constate l&rsquo;interruption de la reprise de l&rsquo;\u00e9conomie en septembre: l&rsquo;horizon reste sombre pour nos entreprises.\"}]},{\"@type\":\"WebSite\",\"@id\":\"https:\/\/peoplesphere.be\/fr\/#website\",\"url\":\"https:\/\/peoplesphere.be\/fr\/\",\"name\":\"Peoplesphere\",\"description\":\"The People Managers Magazine\",\"publisher\":{\"@id\":\"https:\/\/peoplesphere.be\/fr\/#organization\"},\"potentialAction\":[{\"@type\":\"SearchAction\",\"target\":{\"@type\":\"EntryPoint\",\"urlTemplate\":\"https:\/\/peoplesphere.be\/fr\/?s={search_term_string}\"},\"query-input\":\"required name=search_term_string\"}],\"inLanguage\":\"fr-FR\"},{\"@type\":\"Organization\",\"@id\":\"https:\/\/peoplesphere.be\/fr\/#organization\",\"name\":\"Peoplesphere Company srl\",\"url\":\"https:\/\/peoplesphere.be\/fr\/\",\"logo\":{\"@type\":\"ImageObject\",\"inLanguage\":\"fr-FR\",\"@id\":\"https:\/\/peoplesphere.be\/fr\/#\/schema\/logo\/image\/\",\"url\":\"https:\/\/peoplesphere.be\/fr\/wp-content\/uploads\/2023\/07\/peoplesphere-lgo-new-generik.jpg\",\"contentUrl\":\"https:\/\/peoplesphere.be\/fr\/wp-content\/uploads\/2023\/07\/peoplesphere-lgo-new-generik.jpg\",\"width\":1031,\"height\":1479,\"caption\":\"Peoplesphere Company srl\"},\"image\":{\"@id\":\"https:\/\/peoplesphere.be\/fr\/#\/schema\/logo\/image\/\"},\"sameAs\":[\"https:\/\/www.facebook.com\/peoplesphere\",\"https:\/\/twitter.com\/PeoplesphereMag\",\"https:\/\/www.linkedin.com\/company\/7587361?trk\",\"http:\/\/youtube.com\/peoplesphere\"]},{\"@type\":\"Person\",\"@id\":\"https:\/\/peoplesphere.be\/fr\/#\/schema\/person\/7976225ff17988604334abb7b3536a7e\",\"name\":\"Jean-Paul Erhard\",\"image\":{\"@type\":\"ImageObject\",\"inLanguage\":\"fr-FR\",\"@id\":\"https:\/\/peoplesphere.be\/fr\/#\/schema\/person\/image\/\",\"url\":\"https:\/\/secure.gravatar.com\/avatar\/f941e681460179738071629a51574930?s=96&d=mm&r=g\",\"contentUrl\":\"https:\/\/secure.gravatar.com\/avatar\/f941e681460179738071629a51574930?s=96&d=mm&r=g\",\"caption\":\"Jean-Paul Erhard\"},\"url\":\"https:\/\/peoplesphere.be\/fr\/author\/jpe\/\"}]}<\/script>\n<!-- \/ Yoast SEO plugin. -->","yoast_head_json":{"title":"L'ERMG constate l'interruption de la reprise de l'\u00e9conomie en septembre: l'horizon reste sombre pour nos entreprises. - Peoplesphere","robots":{"index":"index","follow":"follow","max-snippet":"max-snippet:-1","max-image-preview":"max-image-preview:large","max-video-preview":"max-video-preview:-1"},"canonical":"https:\/\/peoplesphere.be\/fr\/lermg-constate-linterruption-de-reprise-de-leconomie-septembre-lhorizon-reste-sombre-nos-entreprises\/","og_locale":"fr_FR","og_type":"article","og_title":"L'ERMG constate l'interruption de la reprise de l'\u00e9conomie en septembre: l'horizon reste sombre pour nos entreprises. - Peoplesphere","og_description":"Les entreprises belges estiment que leur chiffre d\u2019affaires est \u00e0 l\u2019heure actuelle encore inf\u00e9rieur de 14 % \u00e0 la normale, soit un pourcentage similaire \u00e0 celui enregistr\u00e9 lors de l\u2019enqu\u00eate r\u00e9alis\u00e9e \u00e0 la fin du mois d\u2019ao\u00fbt. Cela signifie que [&hellip;]","og_url":"https:\/\/peoplesphere.be\/fr\/lermg-constate-linterruption-de-reprise-de-leconomie-septembre-lhorizon-reste-sombre-nos-entreprises\/","og_site_name":"Peoplesphere","article_publisher":"https:\/\/www.facebook.com\/peoplesphere","article_published_time":"2020-09-28T14:28:00+00:00","og_image":[{"url":"http:\/\/www.peoplesphere.be\/fr\/wp-content\/uploads\/2016\/07\/facebook-default-posting-1200x628px.jpg"}],"author":"Jean-Paul Erhard","twitter_card":"summary_large_image","twitter_creator":"@PeoplesphereMag","twitter_site":"@PeoplesphereMag","twitter_misc":{"\u00c9crit par":"Jean-Paul Erhard","Dur\u00e9e de lecture estim\u00e9e":"12 minutes"},"schema":{"@context":"https:\/\/schema.org","@graph":[{"@type":"Article","@id":"https:\/\/peoplesphere.be\/fr\/lermg-constate-linterruption-de-reprise-de-leconomie-septembre-lhorizon-reste-sombre-nos-entreprises\/#article","isPartOf":{"@id":"https:\/\/peoplesphere.be\/fr\/lermg-constate-linterruption-de-reprise-de-leconomie-septembre-lhorizon-reste-sombre-nos-entreprises\/"},"author":{"name":"Jean-Paul Erhard","@id":"https:\/\/peoplesphere.be\/fr\/#\/schema\/person\/7976225ff17988604334abb7b3536a7e"},"headline":"L&rsquo;ERMG constate l&rsquo;interruption de la reprise de l&rsquo;\u00e9conomie en septembre: l&rsquo;horizon reste sombre pour nos entreprises.","datePublished":"2020-09-28T14:28:00+00:00","dateModified":"2020-09-28T14:28:00+00:00","mainEntityOfPage":{"@id":"https:\/\/peoplesphere.be\/fr\/lermg-constate-linterruption-de-reprise-de-leconomie-septembre-lhorizon-reste-sombre-nos-entreprises\/"},"wordCount":2331,"publisher":{"@id":"https:\/\/peoplesphere.be\/fr\/#organization"},"keywords":["BNB","covid-19","emploi","ERMG","investissements","reprise \u00e9conomique"],"articleSection":["Actualit\u00e9s","Digital"],"inLanguage":"fr-FR"},{"@type":"WebPage","@id":"https:\/\/peoplesphere.be\/fr\/lermg-constate-linterruption-de-reprise-de-leconomie-septembre-lhorizon-reste-sombre-nos-entreprises\/","url":"https:\/\/peoplesphere.be\/fr\/lermg-constate-linterruption-de-reprise-de-leconomie-septembre-lhorizon-reste-sombre-nos-entreprises\/","name":"L'ERMG constate l'interruption de la reprise de l'\u00e9conomie en septembre: l'horizon reste sombre pour nos entreprises. - Peoplesphere","isPartOf":{"@id":"https:\/\/peoplesphere.be\/fr\/#website"},"datePublished":"2020-09-28T14:28:00+00:00","dateModified":"2020-09-28T14:28:00+00:00","breadcrumb":{"@id":"https:\/\/peoplesphere.be\/fr\/lermg-constate-linterruption-de-reprise-de-leconomie-septembre-lhorizon-reste-sombre-nos-entreprises\/#breadcrumb"},"inLanguage":"fr-FR","potentialAction":[{"@type":"ReadAction","target":["https:\/\/peoplesphere.be\/fr\/lermg-constate-linterruption-de-reprise-de-leconomie-septembre-lhorizon-reste-sombre-nos-entreprises\/"]}]},{"@type":"BreadcrumbList","@id":"https:\/\/peoplesphere.be\/fr\/lermg-constate-linterruption-de-reprise-de-leconomie-septembre-lhorizon-reste-sombre-nos-entreprises\/#breadcrumb","itemListElement":[{"@type":"ListItem","position":1,"name":"Accueil","item":"https:\/\/peoplesphere.be\/fr\/"},{"@type":"ListItem","position":2,"name":"L&rsquo;ERMG constate l&rsquo;interruption de la reprise de l&rsquo;\u00e9conomie en septembre: l&rsquo;horizon reste sombre pour nos entreprises."}]},{"@type":"WebSite","@id":"https:\/\/peoplesphere.be\/fr\/#website","url":"https:\/\/peoplesphere.be\/fr\/","name":"Peoplesphere","description":"The People Managers Magazine","publisher":{"@id":"https:\/\/peoplesphere.be\/fr\/#organization"},"potentialAction":[{"@type":"SearchAction","target":{"@type":"EntryPoint","urlTemplate":"https:\/\/peoplesphere.be\/fr\/?s={search_term_string}"},"query-input":"required name=search_term_string"}],"inLanguage":"fr-FR"},{"@type":"Organization","@id":"https:\/\/peoplesphere.be\/fr\/#organization","name":"Peoplesphere Company srl","url":"https:\/\/peoplesphere.be\/fr\/","logo":{"@type":"ImageObject","inLanguage":"fr-FR","@id":"https:\/\/peoplesphere.be\/fr\/#\/schema\/logo\/image\/","url":"https:\/\/peoplesphere.be\/fr\/wp-content\/uploads\/2023\/07\/peoplesphere-lgo-new-generik.jpg","contentUrl":"https:\/\/peoplesphere.be\/fr\/wp-content\/uploads\/2023\/07\/peoplesphere-lgo-new-generik.jpg","width":1031,"height":1479,"caption":"Peoplesphere Company srl"},"image":{"@id":"https:\/\/peoplesphere.be\/fr\/#\/schema\/logo\/image\/"},"sameAs":["https:\/\/www.facebook.com\/peoplesphere","https:\/\/twitter.com\/PeoplesphereMag","https:\/\/www.linkedin.com\/company\/7587361?trk","http:\/\/youtube.com\/peoplesphere"]},{"@type":"Person","@id":"https:\/\/peoplesphere.be\/fr\/#\/schema\/person\/7976225ff17988604334abb7b3536a7e","name":"Jean-Paul Erhard","image":{"@type":"ImageObject","inLanguage":"fr-FR","@id":"https:\/\/peoplesphere.be\/fr\/#\/schema\/person\/image\/","url":"https:\/\/secure.gravatar.com\/avatar\/f941e681460179738071629a51574930?s=96&d=mm&r=g","contentUrl":"https:\/\/secure.gravatar.com\/avatar\/f941e681460179738071629a51574930?s=96&d=mm&r=g","caption":"Jean-Paul Erhard"},"url":"https:\/\/peoplesphere.be\/fr\/author\/jpe\/"}]}},"_links":{"self":[{"href":"https:\/\/peoplesphere.be\/fr\/wp-json\/wp\/v2\/posts\/10193"}],"collection":[{"href":"https:\/\/peoplesphere.be\/fr\/wp-json\/wp\/v2\/posts"}],"about":[{"href":"https:\/\/peoplesphere.be\/fr\/wp-json\/wp\/v2\/types\/post"}],"author":[{"embeddable":true,"href":"https:\/\/peoplesphere.be\/fr\/wp-json\/wp\/v2\/users\/2"}],"replies":[{"embeddable":true,"href":"https:\/\/peoplesphere.be\/fr\/wp-json\/wp\/v2\/comments?post=10193"}],"version-history":[{"count":1,"href":"https:\/\/peoplesphere.be\/fr\/wp-json\/wp\/v2\/posts\/10193\/revisions"}],"predecessor-version":[{"id":10194,"href":"https:\/\/peoplesphere.be\/fr\/wp-json\/wp\/v2\/posts\/10193\/revisions\/10194"}],"wp:attachment":[{"href":"https:\/\/peoplesphere.be\/fr\/wp-json\/wp\/v2\/media?parent=10193"}],"wp:term":[{"taxonomy":"category","embeddable":true,"href":"https:\/\/peoplesphere.be\/fr\/wp-json\/wp\/v2\/categories?post=10193"},{"taxonomy":"post_tag","embeddable":true,"href":"https:\/\/peoplesphere.be\/fr\/wp-json\/wp\/v2\/tags?post=10193"}],"curies":[{"name":"wp","href":"https:\/\/api.w.org\/{rel}","templated":true}]}}