









{"id":10200,"date":"2020-09-29T10:51:46","date_gmt":"2020-09-29T08:51:46","guid":{"rendered":"https:\/\/peoplesphere.be\/fr\/?p=10200"},"modified":"2020-09-30T15:09:05","modified_gmt":"2020-09-30T13:09:05","slug":"premiers-cheques-permis-de-conduire-ont-ete-remis-aux-demandeurs-demploi","status":"publish","type":"post","link":"https:\/\/peoplesphere.be\/fr\/premiers-cheques-permis-de-conduire-ont-ete-remis-aux-demandeurs-demploi\/","title":{"rendered":"Les premiers &lsquo;ch\u00e8ques permis de conduire&rsquo; ont \u00e9t\u00e9 remis aux demandeurs d&#8217;emploi."},"content":{"rendered":"<p>Gr\u00e2ce aux efforts conjugu\u00e9s des partenaires du projet : le Forem, les CPAS, les Centres d\u2019insertion socio-professionnelle (CISP), les Missions r\u00e9gionales pour l\u2019emploi (MIRE) et, bien entendu, les \u00e9coles de conduite wallonnes agr\u00e9\u00e9es, les premiers \u00ab passeport drive \u00bb sont aujourd\u2019hui d\u00e9livr\u00e9s aux chercheurs d\u2019emploi qui remplissent les conditions requises pour pouvoir en b\u00e9n\u00e9ficier. Le \u00ab\u00a0passeport drive\u00a0\u00bb, v\u00e9ritable levier vers l\u2019emploi et outil de relance voyait ainsi le jour !<!--more--><\/p>\n<p>Il y a une dizaine de jours, \u00e0 l\u2019initiative de la Ministre de l\u2019Emploi, Christie Morreale, le Gouvernement de Wallonie marquait son accord sur l\u2019exp\u00e9rience pilote visant \u00e0 financer la formation au permis de conduire pour des personnes en recherche d\u2019emploi. Huit millions d\u2019euros \u00e9taient d\u00e9gag\u00e9s pour permettre \u00e0 pr\u00e8s de 4.000 personnes \u00e0 la recherche d\u2019un travail de s\u2019inscrire d\u2019ici la fin de l\u2019ann\u00e9e et de b\u00e9n\u00e9ficier de la gratuit\u00e9 pour passer leur permis de conduire, la Wallonie subventionnant les cours th\u00e9oriques, pratiques et les examens du permis.<\/p>\n<p>D\u00e8s l\u2019adoption de la mesure, les chercheur.euse.s d\u2019emploi pouvant b\u00e9n\u00e9ficier de la mesure ont \u00e9t\u00e9 contact\u00e9s par les partenaires. Le succ\u00e8s fut imm\u00e9diat, 720 demandes ont d\u2019ores et d\u00e9j\u00e0 \u00e9t\u00e9 enregistr\u00e9es et sont en cours de validation.<\/p>\n<p>Pour rappel, cette mesure est propos\u00e9e aux personnes \u00e0 la recherche d\u2019un emploi qui suivent ou ont termin\u00e9 une formation en 2020 (au Forem ou aupr\u00e8s d\u2019un partenaire conventionn\u00e9 avec le Forem) ainsi qu\u2019\u00e0 celles inscrites dans une d\u00e9marche d\u2019insertion socio-professionnelle aupr\u00e8s d\u2019un CPAS ou d\u2019une mission r\u00e9gionale pour l\u2019emploi (MIRE).<br \/>\nSelon les derniers chiffres d\u2019ao\u00fbt 2020, sur les 222.481 demandeurs d\u2019emploi en Wallonie, 44% n\u2019ont pas de permis de conduire et 53,3% d\u2019entre eux sont des femmes. Par ailleurs, d\u2019apr\u00e8s une \u00e9tude men\u00e9e par le Forem, d\u00e9tenir le permis de conduire augmente, en moyenne, la probabilit\u00e9 d\u2019insertion \u00e0 l\u2019emploi d\u2019un peu plus de 10 %.<\/p>\n<p>Cette mesure pilote \u00ab passeport drive \u00bb, qui vient d\u2019\u00eatre lanc\u00e9e sera \u00e9valu\u00e9e fin 2020. Si les r\u00e9sultats sont positifs, la Ministre Morreale esp\u00e8re pouvoir la p\u00e9renniser.<\/p>\n<p><em>Source: Forem<\/em><\/p>\n","protected":false},"excerpt":{"rendered":"<p>Gr\u00e2ce aux efforts conjugu\u00e9s des partenaires du projet : le Forem, les CPAS, les Centres d\u2019insertion socio-professionnelle (CISP), les Missions r\u00e9gionales pour l\u2019emploi (MIRE) et, bien entendu, les \u00e9coles de conduite wallonnes agr\u00e9\u00e9es, les premiers \u00ab passeport drive \u00bb sont [&hellip;]<\/p>\n","protected":false},"author":2,"featured_media":10201,"comment_status":"closed","ping_status":"open","sticky":false,"template":"","format":"standard","meta":[],"categories":[65,10],"tags":[],"yoast_head":"<!-- This site is optimized with the Yoast SEO plugin v21.0 - https:\/\/yoast.com\/wordpress\/plugins\/seo\/ -->\n<title>Les premiers &#039;ch\u00e8ques permis de conduire&#039; ont \u00e9t\u00e9 remis aux demandeurs d&#039;emploi. - Peoplesphere<\/title>\n<meta name=\"robots\" content=\"index, follow, max-snippet:-1, max-image-preview:large, max-video-preview:-1\" \/>\n<link rel=\"canonical\" href=\"https:\/\/peoplesphere.be\/fr\/premiers-cheques-permis-de-conduire-ont-ete-remis-aux-demandeurs-demploi\/\" \/>\n<meta property=\"og:locale\" content=\"fr_FR\" \/>\n<meta property=\"og:type\" content=\"article\" \/>\n<meta property=\"og:title\" content=\"Les premiers &#039;ch\u00e8ques permis de conduire&#039; ont \u00e9t\u00e9 remis aux demandeurs d&#039;emploi. - Peoplesphere\" \/>\n<meta property=\"og:description\" content=\"Gr\u00e2ce aux efforts conjugu\u00e9s des partenaires du projet : le Forem, les CPAS, les Centres d\u2019insertion socio-professionnelle (CISP), les Missions r\u00e9gionales pour l\u2019emploi (MIRE) et, bien entendu, les \u00e9coles de conduite wallonnes agr\u00e9\u00e9es, les premiers \u00ab passeport drive \u00bb sont [&hellip;]\" \/>\n<meta property=\"og:url\" content=\"https:\/\/peoplesphere.be\/fr\/premiers-cheques-permis-de-conduire-ont-ete-remis-aux-demandeurs-demploi\/\" \/>\n<meta property=\"og:site_name\" content=\"Peoplesphere\" \/>\n<meta property=\"article:publisher\" content=\"https:\/\/www.facebook.com\/peoplesphere\" \/>\n<meta property=\"article:published_time\" content=\"2020-09-29T08:51:46+00:00\" \/>\n<meta property=\"article:modified_time\" content=\"2020-09-30T13:09:05+00:00\" \/>\n<meta property=\"og:image\" content=\"https:\/\/peoplesphere.be\/fr\/wp-content\/uploads\/2020\/09\/PasseportDrive02.jpg\" \/>\n\t<meta property=\"og:image:width\" content=\"850\" \/>\n\t<meta property=\"og:image:height\" content=\"638\" \/>\n\t<meta property=\"og:image:type\" content=\"image\/jpeg\" \/>\n<meta name=\"author\" content=\"Jean-Paul Erhard\" \/>\n<meta name=\"twitter:card\" content=\"summary_large_image\" \/>\n<meta name=\"twitter:creator\" content=\"@PeoplesphereMag\" \/>\n<meta name=\"twitter:site\" content=\"@PeoplesphereMag\" \/>\n<meta name=\"twitter:label1\" content=\"\u00c9crit par\" \/>\n\t<meta name=\"twitter:data1\" content=\"Jean-Paul Erhard\" \/>\n\t<meta name=\"twitter:label2\" content=\"Dur\u00e9e de lecture estim\u00e9e\" \/>\n\t<meta name=\"twitter:data2\" content=\"2 minutes\" \/>\n<script type=\"application\/ld+json\" class=\"yoast-schema-graph\">{\"@context\":\"https:\/\/schema.org\",\"@graph\":[{\"@type\":\"Article\",\"@id\":\"https:\/\/peoplesphere.be\/fr\/premiers-cheques-permis-de-conduire-ont-ete-remis-aux-demandeurs-demploi\/#article\",\"isPartOf\":{\"@id\":\"https:\/\/peoplesphere.be\/fr\/premiers-cheques-permis-de-conduire-ont-ete-remis-aux-demandeurs-demploi\/\"},\"author\":{\"name\":\"Jean-Paul Erhard\",\"@id\":\"https:\/\/peoplesphere.be\/fr\/#\/schema\/person\/7976225ff17988604334abb7b3536a7e\"},\"headline\":\"Les premiers &lsquo;ch\u00e8ques permis de conduire&rsquo; ont \u00e9t\u00e9 remis aux demandeurs d&#8217;emploi.\",\"datePublished\":\"2020-09-29T08:51:46+00:00\",\"dateModified\":\"2020-09-30T13:09:05+00:00\",\"mainEntityOfPage\":{\"@id\":\"https:\/\/peoplesphere.be\/fr\/premiers-cheques-permis-de-conduire-ont-ete-remis-aux-demandeurs-demploi\/\"},\"wordCount\":395,\"publisher\":{\"@id\":\"https:\/\/peoplesphere.be\/fr\/#organization\"},\"articleSection\":[\"Actualit\u00e9s\",\"Digital\"],\"inLanguage\":\"fr-FR\"},{\"@type\":\"WebPage\",\"@id\":\"https:\/\/peoplesphere.be\/fr\/premiers-cheques-permis-de-conduire-ont-ete-remis-aux-demandeurs-demploi\/\",\"url\":\"https:\/\/peoplesphere.be\/fr\/premiers-cheques-permis-de-conduire-ont-ete-remis-aux-demandeurs-demploi\/\",\"name\":\"Les premiers 'ch\u00e8ques permis de conduire' ont \u00e9t\u00e9 remis aux demandeurs d'emploi. - Peoplesphere\",\"isPartOf\":{\"@id\":\"https:\/\/peoplesphere.be\/fr\/#website\"},\"datePublished\":\"2020-09-29T08:51:46+00:00\",\"dateModified\":\"2020-09-30T13:09:05+00:00\",\"breadcrumb\":{\"@id\":\"https:\/\/peoplesphere.be\/fr\/premiers-cheques-permis-de-conduire-ont-ete-remis-aux-demandeurs-demploi\/#breadcrumb\"},\"inLanguage\":\"fr-FR\",\"potentialAction\":[{\"@type\":\"ReadAction\",\"target\":[\"https:\/\/peoplesphere.be\/fr\/premiers-cheques-permis-de-conduire-ont-ete-remis-aux-demandeurs-demploi\/\"]}]},{\"@type\":\"BreadcrumbList\",\"@id\":\"https:\/\/peoplesphere.be\/fr\/premiers-cheques-permis-de-conduire-ont-ete-remis-aux-demandeurs-demploi\/#breadcrumb\",\"itemListElement\":[{\"@type\":\"ListItem\",\"position\":1,\"name\":\"Accueil\",\"item\":\"https:\/\/peoplesphere.be\/fr\/\"},{\"@type\":\"ListItem\",\"position\":2,\"name\":\"Les premiers &lsquo;ch\u00e8ques permis de conduire&rsquo; ont \u00e9t\u00e9 remis aux demandeurs d&#8217;emploi.\"}]},{\"@type\":\"WebSite\",\"@id\":\"https:\/\/peoplesphere.be\/fr\/#website\",\"url\":\"https:\/\/peoplesphere.be\/fr\/\",\"name\":\"Peoplesphere\",\"description\":\"The People Managers Magazine\",\"publisher\":{\"@id\":\"https:\/\/peoplesphere.be\/fr\/#organization\"},\"potentialAction\":[{\"@type\":\"SearchAction\",\"target\":{\"@type\":\"EntryPoint\",\"urlTemplate\":\"https:\/\/peoplesphere.be\/fr\/?s={search_term_string}\"},\"query-input\":\"required name=search_term_string\"}],\"inLanguage\":\"fr-FR\"},{\"@type\":\"Organization\",\"@id\":\"https:\/\/peoplesphere.be\/fr\/#organization\",\"name\":\"Peoplesphere Company srl\",\"url\":\"https:\/\/peoplesphere.be\/fr\/\",\"logo\":{\"@type\":\"ImageObject\",\"inLanguage\":\"fr-FR\",\"@id\":\"https:\/\/peoplesphere.be\/fr\/#\/schema\/logo\/image\/\",\"url\":\"https:\/\/peoplesphere.be\/fr\/wp-content\/uploads\/2023\/07\/peoplesphere-lgo-new-generik.jpg\",\"contentUrl\":\"https:\/\/peoplesphere.be\/fr\/wp-content\/uploads\/2023\/07\/peoplesphere-lgo-new-generik.jpg\",\"width\":1031,\"height\":1479,\"caption\":\"Peoplesphere Company srl\"},\"image\":{\"@id\":\"https:\/\/peoplesphere.be\/fr\/#\/schema\/logo\/image\/\"},\"sameAs\":[\"https:\/\/www.facebook.com\/peoplesphere\",\"https:\/\/twitter.com\/PeoplesphereMag\",\"https:\/\/www.linkedin.com\/company\/7587361?trk\",\"http:\/\/youtube.com\/peoplesphere\"]},{\"@type\":\"Person\",\"@id\":\"https:\/\/peoplesphere.be\/fr\/#\/schema\/person\/7976225ff17988604334abb7b3536a7e\",\"name\":\"Jean-Paul Erhard\",\"image\":{\"@type\":\"ImageObject\",\"inLanguage\":\"fr-FR\",\"@id\":\"https:\/\/peoplesphere.be\/fr\/#\/schema\/person\/image\/\",\"url\":\"https:\/\/secure.gravatar.com\/avatar\/f941e681460179738071629a51574930?s=96&d=mm&r=g\",\"contentUrl\":\"https:\/\/secure.gravatar.com\/avatar\/f941e681460179738071629a51574930?s=96&d=mm&r=g\",\"caption\":\"Jean-Paul Erhard\"},\"url\":\"https:\/\/peoplesphere.be\/fr\/author\/jpe\/\"}]}<\/script>\n<!-- \/ Yoast SEO plugin. -->","yoast_head_json":{"title":"Les premiers 'ch\u00e8ques permis de conduire' ont \u00e9t\u00e9 remis aux demandeurs d'emploi. - Peoplesphere","robots":{"index":"index","follow":"follow","max-snippet":"max-snippet:-1","max-image-preview":"max-image-preview:large","max-video-preview":"max-video-preview:-1"},"canonical":"https:\/\/peoplesphere.be\/fr\/premiers-cheques-permis-de-conduire-ont-ete-remis-aux-demandeurs-demploi\/","og_locale":"fr_FR","og_type":"article","og_title":"Les premiers 'ch\u00e8ques permis de conduire' ont \u00e9t\u00e9 remis aux demandeurs d'emploi. - Peoplesphere","og_description":"Gr\u00e2ce aux efforts conjugu\u00e9s des partenaires du projet : le Forem, les CPAS, les Centres d\u2019insertion socio-professionnelle (CISP), les Missions r\u00e9gionales pour l\u2019emploi (MIRE) et, bien entendu, les \u00e9coles de conduite wallonnes agr\u00e9\u00e9es, les premiers \u00ab passeport drive \u00bb sont [&hellip;]","og_url":"https:\/\/peoplesphere.be\/fr\/premiers-cheques-permis-de-conduire-ont-ete-remis-aux-demandeurs-demploi\/","og_site_name":"Peoplesphere","article_publisher":"https:\/\/www.facebook.com\/peoplesphere","article_published_time":"2020-09-29T08:51:46+00:00","article_modified_time":"2020-09-30T13:09:05+00:00","og_image":[{"width":850,"height":638,"url":"https:\/\/peoplesphere.be\/fr\/wp-content\/uploads\/2020\/09\/PasseportDrive02.jpg","type":"image\/jpeg"}],"author":"Jean-Paul Erhard","twitter_card":"summary_large_image","twitter_creator":"@PeoplesphereMag","twitter_site":"@PeoplesphereMag","twitter_misc":{"\u00c9crit par":"Jean-Paul Erhard","Dur\u00e9e de lecture estim\u00e9e":"2 minutes"},"schema":{"@context":"https:\/\/schema.org","@graph":[{"@type":"Article","@id":"https:\/\/peoplesphere.be\/fr\/premiers-cheques-permis-de-conduire-ont-ete-remis-aux-demandeurs-demploi\/#article","isPartOf":{"@id":"https:\/\/peoplesphere.be\/fr\/premiers-cheques-permis-de-conduire-ont-ete-remis-aux-demandeurs-demploi\/"},"author":{"name":"Jean-Paul Erhard","@id":"https:\/\/peoplesphere.be\/fr\/#\/schema\/person\/7976225ff17988604334abb7b3536a7e"},"headline":"Les premiers &lsquo;ch\u00e8ques permis de conduire&rsquo; ont \u00e9t\u00e9 remis aux demandeurs d&#8217;emploi.","datePublished":"2020-09-29T08:51:46+00:00","dateModified":"2020-09-30T13:09:05+00:00","mainEntityOfPage":{"@id":"https:\/\/peoplesphere.be\/fr\/premiers-cheques-permis-de-conduire-ont-ete-remis-aux-demandeurs-demploi\/"},"wordCount":395,"publisher":{"@id":"https:\/\/peoplesphere.be\/fr\/#organization"},"articleSection":["Actualit\u00e9s","Digital"],"inLanguage":"fr-FR"},{"@type":"WebPage","@id":"https:\/\/peoplesphere.be\/fr\/premiers-cheques-permis-de-conduire-ont-ete-remis-aux-demandeurs-demploi\/","url":"https:\/\/peoplesphere.be\/fr\/premiers-cheques-permis-de-conduire-ont-ete-remis-aux-demandeurs-demploi\/","name":"Les premiers 'ch\u00e8ques permis de conduire' ont \u00e9t\u00e9 remis aux demandeurs d'emploi. - Peoplesphere","isPartOf":{"@id":"https:\/\/peoplesphere.be\/fr\/#website"},"datePublished":"2020-09-29T08:51:46+00:00","dateModified":"2020-09-30T13:09:05+00:00","breadcrumb":{"@id":"https:\/\/peoplesphere.be\/fr\/premiers-cheques-permis-de-conduire-ont-ete-remis-aux-demandeurs-demploi\/#breadcrumb"},"inLanguage":"fr-FR","potentialAction":[{"@type":"ReadAction","target":["https:\/\/peoplesphere.be\/fr\/premiers-cheques-permis-de-conduire-ont-ete-remis-aux-demandeurs-demploi\/"]}]},{"@type":"BreadcrumbList","@id":"https:\/\/peoplesphere.be\/fr\/premiers-cheques-permis-de-conduire-ont-ete-remis-aux-demandeurs-demploi\/#breadcrumb","itemListElement":[{"@type":"ListItem","position":1,"name":"Accueil","item":"https:\/\/peoplesphere.be\/fr\/"},{"@type":"ListItem","position":2,"name":"Les premiers &lsquo;ch\u00e8ques permis de conduire&rsquo; ont \u00e9t\u00e9 remis aux demandeurs d&#8217;emploi."}]},{"@type":"WebSite","@id":"https:\/\/peoplesphere.be\/fr\/#website","url":"https:\/\/peoplesphere.be\/fr\/","name":"Peoplesphere","description":"The People Managers Magazine","publisher":{"@id":"https:\/\/peoplesphere.be\/fr\/#organization"},"potentialAction":[{"@type":"SearchAction","target":{"@type":"EntryPoint","urlTemplate":"https:\/\/peoplesphere.be\/fr\/?s={search_term_string}"},"query-input":"required name=search_term_string"}],"inLanguage":"fr-FR"},{"@type":"Organization","@id":"https:\/\/peoplesphere.be\/fr\/#organization","name":"Peoplesphere Company srl","url":"https:\/\/peoplesphere.be\/fr\/","logo":{"@type":"ImageObject","inLanguage":"fr-FR","@id":"https:\/\/peoplesphere.be\/fr\/#\/schema\/logo\/image\/","url":"https:\/\/peoplesphere.be\/fr\/wp-content\/uploads\/2023\/07\/peoplesphere-lgo-new-generik.jpg","contentUrl":"https:\/\/peoplesphere.be\/fr\/wp-content\/uploads\/2023\/07\/peoplesphere-lgo-new-generik.jpg","width":1031,"height":1479,"caption":"Peoplesphere Company srl"},"image":{"@id":"https:\/\/peoplesphere.be\/fr\/#\/schema\/logo\/image\/"},"sameAs":["https:\/\/www.facebook.com\/peoplesphere","https:\/\/twitter.com\/PeoplesphereMag","https:\/\/www.linkedin.com\/company\/7587361?trk","http:\/\/youtube.com\/peoplesphere"]},{"@type":"Person","@id":"https:\/\/peoplesphere.be\/fr\/#\/schema\/person\/7976225ff17988604334abb7b3536a7e","name":"Jean-Paul Erhard","image":{"@type":"ImageObject","inLanguage":"fr-FR","@id":"https:\/\/peoplesphere.be\/fr\/#\/schema\/person\/image\/","url":"https:\/\/secure.gravatar.com\/avatar\/f941e681460179738071629a51574930?s=96&d=mm&r=g","contentUrl":"https:\/\/secure.gravatar.com\/avatar\/f941e681460179738071629a51574930?s=96&d=mm&r=g","caption":"Jean-Paul Erhard"},"url":"https:\/\/peoplesphere.be\/fr\/author\/jpe\/"}]}},"_links":{"self":[{"href":"https:\/\/peoplesphere.be\/fr\/wp-json\/wp\/v2\/posts\/10200"}],"collection":[{"href":"https:\/\/peoplesphere.be\/fr\/wp-json\/wp\/v2\/posts"}],"about":[{"href":"https:\/\/peoplesphere.be\/fr\/wp-json\/wp\/v2\/types\/post"}],"author":[{"embeddable":true,"href":"https:\/\/peoplesphere.be\/fr\/wp-json\/wp\/v2\/users\/2"}],"replies":[{"embeddable":true,"href":"https:\/\/peoplesphere.be\/fr\/wp-json\/wp\/v2\/comments?post=10200"}],"version-history":[{"count":2,"href":"https:\/\/peoplesphere.be\/fr\/wp-json\/wp\/v2\/posts\/10200\/revisions"}],"predecessor-version":[{"id":10214,"href":"https:\/\/peoplesphere.be\/fr\/wp-json\/wp\/v2\/posts\/10200\/revisions\/10214"}],"wp:featuredmedia":[{"embeddable":true,"href":"https:\/\/peoplesphere.be\/fr\/wp-json\/wp\/v2\/media\/10201"}],"wp:attachment":[{"href":"https:\/\/peoplesphere.be\/fr\/wp-json\/wp\/v2\/media?parent=10200"}],"wp:term":[{"taxonomy":"category","embeddable":true,"href":"https:\/\/peoplesphere.be\/fr\/wp-json\/wp\/v2\/categories?post=10200"},{"taxonomy":"post_tag","embeddable":true,"href":"https:\/\/peoplesphere.be\/fr\/wp-json\/wp\/v2\/tags?post=10200"}],"curies":[{"name":"wp","href":"https:\/\/api.w.org\/{rel}","templated":true}]}}