









{"id":10203,"date":"2020-09-29T15:32:26","date_gmt":"2020-09-29T13:32:26","guid":{"rendered":"https:\/\/peoplesphere.be\/fr\/?p=10203"},"modified":"2020-09-29T15:39:58","modified_gmt":"2020-09-29T13:39:58","slug":"marche-de-lemploi-a-larret-engagements-ruptures-de-contrats-forte-diminution","status":"publish","type":"post","link":"https:\/\/peoplesphere.be\/fr\/marche-de-lemploi-a-larret-engagements-ruptures-de-contrats-forte-diminution\/","title":{"rendered":"Le march\u00e9 de l&#8217;emploi \u00e0 l&rsquo;arr\u00eat? Les engagements et les ruptures de contrats sont en forte diminution."},"content":{"rendered":"<p>Le coronavirus provoque une remarquable stagnation du march\u00e9 de l\u2019emploi.\u00a0Depuis le confinement, le nombre de ruptures de contrats de travail \u00e0 dur\u00e9e ind\u00e9termin\u00e9e a diminu\u00e9 de 15 % en Belgique. Les nouveaux contrats de travail ont \u00e9galement connu une baisse jusqu\u2019\u00e0 41 %. Autre rupture de tendance marquante : durant le confinement, la rupture de contrat a plus souvent \u00e9t\u00e9 initi\u00e9e par l\u2019employeur. Auparavant, la d\u00e9cision de rompre le contrat venait surtout des collaborateurs.<!--more--><\/p>\n<p>Depuis le confinement, le nombre de ruptures de contrats \u00e0 dur\u00e9e ind\u00e9termin\u00e9e a diminu\u00e9 de 15 % par rapport \u00e0 la m\u00eame p\u00e9riode l\u2019ann\u00e9e derni\u00e8re. C\u2019est en avril que l\u2019on constate la plus grande baisse : &#8211; 15,62 % par rapport \u00e0 avril 2019. Les mois de mars, mai, juin et ao\u00fbt pr\u00e9sentent toutefois aussi au moins 10 % de ruptures de contrats en moins que l\u2019ann\u00e9e derni\u00e8re.<\/p>\n<p>Amandine Boseret, conseill\u00e8re juridique chez Acerta, d\u00e9clare : \u00ab\u00a0<em>Les chiffres s\u2019expliquent par le fait que le march\u00e9 de l\u2019emploi est pass\u00e9 en mode de survie pendant la crise du coronavirus. Les entreprises pouvaient se rabattre sur des filets de s\u00e9curit\u00e9 tels que le ch\u00f4mage temporaire corona et le cong\u00e9 parental corona. Tr\u00e8s vite, ils ont eu le r\u00e9flexe de se dire que face \u00e0 cette situation in\u00e9dite, ils ne devaient pas prendre de d\u00e9cision h\u00e2tive. La p\u00e9nurie sur le march\u00e9 de l\u2019emploi se poursuivra m\u00eame apr\u00e8s le coronavirus, il est donc pr\u00e9f\u00e9rable de conserver autant que possible vos collaborateurs.\u00a0\u00bb<\/em><\/p>\n<p><em><strong>L\u2019employeur le plus souvent \u00e0 l\u2019initiative de la rupture de contrat<\/strong><\/em><\/p>\n<p>M\u00eame si les derniers mois ont vu une diminution du nombre de ruptures de contrat, Acerta a toutefois constat\u00e9 une rupture de tendance : de plus en plus d\u2019employeurs ont eux-m\u00eames pris l\u2019initiative de rompre le contrat. Avant la crise du coronavirus, l\u2019initiative de rompre le contrat venait g\u00e9n\u00e9ralement du travailleur. En mai et juin, les employeurs ont toutefois pris l\u2019avantage. Pr\u00e8s de trois ruptures de contrat sur dix \u00e9taient forc\u00e9es.<\/p>\n<p>Une rupture sur trois se fait n\u00e9anmoins encore de commun accord, cette part est rest\u00e9e plus ou moins la m\u00eame ces derniers mois.erta<\/p>\n<p>&nbsp;<\/p>\n<p><em>\u00ab\u00a0Nous constatons une nette augmentation du nombre de dossiers d\u2019outplacement. C\u2019est une cons\u00e9quence imm\u00e9diate du r\u00f4le plus actif de l\u2019employeur dans les chiffres de ruptures de contrat. Seuls les licenciements sont susceptibles d&rsquo;activer un trajet d\u2019outplacement.\u00a0\u00bb<\/em><\/p>\n<p><strong><em>Jusqu\u2019\u00e0 41 % de nouveaux contrats en moins sur le march\u00e9 de l\u2019emploi<\/em><\/strong><\/p>\n<p>Le coronavirus a paralys\u00e9 le march\u00e9 de l\u2019emploi, car les nouveaux contrats \u00e0 dur\u00e9e ind\u00e9termin\u00e9e connaissent \u00e9galement une baisse depuis le mois de f\u00e9vrier. Depuis le mois de mai, ils sont m\u00eame en chute libre. Ce mois de mai a connu une baisse de 41,44 % de contrats \u00e0 dur\u00e9e ind\u00e9termin\u00e9e par rapport \u00e0 2019. En juin, juillet et ao\u00fbt aussi, les pourcentages sont rest\u00e9s nettement inf\u00e9rieurs au niveau de 2019.<\/p>\n<p><em>\u00ab\u00a0Ces derniers temps, chez Acerta, nous recevons nettement plus de demandes juridiques concernant le licenciement. Il est toutefois toujours de notre responsabilit\u00e9 \u00e0 tous de bien envisager toutes les options et de ne pas se pr\u00e9cipiter vers le licenciement classique. Il existe certainement encore d\u2019autres options, pensez au \u201cpr\u00eat\u201d temporaire de collaborateurs \u00e0 des secteurs qui connaissent actuellement un pic d\u2019activit\u00e9. La flexibilisation et l\u2019individualisation du march\u00e9 de l\u2019emploi ont r\u00e9v\u00e9l\u00e9 de nouvelles pistes RH dont nous pouvons maintenant tester la valeur. Nous remarquons \u00e9galement que cela pr\u00e9occupe les employeurs aux questions que nous recevons. D\u2019une part, ils restent prudents en mati\u00e8re d\u2019embauche de nouveaux collaborateurs en raison de l\u2019incertitude. D\u2019autre part, ils sont conscients que le licenciement n\u2019est pas souhaitable \u00e0 moyen terme pour conserver leurs talents. Repartir de z\u00e9ro parce que vous avez licenci\u00e9 vos travailleurs pour devoir en recruter d\u2019autres apr\u00e8s n\u2019est en aucun cas le sc\u00e9nario id\u00e9al pour une reprise rapide.\u00a0\u00bb<\/em><\/p>\n<p>&nbsp;<\/p>\n<p><em>Source : les donn\u00e9es recueillies sont bas\u00e9es sur un \u00e9chantillon repr\u00e9sentatif de collaborateurs en service aupr\u00e8s de plus de 40\u2009000 employeurs issus du secteur priv\u00e9, auquel appartiennent aussi bien des PME que des grandes entreprises.<\/em><\/p>\n","protected":false},"excerpt":{"rendered":"<p>Le coronavirus provoque une remarquable stagnation du march\u00e9 de l\u2019emploi.\u00a0Depuis le confinement, le nombre de ruptures de contrats de travail \u00e0 dur\u00e9e ind\u00e9termin\u00e9e a diminu\u00e9 de 15 % en Belgique. Les nouveaux contrats de travail ont \u00e9galement connu une baisse [&hellip;]<\/p>\n","protected":false},"author":2,"featured_media":0,"comment_status":"closed","ping_status":"open","sticky":false,"template":"","format":"standard","meta":[],"categories":[65,10],"tags":[271,208,702,72,1148],"yoast_head":"<!-- This site is optimized with the Yoast SEO plugin v21.0 - https:\/\/yoast.com\/wordpress\/plugins\/seo\/ -->\n<title>Le march\u00e9 de l&#039;emploi \u00e0 l&#039;arr\u00eat? Les engagements et les ruptures de contrats sont en forte diminution. - Peoplesphere<\/title>\n<meta name=\"robots\" content=\"index, follow, max-snippet:-1, max-image-preview:large, max-video-preview:-1\" \/>\n<link rel=\"canonical\" href=\"https:\/\/peoplesphere.be\/fr\/marche-de-lemploi-a-larret-engagements-ruptures-de-contrats-forte-diminution\/\" \/>\n<meta property=\"og:locale\" content=\"fr_FR\" \/>\n<meta property=\"og:type\" content=\"article\" \/>\n<meta property=\"og:title\" content=\"Le march\u00e9 de l&#039;emploi \u00e0 l&#039;arr\u00eat? Les engagements et les ruptures de contrats sont en forte diminution. - Peoplesphere\" \/>\n<meta property=\"og:description\" content=\"Le coronavirus provoque une remarquable stagnation du march\u00e9 de l\u2019emploi.\u00a0Depuis le confinement, le nombre de ruptures de contrats de travail \u00e0 dur\u00e9e ind\u00e9termin\u00e9e a diminu\u00e9 de 15 % en Belgique. Les nouveaux contrats de travail ont \u00e9galement connu une baisse [&hellip;]\" \/>\n<meta property=\"og:url\" content=\"https:\/\/peoplesphere.be\/fr\/marche-de-lemploi-a-larret-engagements-ruptures-de-contrats-forte-diminution\/\" \/>\n<meta property=\"og:site_name\" content=\"Peoplesphere\" \/>\n<meta property=\"article:publisher\" content=\"https:\/\/www.facebook.com\/peoplesphere\" \/>\n<meta property=\"article:published_time\" content=\"2020-09-29T13:32:26+00:00\" \/>\n<meta property=\"article:modified_time\" content=\"2020-09-29T13:39:58+00:00\" \/>\n<meta property=\"og:image\" content=\"http:\/\/www.peoplesphere.be\/fr\/wp-content\/uploads\/2016\/07\/facebook-default-posting-1200x628px.jpg\" \/>\n<meta name=\"author\" content=\"Jean-Paul Erhard\" \/>\n<meta name=\"twitter:card\" content=\"summary_large_image\" \/>\n<meta name=\"twitter:creator\" content=\"@PeoplesphereMag\" \/>\n<meta name=\"twitter:site\" content=\"@PeoplesphereMag\" \/>\n<meta name=\"twitter:label1\" content=\"\u00c9crit par\" \/>\n\t<meta name=\"twitter:data1\" content=\"Jean-Paul Erhard\" \/>\n\t<meta name=\"twitter:label2\" content=\"Dur\u00e9e de lecture estim\u00e9e\" \/>\n\t<meta name=\"twitter:data2\" content=\"4 minutes\" \/>\n<script type=\"application\/ld+json\" class=\"yoast-schema-graph\">{\"@context\":\"https:\/\/schema.org\",\"@graph\":[{\"@type\":\"Article\",\"@id\":\"https:\/\/peoplesphere.be\/fr\/marche-de-lemploi-a-larret-engagements-ruptures-de-contrats-forte-diminution\/#article\",\"isPartOf\":{\"@id\":\"https:\/\/peoplesphere.be\/fr\/marche-de-lemploi-a-larret-engagements-ruptures-de-contrats-forte-diminution\/\"},\"author\":{\"name\":\"Jean-Paul Erhard\",\"@id\":\"https:\/\/peoplesphere.be\/fr\/#\/schema\/person\/7976225ff17988604334abb7b3536a7e\"},\"headline\":\"Le march\u00e9 de l&#8217;emploi \u00e0 l&rsquo;arr\u00eat? Les engagements et les ruptures de contrats sont en forte diminution.\",\"datePublished\":\"2020-09-29T13:32:26+00:00\",\"dateModified\":\"2020-09-29T13:39:58+00:00\",\"mainEntityOfPage\":{\"@id\":\"https:\/\/peoplesphere.be\/fr\/marche-de-lemploi-a-larret-engagements-ruptures-de-contrats-forte-diminution\/\"},\"wordCount\":741,\"publisher\":{\"@id\":\"https:\/\/peoplesphere.be\/fr\/#organization\"},\"keywords\":[\"acerta\",\"engagement\",\"march\u00e9 de l'emploi\",\"recrutement\",\"rupture de contrat\"],\"articleSection\":[\"Actualit\u00e9s\",\"Digital\"],\"inLanguage\":\"fr-FR\"},{\"@type\":\"WebPage\",\"@id\":\"https:\/\/peoplesphere.be\/fr\/marche-de-lemploi-a-larret-engagements-ruptures-de-contrats-forte-diminution\/\",\"url\":\"https:\/\/peoplesphere.be\/fr\/marche-de-lemploi-a-larret-engagements-ruptures-de-contrats-forte-diminution\/\",\"name\":\"Le march\u00e9 de l'emploi \u00e0 l'arr\u00eat? Les engagements et les ruptures de contrats sont en forte diminution. - Peoplesphere\",\"isPartOf\":{\"@id\":\"https:\/\/peoplesphere.be\/fr\/#website\"},\"datePublished\":\"2020-09-29T13:32:26+00:00\",\"dateModified\":\"2020-09-29T13:39:58+00:00\",\"breadcrumb\":{\"@id\":\"https:\/\/peoplesphere.be\/fr\/marche-de-lemploi-a-larret-engagements-ruptures-de-contrats-forte-diminution\/#breadcrumb\"},\"inLanguage\":\"fr-FR\",\"potentialAction\":[{\"@type\":\"ReadAction\",\"target\":[\"https:\/\/peoplesphere.be\/fr\/marche-de-lemploi-a-larret-engagements-ruptures-de-contrats-forte-diminution\/\"]}]},{\"@type\":\"BreadcrumbList\",\"@id\":\"https:\/\/peoplesphere.be\/fr\/marche-de-lemploi-a-larret-engagements-ruptures-de-contrats-forte-diminution\/#breadcrumb\",\"itemListElement\":[{\"@type\":\"ListItem\",\"position\":1,\"name\":\"Accueil\",\"item\":\"https:\/\/peoplesphere.be\/fr\/\"},{\"@type\":\"ListItem\",\"position\":2,\"name\":\"Le march\u00e9 de l&#8217;emploi \u00e0 l&rsquo;arr\u00eat? Les engagements et les ruptures de contrats sont en forte diminution.\"}]},{\"@type\":\"WebSite\",\"@id\":\"https:\/\/peoplesphere.be\/fr\/#website\",\"url\":\"https:\/\/peoplesphere.be\/fr\/\",\"name\":\"Peoplesphere\",\"description\":\"The People Managers Magazine\",\"publisher\":{\"@id\":\"https:\/\/peoplesphere.be\/fr\/#organization\"},\"potentialAction\":[{\"@type\":\"SearchAction\",\"target\":{\"@type\":\"EntryPoint\",\"urlTemplate\":\"https:\/\/peoplesphere.be\/fr\/?s={search_term_string}\"},\"query-input\":\"required name=search_term_string\"}],\"inLanguage\":\"fr-FR\"},{\"@type\":\"Organization\",\"@id\":\"https:\/\/peoplesphere.be\/fr\/#organization\",\"name\":\"Peoplesphere Company srl\",\"url\":\"https:\/\/peoplesphere.be\/fr\/\",\"logo\":{\"@type\":\"ImageObject\",\"inLanguage\":\"fr-FR\",\"@id\":\"https:\/\/peoplesphere.be\/fr\/#\/schema\/logo\/image\/\",\"url\":\"https:\/\/peoplesphere.be\/fr\/wp-content\/uploads\/2023\/07\/peoplesphere-lgo-new-generik.jpg\",\"contentUrl\":\"https:\/\/peoplesphere.be\/fr\/wp-content\/uploads\/2023\/07\/peoplesphere-lgo-new-generik.jpg\",\"width\":1031,\"height\":1479,\"caption\":\"Peoplesphere Company srl\"},\"image\":{\"@id\":\"https:\/\/peoplesphere.be\/fr\/#\/schema\/logo\/image\/\"},\"sameAs\":[\"https:\/\/www.facebook.com\/peoplesphere\",\"https:\/\/twitter.com\/PeoplesphereMag\",\"https:\/\/www.linkedin.com\/company\/7587361?trk\",\"http:\/\/youtube.com\/peoplesphere\"]},{\"@type\":\"Person\",\"@id\":\"https:\/\/peoplesphere.be\/fr\/#\/schema\/person\/7976225ff17988604334abb7b3536a7e\",\"name\":\"Jean-Paul Erhard\",\"image\":{\"@type\":\"ImageObject\",\"inLanguage\":\"fr-FR\",\"@id\":\"https:\/\/peoplesphere.be\/fr\/#\/schema\/person\/image\/\",\"url\":\"https:\/\/secure.gravatar.com\/avatar\/f941e681460179738071629a51574930?s=96&d=mm&r=g\",\"contentUrl\":\"https:\/\/secure.gravatar.com\/avatar\/f941e681460179738071629a51574930?s=96&d=mm&r=g\",\"caption\":\"Jean-Paul Erhard\"},\"url\":\"https:\/\/peoplesphere.be\/fr\/author\/jpe\/\"}]}<\/script>\n<!-- \/ Yoast SEO plugin. -->","yoast_head_json":{"title":"Le march\u00e9 de l'emploi \u00e0 l'arr\u00eat? Les engagements et les ruptures de contrats sont en forte diminution. - Peoplesphere","robots":{"index":"index","follow":"follow","max-snippet":"max-snippet:-1","max-image-preview":"max-image-preview:large","max-video-preview":"max-video-preview:-1"},"canonical":"https:\/\/peoplesphere.be\/fr\/marche-de-lemploi-a-larret-engagements-ruptures-de-contrats-forte-diminution\/","og_locale":"fr_FR","og_type":"article","og_title":"Le march\u00e9 de l'emploi \u00e0 l'arr\u00eat? Les engagements et les ruptures de contrats sont en forte diminution. - Peoplesphere","og_description":"Le coronavirus provoque une remarquable stagnation du march\u00e9 de l\u2019emploi.\u00a0Depuis le confinement, le nombre de ruptures de contrats de travail \u00e0 dur\u00e9e ind\u00e9termin\u00e9e a diminu\u00e9 de 15 % en Belgique. Les nouveaux contrats de travail ont \u00e9galement connu une baisse [&hellip;]","og_url":"https:\/\/peoplesphere.be\/fr\/marche-de-lemploi-a-larret-engagements-ruptures-de-contrats-forte-diminution\/","og_site_name":"Peoplesphere","article_publisher":"https:\/\/www.facebook.com\/peoplesphere","article_published_time":"2020-09-29T13:32:26+00:00","article_modified_time":"2020-09-29T13:39:58+00:00","og_image":[{"url":"http:\/\/www.peoplesphere.be\/fr\/wp-content\/uploads\/2016\/07\/facebook-default-posting-1200x628px.jpg"}],"author":"Jean-Paul Erhard","twitter_card":"summary_large_image","twitter_creator":"@PeoplesphereMag","twitter_site":"@PeoplesphereMag","twitter_misc":{"\u00c9crit par":"Jean-Paul Erhard","Dur\u00e9e de lecture estim\u00e9e":"4 minutes"},"schema":{"@context":"https:\/\/schema.org","@graph":[{"@type":"Article","@id":"https:\/\/peoplesphere.be\/fr\/marche-de-lemploi-a-larret-engagements-ruptures-de-contrats-forte-diminution\/#article","isPartOf":{"@id":"https:\/\/peoplesphere.be\/fr\/marche-de-lemploi-a-larret-engagements-ruptures-de-contrats-forte-diminution\/"},"author":{"name":"Jean-Paul Erhard","@id":"https:\/\/peoplesphere.be\/fr\/#\/schema\/person\/7976225ff17988604334abb7b3536a7e"},"headline":"Le march\u00e9 de l&#8217;emploi \u00e0 l&rsquo;arr\u00eat? Les engagements et les ruptures de contrats sont en forte diminution.","datePublished":"2020-09-29T13:32:26+00:00","dateModified":"2020-09-29T13:39:58+00:00","mainEntityOfPage":{"@id":"https:\/\/peoplesphere.be\/fr\/marche-de-lemploi-a-larret-engagements-ruptures-de-contrats-forte-diminution\/"},"wordCount":741,"publisher":{"@id":"https:\/\/peoplesphere.be\/fr\/#organization"},"keywords":["acerta","engagement","march\u00e9 de l'emploi","recrutement","rupture de contrat"],"articleSection":["Actualit\u00e9s","Digital"],"inLanguage":"fr-FR"},{"@type":"WebPage","@id":"https:\/\/peoplesphere.be\/fr\/marche-de-lemploi-a-larret-engagements-ruptures-de-contrats-forte-diminution\/","url":"https:\/\/peoplesphere.be\/fr\/marche-de-lemploi-a-larret-engagements-ruptures-de-contrats-forte-diminution\/","name":"Le march\u00e9 de l'emploi \u00e0 l'arr\u00eat? Les engagements et les ruptures de contrats sont en forte diminution. - Peoplesphere","isPartOf":{"@id":"https:\/\/peoplesphere.be\/fr\/#website"},"datePublished":"2020-09-29T13:32:26+00:00","dateModified":"2020-09-29T13:39:58+00:00","breadcrumb":{"@id":"https:\/\/peoplesphere.be\/fr\/marche-de-lemploi-a-larret-engagements-ruptures-de-contrats-forte-diminution\/#breadcrumb"},"inLanguage":"fr-FR","potentialAction":[{"@type":"ReadAction","target":["https:\/\/peoplesphere.be\/fr\/marche-de-lemploi-a-larret-engagements-ruptures-de-contrats-forte-diminution\/"]}]},{"@type":"BreadcrumbList","@id":"https:\/\/peoplesphere.be\/fr\/marche-de-lemploi-a-larret-engagements-ruptures-de-contrats-forte-diminution\/#breadcrumb","itemListElement":[{"@type":"ListItem","position":1,"name":"Accueil","item":"https:\/\/peoplesphere.be\/fr\/"},{"@type":"ListItem","position":2,"name":"Le march\u00e9 de l&#8217;emploi \u00e0 l&rsquo;arr\u00eat? Les engagements et les ruptures de contrats sont en forte diminution."}]},{"@type":"WebSite","@id":"https:\/\/peoplesphere.be\/fr\/#website","url":"https:\/\/peoplesphere.be\/fr\/","name":"Peoplesphere","description":"The People Managers Magazine","publisher":{"@id":"https:\/\/peoplesphere.be\/fr\/#organization"},"potentialAction":[{"@type":"SearchAction","target":{"@type":"EntryPoint","urlTemplate":"https:\/\/peoplesphere.be\/fr\/?s={search_term_string}"},"query-input":"required name=search_term_string"}],"inLanguage":"fr-FR"},{"@type":"Organization","@id":"https:\/\/peoplesphere.be\/fr\/#organization","name":"Peoplesphere Company srl","url":"https:\/\/peoplesphere.be\/fr\/","logo":{"@type":"ImageObject","inLanguage":"fr-FR","@id":"https:\/\/peoplesphere.be\/fr\/#\/schema\/logo\/image\/","url":"https:\/\/peoplesphere.be\/fr\/wp-content\/uploads\/2023\/07\/peoplesphere-lgo-new-generik.jpg","contentUrl":"https:\/\/peoplesphere.be\/fr\/wp-content\/uploads\/2023\/07\/peoplesphere-lgo-new-generik.jpg","width":1031,"height":1479,"caption":"Peoplesphere Company srl"},"image":{"@id":"https:\/\/peoplesphere.be\/fr\/#\/schema\/logo\/image\/"},"sameAs":["https:\/\/www.facebook.com\/peoplesphere","https:\/\/twitter.com\/PeoplesphereMag","https:\/\/www.linkedin.com\/company\/7587361?trk","http:\/\/youtube.com\/peoplesphere"]},{"@type":"Person","@id":"https:\/\/peoplesphere.be\/fr\/#\/schema\/person\/7976225ff17988604334abb7b3536a7e","name":"Jean-Paul Erhard","image":{"@type":"ImageObject","inLanguage":"fr-FR","@id":"https:\/\/peoplesphere.be\/fr\/#\/schema\/person\/image\/","url":"https:\/\/secure.gravatar.com\/avatar\/f941e681460179738071629a51574930?s=96&d=mm&r=g","contentUrl":"https:\/\/secure.gravatar.com\/avatar\/f941e681460179738071629a51574930?s=96&d=mm&r=g","caption":"Jean-Paul Erhard"},"url":"https:\/\/peoplesphere.be\/fr\/author\/jpe\/"}]}},"_links":{"self":[{"href":"https:\/\/peoplesphere.be\/fr\/wp-json\/wp\/v2\/posts\/10203"}],"collection":[{"href":"https:\/\/peoplesphere.be\/fr\/wp-json\/wp\/v2\/posts"}],"about":[{"href":"https:\/\/peoplesphere.be\/fr\/wp-json\/wp\/v2\/types\/post"}],"author":[{"embeddable":true,"href":"https:\/\/peoplesphere.be\/fr\/wp-json\/wp\/v2\/users\/2"}],"replies":[{"embeddable":true,"href":"https:\/\/peoplesphere.be\/fr\/wp-json\/wp\/v2\/comments?post=10203"}],"version-history":[{"count":3,"href":"https:\/\/peoplesphere.be\/fr\/wp-json\/wp\/v2\/posts\/10203\/revisions"}],"predecessor-version":[{"id":10206,"href":"https:\/\/peoplesphere.be\/fr\/wp-json\/wp\/v2\/posts\/10203\/revisions\/10206"}],"wp:attachment":[{"href":"https:\/\/peoplesphere.be\/fr\/wp-json\/wp\/v2\/media?parent=10203"}],"wp:term":[{"taxonomy":"category","embeddable":true,"href":"https:\/\/peoplesphere.be\/fr\/wp-json\/wp\/v2\/categories?post=10203"},{"taxonomy":"post_tag","embeddable":true,"href":"https:\/\/peoplesphere.be\/fr\/wp-json\/wp\/v2\/tags?post=10203"}],"curies":[{"name":"wp","href":"https:\/\/api.w.org\/{rel}","templated":true}]}}