









{"id":10211,"date":"2020-09-30T13:20:50","date_gmt":"2020-09-30T11:20:50","guid":{"rendered":"https:\/\/peoplesphere.be\/fr\/?p=10211"},"modified":"2020-09-30T13:20:50","modified_gmt":"2020-09-30T11:20:50","slug":"nouvelle-ere-souvre-federgon-designation-dann-cattelain-a-direction-generale","status":"publish","type":"post","link":"https:\/\/peoplesphere.be\/fr\/nouvelle-ere-souvre-federgon-designation-dann-cattelain-a-direction-generale\/","title":{"rendered":"Une nouvelle \u00e8re qui s&rsquo;ouvre pour Federgon avec la d\u00e9signation d&rsquo;Ann Cattelain \u00e0 la direction g\u00e9n\u00e9rale."},"content":{"rendered":"<p>Le 1er octobre 2020, Herwig Muyldermans passera le flambeau en tant que CEO de Federgon \u00e0 Ann Cattelain, jusqu&rsquo;il y a peu Legal Director de la f\u00e9d\u00e9ration du secteur des Ressources Humaines. Une transition douce qui intervient au beau milieu d&rsquo;une p\u00e9riode pour le moins complexe.<!--more--><\/p>\n<p>Herwig Muyldermans est devenu CEO de Federgon en janvier 1990. Au cours de sa carri\u00e8re, il a contribu\u00e9 au d\u00e9veloppement du secteur de l\u2019int\u00e9rim et a donn\u00e9 aux prestataires de services RH une place essentielle dans le d\u00e9bat sur le march\u00e9 de l\u2019emploi. En 2004, il a \u00e9galement \u00e9t\u00e9 l\u2019un des artisans de la cr\u00e9ation du syst\u00e8me populaire des titres-services. \u00ab\u00a0<em>L\u2019une des mesures les plus importantes et les plus r\u00e9ussies de ces derni\u00e8res d\u00e9cennies en mati\u00e8re d\u2019emploi\u00a0\u00bb,<\/em> commente \u00e0 ce sujet Herwig Muyldermans.<\/p>\n<p>Ann Cattelain, qui prendra les commandes de Federgon ce 1er octobre, a obtenu un master en droit \u00e0 la KULeuven et a d\u00e9but\u00e9 sa carri\u00e8re dans le secteur des assurances. En 1997, Ann Cattelain a rejoint Federgon en tant que Legal Advisor et est devenue Legal Director en 2005. Pour Ann Cattelain, cette promotion au poste de CEO repr\u00e9sente un nouveau d\u00e9fi passionnant \u00e0 relever. <em>\u00ab En tant que CEO, je veux mener Federgon dans la nouvelle \u00e8re num\u00e9rique sur la base de nouvelles priorit\u00e9s strat\u00e9giques. Mon ambition est que Federgon devienne LA r\u00e9f\u00e9rence pour tout ce qui touche au march\u00e9 de l\u2019emploi et aux ressources humaines. Il est aujourd\u2019hui \u00e9vident que les prestataires de services RH sont indispensables pour \u00e9crire un sc\u00e9nario fort pour le march\u00e9 de l\u2019emploi \u00bb<\/em>.<\/p>\n<p>Nico Reeskens, Country Manager d\u2019Adecco Group et pr\u00e9sident de Federgon, est \u00e9galement satisfait : <em>\u00ab Les prestataires de services RH constituent un maillon essentiel de notre march\u00e9 du travail. Nos entreprises sont partenaires des candidats, des entreprises et des autorit\u00e9s. Une grande partie du m\u00e9rite en revient \u00e0 Herwig et nous lui sommes reconnaissants pour tout ce qu\u2019il a accompli \u00bb,<\/em><em>\u00a0<\/em>d\u00e9clare Nico Reeskens. \u00ab\u00a0<em>Ann Cattelain vient \u00e9galement de la maison Federgon et a pr\u00e9par\u00e9 un projet d\u2019avenir ambitieux, qui inspire confiance aux membres. Un march\u00e9 de l\u2019emploi qui fonctionne bien est la priorit\u00e9 num\u00e9ro un, les prestataires de services RH joueront un r\u00f4le capital en la mati\u00e8re \u00bb,<\/em> souligne Nico Reeskens.<\/p>\n","protected":false},"excerpt":{"rendered":"<p>Le 1er octobre 2020, Herwig Muyldermans passera le flambeau en tant que CEO de Federgon \u00e0 Ann Cattelain, jusqu&rsquo;il y a peu Legal Director de la f\u00e9d\u00e9ration du secteur des Ressources Humaines. Une transition douce qui intervient au beau milieu [&hellip;]<\/p>\n","protected":false},"author":2,"featured_media":10212,"comment_status":"closed","ping_status":"open","sticky":false,"template":"","format":"standard","meta":[],"categories":[65,10],"tags":[3200,3199,198],"yoast_head":"<!-- This site is optimized with the Yoast SEO plugin v21.0 - https:\/\/yoast.com\/wordpress\/plugins\/seo\/ -->\n<title>Une nouvelle \u00e8re qui s&#039;ouvre pour Federgon avec la d\u00e9signation d&#039;Ann Cattelain \u00e0 la direction g\u00e9n\u00e9rale. - Peoplesphere<\/title>\n<meta name=\"robots\" content=\"index, follow, max-snippet:-1, max-image-preview:large, max-video-preview:-1\" \/>\n<link rel=\"canonical\" href=\"https:\/\/peoplesphere.be\/fr\/nouvelle-ere-souvre-federgon-designation-dann-cattelain-a-direction-generale\/\" \/>\n<meta property=\"og:locale\" content=\"fr_FR\" \/>\n<meta property=\"og:type\" content=\"article\" \/>\n<meta property=\"og:title\" content=\"Une nouvelle \u00e8re qui s&#039;ouvre pour Federgon avec la d\u00e9signation d&#039;Ann Cattelain \u00e0 la direction g\u00e9n\u00e9rale. - Peoplesphere\" \/>\n<meta property=\"og:description\" content=\"Le 1er octobre 2020, Herwig Muyldermans passera le flambeau en tant que CEO de Federgon \u00e0 Ann Cattelain, jusqu&rsquo;il y a peu Legal Director de la f\u00e9d\u00e9ration du secteur des Ressources Humaines. Une transition douce qui intervient au beau milieu [&hellip;]\" \/>\n<meta property=\"og:url\" content=\"https:\/\/peoplesphere.be\/fr\/nouvelle-ere-souvre-federgon-designation-dann-cattelain-a-direction-generale\/\" \/>\n<meta property=\"og:site_name\" content=\"Peoplesphere\" \/>\n<meta property=\"article:publisher\" content=\"https:\/\/www.facebook.com\/peoplesphere\" \/>\n<meta property=\"article:published_time\" content=\"2020-09-30T11:20:50+00:00\" \/>\n<meta property=\"og:image\" content=\"https:\/\/peoplesphere.be\/fr\/wp-content\/uploads\/2020\/09\/csm_ann_cattelain_f94548205c.jpg\" \/>\n\t<meta property=\"og:image:width\" content=\"800\" \/>\n\t<meta property=\"og:image:height\" content=\"601\" \/>\n\t<meta property=\"og:image:type\" content=\"image\/jpeg\" \/>\n<meta name=\"author\" content=\"Jean-Paul Erhard\" \/>\n<meta name=\"twitter:card\" content=\"summary_large_image\" \/>\n<meta name=\"twitter:creator\" content=\"@PeoplesphereMag\" \/>\n<meta name=\"twitter:site\" content=\"@PeoplesphereMag\" \/>\n<meta name=\"twitter:label1\" content=\"\u00c9crit par\" \/>\n\t<meta name=\"twitter:data1\" content=\"Jean-Paul Erhard\" \/>\n\t<meta name=\"twitter:label2\" content=\"Dur\u00e9e de lecture estim\u00e9e\" \/>\n\t<meta name=\"twitter:data2\" content=\"2 minutes\" \/>\n<script type=\"application\/ld+json\" class=\"yoast-schema-graph\">{\"@context\":\"https:\/\/schema.org\",\"@graph\":[{\"@type\":\"Article\",\"@id\":\"https:\/\/peoplesphere.be\/fr\/nouvelle-ere-souvre-federgon-designation-dann-cattelain-a-direction-generale\/#article\",\"isPartOf\":{\"@id\":\"https:\/\/peoplesphere.be\/fr\/nouvelle-ere-souvre-federgon-designation-dann-cattelain-a-direction-generale\/\"},\"author\":{\"name\":\"Jean-Paul Erhard\",\"@id\":\"https:\/\/peoplesphere.be\/fr\/#\/schema\/person\/7976225ff17988604334abb7b3536a7e\"},\"headline\":\"Une nouvelle \u00e8re qui s&rsquo;ouvre pour Federgon avec la d\u00e9signation d&rsquo;Ann Cattelain \u00e0 la direction g\u00e9n\u00e9rale.\",\"datePublished\":\"2020-09-30T11:20:50+00:00\",\"dateModified\":\"2020-09-30T11:20:50+00:00\",\"mainEntityOfPage\":{\"@id\":\"https:\/\/peoplesphere.be\/fr\/nouvelle-ere-souvre-federgon-designation-dann-cattelain-a-direction-generale\/\"},\"wordCount\":416,\"publisher\":{\"@id\":\"https:\/\/peoplesphere.be\/fr\/#organization\"},\"keywords\":[\"Ann Cattelain\",\"f\u00e9d\u00e9ration RH\",\"federgon\"],\"articleSection\":[\"Actualit\u00e9s\",\"Digital\"],\"inLanguage\":\"fr-FR\"},{\"@type\":\"WebPage\",\"@id\":\"https:\/\/peoplesphere.be\/fr\/nouvelle-ere-souvre-federgon-designation-dann-cattelain-a-direction-generale\/\",\"url\":\"https:\/\/peoplesphere.be\/fr\/nouvelle-ere-souvre-federgon-designation-dann-cattelain-a-direction-generale\/\",\"name\":\"Une nouvelle \u00e8re qui s'ouvre pour Federgon avec la d\u00e9signation d'Ann Cattelain \u00e0 la direction g\u00e9n\u00e9rale. - Peoplesphere\",\"isPartOf\":{\"@id\":\"https:\/\/peoplesphere.be\/fr\/#website\"},\"datePublished\":\"2020-09-30T11:20:50+00:00\",\"dateModified\":\"2020-09-30T11:20:50+00:00\",\"breadcrumb\":{\"@id\":\"https:\/\/peoplesphere.be\/fr\/nouvelle-ere-souvre-federgon-designation-dann-cattelain-a-direction-generale\/#breadcrumb\"},\"inLanguage\":\"fr-FR\",\"potentialAction\":[{\"@type\":\"ReadAction\",\"target\":[\"https:\/\/peoplesphere.be\/fr\/nouvelle-ere-souvre-federgon-designation-dann-cattelain-a-direction-generale\/\"]}]},{\"@type\":\"BreadcrumbList\",\"@id\":\"https:\/\/peoplesphere.be\/fr\/nouvelle-ere-souvre-federgon-designation-dann-cattelain-a-direction-generale\/#breadcrumb\",\"itemListElement\":[{\"@type\":\"ListItem\",\"position\":1,\"name\":\"Accueil\",\"item\":\"https:\/\/peoplesphere.be\/fr\/\"},{\"@type\":\"ListItem\",\"position\":2,\"name\":\"Une nouvelle \u00e8re qui s&rsquo;ouvre pour Federgon avec la d\u00e9signation d&rsquo;Ann Cattelain \u00e0 la direction g\u00e9n\u00e9rale.\"}]},{\"@type\":\"WebSite\",\"@id\":\"https:\/\/peoplesphere.be\/fr\/#website\",\"url\":\"https:\/\/peoplesphere.be\/fr\/\",\"name\":\"Peoplesphere\",\"description\":\"The People Managers Magazine\",\"publisher\":{\"@id\":\"https:\/\/peoplesphere.be\/fr\/#organization\"},\"potentialAction\":[{\"@type\":\"SearchAction\",\"target\":{\"@type\":\"EntryPoint\",\"urlTemplate\":\"https:\/\/peoplesphere.be\/fr\/?s={search_term_string}\"},\"query-input\":\"required name=search_term_string\"}],\"inLanguage\":\"fr-FR\"},{\"@type\":\"Organization\",\"@id\":\"https:\/\/peoplesphere.be\/fr\/#organization\",\"name\":\"Peoplesphere Company srl\",\"url\":\"https:\/\/peoplesphere.be\/fr\/\",\"logo\":{\"@type\":\"ImageObject\",\"inLanguage\":\"fr-FR\",\"@id\":\"https:\/\/peoplesphere.be\/fr\/#\/schema\/logo\/image\/\",\"url\":\"https:\/\/peoplesphere.be\/fr\/wp-content\/uploads\/2023\/07\/peoplesphere-lgo-new-generik.jpg\",\"contentUrl\":\"https:\/\/peoplesphere.be\/fr\/wp-content\/uploads\/2023\/07\/peoplesphere-lgo-new-generik.jpg\",\"width\":1031,\"height\":1479,\"caption\":\"Peoplesphere Company srl\"},\"image\":{\"@id\":\"https:\/\/peoplesphere.be\/fr\/#\/schema\/logo\/image\/\"},\"sameAs\":[\"https:\/\/www.facebook.com\/peoplesphere\",\"https:\/\/twitter.com\/PeoplesphereMag\",\"https:\/\/www.linkedin.com\/company\/7587361?trk\",\"http:\/\/youtube.com\/peoplesphere\"]},{\"@type\":\"Person\",\"@id\":\"https:\/\/peoplesphere.be\/fr\/#\/schema\/person\/7976225ff17988604334abb7b3536a7e\",\"name\":\"Jean-Paul Erhard\",\"image\":{\"@type\":\"ImageObject\",\"inLanguage\":\"fr-FR\",\"@id\":\"https:\/\/peoplesphere.be\/fr\/#\/schema\/person\/image\/\",\"url\":\"https:\/\/secure.gravatar.com\/avatar\/f941e681460179738071629a51574930?s=96&d=mm&r=g\",\"contentUrl\":\"https:\/\/secure.gravatar.com\/avatar\/f941e681460179738071629a51574930?s=96&d=mm&r=g\",\"caption\":\"Jean-Paul Erhard\"},\"url\":\"https:\/\/peoplesphere.be\/fr\/author\/jpe\/\"}]}<\/script>\n<!-- \/ Yoast SEO plugin. -->","yoast_head_json":{"title":"Une nouvelle \u00e8re qui s'ouvre pour Federgon avec la d\u00e9signation d'Ann Cattelain \u00e0 la direction g\u00e9n\u00e9rale. - Peoplesphere","robots":{"index":"index","follow":"follow","max-snippet":"max-snippet:-1","max-image-preview":"max-image-preview:large","max-video-preview":"max-video-preview:-1"},"canonical":"https:\/\/peoplesphere.be\/fr\/nouvelle-ere-souvre-federgon-designation-dann-cattelain-a-direction-generale\/","og_locale":"fr_FR","og_type":"article","og_title":"Une nouvelle \u00e8re qui s'ouvre pour Federgon avec la d\u00e9signation d'Ann Cattelain \u00e0 la direction g\u00e9n\u00e9rale. - Peoplesphere","og_description":"Le 1er octobre 2020, Herwig Muyldermans passera le flambeau en tant que CEO de Federgon \u00e0 Ann Cattelain, jusqu&rsquo;il y a peu Legal Director de la f\u00e9d\u00e9ration du secteur des Ressources Humaines. Une transition douce qui intervient au beau milieu [&hellip;]","og_url":"https:\/\/peoplesphere.be\/fr\/nouvelle-ere-souvre-federgon-designation-dann-cattelain-a-direction-generale\/","og_site_name":"Peoplesphere","article_publisher":"https:\/\/www.facebook.com\/peoplesphere","article_published_time":"2020-09-30T11:20:50+00:00","og_image":[{"width":800,"height":601,"url":"https:\/\/peoplesphere.be\/fr\/wp-content\/uploads\/2020\/09\/csm_ann_cattelain_f94548205c.jpg","type":"image\/jpeg"}],"author":"Jean-Paul Erhard","twitter_card":"summary_large_image","twitter_creator":"@PeoplesphereMag","twitter_site":"@PeoplesphereMag","twitter_misc":{"\u00c9crit par":"Jean-Paul Erhard","Dur\u00e9e de lecture estim\u00e9e":"2 minutes"},"schema":{"@context":"https:\/\/schema.org","@graph":[{"@type":"Article","@id":"https:\/\/peoplesphere.be\/fr\/nouvelle-ere-souvre-federgon-designation-dann-cattelain-a-direction-generale\/#article","isPartOf":{"@id":"https:\/\/peoplesphere.be\/fr\/nouvelle-ere-souvre-federgon-designation-dann-cattelain-a-direction-generale\/"},"author":{"name":"Jean-Paul Erhard","@id":"https:\/\/peoplesphere.be\/fr\/#\/schema\/person\/7976225ff17988604334abb7b3536a7e"},"headline":"Une nouvelle \u00e8re qui s&rsquo;ouvre pour Federgon avec la d\u00e9signation d&rsquo;Ann Cattelain \u00e0 la direction g\u00e9n\u00e9rale.","datePublished":"2020-09-30T11:20:50+00:00","dateModified":"2020-09-30T11:20:50+00:00","mainEntityOfPage":{"@id":"https:\/\/peoplesphere.be\/fr\/nouvelle-ere-souvre-federgon-designation-dann-cattelain-a-direction-generale\/"},"wordCount":416,"publisher":{"@id":"https:\/\/peoplesphere.be\/fr\/#organization"},"keywords":["Ann Cattelain","f\u00e9d\u00e9ration RH","federgon"],"articleSection":["Actualit\u00e9s","Digital"],"inLanguage":"fr-FR"},{"@type":"WebPage","@id":"https:\/\/peoplesphere.be\/fr\/nouvelle-ere-souvre-federgon-designation-dann-cattelain-a-direction-generale\/","url":"https:\/\/peoplesphere.be\/fr\/nouvelle-ere-souvre-federgon-designation-dann-cattelain-a-direction-generale\/","name":"Une nouvelle \u00e8re qui s'ouvre pour Federgon avec la d\u00e9signation d'Ann Cattelain \u00e0 la direction g\u00e9n\u00e9rale. - Peoplesphere","isPartOf":{"@id":"https:\/\/peoplesphere.be\/fr\/#website"},"datePublished":"2020-09-30T11:20:50+00:00","dateModified":"2020-09-30T11:20:50+00:00","breadcrumb":{"@id":"https:\/\/peoplesphere.be\/fr\/nouvelle-ere-souvre-federgon-designation-dann-cattelain-a-direction-generale\/#breadcrumb"},"inLanguage":"fr-FR","potentialAction":[{"@type":"ReadAction","target":["https:\/\/peoplesphere.be\/fr\/nouvelle-ere-souvre-federgon-designation-dann-cattelain-a-direction-generale\/"]}]},{"@type":"BreadcrumbList","@id":"https:\/\/peoplesphere.be\/fr\/nouvelle-ere-souvre-federgon-designation-dann-cattelain-a-direction-generale\/#breadcrumb","itemListElement":[{"@type":"ListItem","position":1,"name":"Accueil","item":"https:\/\/peoplesphere.be\/fr\/"},{"@type":"ListItem","position":2,"name":"Une nouvelle \u00e8re qui s&rsquo;ouvre pour Federgon avec la d\u00e9signation d&rsquo;Ann Cattelain \u00e0 la direction g\u00e9n\u00e9rale."}]},{"@type":"WebSite","@id":"https:\/\/peoplesphere.be\/fr\/#website","url":"https:\/\/peoplesphere.be\/fr\/","name":"Peoplesphere","description":"The People Managers Magazine","publisher":{"@id":"https:\/\/peoplesphere.be\/fr\/#organization"},"potentialAction":[{"@type":"SearchAction","target":{"@type":"EntryPoint","urlTemplate":"https:\/\/peoplesphere.be\/fr\/?s={search_term_string}"},"query-input":"required name=search_term_string"}],"inLanguage":"fr-FR"},{"@type":"Organization","@id":"https:\/\/peoplesphere.be\/fr\/#organization","name":"Peoplesphere Company srl","url":"https:\/\/peoplesphere.be\/fr\/","logo":{"@type":"ImageObject","inLanguage":"fr-FR","@id":"https:\/\/peoplesphere.be\/fr\/#\/schema\/logo\/image\/","url":"https:\/\/peoplesphere.be\/fr\/wp-content\/uploads\/2023\/07\/peoplesphere-lgo-new-generik.jpg","contentUrl":"https:\/\/peoplesphere.be\/fr\/wp-content\/uploads\/2023\/07\/peoplesphere-lgo-new-generik.jpg","width":1031,"height":1479,"caption":"Peoplesphere Company srl"},"image":{"@id":"https:\/\/peoplesphere.be\/fr\/#\/schema\/logo\/image\/"},"sameAs":["https:\/\/www.facebook.com\/peoplesphere","https:\/\/twitter.com\/PeoplesphereMag","https:\/\/www.linkedin.com\/company\/7587361?trk","http:\/\/youtube.com\/peoplesphere"]},{"@type":"Person","@id":"https:\/\/peoplesphere.be\/fr\/#\/schema\/person\/7976225ff17988604334abb7b3536a7e","name":"Jean-Paul Erhard","image":{"@type":"ImageObject","inLanguage":"fr-FR","@id":"https:\/\/peoplesphere.be\/fr\/#\/schema\/person\/image\/","url":"https:\/\/secure.gravatar.com\/avatar\/f941e681460179738071629a51574930?s=96&d=mm&r=g","contentUrl":"https:\/\/secure.gravatar.com\/avatar\/f941e681460179738071629a51574930?s=96&d=mm&r=g","caption":"Jean-Paul Erhard"},"url":"https:\/\/peoplesphere.be\/fr\/author\/jpe\/"}]}},"_links":{"self":[{"href":"https:\/\/peoplesphere.be\/fr\/wp-json\/wp\/v2\/posts\/10211"}],"collection":[{"href":"https:\/\/peoplesphere.be\/fr\/wp-json\/wp\/v2\/posts"}],"about":[{"href":"https:\/\/peoplesphere.be\/fr\/wp-json\/wp\/v2\/types\/post"}],"author":[{"embeddable":true,"href":"https:\/\/peoplesphere.be\/fr\/wp-json\/wp\/v2\/users\/2"}],"replies":[{"embeddable":true,"href":"https:\/\/peoplesphere.be\/fr\/wp-json\/wp\/v2\/comments?post=10211"}],"version-history":[{"count":1,"href":"https:\/\/peoplesphere.be\/fr\/wp-json\/wp\/v2\/posts\/10211\/revisions"}],"predecessor-version":[{"id":10213,"href":"https:\/\/peoplesphere.be\/fr\/wp-json\/wp\/v2\/posts\/10211\/revisions\/10213"}],"wp:featuredmedia":[{"embeddable":true,"href":"https:\/\/peoplesphere.be\/fr\/wp-json\/wp\/v2\/media\/10212"}],"wp:attachment":[{"href":"https:\/\/peoplesphere.be\/fr\/wp-json\/wp\/v2\/media?parent=10211"}],"wp:term":[{"taxonomy":"category","embeddable":true,"href":"https:\/\/peoplesphere.be\/fr\/wp-json\/wp\/v2\/categories?post=10211"},{"taxonomy":"post_tag","embeddable":true,"href":"https:\/\/peoplesphere.be\/fr\/wp-json\/wp\/v2\/tags?post=10211"}],"curies":[{"name":"wp","href":"https:\/\/api.w.org\/{rel}","templated":true}]}}