









{"id":10218,"date":"2020-10-04T10:21:24","date_gmt":"2020-10-04T08:21:24","guid":{"rendered":"https:\/\/peoplesphere.be\/fr\/?p=10218"},"modified":"2020-10-04T10:21:24","modified_gmt":"2020-10-04T08:21:24","slug":"hausse-chomage-se-confirme-de-mois-mois-wallonie-toutes-classes-dage-semblent-concernees","status":"publish","type":"post","link":"https:\/\/peoplesphere.be\/fr\/hausse-chomage-se-confirme-de-mois-mois-wallonie-toutes-classes-dage-semblent-concernees\/","title":{"rendered":"La hausse du ch\u00f4mage se confirme de mois en mois en Wallonie, et toutes les classes d&rsquo;\u00e2ge semblent concern\u00e9es."},"content":{"rendered":"<p>Fin septembre 2020, la Wallonie d\u00e9nombre 213.421 demandeurs d\u2019emploi inoccup\u00e9s (D.E.I.). Bien que la demande d\u2019emploi reste orient\u00e9e \u00e0 la hausse par rapport \u00e0 2019, cette derni\u00e8re tend \u00e0 s\u2019aplanir progressivement depuis plus de 3 mois (+2,1 % en septembre). Notons \u00e9galement que le nombre d\u2019offres d\u2019emploi diffus\u00e9es tend, lui, \u00e0 revenir aux volumes d\u2019il y a un an (-5 %).<!--more--><\/p>\n<p>Ainsi, fin septembre 2020, la Wallonie compte 134.419 demandeurs d\u2019emploi (D.E.) demandeurs d\u2019allocations (dont 1.660 en Communaut\u00e9 germanophone) et 36.728 jeunes en stage d\u2019insertion professionnelle (dont 228 en Communaut\u00e9 germanophone). Le nombre de demandeurs d\u2019emploi inoccup\u00e9s (D.E.I.) en Wallonie comprend \u00e9galement 29.882 demandeurs d\u2019emploi inscrits obligatoirement et 12.392 demandeurs d\u2019emploi inscrits librement, soit un total de 213.421 D.E.I. fin septembre 2020.<\/p>\n<p>Le taux de la demande d\u2019emploi s\u2019\u00e9l\u00e8ve actuellement \u00e0 13,4 % de la population active wallonne. Ce dernier \u00e9tait de 13,1 % il y a un an.<\/p>\n<p>Parmi ces 213.421 D.E.I. wallons :<br \/>\n&#8211; 53 % sont des hommes ;<br \/>\n&#8211; 21 % sont \u00e2g\u00e9s de moins de 25 ans, 25 % ont 50 ans et plus ;<br \/>\n&#8211; 43 % sont au plus dipl\u00f4m\u00e9s de l\u2019enseignement secondaire du 2e degr\u00e9 ;<br \/>\n&#8211; 27 % sont inoccup\u00e9s depuis moins de six mois et 38 % depuis deux ans et plus.<\/p>\n<p>Apr\u00e8s la hausse mensuelle cyclique caract\u00e9risant juillet et ao\u00fbt, une diminution du volume de la demande d\u2019emploi est habituellement observ\u00e9e en septembre. Ceci se v\u00e9rifie encore cette ann\u00e9e. Entre fin ao\u00fbt et fin septembre 2020, le nombre de D.E.I. diminue de 4,1 %, soit 9.060 personnes de moins.<\/p>\n<p><strong><em>4.467 demandeurs d\u2019emploi de plus qu\u2019en septembre 2019.<\/em><\/strong><\/p>\n<p>Le nombre total de D.E.I. augmente de 2,1 % par rapport \u00e0 la m\u00eame p\u00e9riode en 2019 (+4.467 personnes). N\u00e9anmoins, cette augmentation est de moindre ampleur que celle observ\u00e9e \u00e0 un an d\u2019\u00e9cart, au cours des mois pr\u00e9c\u00e9dents, avec un pic \u00e0 7,8 % atteint en juin 2020.<\/p>\n<p>L\u2019accroissement de la demande d\u2019emploi entre septembre 2019 et 2020 concerne toutes les classes d\u2019\u00e2ge, avec notamment une augmentation de 3,9 % relev\u00e9e aupr\u00e8s des jeunes de moins de 25 ans.<\/p>\n<p>Autre constat, l\u2019augmentation la plus importante \u00e0 un an d\u2019\u00e9cart s\u2019observe parmi les personnes inoccup\u00e9es depuis six mois \u00e0 moins d\u2019un an (+ 20,3 %). Par contre, le nombre de personnes demandeuses d\u2019emploi depuis moins de six mois s\u2019oriente largement \u00e0 la baisse (- 12 %), de m\u00eame que celui des personnes inoccup\u00e9es depuis cinq ans ou plus, avec &#8211; 1,5 %.<\/p>\n<p><strong><em>La gestion des offres d\u2019emploi par le Forem<\/em><\/strong><\/p>\n<p>En septembre 2020, le Forem a diffus\u00e9 30.593 offres d\u2019emploi (celles \u00e9manant d\u2019autres SPE non comprises), ce qui repr\u00e9sente une diminution de 5 % par rapport au mois de septembre 2019. Il faut noter que le nombre d\u2019offres diffus\u00e9es \u00e9tait en baisse de 44 % en mai, de 22 % en juin, de 25 % en juillet et de 14 % en ao\u00fbt, par rapport aux m\u00eames p\u00e9riodes l\u2019ann\u00e9e derni\u00e8re. On constate donc que le nombre d\u2019offres d\u2019emploi diffus\u00e9es se rapproche de plus en plus du nombre d\u2019offres \u00e0 un an d\u2019\u00e9cart.<\/p>\n<p>\u00c0 noter : 9.539 offres re\u00e7ues d\u2019un autre Service public de l\u2019emploi (Actiris et VDAB) ont \u00e9galement fait l\u2019objet d\u2019une diffusion via le site du Forem en septembre 2020.<\/p>\n<p>Les secteurs d\u2019activit\u00e9s qui connaissent les reculs les plus importants (en pourcentage) sont : la fabrication de machines et d\u2019\u00e9quipements (-49 %), l\u2019industrie chimique (-44 %), les activit\u00e9s financi\u00e8res (-41 %), l\u2019immobilier, la location et les services aux entreprises (-34 %), la m\u00e9tallurgie (-34 %), les services collectifs, sociaux et personnels (-30 %), les industries agricoles et alimentaires (-28 %). Notons toutefois une hausse du nombre d\u2019offres sur base annuelle dans l\u2019administration publique (+ 46 %) ou encore dans l\u2019\u00e9ducation (+ 2 %).<\/p>\n<p><em>Source: Forem<\/em><\/p>\n","protected":false},"excerpt":{"rendered":"<p>Fin septembre 2020, la Wallonie d\u00e9nombre 213.421 demandeurs d\u2019emploi inoccup\u00e9s (D.E.I.). Bien que la demande d\u2019emploi reste orient\u00e9e \u00e0 la hausse par rapport \u00e0 2019, cette derni\u00e8re tend \u00e0 s\u2019aplanir progressivement depuis plus de 3 mois (+2,1 % en septembre). [&hellip;]<\/p>\n","protected":false},"author":2,"featured_media":0,"comment_status":"closed","ping_status":"open","sticky":false,"template":"","format":"standard","meta":[],"categories":[65,10],"tags":[92,331,702,105],"yoast_head":"<!-- This site is optimized with the Yoast SEO plugin v21.0 - https:\/\/yoast.com\/wordpress\/plugins\/seo\/ -->\n<title>La hausse du ch\u00f4mage se confirme de mois en mois en Wallonie, et toutes les classes d&#039;\u00e2ge semblent concern\u00e9es. - Peoplesphere<\/title>\n<meta name=\"robots\" content=\"index, follow, max-snippet:-1, max-image-preview:large, max-video-preview:-1\" \/>\n<link rel=\"canonical\" href=\"https:\/\/peoplesphere.be\/fr\/hausse-chomage-se-confirme-de-mois-mois-wallonie-toutes-classes-dage-semblent-concernees\/\" \/>\n<meta property=\"og:locale\" content=\"fr_FR\" \/>\n<meta property=\"og:type\" content=\"article\" \/>\n<meta property=\"og:title\" content=\"La hausse du ch\u00f4mage se confirme de mois en mois en Wallonie, et toutes les classes d&#039;\u00e2ge semblent concern\u00e9es. - Peoplesphere\" \/>\n<meta property=\"og:description\" content=\"Fin septembre 2020, la Wallonie d\u00e9nombre 213.421 demandeurs d\u2019emploi inoccup\u00e9s (D.E.I.). Bien que la demande d\u2019emploi reste orient\u00e9e \u00e0 la hausse par rapport \u00e0 2019, cette derni\u00e8re tend \u00e0 s\u2019aplanir progressivement depuis plus de 3 mois (+2,1 % en septembre). [&hellip;]\" \/>\n<meta property=\"og:url\" content=\"https:\/\/peoplesphere.be\/fr\/hausse-chomage-se-confirme-de-mois-mois-wallonie-toutes-classes-dage-semblent-concernees\/\" \/>\n<meta property=\"og:site_name\" content=\"Peoplesphere\" \/>\n<meta property=\"article:publisher\" content=\"https:\/\/www.facebook.com\/peoplesphere\" \/>\n<meta property=\"article:published_time\" content=\"2020-10-04T08:21:24+00:00\" \/>\n<meta property=\"og:image\" content=\"http:\/\/www.peoplesphere.be\/fr\/wp-content\/uploads\/2016\/07\/facebook-default-posting-1200x628px.jpg\" \/>\n<meta name=\"author\" content=\"Jean-Paul Erhard\" \/>\n<meta name=\"twitter:card\" content=\"summary_large_image\" \/>\n<meta name=\"twitter:creator\" content=\"@PeoplesphereMag\" \/>\n<meta name=\"twitter:site\" content=\"@PeoplesphereMag\" \/>\n<meta name=\"twitter:label1\" content=\"\u00c9crit par\" \/>\n\t<meta name=\"twitter:data1\" content=\"Jean-Paul Erhard\" \/>\n\t<meta name=\"twitter:label2\" content=\"Dur\u00e9e de lecture estim\u00e9e\" \/>\n\t<meta name=\"twitter:data2\" content=\"3 minutes\" \/>\n<script type=\"application\/ld+json\" class=\"yoast-schema-graph\">{\"@context\":\"https:\/\/schema.org\",\"@graph\":[{\"@type\":\"Article\",\"@id\":\"https:\/\/peoplesphere.be\/fr\/hausse-chomage-se-confirme-de-mois-mois-wallonie-toutes-classes-dage-semblent-concernees\/#article\",\"isPartOf\":{\"@id\":\"https:\/\/peoplesphere.be\/fr\/hausse-chomage-se-confirme-de-mois-mois-wallonie-toutes-classes-dage-semblent-concernees\/\"},\"author\":{\"name\":\"Jean-Paul Erhard\",\"@id\":\"https:\/\/peoplesphere.be\/fr\/#\/schema\/person\/7976225ff17988604334abb7b3536a7e\"},\"headline\":\"La hausse du ch\u00f4mage se confirme de mois en mois en Wallonie, et toutes les classes d&rsquo;\u00e2ge semblent concern\u00e9es.\",\"datePublished\":\"2020-10-04T08:21:24+00:00\",\"dateModified\":\"2020-10-04T08:21:24+00:00\",\"mainEntityOfPage\":{\"@id\":\"https:\/\/peoplesphere.be\/fr\/hausse-chomage-se-confirme-de-mois-mois-wallonie-toutes-classes-dage-semblent-concernees\/\"},\"wordCount\":641,\"publisher\":{\"@id\":\"https:\/\/peoplesphere.be\/fr\/#organization\"},\"keywords\":[\"ch\u00f4mage\",\"forem\",\"march\u00e9 de l'emploi\",\"offres d'emploi\"],\"articleSection\":[\"Actualit\u00e9s\",\"Digital\"],\"inLanguage\":\"fr-FR\"},{\"@type\":\"WebPage\",\"@id\":\"https:\/\/peoplesphere.be\/fr\/hausse-chomage-se-confirme-de-mois-mois-wallonie-toutes-classes-dage-semblent-concernees\/\",\"url\":\"https:\/\/peoplesphere.be\/fr\/hausse-chomage-se-confirme-de-mois-mois-wallonie-toutes-classes-dage-semblent-concernees\/\",\"name\":\"La hausse du ch\u00f4mage se confirme de mois en mois en Wallonie, et toutes les classes d'\u00e2ge semblent concern\u00e9es. - Peoplesphere\",\"isPartOf\":{\"@id\":\"https:\/\/peoplesphere.be\/fr\/#website\"},\"datePublished\":\"2020-10-04T08:21:24+00:00\",\"dateModified\":\"2020-10-04T08:21:24+00:00\",\"breadcrumb\":{\"@id\":\"https:\/\/peoplesphere.be\/fr\/hausse-chomage-se-confirme-de-mois-mois-wallonie-toutes-classes-dage-semblent-concernees\/#breadcrumb\"},\"inLanguage\":\"fr-FR\",\"potentialAction\":[{\"@type\":\"ReadAction\",\"target\":[\"https:\/\/peoplesphere.be\/fr\/hausse-chomage-se-confirme-de-mois-mois-wallonie-toutes-classes-dage-semblent-concernees\/\"]}]},{\"@type\":\"BreadcrumbList\",\"@id\":\"https:\/\/peoplesphere.be\/fr\/hausse-chomage-se-confirme-de-mois-mois-wallonie-toutes-classes-dage-semblent-concernees\/#breadcrumb\",\"itemListElement\":[{\"@type\":\"ListItem\",\"position\":1,\"name\":\"Accueil\",\"item\":\"https:\/\/peoplesphere.be\/fr\/\"},{\"@type\":\"ListItem\",\"position\":2,\"name\":\"La hausse du ch\u00f4mage se confirme de mois en mois en Wallonie, et toutes les classes d&rsquo;\u00e2ge semblent concern\u00e9es.\"}]},{\"@type\":\"WebSite\",\"@id\":\"https:\/\/peoplesphere.be\/fr\/#website\",\"url\":\"https:\/\/peoplesphere.be\/fr\/\",\"name\":\"Peoplesphere\",\"description\":\"The People Managers Magazine\",\"publisher\":{\"@id\":\"https:\/\/peoplesphere.be\/fr\/#organization\"},\"potentialAction\":[{\"@type\":\"SearchAction\",\"target\":{\"@type\":\"EntryPoint\",\"urlTemplate\":\"https:\/\/peoplesphere.be\/fr\/?s={search_term_string}\"},\"query-input\":\"required name=search_term_string\"}],\"inLanguage\":\"fr-FR\"},{\"@type\":\"Organization\",\"@id\":\"https:\/\/peoplesphere.be\/fr\/#organization\",\"name\":\"Peoplesphere Company srl\",\"url\":\"https:\/\/peoplesphere.be\/fr\/\",\"logo\":{\"@type\":\"ImageObject\",\"inLanguage\":\"fr-FR\",\"@id\":\"https:\/\/peoplesphere.be\/fr\/#\/schema\/logo\/image\/\",\"url\":\"https:\/\/peoplesphere.be\/fr\/wp-content\/uploads\/2023\/07\/peoplesphere-lgo-new-generik.jpg\",\"contentUrl\":\"https:\/\/peoplesphere.be\/fr\/wp-content\/uploads\/2023\/07\/peoplesphere-lgo-new-generik.jpg\",\"width\":1031,\"height\":1479,\"caption\":\"Peoplesphere Company srl\"},\"image\":{\"@id\":\"https:\/\/peoplesphere.be\/fr\/#\/schema\/logo\/image\/\"},\"sameAs\":[\"https:\/\/www.facebook.com\/peoplesphere\",\"https:\/\/twitter.com\/PeoplesphereMag\",\"https:\/\/www.linkedin.com\/company\/7587361?trk\",\"http:\/\/youtube.com\/peoplesphere\"]},{\"@type\":\"Person\",\"@id\":\"https:\/\/peoplesphere.be\/fr\/#\/schema\/person\/7976225ff17988604334abb7b3536a7e\",\"name\":\"Jean-Paul Erhard\",\"image\":{\"@type\":\"ImageObject\",\"inLanguage\":\"fr-FR\",\"@id\":\"https:\/\/peoplesphere.be\/fr\/#\/schema\/person\/image\/\",\"url\":\"https:\/\/secure.gravatar.com\/avatar\/f941e681460179738071629a51574930?s=96&d=mm&r=g\",\"contentUrl\":\"https:\/\/secure.gravatar.com\/avatar\/f941e681460179738071629a51574930?s=96&d=mm&r=g\",\"caption\":\"Jean-Paul Erhard\"},\"url\":\"https:\/\/peoplesphere.be\/fr\/author\/jpe\/\"}]}<\/script>\n<!-- \/ Yoast SEO plugin. -->","yoast_head_json":{"title":"La hausse du ch\u00f4mage se confirme de mois en mois en Wallonie, et toutes les classes d'\u00e2ge semblent concern\u00e9es. - Peoplesphere","robots":{"index":"index","follow":"follow","max-snippet":"max-snippet:-1","max-image-preview":"max-image-preview:large","max-video-preview":"max-video-preview:-1"},"canonical":"https:\/\/peoplesphere.be\/fr\/hausse-chomage-se-confirme-de-mois-mois-wallonie-toutes-classes-dage-semblent-concernees\/","og_locale":"fr_FR","og_type":"article","og_title":"La hausse du ch\u00f4mage se confirme de mois en mois en Wallonie, et toutes les classes d'\u00e2ge semblent concern\u00e9es. - Peoplesphere","og_description":"Fin septembre 2020, la Wallonie d\u00e9nombre 213.421 demandeurs d\u2019emploi inoccup\u00e9s (D.E.I.). Bien que la demande d\u2019emploi reste orient\u00e9e \u00e0 la hausse par rapport \u00e0 2019, cette derni\u00e8re tend \u00e0 s\u2019aplanir progressivement depuis plus de 3 mois (+2,1 % en septembre). [&hellip;]","og_url":"https:\/\/peoplesphere.be\/fr\/hausse-chomage-se-confirme-de-mois-mois-wallonie-toutes-classes-dage-semblent-concernees\/","og_site_name":"Peoplesphere","article_publisher":"https:\/\/www.facebook.com\/peoplesphere","article_published_time":"2020-10-04T08:21:24+00:00","og_image":[{"url":"http:\/\/www.peoplesphere.be\/fr\/wp-content\/uploads\/2016\/07\/facebook-default-posting-1200x628px.jpg"}],"author":"Jean-Paul Erhard","twitter_card":"summary_large_image","twitter_creator":"@PeoplesphereMag","twitter_site":"@PeoplesphereMag","twitter_misc":{"\u00c9crit par":"Jean-Paul Erhard","Dur\u00e9e de lecture estim\u00e9e":"3 minutes"},"schema":{"@context":"https:\/\/schema.org","@graph":[{"@type":"Article","@id":"https:\/\/peoplesphere.be\/fr\/hausse-chomage-se-confirme-de-mois-mois-wallonie-toutes-classes-dage-semblent-concernees\/#article","isPartOf":{"@id":"https:\/\/peoplesphere.be\/fr\/hausse-chomage-se-confirme-de-mois-mois-wallonie-toutes-classes-dage-semblent-concernees\/"},"author":{"name":"Jean-Paul Erhard","@id":"https:\/\/peoplesphere.be\/fr\/#\/schema\/person\/7976225ff17988604334abb7b3536a7e"},"headline":"La hausse du ch\u00f4mage se confirme de mois en mois en Wallonie, et toutes les classes d&rsquo;\u00e2ge semblent concern\u00e9es.","datePublished":"2020-10-04T08:21:24+00:00","dateModified":"2020-10-04T08:21:24+00:00","mainEntityOfPage":{"@id":"https:\/\/peoplesphere.be\/fr\/hausse-chomage-se-confirme-de-mois-mois-wallonie-toutes-classes-dage-semblent-concernees\/"},"wordCount":641,"publisher":{"@id":"https:\/\/peoplesphere.be\/fr\/#organization"},"keywords":["ch\u00f4mage","forem","march\u00e9 de l'emploi","offres d'emploi"],"articleSection":["Actualit\u00e9s","Digital"],"inLanguage":"fr-FR"},{"@type":"WebPage","@id":"https:\/\/peoplesphere.be\/fr\/hausse-chomage-se-confirme-de-mois-mois-wallonie-toutes-classes-dage-semblent-concernees\/","url":"https:\/\/peoplesphere.be\/fr\/hausse-chomage-se-confirme-de-mois-mois-wallonie-toutes-classes-dage-semblent-concernees\/","name":"La hausse du ch\u00f4mage se confirme de mois en mois en Wallonie, et toutes les classes d'\u00e2ge semblent concern\u00e9es. - Peoplesphere","isPartOf":{"@id":"https:\/\/peoplesphere.be\/fr\/#website"},"datePublished":"2020-10-04T08:21:24+00:00","dateModified":"2020-10-04T08:21:24+00:00","breadcrumb":{"@id":"https:\/\/peoplesphere.be\/fr\/hausse-chomage-se-confirme-de-mois-mois-wallonie-toutes-classes-dage-semblent-concernees\/#breadcrumb"},"inLanguage":"fr-FR","potentialAction":[{"@type":"ReadAction","target":["https:\/\/peoplesphere.be\/fr\/hausse-chomage-se-confirme-de-mois-mois-wallonie-toutes-classes-dage-semblent-concernees\/"]}]},{"@type":"BreadcrumbList","@id":"https:\/\/peoplesphere.be\/fr\/hausse-chomage-se-confirme-de-mois-mois-wallonie-toutes-classes-dage-semblent-concernees\/#breadcrumb","itemListElement":[{"@type":"ListItem","position":1,"name":"Accueil","item":"https:\/\/peoplesphere.be\/fr\/"},{"@type":"ListItem","position":2,"name":"La hausse du ch\u00f4mage se confirme de mois en mois en Wallonie, et toutes les classes d&rsquo;\u00e2ge semblent concern\u00e9es."}]},{"@type":"WebSite","@id":"https:\/\/peoplesphere.be\/fr\/#website","url":"https:\/\/peoplesphere.be\/fr\/","name":"Peoplesphere","description":"The People Managers Magazine","publisher":{"@id":"https:\/\/peoplesphere.be\/fr\/#organization"},"potentialAction":[{"@type":"SearchAction","target":{"@type":"EntryPoint","urlTemplate":"https:\/\/peoplesphere.be\/fr\/?s={search_term_string}"},"query-input":"required name=search_term_string"}],"inLanguage":"fr-FR"},{"@type":"Organization","@id":"https:\/\/peoplesphere.be\/fr\/#organization","name":"Peoplesphere Company srl","url":"https:\/\/peoplesphere.be\/fr\/","logo":{"@type":"ImageObject","inLanguage":"fr-FR","@id":"https:\/\/peoplesphere.be\/fr\/#\/schema\/logo\/image\/","url":"https:\/\/peoplesphere.be\/fr\/wp-content\/uploads\/2023\/07\/peoplesphere-lgo-new-generik.jpg","contentUrl":"https:\/\/peoplesphere.be\/fr\/wp-content\/uploads\/2023\/07\/peoplesphere-lgo-new-generik.jpg","width":1031,"height":1479,"caption":"Peoplesphere Company srl"},"image":{"@id":"https:\/\/peoplesphere.be\/fr\/#\/schema\/logo\/image\/"},"sameAs":["https:\/\/www.facebook.com\/peoplesphere","https:\/\/twitter.com\/PeoplesphereMag","https:\/\/www.linkedin.com\/company\/7587361?trk","http:\/\/youtube.com\/peoplesphere"]},{"@type":"Person","@id":"https:\/\/peoplesphere.be\/fr\/#\/schema\/person\/7976225ff17988604334abb7b3536a7e","name":"Jean-Paul Erhard","image":{"@type":"ImageObject","inLanguage":"fr-FR","@id":"https:\/\/peoplesphere.be\/fr\/#\/schema\/person\/image\/","url":"https:\/\/secure.gravatar.com\/avatar\/f941e681460179738071629a51574930?s=96&d=mm&r=g","contentUrl":"https:\/\/secure.gravatar.com\/avatar\/f941e681460179738071629a51574930?s=96&d=mm&r=g","caption":"Jean-Paul Erhard"},"url":"https:\/\/peoplesphere.be\/fr\/author\/jpe\/"}]}},"_links":{"self":[{"href":"https:\/\/peoplesphere.be\/fr\/wp-json\/wp\/v2\/posts\/10218"}],"collection":[{"href":"https:\/\/peoplesphere.be\/fr\/wp-json\/wp\/v2\/posts"}],"about":[{"href":"https:\/\/peoplesphere.be\/fr\/wp-json\/wp\/v2\/types\/post"}],"author":[{"embeddable":true,"href":"https:\/\/peoplesphere.be\/fr\/wp-json\/wp\/v2\/users\/2"}],"replies":[{"embeddable":true,"href":"https:\/\/peoplesphere.be\/fr\/wp-json\/wp\/v2\/comments?post=10218"}],"version-history":[{"count":1,"href":"https:\/\/peoplesphere.be\/fr\/wp-json\/wp\/v2\/posts\/10218\/revisions"}],"predecessor-version":[{"id":10219,"href":"https:\/\/peoplesphere.be\/fr\/wp-json\/wp\/v2\/posts\/10218\/revisions\/10219"}],"wp:attachment":[{"href":"https:\/\/peoplesphere.be\/fr\/wp-json\/wp\/v2\/media?parent=10218"}],"wp:term":[{"taxonomy":"category","embeddable":true,"href":"https:\/\/peoplesphere.be\/fr\/wp-json\/wp\/v2\/categories?post=10218"},{"taxonomy":"post_tag","embeddable":true,"href":"https:\/\/peoplesphere.be\/fr\/wp-json\/wp\/v2\/tags?post=10218"}],"curies":[{"name":"wp","href":"https:\/\/api.w.org\/{rel}","templated":true}]}}