









{"id":10252,"date":"2020-10-14T08:01:33","date_gmt":"2020-10-14T06:01:33","guid":{"rendered":"https:\/\/peoplesphere.be\/fr\/?p=10252"},"modified":"2020-10-14T08:01:33","modified_gmt":"2020-10-14T06:01:33","slug":"impact-de-pandemie-chomage-zone-ocde-135-millions-de-chomeurs-de-plus-mars-2020","status":"publish","type":"post","link":"https:\/\/peoplesphere.be\/fr\/impact-de-pandemie-chomage-zone-ocde-135-millions-de-chomeurs-de-plus-mars-2020\/","title":{"rendered":"Impact de la pand\u00e9mie sur le ch\u00f4mage dans la zone OCDE? 13,5 millions de ch\u00f4meurs de plus depuis mars 2020."},"content":{"rendered":"<p>Le taux de ch\u00f4mage de la zone OCDE a baiss\u00e9 de 0.6 point de pourcentage en ao\u00fbt, \u00e0 7.4%, mais restait 2.2 points de pourcentage au-dessus du niveau observ\u00e9 en f\u00e9vrier, avant que la pand\u00e9mie de COVID-19 ne touche le march\u00e9 du travail. 48.4 millions de personnes \u00e9tait au ch\u00f4mage dans la zone OCDE, 13.5 millions de plus qu\u2019en f\u00e9vrier. Le taux de ch\u00f4mage reste donc 2.2 points de pourcentage plus \u00e9lev\u00e9 qu\u2019en f\u00e9vrier 2020.<!--more--><\/p>\n<p>Les baisses r\u00e9centes du taux de ch\u00f4mage de l\u2019OCDE doivent \u00eatre interpr\u00e9t\u00e9es avec prudence, \u00e9tant donn\u00e9 qu\u2019elles refl\u00e8tent en grande partie le retour au travail de personnes en mise \u00e0 pied temporaire aux \u00c9tats-Unis et au Canada, o\u00f9 elles sont compt\u00e9es comme \u00e9tant au ch\u00f4mage.<\/p>\n<p>Dans la zone euro, o\u00f9 les personnes en mise \u00e0 pied temporaire ne sont pas incluses dans les statistiques du ch\u00f4mage, le taux de ch\u00f4mage continuait d\u2019augmenter (\u00e0 8.1% en ao\u00fbt, contre 8.0% en juillet), avec des hausses de 0.3 point de pourcentage ou plus en France (\u00e0 7.5%), en Lituanie (\u00e0 9.6%) et en Espagne (\u00e0 16.2%).<\/p>\n<p>Au Canada et aux \u00c9tats-Unis, les taux de ch\u00f4mage phares ont continu\u00e9 de baisser avec le retour au travail de personnes en mise \u00e0 pied temporaire. En ao\u00fbt, le taux de ch\u00f4mage a baiss\u00e9 de 0.7 point de pourcentage, \u00e0 10.2%, au Canada et de 1.8 points de pourcentage, \u00e0 8.4%, aux \u00c9tats-Unis. En septembre, le taux de ch\u00f4mage a continu\u00e9 de baisser au Canada (\u00e0 9.0%) et aux \u00c9tats-Unis (\u00e0 7.9%). Cependant, en excluant les mises \u00e0 pied temporaires des statistiques du ch\u00f4mage, une tendance \u00e0 la hausse du ch\u00f4mage depuis le d\u00e9but de la pand\u00e9mie, similaire \u00e0 celle enregistr\u00e9e dans la plupart des autres pays est observ\u00e9e. Sur cette base, les taux de ch\u00f4mage \u00e9taient plus \u00e9lev\u00e9s de 3.9 et 1.6 points de pourcentage[2] au Canada et aux \u00c9tats-Unis en ao\u00fbt, par rapport \u00e0 f\u00e9vrier.<\/p>\n<p>En ao\u00fbt, au Japon, le taux de ch\u00f4mage augmentait \u00e0 3.0%, contre 2.9% en juillet, mais il diminuait de 0.2 point de pourcentage au Mexique (\u00e0 5.0%) et de 0.7 point de pourcentage ou plus en Australie (\u00e0 6.8%), en Colombie (\u00e0 17.5%) et en Cor\u00e9e (\u00e0 3.2%).<\/p>\n<p><em>Source: OCDE<\/em><\/p>\n","protected":false},"excerpt":{"rendered":"<p>Le taux de ch\u00f4mage de la zone OCDE a baiss\u00e9 de 0.6 point de pourcentage en ao\u00fbt, \u00e0 7.4%, mais restait 2.2 points de pourcentage au-dessus du niveau observ\u00e9 en f\u00e9vrier, avant que la pand\u00e9mie de COVID-19 ne touche le [&hellip;]<\/p>\n","protected":false},"author":2,"featured_media":0,"comment_status":"closed","ping_status":"open","sticky":false,"template":"","format":"standard","meta":[],"categories":[65,10],"tags":[2947,772,703],"yoast_head":"<!-- This site is optimized with the Yoast SEO plugin v21.0 - https:\/\/yoast.com\/wordpress\/plugins\/seo\/ -->\n<title>Impact de la pand\u00e9mie sur le ch\u00f4mage dans la zone OCDE? 13,5 millions de ch\u00f4meurs de plus depuis mars 2020. - Peoplesphere<\/title>\n<meta name=\"robots\" content=\"index, follow, max-snippet:-1, max-image-preview:large, max-video-preview:-1\" \/>\n<link rel=\"canonical\" href=\"https:\/\/peoplesphere.be\/fr\/impact-de-pandemie-chomage-zone-ocde-135-millions-de-chomeurs-de-plus-mars-2020\/\" \/>\n<meta property=\"og:locale\" content=\"fr_FR\" \/>\n<meta property=\"og:type\" content=\"article\" \/>\n<meta property=\"og:title\" content=\"Impact de la pand\u00e9mie sur le ch\u00f4mage dans la zone OCDE? 13,5 millions de ch\u00f4meurs de plus depuis mars 2020. - Peoplesphere\" \/>\n<meta property=\"og:description\" content=\"Le taux de ch\u00f4mage de la zone OCDE a baiss\u00e9 de 0.6 point de pourcentage en ao\u00fbt, \u00e0 7.4%, mais restait 2.2 points de pourcentage au-dessus du niveau observ\u00e9 en f\u00e9vrier, avant que la pand\u00e9mie de COVID-19 ne touche le [&hellip;]\" \/>\n<meta property=\"og:url\" content=\"https:\/\/peoplesphere.be\/fr\/impact-de-pandemie-chomage-zone-ocde-135-millions-de-chomeurs-de-plus-mars-2020\/\" \/>\n<meta property=\"og:site_name\" content=\"Peoplesphere\" \/>\n<meta property=\"article:publisher\" content=\"https:\/\/www.facebook.com\/peoplesphere\" \/>\n<meta property=\"article:published_time\" content=\"2020-10-14T06:01:33+00:00\" \/>\n<meta property=\"og:image\" content=\"http:\/\/www.peoplesphere.be\/fr\/wp-content\/uploads\/2016\/07\/facebook-default-posting-1200x628px.jpg\" \/>\n<meta name=\"author\" content=\"Jean-Paul Erhard\" \/>\n<meta name=\"twitter:card\" content=\"summary_large_image\" \/>\n<meta name=\"twitter:creator\" content=\"@PeoplesphereMag\" \/>\n<meta name=\"twitter:site\" content=\"@PeoplesphereMag\" \/>\n<meta name=\"twitter:label1\" content=\"\u00c9crit par\" \/>\n\t<meta name=\"twitter:data1\" content=\"Jean-Paul Erhard\" \/>\n\t<meta name=\"twitter:label2\" content=\"Dur\u00e9e de lecture estim\u00e9e\" \/>\n\t<meta name=\"twitter:data2\" content=\"2 minutes\" \/>\n<script type=\"application\/ld+json\" class=\"yoast-schema-graph\">{\"@context\":\"https:\/\/schema.org\",\"@graph\":[{\"@type\":\"Article\",\"@id\":\"https:\/\/peoplesphere.be\/fr\/impact-de-pandemie-chomage-zone-ocde-135-millions-de-chomeurs-de-plus-mars-2020\/#article\",\"isPartOf\":{\"@id\":\"https:\/\/peoplesphere.be\/fr\/impact-de-pandemie-chomage-zone-ocde-135-millions-de-chomeurs-de-plus-mars-2020\/\"},\"author\":{\"name\":\"Jean-Paul Erhard\",\"@id\":\"https:\/\/peoplesphere.be\/fr\/#\/schema\/person\/7976225ff17988604334abb7b3536a7e\"},\"headline\":\"Impact de la pand\u00e9mie sur le ch\u00f4mage dans la zone OCDE? 13,5 millions de ch\u00f4meurs de plus depuis mars 2020.\",\"datePublished\":\"2020-10-14T06:01:33+00:00\",\"dateModified\":\"2020-10-14T06:01:33+00:00\",\"mainEntityOfPage\":{\"@id\":\"https:\/\/peoplesphere.be\/fr\/impact-de-pandemie-chomage-zone-ocde-135-millions-de-chomeurs-de-plus-mars-2020\/\"},\"wordCount\":376,\"publisher\":{\"@id\":\"https:\/\/peoplesphere.be\/fr\/#organization\"},\"keywords\":[\"coronavirus\",\"OCDE\",\"taux de ch\u00f4mage\"],\"articleSection\":[\"Actualit\u00e9s\",\"Digital\"],\"inLanguage\":\"fr-FR\"},{\"@type\":\"WebPage\",\"@id\":\"https:\/\/peoplesphere.be\/fr\/impact-de-pandemie-chomage-zone-ocde-135-millions-de-chomeurs-de-plus-mars-2020\/\",\"url\":\"https:\/\/peoplesphere.be\/fr\/impact-de-pandemie-chomage-zone-ocde-135-millions-de-chomeurs-de-plus-mars-2020\/\",\"name\":\"Impact de la pand\u00e9mie sur le ch\u00f4mage dans la zone OCDE? 13,5 millions de ch\u00f4meurs de plus depuis mars 2020. - Peoplesphere\",\"isPartOf\":{\"@id\":\"https:\/\/peoplesphere.be\/fr\/#website\"},\"datePublished\":\"2020-10-14T06:01:33+00:00\",\"dateModified\":\"2020-10-14T06:01:33+00:00\",\"breadcrumb\":{\"@id\":\"https:\/\/peoplesphere.be\/fr\/impact-de-pandemie-chomage-zone-ocde-135-millions-de-chomeurs-de-plus-mars-2020\/#breadcrumb\"},\"inLanguage\":\"fr-FR\",\"potentialAction\":[{\"@type\":\"ReadAction\",\"target\":[\"https:\/\/peoplesphere.be\/fr\/impact-de-pandemie-chomage-zone-ocde-135-millions-de-chomeurs-de-plus-mars-2020\/\"]}]},{\"@type\":\"BreadcrumbList\",\"@id\":\"https:\/\/peoplesphere.be\/fr\/impact-de-pandemie-chomage-zone-ocde-135-millions-de-chomeurs-de-plus-mars-2020\/#breadcrumb\",\"itemListElement\":[{\"@type\":\"ListItem\",\"position\":1,\"name\":\"Accueil\",\"item\":\"https:\/\/peoplesphere.be\/fr\/\"},{\"@type\":\"ListItem\",\"position\":2,\"name\":\"Impact de la pand\u00e9mie sur le ch\u00f4mage dans la zone OCDE? 13,5 millions de ch\u00f4meurs de plus depuis mars 2020.\"}]},{\"@type\":\"WebSite\",\"@id\":\"https:\/\/peoplesphere.be\/fr\/#website\",\"url\":\"https:\/\/peoplesphere.be\/fr\/\",\"name\":\"Peoplesphere\",\"description\":\"The People Managers Magazine\",\"publisher\":{\"@id\":\"https:\/\/peoplesphere.be\/fr\/#organization\"},\"potentialAction\":[{\"@type\":\"SearchAction\",\"target\":{\"@type\":\"EntryPoint\",\"urlTemplate\":\"https:\/\/peoplesphere.be\/fr\/?s={search_term_string}\"},\"query-input\":\"required name=search_term_string\"}],\"inLanguage\":\"fr-FR\"},{\"@type\":\"Organization\",\"@id\":\"https:\/\/peoplesphere.be\/fr\/#organization\",\"name\":\"Peoplesphere Company srl\",\"url\":\"https:\/\/peoplesphere.be\/fr\/\",\"logo\":{\"@type\":\"ImageObject\",\"inLanguage\":\"fr-FR\",\"@id\":\"https:\/\/peoplesphere.be\/fr\/#\/schema\/logo\/image\/\",\"url\":\"https:\/\/peoplesphere.be\/fr\/wp-content\/uploads\/2023\/07\/peoplesphere-lgo-new-generik.jpg\",\"contentUrl\":\"https:\/\/peoplesphere.be\/fr\/wp-content\/uploads\/2023\/07\/peoplesphere-lgo-new-generik.jpg\",\"width\":1031,\"height\":1479,\"caption\":\"Peoplesphere Company srl\"},\"image\":{\"@id\":\"https:\/\/peoplesphere.be\/fr\/#\/schema\/logo\/image\/\"},\"sameAs\":[\"https:\/\/www.facebook.com\/peoplesphere\",\"https:\/\/twitter.com\/PeoplesphereMag\",\"https:\/\/www.linkedin.com\/company\/7587361?trk\",\"http:\/\/youtube.com\/peoplesphere\"]},{\"@type\":\"Person\",\"@id\":\"https:\/\/peoplesphere.be\/fr\/#\/schema\/person\/7976225ff17988604334abb7b3536a7e\",\"name\":\"Jean-Paul Erhard\",\"image\":{\"@type\":\"ImageObject\",\"inLanguage\":\"fr-FR\",\"@id\":\"https:\/\/peoplesphere.be\/fr\/#\/schema\/person\/image\/\",\"url\":\"https:\/\/secure.gravatar.com\/avatar\/f941e681460179738071629a51574930?s=96&d=mm&r=g\",\"contentUrl\":\"https:\/\/secure.gravatar.com\/avatar\/f941e681460179738071629a51574930?s=96&d=mm&r=g\",\"caption\":\"Jean-Paul Erhard\"},\"url\":\"https:\/\/peoplesphere.be\/fr\/author\/jpe\/\"}]}<\/script>\n<!-- \/ Yoast SEO plugin. -->","yoast_head_json":{"title":"Impact de la pand\u00e9mie sur le ch\u00f4mage dans la zone OCDE? 13,5 millions de ch\u00f4meurs de plus depuis mars 2020. - Peoplesphere","robots":{"index":"index","follow":"follow","max-snippet":"max-snippet:-1","max-image-preview":"max-image-preview:large","max-video-preview":"max-video-preview:-1"},"canonical":"https:\/\/peoplesphere.be\/fr\/impact-de-pandemie-chomage-zone-ocde-135-millions-de-chomeurs-de-plus-mars-2020\/","og_locale":"fr_FR","og_type":"article","og_title":"Impact de la pand\u00e9mie sur le ch\u00f4mage dans la zone OCDE? 13,5 millions de ch\u00f4meurs de plus depuis mars 2020. - Peoplesphere","og_description":"Le taux de ch\u00f4mage de la zone OCDE a baiss\u00e9 de 0.6 point de pourcentage en ao\u00fbt, \u00e0 7.4%, mais restait 2.2 points de pourcentage au-dessus du niveau observ\u00e9 en f\u00e9vrier, avant que la pand\u00e9mie de COVID-19 ne touche le [&hellip;]","og_url":"https:\/\/peoplesphere.be\/fr\/impact-de-pandemie-chomage-zone-ocde-135-millions-de-chomeurs-de-plus-mars-2020\/","og_site_name":"Peoplesphere","article_publisher":"https:\/\/www.facebook.com\/peoplesphere","article_published_time":"2020-10-14T06:01:33+00:00","og_image":[{"url":"http:\/\/www.peoplesphere.be\/fr\/wp-content\/uploads\/2016\/07\/facebook-default-posting-1200x628px.jpg"}],"author":"Jean-Paul Erhard","twitter_card":"summary_large_image","twitter_creator":"@PeoplesphereMag","twitter_site":"@PeoplesphereMag","twitter_misc":{"\u00c9crit par":"Jean-Paul Erhard","Dur\u00e9e de lecture estim\u00e9e":"2 minutes"},"schema":{"@context":"https:\/\/schema.org","@graph":[{"@type":"Article","@id":"https:\/\/peoplesphere.be\/fr\/impact-de-pandemie-chomage-zone-ocde-135-millions-de-chomeurs-de-plus-mars-2020\/#article","isPartOf":{"@id":"https:\/\/peoplesphere.be\/fr\/impact-de-pandemie-chomage-zone-ocde-135-millions-de-chomeurs-de-plus-mars-2020\/"},"author":{"name":"Jean-Paul Erhard","@id":"https:\/\/peoplesphere.be\/fr\/#\/schema\/person\/7976225ff17988604334abb7b3536a7e"},"headline":"Impact de la pand\u00e9mie sur le ch\u00f4mage dans la zone OCDE? 13,5 millions de ch\u00f4meurs de plus depuis mars 2020.","datePublished":"2020-10-14T06:01:33+00:00","dateModified":"2020-10-14T06:01:33+00:00","mainEntityOfPage":{"@id":"https:\/\/peoplesphere.be\/fr\/impact-de-pandemie-chomage-zone-ocde-135-millions-de-chomeurs-de-plus-mars-2020\/"},"wordCount":376,"publisher":{"@id":"https:\/\/peoplesphere.be\/fr\/#organization"},"keywords":["coronavirus","OCDE","taux de ch\u00f4mage"],"articleSection":["Actualit\u00e9s","Digital"],"inLanguage":"fr-FR"},{"@type":"WebPage","@id":"https:\/\/peoplesphere.be\/fr\/impact-de-pandemie-chomage-zone-ocde-135-millions-de-chomeurs-de-plus-mars-2020\/","url":"https:\/\/peoplesphere.be\/fr\/impact-de-pandemie-chomage-zone-ocde-135-millions-de-chomeurs-de-plus-mars-2020\/","name":"Impact de la pand\u00e9mie sur le ch\u00f4mage dans la zone OCDE? 13,5 millions de ch\u00f4meurs de plus depuis mars 2020. - Peoplesphere","isPartOf":{"@id":"https:\/\/peoplesphere.be\/fr\/#website"},"datePublished":"2020-10-14T06:01:33+00:00","dateModified":"2020-10-14T06:01:33+00:00","breadcrumb":{"@id":"https:\/\/peoplesphere.be\/fr\/impact-de-pandemie-chomage-zone-ocde-135-millions-de-chomeurs-de-plus-mars-2020\/#breadcrumb"},"inLanguage":"fr-FR","potentialAction":[{"@type":"ReadAction","target":["https:\/\/peoplesphere.be\/fr\/impact-de-pandemie-chomage-zone-ocde-135-millions-de-chomeurs-de-plus-mars-2020\/"]}]},{"@type":"BreadcrumbList","@id":"https:\/\/peoplesphere.be\/fr\/impact-de-pandemie-chomage-zone-ocde-135-millions-de-chomeurs-de-plus-mars-2020\/#breadcrumb","itemListElement":[{"@type":"ListItem","position":1,"name":"Accueil","item":"https:\/\/peoplesphere.be\/fr\/"},{"@type":"ListItem","position":2,"name":"Impact de la pand\u00e9mie sur le ch\u00f4mage dans la zone OCDE? 13,5 millions de ch\u00f4meurs de plus depuis mars 2020."}]},{"@type":"WebSite","@id":"https:\/\/peoplesphere.be\/fr\/#website","url":"https:\/\/peoplesphere.be\/fr\/","name":"Peoplesphere","description":"The People Managers Magazine","publisher":{"@id":"https:\/\/peoplesphere.be\/fr\/#organization"},"potentialAction":[{"@type":"SearchAction","target":{"@type":"EntryPoint","urlTemplate":"https:\/\/peoplesphere.be\/fr\/?s={search_term_string}"},"query-input":"required name=search_term_string"}],"inLanguage":"fr-FR"},{"@type":"Organization","@id":"https:\/\/peoplesphere.be\/fr\/#organization","name":"Peoplesphere Company srl","url":"https:\/\/peoplesphere.be\/fr\/","logo":{"@type":"ImageObject","inLanguage":"fr-FR","@id":"https:\/\/peoplesphere.be\/fr\/#\/schema\/logo\/image\/","url":"https:\/\/peoplesphere.be\/fr\/wp-content\/uploads\/2023\/07\/peoplesphere-lgo-new-generik.jpg","contentUrl":"https:\/\/peoplesphere.be\/fr\/wp-content\/uploads\/2023\/07\/peoplesphere-lgo-new-generik.jpg","width":1031,"height":1479,"caption":"Peoplesphere Company srl"},"image":{"@id":"https:\/\/peoplesphere.be\/fr\/#\/schema\/logo\/image\/"},"sameAs":["https:\/\/www.facebook.com\/peoplesphere","https:\/\/twitter.com\/PeoplesphereMag","https:\/\/www.linkedin.com\/company\/7587361?trk","http:\/\/youtube.com\/peoplesphere"]},{"@type":"Person","@id":"https:\/\/peoplesphere.be\/fr\/#\/schema\/person\/7976225ff17988604334abb7b3536a7e","name":"Jean-Paul Erhard","image":{"@type":"ImageObject","inLanguage":"fr-FR","@id":"https:\/\/peoplesphere.be\/fr\/#\/schema\/person\/image\/","url":"https:\/\/secure.gravatar.com\/avatar\/f941e681460179738071629a51574930?s=96&d=mm&r=g","contentUrl":"https:\/\/secure.gravatar.com\/avatar\/f941e681460179738071629a51574930?s=96&d=mm&r=g","caption":"Jean-Paul Erhard"},"url":"https:\/\/peoplesphere.be\/fr\/author\/jpe\/"}]}},"_links":{"self":[{"href":"https:\/\/peoplesphere.be\/fr\/wp-json\/wp\/v2\/posts\/10252"}],"collection":[{"href":"https:\/\/peoplesphere.be\/fr\/wp-json\/wp\/v2\/posts"}],"about":[{"href":"https:\/\/peoplesphere.be\/fr\/wp-json\/wp\/v2\/types\/post"}],"author":[{"embeddable":true,"href":"https:\/\/peoplesphere.be\/fr\/wp-json\/wp\/v2\/users\/2"}],"replies":[{"embeddable":true,"href":"https:\/\/peoplesphere.be\/fr\/wp-json\/wp\/v2\/comments?post=10252"}],"version-history":[{"count":1,"href":"https:\/\/peoplesphere.be\/fr\/wp-json\/wp\/v2\/posts\/10252\/revisions"}],"predecessor-version":[{"id":10253,"href":"https:\/\/peoplesphere.be\/fr\/wp-json\/wp\/v2\/posts\/10252\/revisions\/10253"}],"wp:attachment":[{"href":"https:\/\/peoplesphere.be\/fr\/wp-json\/wp\/v2\/media?parent=10252"}],"wp:term":[{"taxonomy":"category","embeddable":true,"href":"https:\/\/peoplesphere.be\/fr\/wp-json\/wp\/v2\/categories?post=10252"},{"taxonomy":"post_tag","embeddable":true,"href":"https:\/\/peoplesphere.be\/fr\/wp-json\/wp\/v2\/tags?post=10252"}],"curies":[{"name":"wp","href":"https:\/\/api.w.org\/{rel}","templated":true}]}}