









{"id":10254,"date":"2020-10-14T09:53:26","date_gmt":"2020-10-14T07:53:26","guid":{"rendered":"https:\/\/peoplesphere.be\/fr\/?p=10254"},"modified":"2020-10-14T09:53:26","modified_gmt":"2020-10-14T07:53:26","slug":"teletravail-a-domicile-lapres-covid-retour-a-lanormal-commandez-guide-pratique-actuel-matiere-de-teletravail","status":"publish","type":"post","link":"https:\/\/peoplesphere.be\/fr\/teletravail-a-domicile-lapres-covid-retour-a-lanormal-commandez-guide-pratique-actuel-matiere-de-teletravail\/","title":{"rendered":"&lsquo;Le t\u00e9l\u00e9travail \u00e0 domicile &#8211; l&rsquo;apr\u00e8s COVID ou le retour \u00e0 l&rsquo;anormal&#8230;&rsquo; Commandez votre guide pratique actuel en mati\u00e8re de t\u00e9l\u00e9travail."},"content":{"rendered":"<p>En 1993, la Commission europ\u00e9enne pr\u00e9sentait le t\u00e9l\u00e9travail comme l\u2019un des huit d\u00e9veloppements strat\u00e9giques pour lesquels il fallait stimuler les investissements. 27 ans plus tard, un virus d\u2019une dimension de 2\/100 d\u2019un micron provoque en moins de trois mois un s\u00e9isme \u00e9conomique et social mondial et un bouleversement dans nos organisations de travail. Commandez sans tarder votre nouvel ouvrage de r\u00e9f\u00e9rence en la mati\u00e8re, un guide et une base de r\u00e9flexion pour une pratique en plein essor.<!--more--><\/p>\n<p>Le mot est jet\u00e9 en p\u00e2ture. \u00ab\u00a0T\u00e9l\u00e9travail\u00a0\u00bb. Fa\u00e7onn\u00e9, ma\u00e7onn\u00e9, d\u00e9sarticul\u00e9, d\u00e9figur\u00e9, critiqu\u00e9, exploit\u00e9, instrumentalis\u00e9 et m\u00e9diatis\u00e9, il est devenu la star. Mais \u00e9tions-nous vraiment en pr\u00e9sence de \u00ab\u00a0t\u00e9l\u00e9travail\u00a0\u00bb?<\/p>\n<p>Nous sommes pass\u00e9s de la vague silencieuse \u00e0 la vague de Nazar\u00e9. Retournerons-nous \u00e0 la normale ou nous dirigeons-nous vers l\u2019anormal ?<\/p>\n<p>Cet ouvrage pr\u00e9pare les lecteurs, les entreprises et les professionnels des RH \u00e0 cette mutation. Il rappelle les principales \u00e9tapes du d\u00e9veloppement du t\u00e9l\u00e9travail \u00e0 domicile ; aborde les r\u00e9glementations internationales, europ\u00e9ennes et nationales, la mise en \u0153uvre du t\u00e9l\u00e9travail, les fonctions et travailleurs concern\u00e9s ; confronte dans une approche transversale diff\u00e9rentes th\u00e9matiques que sont la dur\u00e9e du temps de travail, la s\u00e9curit\u00e9 et la sant\u00e9 des travailleurs, la protection des donn\u00e9es et la vie priv\u00e9e ; traite des enjeux fiscaux, de s\u00e9curit\u00e9 sociale et de droit du travail li\u00e9s aux nouvelles technologies mises \u00e0 disposition des t\u00e9l\u00e9travailleurs. Dans le cadre de la crise sanitaire, il remet au go\u00fbt du jour la r\u00e9glementation PC priv\u00e9. Il s\u2019int\u00e9resse \u00e0 la question de la responsabilit\u00e9 de l\u2019employeur face aux risques de d\u00e9localiser l\u2019utilisation des nouvelles technologies et anticipe des probl\u00e9matiques : la place du domicile priv\u00e9, le pr\u00e9sent\u00e9isme virtuel, la mobilit\u00e9 internationale et le t\u00e9l\u00e9travail face au COVID-19.<\/p>\n<p>L&rsquo;ouvrage comporte des mod\u00e8les et documents qui sont disponibles en ligne sur le site www.legis.be.<\/p>\n<p>Fr\u00e9d\u00e9ric Robert, avocat sp\u00e9cialis\u00e9 en droit social, propose \u00e0 travers cet ouvrage un guide pratique et une base de r\u00e9flexion pour les entreprises d\u00e9sireuses de mettre en place le t\u00e9l\u00e9travail dans leur organisation ou de le promouvoir.<\/p>\n<p>Pour commander votre exemplaire (prix d\u2019achat TTC 52 euros + frais d&rsquo;exp\u00e9dition de 5 euros), remplissez sans tarder le formulaire ci-dessous :<\/p>\n\n<div class=\"wpcf7 no-js\" id=\"wpcf7-f10257-o1\" lang=\"fr-FR\" dir=\"ltr\">\n<div class=\"screen-reader-response\"><p role=\"status\" aria-live=\"polite\" aria-atomic=\"true\"><\/p> <ul><\/ul><\/div>\n<form action=\"\/fr\/wp-json\/wp\/v2\/posts\/10254#wpcf7-f10257-o1\" method=\"post\" class=\"wpcf7-form init\" aria-label=\"Formulaire de contact\" novalidate=\"novalidate\" data-status=\"init\">\n<div style=\"display: none;\">\n<input type=\"hidden\" name=\"_wpcf7\" value=\"10257\" \/>\n<input type=\"hidden\" name=\"_wpcf7_version\" value=\"5.7.7\" \/>\n<input type=\"hidden\" name=\"_wpcf7_locale\" value=\"fr_FR\" \/>\n<input type=\"hidden\" name=\"_wpcf7_unit_tag\" value=\"wpcf7-f10257-o1\" \/>\n<input type=\"hidden\" name=\"_wpcf7_container_post\" value=\"0\" \/>\n<input type=\"hidden\" name=\"_wpcf7_posted_data_hash\" value=\"\" \/>\n<\/div>\n<p><label> Nom<br \/>\n<span class=\"wpcf7-form-control-wrap\" data-name=\"your-name\"><input size=\"40\" class=\"wpcf7-form-control wpcf7-text wpcf7-validates-as-required\" aria-required=\"true\" aria-invalid=\"false\" value=\"\" type=\"text\" name=\"your-name\" \/><\/span> <\/label>\n<\/p>\n<p><label> Pr\u00e9nom<br \/>\n<span class=\"wpcf7-form-control-wrap\" data-name=\"your-firstname\"><input size=\"40\" class=\"wpcf7-form-control wpcf7-text wpcf7-validates-as-required\" aria-required=\"true\" aria-invalid=\"false\" value=\"\" type=\"text\" name=\"your-firstname\" \/><\/span> <\/label>\n<\/p>\n<p><label> Fonction<br \/>\n<span class=\"wpcf7-form-control-wrap\" data-name=\"your-function\"><input size=\"40\" class=\"wpcf7-form-control wpcf7-text\" aria-invalid=\"false\" value=\"\" type=\"text\" name=\"your-function\" \/><\/span> <\/label>\n<\/p>\n<p><label> Soci\u00e9t\u00e9<br \/>\n<span class=\"wpcf7-form-control-wrap\" data-name=\"your-company\"><input size=\"40\" class=\"wpcf7-form-control wpcf7-text\" aria-invalid=\"false\" value=\"\" type=\"text\" name=\"your-company\" \/><\/span> <\/label>\n<\/p>\n<p><label> Adresse<br \/>\n<span class=\"wpcf7-form-control-wrap\" data-name=\"your-adress\"><input size=\"40\" class=\"wpcf7-form-control wpcf7-text\" aria-invalid=\"false\" value=\"\" type=\"text\" name=\"your-adress\" \/><\/span> <\/label>\n<\/p>\n<p><label> Code postal<br \/>\n<span class=\"wpcf7-form-control-wrap\" data-name=\"your-code\"><input size=\"40\" class=\"wpcf7-form-control wpcf7-text\" aria-invalid=\"false\" value=\"\" type=\"text\" name=\"your-code\" \/><\/span> <\/label>\n<\/p>\n<p><label> Ville<br \/>\n<span class=\"wpcf7-form-control-wrap\" data-name=\"your-town\"><input size=\"40\" class=\"wpcf7-form-control wpcf7-text\" aria-invalid=\"false\" value=\"\" type=\"text\" name=\"your-town\" \/><\/span> <\/label>\n<\/p>\n<p><label> Num\u00e9ro TVA<br \/>\n<span class=\"wpcf7-form-control-wrap\" data-name=\"your-vatnumber\"><input size=\"40\" class=\"wpcf7-form-control wpcf7-text\" aria-invalid=\"false\" value=\"\" type=\"text\" name=\"your-vatnumber\" \/><\/span> <\/label>\n<\/p>\n<p><label> T\u00e9l\u00e9phone<br \/>\n<span class=\"wpcf7-form-control-wrap\" data-name=\"your-phone\"><input size=\"40\" class=\"wpcf7-form-control wpcf7-text\" aria-invalid=\"false\" value=\"\" type=\"text\" name=\"your-phone\" \/><\/span> <\/label>\n<\/p>\n<p><label> E-mail<br \/>\n<span class=\"wpcf7-form-control-wrap\" data-name=\"your-email\"><input size=\"40\" class=\"wpcf7-form-control wpcf7-text wpcf7-email wpcf7-validates-as-required wpcf7-validates-as-email\" aria-required=\"true\" aria-invalid=\"false\" value=\"\" type=\"email\" name=\"your-email\" \/><\/span> <\/label>\n<\/p>\n<p><input class=\"wpcf7-form-control has-spinner wpcf7-submit\" type=\"submit\" value=\"Envoyer\" \/>\n<\/p><p style=\"display: none !important;\"><label>&#916;<textarea name=\"_wpcf7_ak_hp_textarea\" cols=\"45\" rows=\"8\" maxlength=\"100\"><\/textarea><\/label><input type=\"hidden\" id=\"ak_js_1\" name=\"_wpcf7_ak_js\" value=\"29\"\/><script>document.getElementById( \"ak_js_1\" ).setAttribute( \"value\", ( new Date() ).getTime() );<\/script><\/p><div class=\"wpcf7-response-output\" aria-hidden=\"true\"><\/div>\n<\/form>\n<\/div>\n\n","protected":false},"excerpt":{"rendered":"<p>En 1993, la Commission europ\u00e9enne pr\u00e9sentait le t\u00e9l\u00e9travail comme l\u2019un des huit d\u00e9veloppements strat\u00e9giques pour lesquels il fallait stimuler les investissements. 27 ans plus tard, un virus d\u2019une dimension de 2\/100 d\u2019un micron provoque en moins de trois mois un [&hellip;]<\/p>\n","protected":false},"author":2,"featured_media":10255,"comment_status":"closed","ping_status":"open","sticky":false,"template":"","format":"standard","meta":[],"categories":[65,10],"tags":[557,3071,619,3205,219],"yoast_head":"<!-- This site is optimized with the Yoast SEO plugin v21.0 - https:\/\/yoast.com\/wordpress\/plugins\/seo\/ -->\n<title>&#039;Le t\u00e9l\u00e9travail \u00e0 domicile - l&#039;apr\u00e8s COVID ou le retour \u00e0 l&#039;anormal...&#039; Commandez votre guide pratique actuel en mati\u00e8re de t\u00e9l\u00e9travail. - Peoplesphere<\/title>\n<meta name=\"robots\" content=\"index, follow, max-snippet:-1, max-image-preview:large, max-video-preview:-1\" \/>\n<link rel=\"canonical\" href=\"https:\/\/peoplesphere.be\/fr\/teletravail-a-domicile-lapres-covid-retour-a-lanormal-commandez-guide-pratique-actuel-matiere-de-teletravail\/\" \/>\n<meta property=\"og:locale\" content=\"fr_FR\" \/>\n<meta property=\"og:type\" content=\"article\" \/>\n<meta property=\"og:title\" content=\"&#039;Le t\u00e9l\u00e9travail \u00e0 domicile - l&#039;apr\u00e8s COVID ou le retour \u00e0 l&#039;anormal...&#039; Commandez votre guide pratique actuel en mati\u00e8re de t\u00e9l\u00e9travail. - Peoplesphere\" \/>\n<meta property=\"og:description\" content=\"En 1993, la Commission europ\u00e9enne pr\u00e9sentait le t\u00e9l\u00e9travail comme l\u2019un des huit d\u00e9veloppements strat\u00e9giques pour lesquels il fallait stimuler les investissements. 27 ans plus tard, un virus d\u2019une dimension de 2\/100 d\u2019un micron provoque en moins de trois mois un [&hellip;]\" \/>\n<meta property=\"og:url\" content=\"https:\/\/peoplesphere.be\/fr\/teletravail-a-domicile-lapres-covid-retour-a-lanormal-commandez-guide-pratique-actuel-matiere-de-teletravail\/\" \/>\n<meta property=\"og:site_name\" content=\"Peoplesphere\" \/>\n<meta property=\"article:publisher\" content=\"https:\/\/www.facebook.com\/peoplesphere\" \/>\n<meta property=\"article:published_time\" content=\"2020-10-14T07:53:26+00:00\" \/>\n<meta property=\"og:image\" content=\"https:\/\/peoplesphere.be\/fr\/wp-content\/uploads\/2020\/10\/T\u00e9l\u00e9travail-\u00e0-domicile.png\" \/>\n\t<meta property=\"og:image:width\" content=\"1560\" \/>\n\t<meta property=\"og:image:height\" content=\"816\" \/>\n\t<meta property=\"og:image:type\" content=\"image\/png\" \/>\n<meta name=\"author\" content=\"Jean-Paul Erhard\" \/>\n<meta name=\"twitter:card\" content=\"summary_large_image\" \/>\n<meta name=\"twitter:creator\" content=\"@PeoplesphereMag\" \/>\n<meta name=\"twitter:site\" content=\"@PeoplesphereMag\" \/>\n<meta name=\"twitter:label1\" content=\"\u00c9crit par\" \/>\n\t<meta name=\"twitter:data1\" content=\"Jean-Paul Erhard\" \/>\n\t<meta name=\"twitter:label2\" content=\"Dur\u00e9e de lecture estim\u00e9e\" \/>\n\t<meta name=\"twitter:data2\" content=\"2 minutes\" \/>\n<script type=\"application\/ld+json\" class=\"yoast-schema-graph\">{\"@context\":\"https:\/\/schema.org\",\"@graph\":[{\"@type\":\"Article\",\"@id\":\"https:\/\/peoplesphere.be\/fr\/teletravail-a-domicile-lapres-covid-retour-a-lanormal-commandez-guide-pratique-actuel-matiere-de-teletravail\/#article\",\"isPartOf\":{\"@id\":\"https:\/\/peoplesphere.be\/fr\/teletravail-a-domicile-lapres-covid-retour-a-lanormal-commandez-guide-pratique-actuel-matiere-de-teletravail\/\"},\"author\":{\"name\":\"Jean-Paul Erhard\",\"@id\":\"https:\/\/peoplesphere.be\/fr\/#\/schema\/person\/7976225ff17988604334abb7b3536a7e\"},\"headline\":\"&lsquo;Le t\u00e9l\u00e9travail \u00e0 domicile &#8211; l&rsquo;apr\u00e8s COVID ou le retour \u00e0 l&rsquo;anormal&#8230;&rsquo; Commandez votre guide pratique actuel en mati\u00e8re de t\u00e9l\u00e9travail.\",\"datePublished\":\"2020-10-14T07:53:26+00:00\",\"dateModified\":\"2020-10-14T07:53:26+00:00\",\"mainEntityOfPage\":{\"@id\":\"https:\/\/peoplesphere.be\/fr\/teletravail-a-domicile-lapres-covid-retour-a-lanormal-commandez-guide-pratique-actuel-matiere-de-teletravail\/\"},\"wordCount\":442,\"publisher\":{\"@id\":\"https:\/\/peoplesphere.be\/fr\/#organization\"},\"keywords\":[\"droit social\",\"Fr\u00e9d\u00e9ric Robert\",\"organisation du travail\",\"post-covid\",\"t\u00e9l\u00e9travail\"],\"articleSection\":[\"Actualit\u00e9s\",\"Digital\"],\"inLanguage\":\"fr-FR\"},{\"@type\":\"WebPage\",\"@id\":\"https:\/\/peoplesphere.be\/fr\/teletravail-a-domicile-lapres-covid-retour-a-lanormal-commandez-guide-pratique-actuel-matiere-de-teletravail\/\",\"url\":\"https:\/\/peoplesphere.be\/fr\/teletravail-a-domicile-lapres-covid-retour-a-lanormal-commandez-guide-pratique-actuel-matiere-de-teletravail\/\",\"name\":\"'Le t\u00e9l\u00e9travail \u00e0 domicile - l'apr\u00e8s COVID ou le retour \u00e0 l'anormal...' Commandez votre guide pratique actuel en mati\u00e8re de t\u00e9l\u00e9travail. - Peoplesphere\",\"isPartOf\":{\"@id\":\"https:\/\/peoplesphere.be\/fr\/#website\"},\"datePublished\":\"2020-10-14T07:53:26+00:00\",\"dateModified\":\"2020-10-14T07:53:26+00:00\",\"breadcrumb\":{\"@id\":\"https:\/\/peoplesphere.be\/fr\/teletravail-a-domicile-lapres-covid-retour-a-lanormal-commandez-guide-pratique-actuel-matiere-de-teletravail\/#breadcrumb\"},\"inLanguage\":\"fr-FR\",\"potentialAction\":[{\"@type\":\"ReadAction\",\"target\":[\"https:\/\/peoplesphere.be\/fr\/teletravail-a-domicile-lapres-covid-retour-a-lanormal-commandez-guide-pratique-actuel-matiere-de-teletravail\/\"]}]},{\"@type\":\"BreadcrumbList\",\"@id\":\"https:\/\/peoplesphere.be\/fr\/teletravail-a-domicile-lapres-covid-retour-a-lanormal-commandez-guide-pratique-actuel-matiere-de-teletravail\/#breadcrumb\",\"itemListElement\":[{\"@type\":\"ListItem\",\"position\":1,\"name\":\"Accueil\",\"item\":\"https:\/\/peoplesphere.be\/fr\/\"},{\"@type\":\"ListItem\",\"position\":2,\"name\":\"&lsquo;Le t\u00e9l\u00e9travail \u00e0 domicile &#8211; l&rsquo;apr\u00e8s COVID ou le retour \u00e0 l&rsquo;anormal&#8230;&rsquo; Commandez votre guide pratique actuel en mati\u00e8re de t\u00e9l\u00e9travail.\"}]},{\"@type\":\"WebSite\",\"@id\":\"https:\/\/peoplesphere.be\/fr\/#website\",\"url\":\"https:\/\/peoplesphere.be\/fr\/\",\"name\":\"Peoplesphere\",\"description\":\"The People Managers Magazine\",\"publisher\":{\"@id\":\"https:\/\/peoplesphere.be\/fr\/#organization\"},\"potentialAction\":[{\"@type\":\"SearchAction\",\"target\":{\"@type\":\"EntryPoint\",\"urlTemplate\":\"https:\/\/peoplesphere.be\/fr\/?s={search_term_string}\"},\"query-input\":\"required name=search_term_string\"}],\"inLanguage\":\"fr-FR\"},{\"@type\":\"Organization\",\"@id\":\"https:\/\/peoplesphere.be\/fr\/#organization\",\"name\":\"Peoplesphere Company srl\",\"url\":\"https:\/\/peoplesphere.be\/fr\/\",\"logo\":{\"@type\":\"ImageObject\",\"inLanguage\":\"fr-FR\",\"@id\":\"https:\/\/peoplesphere.be\/fr\/#\/schema\/logo\/image\/\",\"url\":\"https:\/\/peoplesphere.be\/fr\/wp-content\/uploads\/2023\/07\/peoplesphere-lgo-new-generik.jpg\",\"contentUrl\":\"https:\/\/peoplesphere.be\/fr\/wp-content\/uploads\/2023\/07\/peoplesphere-lgo-new-generik.jpg\",\"width\":1031,\"height\":1479,\"caption\":\"Peoplesphere Company srl\"},\"image\":{\"@id\":\"https:\/\/peoplesphere.be\/fr\/#\/schema\/logo\/image\/\"},\"sameAs\":[\"https:\/\/www.facebook.com\/peoplesphere\",\"https:\/\/twitter.com\/PeoplesphereMag\",\"https:\/\/www.linkedin.com\/company\/7587361?trk\",\"http:\/\/youtube.com\/peoplesphere\"]},{\"@type\":\"Person\",\"@id\":\"https:\/\/peoplesphere.be\/fr\/#\/schema\/person\/7976225ff17988604334abb7b3536a7e\",\"name\":\"Jean-Paul Erhard\",\"image\":{\"@type\":\"ImageObject\",\"inLanguage\":\"fr-FR\",\"@id\":\"https:\/\/peoplesphere.be\/fr\/#\/schema\/person\/image\/\",\"url\":\"https:\/\/secure.gravatar.com\/avatar\/f941e681460179738071629a51574930?s=96&d=mm&r=g\",\"contentUrl\":\"https:\/\/secure.gravatar.com\/avatar\/f941e681460179738071629a51574930?s=96&d=mm&r=g\",\"caption\":\"Jean-Paul Erhard\"},\"url\":\"https:\/\/peoplesphere.be\/fr\/author\/jpe\/\"}]}<\/script>\n<!-- \/ Yoast SEO plugin. -->","yoast_head_json":{"title":"'Le t\u00e9l\u00e9travail \u00e0 domicile - l'apr\u00e8s COVID ou le retour \u00e0 l'anormal...' Commandez votre guide pratique actuel en mati\u00e8re de t\u00e9l\u00e9travail. - Peoplesphere","robots":{"index":"index","follow":"follow","max-snippet":"max-snippet:-1","max-image-preview":"max-image-preview:large","max-video-preview":"max-video-preview:-1"},"canonical":"https:\/\/peoplesphere.be\/fr\/teletravail-a-domicile-lapres-covid-retour-a-lanormal-commandez-guide-pratique-actuel-matiere-de-teletravail\/","og_locale":"fr_FR","og_type":"article","og_title":"'Le t\u00e9l\u00e9travail \u00e0 domicile - l'apr\u00e8s COVID ou le retour \u00e0 l'anormal...' Commandez votre guide pratique actuel en mati\u00e8re de t\u00e9l\u00e9travail. - Peoplesphere","og_description":"En 1993, la Commission europ\u00e9enne pr\u00e9sentait le t\u00e9l\u00e9travail comme l\u2019un des huit d\u00e9veloppements strat\u00e9giques pour lesquels il fallait stimuler les investissements. 27 ans plus tard, un virus d\u2019une dimension de 2\/100 d\u2019un micron provoque en moins de trois mois un [&hellip;]","og_url":"https:\/\/peoplesphere.be\/fr\/teletravail-a-domicile-lapres-covid-retour-a-lanormal-commandez-guide-pratique-actuel-matiere-de-teletravail\/","og_site_name":"Peoplesphere","article_publisher":"https:\/\/www.facebook.com\/peoplesphere","article_published_time":"2020-10-14T07:53:26+00:00","og_image":[{"width":1560,"height":816,"url":"https:\/\/peoplesphere.be\/fr\/wp-content\/uploads\/2020\/10\/T\u00e9l\u00e9travail-\u00e0-domicile.png","type":"image\/png"}],"author":"Jean-Paul Erhard","twitter_card":"summary_large_image","twitter_creator":"@PeoplesphereMag","twitter_site":"@PeoplesphereMag","twitter_misc":{"\u00c9crit par":"Jean-Paul Erhard","Dur\u00e9e de lecture estim\u00e9e":"2 minutes"},"schema":{"@context":"https:\/\/schema.org","@graph":[{"@type":"Article","@id":"https:\/\/peoplesphere.be\/fr\/teletravail-a-domicile-lapres-covid-retour-a-lanormal-commandez-guide-pratique-actuel-matiere-de-teletravail\/#article","isPartOf":{"@id":"https:\/\/peoplesphere.be\/fr\/teletravail-a-domicile-lapres-covid-retour-a-lanormal-commandez-guide-pratique-actuel-matiere-de-teletravail\/"},"author":{"name":"Jean-Paul Erhard","@id":"https:\/\/peoplesphere.be\/fr\/#\/schema\/person\/7976225ff17988604334abb7b3536a7e"},"headline":"&lsquo;Le t\u00e9l\u00e9travail \u00e0 domicile &#8211; l&rsquo;apr\u00e8s COVID ou le retour \u00e0 l&rsquo;anormal&#8230;&rsquo; Commandez votre guide pratique actuel en mati\u00e8re de t\u00e9l\u00e9travail.","datePublished":"2020-10-14T07:53:26+00:00","dateModified":"2020-10-14T07:53:26+00:00","mainEntityOfPage":{"@id":"https:\/\/peoplesphere.be\/fr\/teletravail-a-domicile-lapres-covid-retour-a-lanormal-commandez-guide-pratique-actuel-matiere-de-teletravail\/"},"wordCount":442,"publisher":{"@id":"https:\/\/peoplesphere.be\/fr\/#organization"},"keywords":["droit social","Fr\u00e9d\u00e9ric Robert","organisation du travail","post-covid","t\u00e9l\u00e9travail"],"articleSection":["Actualit\u00e9s","Digital"],"inLanguage":"fr-FR"},{"@type":"WebPage","@id":"https:\/\/peoplesphere.be\/fr\/teletravail-a-domicile-lapres-covid-retour-a-lanormal-commandez-guide-pratique-actuel-matiere-de-teletravail\/","url":"https:\/\/peoplesphere.be\/fr\/teletravail-a-domicile-lapres-covid-retour-a-lanormal-commandez-guide-pratique-actuel-matiere-de-teletravail\/","name":"'Le t\u00e9l\u00e9travail \u00e0 domicile - l'apr\u00e8s COVID ou le retour \u00e0 l'anormal...' Commandez votre guide pratique actuel en mati\u00e8re de t\u00e9l\u00e9travail. - Peoplesphere","isPartOf":{"@id":"https:\/\/peoplesphere.be\/fr\/#website"},"datePublished":"2020-10-14T07:53:26+00:00","dateModified":"2020-10-14T07:53:26+00:00","breadcrumb":{"@id":"https:\/\/peoplesphere.be\/fr\/teletravail-a-domicile-lapres-covid-retour-a-lanormal-commandez-guide-pratique-actuel-matiere-de-teletravail\/#breadcrumb"},"inLanguage":"fr-FR","potentialAction":[{"@type":"ReadAction","target":["https:\/\/peoplesphere.be\/fr\/teletravail-a-domicile-lapres-covid-retour-a-lanormal-commandez-guide-pratique-actuel-matiere-de-teletravail\/"]}]},{"@type":"BreadcrumbList","@id":"https:\/\/peoplesphere.be\/fr\/teletravail-a-domicile-lapres-covid-retour-a-lanormal-commandez-guide-pratique-actuel-matiere-de-teletravail\/#breadcrumb","itemListElement":[{"@type":"ListItem","position":1,"name":"Accueil","item":"https:\/\/peoplesphere.be\/fr\/"},{"@type":"ListItem","position":2,"name":"&lsquo;Le t\u00e9l\u00e9travail \u00e0 domicile &#8211; l&rsquo;apr\u00e8s COVID ou le retour \u00e0 l&rsquo;anormal&#8230;&rsquo; Commandez votre guide pratique actuel en mati\u00e8re de t\u00e9l\u00e9travail."}]},{"@type":"WebSite","@id":"https:\/\/peoplesphere.be\/fr\/#website","url":"https:\/\/peoplesphere.be\/fr\/","name":"Peoplesphere","description":"The People Managers Magazine","publisher":{"@id":"https:\/\/peoplesphere.be\/fr\/#organization"},"potentialAction":[{"@type":"SearchAction","target":{"@type":"EntryPoint","urlTemplate":"https:\/\/peoplesphere.be\/fr\/?s={search_term_string}"},"query-input":"required name=search_term_string"}],"inLanguage":"fr-FR"},{"@type":"Organization","@id":"https:\/\/peoplesphere.be\/fr\/#organization","name":"Peoplesphere Company srl","url":"https:\/\/peoplesphere.be\/fr\/","logo":{"@type":"ImageObject","inLanguage":"fr-FR","@id":"https:\/\/peoplesphere.be\/fr\/#\/schema\/logo\/image\/","url":"https:\/\/peoplesphere.be\/fr\/wp-content\/uploads\/2023\/07\/peoplesphere-lgo-new-generik.jpg","contentUrl":"https:\/\/peoplesphere.be\/fr\/wp-content\/uploads\/2023\/07\/peoplesphere-lgo-new-generik.jpg","width":1031,"height":1479,"caption":"Peoplesphere Company srl"},"image":{"@id":"https:\/\/peoplesphere.be\/fr\/#\/schema\/logo\/image\/"},"sameAs":["https:\/\/www.facebook.com\/peoplesphere","https:\/\/twitter.com\/PeoplesphereMag","https:\/\/www.linkedin.com\/company\/7587361?trk","http:\/\/youtube.com\/peoplesphere"]},{"@type":"Person","@id":"https:\/\/peoplesphere.be\/fr\/#\/schema\/person\/7976225ff17988604334abb7b3536a7e","name":"Jean-Paul Erhard","image":{"@type":"ImageObject","inLanguage":"fr-FR","@id":"https:\/\/peoplesphere.be\/fr\/#\/schema\/person\/image\/","url":"https:\/\/secure.gravatar.com\/avatar\/f941e681460179738071629a51574930?s=96&d=mm&r=g","contentUrl":"https:\/\/secure.gravatar.com\/avatar\/f941e681460179738071629a51574930?s=96&d=mm&r=g","caption":"Jean-Paul Erhard"},"url":"https:\/\/peoplesphere.be\/fr\/author\/jpe\/"}]}},"_links":{"self":[{"href":"https:\/\/peoplesphere.be\/fr\/wp-json\/wp\/v2\/posts\/10254"}],"collection":[{"href":"https:\/\/peoplesphere.be\/fr\/wp-json\/wp\/v2\/posts"}],"about":[{"href":"https:\/\/peoplesphere.be\/fr\/wp-json\/wp\/v2\/types\/post"}],"author":[{"embeddable":true,"href":"https:\/\/peoplesphere.be\/fr\/wp-json\/wp\/v2\/users\/2"}],"replies":[{"embeddable":true,"href":"https:\/\/peoplesphere.be\/fr\/wp-json\/wp\/v2\/comments?post=10254"}],"version-history":[{"count":2,"href":"https:\/\/peoplesphere.be\/fr\/wp-json\/wp\/v2\/posts\/10254\/revisions"}],"predecessor-version":[{"id":10258,"href":"https:\/\/peoplesphere.be\/fr\/wp-json\/wp\/v2\/posts\/10254\/revisions\/10258"}],"wp:featuredmedia":[{"embeddable":true,"href":"https:\/\/peoplesphere.be\/fr\/wp-json\/wp\/v2\/media\/10255"}],"wp:attachment":[{"href":"https:\/\/peoplesphere.be\/fr\/wp-json\/wp\/v2\/media?parent=10254"}],"wp:term":[{"taxonomy":"category","embeddable":true,"href":"https:\/\/peoplesphere.be\/fr\/wp-json\/wp\/v2\/categories?post=10254"},{"taxonomy":"post_tag","embeddable":true,"href":"https:\/\/peoplesphere.be\/fr\/wp-json\/wp\/v2\/tags?post=10254"}],"curies":[{"name":"wp","href":"https:\/\/api.w.org\/{rel}","templated":true}]}}