









{"id":10272,"date":"2020-10-15T12:56:32","date_gmt":"2020-10-15T10:56:32","guid":{"rendered":"https:\/\/peoplesphere.be\/fr\/?p=10272"},"modified":"2020-10-16T08:24:08","modified_gmt":"2020-10-16T06:24:08","slug":"projet-de-peage-urbain-a-bruxelles-systeme-intelligent-inequitable","status":"publish","type":"post","link":"https:\/\/peoplesphere.be\/fr\/projet-de-peage-urbain-a-bruxelles-systeme-intelligent-inequitable\/","title":{"rendered":"Projet de p\u00e9age urbain \u00e0 Bruxelles: un syst\u00e8me intelligent et&#8230; in\u00e9quitable."},"content":{"rendered":"<p>La R\u00e9gion de Bruxelles-Capitale pr\u00e9voit l\u2019introduction d\u2019une redevance kilom\u00e9trique intelligente pour ceux qui parcourent son r\u00e9seau routier en voiture. Ce syst\u00e8me consiste en un p\u00e9age urbain, li\u00e9 \u00e0 une redevance par kilom\u00e8tre parcouru. Celle-ci varie en fonction des heures de pointe et des p\u00e9riodes creuses mais aussi de la puissance fiscale du v\u00e9hicule utilis\u00e9. En \u00e9change, le citoyen bruxellois ne serait plus soumis ni \u00e0 la taxe de mise en circulation, ni \u00e0 la taxe de circulation. Ce syst\u00e8me (appel\u00e9 SmartMove) devrait rapporter un demi-milliard d\u2019euros par an \u00e0 la R\u00e9gion. Les f\u00e9d\u00e9rations du secteur automobile et le Ministre wallon Willy Borsus ont r\u00e9agi de mani\u00e8re critique \u00e0 ce projet men\u00e9 unilat\u00e9ralement.<!--more--><\/p>\n<p>La coupole form\u00e9e par FEBIAC, TRAXIO et Renta est favorable \u00e0 la mise en place d\u2019un syst\u00e8me de p\u00e9age routier intelligent en lieu et place de la taxe d\u2019immatriculation et de la taxe de circulation&#8230; dans la mesure o\u00f9 cette tarification routi\u00e8re se veut \u00e9quitable et claire. Cela signifie, pour commencer, qu\u2019il n\u2019est pas question de proc\u00e9der \u00e0 la mise en place d\u2019une augmentation d\u2019imp\u00f4ts, ce qui est clairement le cas dans la proposition de Bruxelles puisqu\u2019elle pr\u00e9voit un demi-milliard de recettes suppl\u00e9mentaires. En d\u2019autres termes, il s\u2019agit d\u2019une nouvelle taxe qui ne trouvera aucun soutien aupr\u00e8s de la population.<\/p>\n<p>Ce projet ne sera pas davantage soutenu si les alternatives et les \u00e9changes multimodaux (parkings de dissuasion) sont insuffisants ou inexistants, en particulier aux heures de pointe. D\u2019autant que le syst\u00e8me de tarification au kilom\u00e8tre pr\u00e9voit que vous payerez le kilom\u00e8tre parcouru en voiture beaucoup plus cher pendant les heures de pointe que pen- dant les heures creuses.<\/p>\n<p>Enfin, ce syst\u00e8me cr\u00e9e une in\u00e9galit\u00e9 entre les automobilistes belges : les r\u00e9sidents de Bruxelles ne devront plus payer de taxe d\u2019immatriculation ni de taxe de circulation mais les Flamands et les Wallons &#8211; certainement ceux qui se rendent \u00e0 Bruxelles pour leur tra- vail &#8211; devront passer deux fois \u00e0 la caisse : une fois pour la taxe d\u2019immatriculation et la taxe de circulation dans leur propre r\u00e9gion et une autre fois pour le p\u00e9age \u00e0 Bruxelles. En cons\u00e9quence, ils paieront deux \u00e0 trois fois plus. Cette situation est compl\u00e8tement injuste et cr\u00e9e une distinction injustifi\u00e9e et ind\u00e9fendable entre les compatriotes d\u2019un m\u00eame pays, dont les principales victimes seront la classe ouvri\u00e8re, les entrepreneurs et les entreprises.<\/p>\n<p>La coupole form\u00e9e par FEBIAC, TRAXIO et Renta appelle donc \u00e0 une uniformisation pour l\u2019ensemble du pays : id\u00e9alement une taxe kilom\u00e9trique intelligente et neutre sur le plan budg\u00e9taire pour tous, mais certainement pas \u00e0 un cumul des diff\u00e9rents syst\u00e8mes fiscaux au d\u00e9triment des citoyens et entreprises.<\/p>\n<p>De son c\u00f4t\u00e9, le Ministre wallon de l\u2019Economie Willy BORSUS d\u00e9plore qu\u2019il s\u2019agisse d\u2019une \u00ab\u00a0<em>d\u00e9marche non concert\u00e9e qui renvoie la facture aux navetteurs, aux PME et aux ind\u00e9pendants des autres R\u00e9gions. Il est clair que chaque R\u00e9gion doit r\u00e9fl\u00e9chir \u00e0 sa transition \u00e9nerg\u00e9tique, notamment en mettant en place des alternatives s\u00e9rieuses en termes de mobilit\u00e9, en termes d\u2019intermodalit\u00e9, \u2026 mais il est hors de question de reporter la charge fiscale sur les autres R\u00e9gions.\u00a0De plus, les alternatives doivent \u00eatre en place et op\u00e9rationnelles avant le pr\u00e9l\u00e8vement fiscal\u00a0\u00bb.<\/em><\/p>\n<p>Le Ministre rappelle \u00e9galement que toute action d\u2019une R\u00e9gion dont la mise en \u0153uvre est susceptible de causer un dommage \u00e0 une autre R\u00e9gion doit passer par un accord de coop\u00e9ration interr\u00e9gional et par cons\u00e9quent une concertation entre les R\u00e9gions. <em>\u00ab\u00a0Un p\u00e9age urbain impacterait donc lourdement les 130.000 Wallonnes et Wallons qui se rendent quotidiennement \u00e0 Bruxelles pour y travailler, mais \u00e9galement les \u00e9tudiants, les PME et les Ind\u00e9pendants. Une d\u00e9marche aussi unilat\u00e9rale est vou\u00e9e \u00e0 l\u2019\u00e9chec.\u00a0\u00bb<\/em><\/p>\n<p>Le Ministre invite donc la R\u00e9gion de Bruxelles-Capitale \u00e0 se concerter avec les autres R\u00e9gions, avant de prendre des d\u00e9cisions si impactantes.<\/p>\n<p>&nbsp;<\/p>\n<p><em>Source : FEBIAC &#8211; RENTA &#8211; TRAXIO &#8211; Cabinet du Ministre Willy Borsus<\/em><\/p>\n","protected":false},"excerpt":{"rendered":"<p>La R\u00e9gion de Bruxelles-Capitale pr\u00e9voit l\u2019introduction d\u2019une redevance kilom\u00e9trique intelligente pour ceux qui parcourent son r\u00e9seau routier en voiture. Ce syst\u00e8me consiste en un p\u00e9age urbain, li\u00e9 \u00e0 une redevance par kilom\u00e8tre parcouru. Celle-ci varie en fonction des heures de [&hellip;]<\/p>\n","protected":false},"author":2,"featured_media":0,"comment_status":"closed","ping_status":"open","sticky":false,"template":"","format":"standard","meta":[],"categories":[65,10],"tags":[98,615,136,227,853,955],"yoast_head":"<!-- This site is optimized with the Yoast SEO plugin v21.0 - https:\/\/yoast.com\/wordpress\/plugins\/seo\/ -->\n<title>Projet de p\u00e9age urbain \u00e0 Bruxelles: un syst\u00e8me intelligent et... in\u00e9quitable. - Peoplesphere<\/title>\n<meta name=\"robots\" content=\"index, follow, max-snippet:-1, max-image-preview:large, max-video-preview:-1\" \/>\n<link rel=\"canonical\" href=\"https:\/\/peoplesphere.be\/fr\/projet-de-peage-urbain-a-bruxelles-systeme-intelligent-inequitable\/\" \/>\n<meta property=\"og:locale\" content=\"fr_FR\" \/>\n<meta property=\"og:type\" content=\"article\" \/>\n<meta property=\"og:title\" content=\"Projet de p\u00e9age urbain \u00e0 Bruxelles: un syst\u00e8me intelligent et... in\u00e9quitable. - Peoplesphere\" \/>\n<meta property=\"og:description\" content=\"La R\u00e9gion de Bruxelles-Capitale pr\u00e9voit l\u2019introduction d\u2019une redevance kilom\u00e9trique intelligente pour ceux qui parcourent son r\u00e9seau routier en voiture. Ce syst\u00e8me consiste en un p\u00e9age urbain, li\u00e9 \u00e0 une redevance par kilom\u00e8tre parcouru. Celle-ci varie en fonction des heures de [&hellip;]\" \/>\n<meta property=\"og:url\" content=\"https:\/\/peoplesphere.be\/fr\/projet-de-peage-urbain-a-bruxelles-systeme-intelligent-inequitable\/\" \/>\n<meta property=\"og:site_name\" content=\"Peoplesphere\" \/>\n<meta property=\"article:publisher\" content=\"https:\/\/www.facebook.com\/peoplesphere\" \/>\n<meta property=\"article:published_time\" content=\"2020-10-15T10:56:32+00:00\" \/>\n<meta property=\"article:modified_time\" content=\"2020-10-16T06:24:08+00:00\" \/>\n<meta property=\"og:image\" content=\"http:\/\/www.peoplesphere.be\/fr\/wp-content\/uploads\/2016\/07\/facebook-default-posting-1200x628px.jpg\" \/>\n<meta name=\"author\" content=\"Jean-Paul Erhard\" \/>\n<meta name=\"twitter:card\" content=\"summary_large_image\" \/>\n<meta name=\"twitter:creator\" content=\"@PeoplesphereMag\" \/>\n<meta name=\"twitter:site\" content=\"@PeoplesphereMag\" \/>\n<meta name=\"twitter:label1\" content=\"\u00c9crit par\" \/>\n\t<meta name=\"twitter:data1\" content=\"Jean-Paul Erhard\" \/>\n\t<meta name=\"twitter:label2\" content=\"Dur\u00e9e de lecture estim\u00e9e\" \/>\n\t<meta name=\"twitter:data2\" content=\"4 minutes\" \/>\n<script type=\"application\/ld+json\" class=\"yoast-schema-graph\">{\"@context\":\"https:\/\/schema.org\",\"@graph\":[{\"@type\":\"Article\",\"@id\":\"https:\/\/peoplesphere.be\/fr\/projet-de-peage-urbain-a-bruxelles-systeme-intelligent-inequitable\/#article\",\"isPartOf\":{\"@id\":\"https:\/\/peoplesphere.be\/fr\/projet-de-peage-urbain-a-bruxelles-systeme-intelligent-inequitable\/\"},\"author\":{\"name\":\"Jean-Paul Erhard\",\"@id\":\"https:\/\/peoplesphere.be\/fr\/#\/schema\/person\/7976225ff17988604334abb7b3536a7e\"},\"headline\":\"Projet de p\u00e9age urbain \u00e0 Bruxelles: un syst\u00e8me intelligent et&#8230; in\u00e9quitable.\",\"datePublished\":\"2020-10-15T10:56:32+00:00\",\"dateModified\":\"2020-10-16T06:24:08+00:00\",\"mainEntityOfPage\":{\"@id\":\"https:\/\/peoplesphere.be\/fr\/projet-de-peage-urbain-a-bruxelles-systeme-intelligent-inequitable\/\"},\"wordCount\":728,\"publisher\":{\"@id\":\"https:\/\/peoplesphere.be\/fr\/#organization\"},\"keywords\":[\"fiscalit\u00e9\",\"fleet\",\"mobilit\u00e9\",\"r\u00e9gion bruxelloise\",\"taxation\",\"Willy Borsus\"],\"articleSection\":[\"Actualit\u00e9s\",\"Digital\"],\"inLanguage\":\"fr-FR\"},{\"@type\":\"WebPage\",\"@id\":\"https:\/\/peoplesphere.be\/fr\/projet-de-peage-urbain-a-bruxelles-systeme-intelligent-inequitable\/\",\"url\":\"https:\/\/peoplesphere.be\/fr\/projet-de-peage-urbain-a-bruxelles-systeme-intelligent-inequitable\/\",\"name\":\"Projet de p\u00e9age urbain \u00e0 Bruxelles: un syst\u00e8me intelligent et... in\u00e9quitable. - Peoplesphere\",\"isPartOf\":{\"@id\":\"https:\/\/peoplesphere.be\/fr\/#website\"},\"datePublished\":\"2020-10-15T10:56:32+00:00\",\"dateModified\":\"2020-10-16T06:24:08+00:00\",\"breadcrumb\":{\"@id\":\"https:\/\/peoplesphere.be\/fr\/projet-de-peage-urbain-a-bruxelles-systeme-intelligent-inequitable\/#breadcrumb\"},\"inLanguage\":\"fr-FR\",\"potentialAction\":[{\"@type\":\"ReadAction\",\"target\":[\"https:\/\/peoplesphere.be\/fr\/projet-de-peage-urbain-a-bruxelles-systeme-intelligent-inequitable\/\"]}]},{\"@type\":\"BreadcrumbList\",\"@id\":\"https:\/\/peoplesphere.be\/fr\/projet-de-peage-urbain-a-bruxelles-systeme-intelligent-inequitable\/#breadcrumb\",\"itemListElement\":[{\"@type\":\"ListItem\",\"position\":1,\"name\":\"Accueil\",\"item\":\"https:\/\/peoplesphere.be\/fr\/\"},{\"@type\":\"ListItem\",\"position\":2,\"name\":\"Projet de p\u00e9age urbain \u00e0 Bruxelles: un syst\u00e8me intelligent et&#8230; in\u00e9quitable.\"}]},{\"@type\":\"WebSite\",\"@id\":\"https:\/\/peoplesphere.be\/fr\/#website\",\"url\":\"https:\/\/peoplesphere.be\/fr\/\",\"name\":\"Peoplesphere\",\"description\":\"The People Managers Magazine\",\"publisher\":{\"@id\":\"https:\/\/peoplesphere.be\/fr\/#organization\"},\"potentialAction\":[{\"@type\":\"SearchAction\",\"target\":{\"@type\":\"EntryPoint\",\"urlTemplate\":\"https:\/\/peoplesphere.be\/fr\/?s={search_term_string}\"},\"query-input\":\"required name=search_term_string\"}],\"inLanguage\":\"fr-FR\"},{\"@type\":\"Organization\",\"@id\":\"https:\/\/peoplesphere.be\/fr\/#organization\",\"name\":\"Peoplesphere Company srl\",\"url\":\"https:\/\/peoplesphere.be\/fr\/\",\"logo\":{\"@type\":\"ImageObject\",\"inLanguage\":\"fr-FR\",\"@id\":\"https:\/\/peoplesphere.be\/fr\/#\/schema\/logo\/image\/\",\"url\":\"https:\/\/peoplesphere.be\/fr\/wp-content\/uploads\/2023\/07\/peoplesphere-lgo-new-generik.jpg\",\"contentUrl\":\"https:\/\/peoplesphere.be\/fr\/wp-content\/uploads\/2023\/07\/peoplesphere-lgo-new-generik.jpg\",\"width\":1031,\"height\":1479,\"caption\":\"Peoplesphere Company srl\"},\"image\":{\"@id\":\"https:\/\/peoplesphere.be\/fr\/#\/schema\/logo\/image\/\"},\"sameAs\":[\"https:\/\/www.facebook.com\/peoplesphere\",\"https:\/\/twitter.com\/PeoplesphereMag\",\"https:\/\/www.linkedin.com\/company\/7587361?trk\",\"http:\/\/youtube.com\/peoplesphere\"]},{\"@type\":\"Person\",\"@id\":\"https:\/\/peoplesphere.be\/fr\/#\/schema\/person\/7976225ff17988604334abb7b3536a7e\",\"name\":\"Jean-Paul Erhard\",\"image\":{\"@type\":\"ImageObject\",\"inLanguage\":\"fr-FR\",\"@id\":\"https:\/\/peoplesphere.be\/fr\/#\/schema\/person\/image\/\",\"url\":\"https:\/\/secure.gravatar.com\/avatar\/f941e681460179738071629a51574930?s=96&d=mm&r=g\",\"contentUrl\":\"https:\/\/secure.gravatar.com\/avatar\/f941e681460179738071629a51574930?s=96&d=mm&r=g\",\"caption\":\"Jean-Paul Erhard\"},\"url\":\"https:\/\/peoplesphere.be\/fr\/author\/jpe\/\"}]}<\/script>\n<!-- \/ Yoast SEO plugin. -->","yoast_head_json":{"title":"Projet de p\u00e9age urbain \u00e0 Bruxelles: un syst\u00e8me intelligent et... in\u00e9quitable. - Peoplesphere","robots":{"index":"index","follow":"follow","max-snippet":"max-snippet:-1","max-image-preview":"max-image-preview:large","max-video-preview":"max-video-preview:-1"},"canonical":"https:\/\/peoplesphere.be\/fr\/projet-de-peage-urbain-a-bruxelles-systeme-intelligent-inequitable\/","og_locale":"fr_FR","og_type":"article","og_title":"Projet de p\u00e9age urbain \u00e0 Bruxelles: un syst\u00e8me intelligent et... in\u00e9quitable. - Peoplesphere","og_description":"La R\u00e9gion de Bruxelles-Capitale pr\u00e9voit l\u2019introduction d\u2019une redevance kilom\u00e9trique intelligente pour ceux qui parcourent son r\u00e9seau routier en voiture. Ce syst\u00e8me consiste en un p\u00e9age urbain, li\u00e9 \u00e0 une redevance par kilom\u00e8tre parcouru. Celle-ci varie en fonction des heures de [&hellip;]","og_url":"https:\/\/peoplesphere.be\/fr\/projet-de-peage-urbain-a-bruxelles-systeme-intelligent-inequitable\/","og_site_name":"Peoplesphere","article_publisher":"https:\/\/www.facebook.com\/peoplesphere","article_published_time":"2020-10-15T10:56:32+00:00","article_modified_time":"2020-10-16T06:24:08+00:00","og_image":[{"url":"http:\/\/www.peoplesphere.be\/fr\/wp-content\/uploads\/2016\/07\/facebook-default-posting-1200x628px.jpg"}],"author":"Jean-Paul Erhard","twitter_card":"summary_large_image","twitter_creator":"@PeoplesphereMag","twitter_site":"@PeoplesphereMag","twitter_misc":{"\u00c9crit par":"Jean-Paul Erhard","Dur\u00e9e de lecture estim\u00e9e":"4 minutes"},"schema":{"@context":"https:\/\/schema.org","@graph":[{"@type":"Article","@id":"https:\/\/peoplesphere.be\/fr\/projet-de-peage-urbain-a-bruxelles-systeme-intelligent-inequitable\/#article","isPartOf":{"@id":"https:\/\/peoplesphere.be\/fr\/projet-de-peage-urbain-a-bruxelles-systeme-intelligent-inequitable\/"},"author":{"name":"Jean-Paul Erhard","@id":"https:\/\/peoplesphere.be\/fr\/#\/schema\/person\/7976225ff17988604334abb7b3536a7e"},"headline":"Projet de p\u00e9age urbain \u00e0 Bruxelles: un syst\u00e8me intelligent et&#8230; in\u00e9quitable.","datePublished":"2020-10-15T10:56:32+00:00","dateModified":"2020-10-16T06:24:08+00:00","mainEntityOfPage":{"@id":"https:\/\/peoplesphere.be\/fr\/projet-de-peage-urbain-a-bruxelles-systeme-intelligent-inequitable\/"},"wordCount":728,"publisher":{"@id":"https:\/\/peoplesphere.be\/fr\/#organization"},"keywords":["fiscalit\u00e9","fleet","mobilit\u00e9","r\u00e9gion bruxelloise","taxation","Willy Borsus"],"articleSection":["Actualit\u00e9s","Digital"],"inLanguage":"fr-FR"},{"@type":"WebPage","@id":"https:\/\/peoplesphere.be\/fr\/projet-de-peage-urbain-a-bruxelles-systeme-intelligent-inequitable\/","url":"https:\/\/peoplesphere.be\/fr\/projet-de-peage-urbain-a-bruxelles-systeme-intelligent-inequitable\/","name":"Projet de p\u00e9age urbain \u00e0 Bruxelles: un syst\u00e8me intelligent et... in\u00e9quitable. - Peoplesphere","isPartOf":{"@id":"https:\/\/peoplesphere.be\/fr\/#website"},"datePublished":"2020-10-15T10:56:32+00:00","dateModified":"2020-10-16T06:24:08+00:00","breadcrumb":{"@id":"https:\/\/peoplesphere.be\/fr\/projet-de-peage-urbain-a-bruxelles-systeme-intelligent-inequitable\/#breadcrumb"},"inLanguage":"fr-FR","potentialAction":[{"@type":"ReadAction","target":["https:\/\/peoplesphere.be\/fr\/projet-de-peage-urbain-a-bruxelles-systeme-intelligent-inequitable\/"]}]},{"@type":"BreadcrumbList","@id":"https:\/\/peoplesphere.be\/fr\/projet-de-peage-urbain-a-bruxelles-systeme-intelligent-inequitable\/#breadcrumb","itemListElement":[{"@type":"ListItem","position":1,"name":"Accueil","item":"https:\/\/peoplesphere.be\/fr\/"},{"@type":"ListItem","position":2,"name":"Projet de p\u00e9age urbain \u00e0 Bruxelles: un syst\u00e8me intelligent et&#8230; in\u00e9quitable."}]},{"@type":"WebSite","@id":"https:\/\/peoplesphere.be\/fr\/#website","url":"https:\/\/peoplesphere.be\/fr\/","name":"Peoplesphere","description":"The People Managers Magazine","publisher":{"@id":"https:\/\/peoplesphere.be\/fr\/#organization"},"potentialAction":[{"@type":"SearchAction","target":{"@type":"EntryPoint","urlTemplate":"https:\/\/peoplesphere.be\/fr\/?s={search_term_string}"},"query-input":"required name=search_term_string"}],"inLanguage":"fr-FR"},{"@type":"Organization","@id":"https:\/\/peoplesphere.be\/fr\/#organization","name":"Peoplesphere Company srl","url":"https:\/\/peoplesphere.be\/fr\/","logo":{"@type":"ImageObject","inLanguage":"fr-FR","@id":"https:\/\/peoplesphere.be\/fr\/#\/schema\/logo\/image\/","url":"https:\/\/peoplesphere.be\/fr\/wp-content\/uploads\/2023\/07\/peoplesphere-lgo-new-generik.jpg","contentUrl":"https:\/\/peoplesphere.be\/fr\/wp-content\/uploads\/2023\/07\/peoplesphere-lgo-new-generik.jpg","width":1031,"height":1479,"caption":"Peoplesphere Company srl"},"image":{"@id":"https:\/\/peoplesphere.be\/fr\/#\/schema\/logo\/image\/"},"sameAs":["https:\/\/www.facebook.com\/peoplesphere","https:\/\/twitter.com\/PeoplesphereMag","https:\/\/www.linkedin.com\/company\/7587361?trk","http:\/\/youtube.com\/peoplesphere"]},{"@type":"Person","@id":"https:\/\/peoplesphere.be\/fr\/#\/schema\/person\/7976225ff17988604334abb7b3536a7e","name":"Jean-Paul Erhard","image":{"@type":"ImageObject","inLanguage":"fr-FR","@id":"https:\/\/peoplesphere.be\/fr\/#\/schema\/person\/image\/","url":"https:\/\/secure.gravatar.com\/avatar\/f941e681460179738071629a51574930?s=96&d=mm&r=g","contentUrl":"https:\/\/secure.gravatar.com\/avatar\/f941e681460179738071629a51574930?s=96&d=mm&r=g","caption":"Jean-Paul Erhard"},"url":"https:\/\/peoplesphere.be\/fr\/author\/jpe\/"}]}},"_links":{"self":[{"href":"https:\/\/peoplesphere.be\/fr\/wp-json\/wp\/v2\/posts\/10272"}],"collection":[{"href":"https:\/\/peoplesphere.be\/fr\/wp-json\/wp\/v2\/posts"}],"about":[{"href":"https:\/\/peoplesphere.be\/fr\/wp-json\/wp\/v2\/types\/post"}],"author":[{"embeddable":true,"href":"https:\/\/peoplesphere.be\/fr\/wp-json\/wp\/v2\/users\/2"}],"replies":[{"embeddable":true,"href":"https:\/\/peoplesphere.be\/fr\/wp-json\/wp\/v2\/comments?post=10272"}],"version-history":[{"count":3,"href":"https:\/\/peoplesphere.be\/fr\/wp-json\/wp\/v2\/posts\/10272\/revisions"}],"predecessor-version":[{"id":10277,"href":"https:\/\/peoplesphere.be\/fr\/wp-json\/wp\/v2\/posts\/10272\/revisions\/10277"}],"wp:attachment":[{"href":"https:\/\/peoplesphere.be\/fr\/wp-json\/wp\/v2\/media?parent=10272"}],"wp:term":[{"taxonomy":"category","embeddable":true,"href":"https:\/\/peoplesphere.be\/fr\/wp-json\/wp\/v2\/categories?post=10272"},{"taxonomy":"post_tag","embeddable":true,"href":"https:\/\/peoplesphere.be\/fr\/wp-json\/wp\/v2\/tags?post=10272"}],"curies":[{"name":"wp","href":"https:\/\/api.w.org\/{rel}","templated":true}]}}