









{"id":10296,"date":"2020-10-21T12:55:09","date_gmt":"2020-10-21T10:55:09","guid":{"rendered":"https:\/\/peoplesphere.be\/fr\/?p=10296"},"modified":"2020-10-21T12:55:09","modified_gmt":"2020-10-21T10:55:09","slug":"digital-paradox-vue-malgre-recours-croissant-digital-contexte-de-pandemie-nombre-formations-it-forte-baisse","status":"publish","type":"post","link":"https:\/\/peoplesphere.be\/fr\/digital-paradox-vue-malgre-recours-croissant-digital-contexte-de-pandemie-nombre-formations-it-forte-baisse\/","title":{"rendered":"Digital paradox en vue? Malgr\u00e9 le recours croissant au digital dans le contexte de pand\u00e9mie, le nombre des formations IT est en forte baisse."},"content":{"rendered":"<p>60% de formations en moins pour les professionnels de l\u2019IT en Belgique en raison de la pand\u00e9mie de COVID-19. Depuis l\u2019arriv\u00e9e du coronavirus, les entreprises de notre pays ont r\u00e9duit de mani\u00e8re drastique les budgets allou\u00e9s aux formations IT. Voil\u00e0 ce qu\u2019annonce le prestataire de services CTG, qui est \u00e9galement un acteur significatif du march\u00e9 dans le secteur des formations IT professionnelles. Au cours des derniers mois, l\u2019entreprise a enregistr\u00e9 jusqu\u2019\u00e0 60 % de demandes de formation en moins que lors de cette m\u00eame p\u00e9riode l\u2019ann\u00e9e derni\u00e8re. Une \u00e9volution pr\u00e9occupante pour la digitalisation de nos entreprises.<!--more--><\/p>\n<p>La crise du coronavirus a acc\u00e9l\u00e9r\u00e9 la transformation digitale de nombreuses entreprises. C\u2019est ce qui leur a permis de tenir bon. Paradoxalement, les entreprises n\u2019ont pas investi plus, mais au contraire moins, dans la formation de leurs propres sp\u00e9cialistes IT. Les entreprises risquent ainsi que leurs collaborateurs IT utilisent des technologies et des m\u00e9thodologies d\u00e9pass\u00e9es ou qu\u2019ils se tournent vers une entreprise concurrente qui offre des possibilit\u00e9s de formation.<\/p>\n<p><em>\u00ab\u00a0Les collaborateurs IT tiennent \u00e0 garder leurs comp\u00e9tences \u00e0 jour. Les technologies et les comp\u00e9tences apprises aujourd\u2019hui ne seront g\u00e9n\u00e9ralement plus utilisables dans cinq ans. Si, en tant qu\u2019entreprise, vous ne voulez pas rater le train express du digital et que vous voulez rester comp\u00e9titive, mieux vaut proposer r\u00e9guli\u00e8rement des formations \u00e0 votre personnel\u00a0\u00bb, <\/em>explique\u00a0Micha\u00ebl Pilaeten, Learning &amp; Development Manager chez CTG<\/p>\n<p><em><strong>Les collaborateurs IT peu friands de formations virtuelles<\/strong><\/em><\/p>\n<p>Outre les budgets r\u00e9duits, la crainte d\u2019\u00eatre infect\u00e9 par le coronavirus joue \u00e9galement un r\u00f4le majeur dans la baisse du nombre de formations IT. Pourtant, de nombreuses formations se sont adapt\u00e9es aux circonstances actuelles. Les mesures de s\u00e9curit\u00e9 n\u00e9cessaires sont ainsi respect\u00e9es lors des cours organis\u00e9s en pr\u00e9sentiel, m\u00eame si la majorit\u00e9 des formations ont lieu dans un environnement virtuel, toujours sous la houlette d\u2019un formateur professionnel. Mais cela ne semble pas convaincre toutes les entreprises.<\/p>\n<p><em>\u00ab\u00a0Une formation en ligne peut \u00eatre aussi efficace qu\u2019une formation en classe. Surtout si le formateur est aussi impliqu\u00e9 et qu\u2019il est aussi exigeant vis-\u00e0-vis des participants que lors d\u2019une formation en pr\u00e9sentiel. Pour ce faire, il peut donner des travaux \u00e0 faire chez soi, mais \u00e9galement s\u2019assurer que tout le monde suit bien le cours. C\u2019est pour cela que chez CTG, nous pr\u00e9voyons un formateur suppl\u00e9mentaire lors des formations virtuelles. Il garde un \u0153il sur les expressions faciales des participants pour voir si tout le monde comprend et transmet directement les questions \u00e0 l\u2019enseignant.\u00a0\u00bb<\/em><\/p>\n<p><strong><em>Les formations IT pour les ind\u00e9pendants quadruplent<\/em><\/strong><\/p>\n<p>Le prestataire de services IT CTG s\u2019attend \u00e0 ce que les entreprises recommencent \u00e0 investir dans la formation de leur personnel IT \u00e0 partir de 2021. Du moins, si elles suivent l\u2019exemple des ind\u00e9pendants dans le domaine de l\u2019IT en Belgique. Ceux-ci suivent quatre \u00e0 cinq fois plus de formations que les professionnels de l\u2019IT actifs \u00e0 temps plein, par rapport \u00e0 la m\u00eame p\u00e9riode l\u2019ann\u00e9e pass\u00e9e.<\/p>\n","protected":false},"excerpt":{"rendered":"<p>60% de formations en moins pour les professionnels de l\u2019IT en Belgique en raison de la pand\u00e9mie de COVID-19. Depuis l\u2019arriv\u00e9e du coronavirus, les entreprises de notre pays ont r\u00e9duit de mani\u00e8re drastique les budgets allou\u00e9s aux formations IT. Voil\u00e0 [&hellip;]<\/p>\n","protected":false},"author":2,"featured_media":0,"comment_status":"closed","ping_status":"open","sticky":false,"template":"","format":"standard","meta":[],"categories":[65,10],"tags":[2998,2460,209,48,3213,833,3214],"yoast_head":"<!-- This site is optimized with the Yoast SEO plugin v21.0 - https:\/\/yoast.com\/wordpress\/plugins\/seo\/ -->\n<title>Digital paradox en vue? Malgr\u00e9 le recours croissant au digital dans le contexte de pand\u00e9mie, le nombre des formations IT est en forte baisse. - Peoplesphere<\/title>\n<meta name=\"robots\" content=\"index, follow, max-snippet:-1, max-image-preview:large, max-video-preview:-1\" \/>\n<link rel=\"canonical\" href=\"https:\/\/peoplesphere.be\/fr\/digital-paradox-vue-malgre-recours-croissant-digital-contexte-de-pandemie-nombre-formations-it-forte-baisse\/\" \/>\n<meta property=\"og:locale\" content=\"fr_FR\" \/>\n<meta property=\"og:type\" content=\"article\" \/>\n<meta property=\"og:title\" content=\"Digital paradox en vue? Malgr\u00e9 le recours croissant au digital dans le contexte de pand\u00e9mie, le nombre des formations IT est en forte baisse. - Peoplesphere\" \/>\n<meta property=\"og:description\" content=\"60% de formations en moins pour les professionnels de l\u2019IT en Belgique en raison de la pand\u00e9mie de COVID-19. Depuis l\u2019arriv\u00e9e du coronavirus, les entreprises de notre pays ont r\u00e9duit de mani\u00e8re drastique les budgets allou\u00e9s aux formations IT. Voil\u00e0 [&hellip;]\" \/>\n<meta property=\"og:url\" content=\"https:\/\/peoplesphere.be\/fr\/digital-paradox-vue-malgre-recours-croissant-digital-contexte-de-pandemie-nombre-formations-it-forte-baisse\/\" \/>\n<meta property=\"og:site_name\" content=\"Peoplesphere\" \/>\n<meta property=\"article:publisher\" content=\"https:\/\/www.facebook.com\/peoplesphere\" \/>\n<meta property=\"article:published_time\" content=\"2020-10-21T10:55:09+00:00\" \/>\n<meta property=\"og:image\" content=\"http:\/\/www.peoplesphere.be\/fr\/wp-content\/uploads\/2016\/07\/facebook-default-posting-1200x628px.jpg\" \/>\n<meta name=\"author\" content=\"Jean-Paul Erhard\" \/>\n<meta name=\"twitter:card\" content=\"summary_large_image\" \/>\n<meta name=\"twitter:creator\" content=\"@PeoplesphereMag\" \/>\n<meta name=\"twitter:site\" content=\"@PeoplesphereMag\" \/>\n<meta name=\"twitter:label1\" content=\"\u00c9crit par\" \/>\n\t<meta name=\"twitter:data1\" content=\"Jean-Paul Erhard\" \/>\n\t<meta name=\"twitter:label2\" content=\"Dur\u00e9e de lecture estim\u00e9e\" \/>\n\t<meta name=\"twitter:data2\" content=\"3 minutes\" \/>\n<script type=\"application\/ld+json\" class=\"yoast-schema-graph\">{\"@context\":\"https:\/\/schema.org\",\"@graph\":[{\"@type\":\"Article\",\"@id\":\"https:\/\/peoplesphere.be\/fr\/digital-paradox-vue-malgre-recours-croissant-digital-contexte-de-pandemie-nombre-formations-it-forte-baisse\/#article\",\"isPartOf\":{\"@id\":\"https:\/\/peoplesphere.be\/fr\/digital-paradox-vue-malgre-recours-croissant-digital-contexte-de-pandemie-nombre-formations-it-forte-baisse\/\"},\"author\":{\"name\":\"Jean-Paul Erhard\",\"@id\":\"https:\/\/peoplesphere.be\/fr\/#\/schema\/person\/7976225ff17988604334abb7b3536a7e\"},\"headline\":\"Digital paradox en vue? Malgr\u00e9 le recours croissant au digital dans le contexte de pand\u00e9mie, le nombre des formations IT est en forte baisse.\",\"datePublished\":\"2020-10-21T10:55:09+00:00\",\"dateModified\":\"2020-10-21T10:55:09+00:00\",\"mainEntityOfPage\":{\"@id\":\"https:\/\/peoplesphere.be\/fr\/digital-paradox-vue-malgre-recours-croissant-digital-contexte-de-pandemie-nombre-formations-it-forte-baisse\/\"},\"wordCount\":558,\"publisher\":{\"@id\":\"https:\/\/peoplesphere.be\/fr\/#organization\"},\"keywords\":[\"covid-19\",\"CTG\",\"d\u00e9veloppement personnel\",\"Formation\",\"pr\u00e9sentiel\",\"transformation digitale\",\"virtuel\"],\"articleSection\":[\"Actualit\u00e9s\",\"Digital\"],\"inLanguage\":\"fr-FR\"},{\"@type\":\"WebPage\",\"@id\":\"https:\/\/peoplesphere.be\/fr\/digital-paradox-vue-malgre-recours-croissant-digital-contexte-de-pandemie-nombre-formations-it-forte-baisse\/\",\"url\":\"https:\/\/peoplesphere.be\/fr\/digital-paradox-vue-malgre-recours-croissant-digital-contexte-de-pandemie-nombre-formations-it-forte-baisse\/\",\"name\":\"Digital paradox en vue? Malgr\u00e9 le recours croissant au digital dans le contexte de pand\u00e9mie, le nombre des formations IT est en forte baisse. - Peoplesphere\",\"isPartOf\":{\"@id\":\"https:\/\/peoplesphere.be\/fr\/#website\"},\"datePublished\":\"2020-10-21T10:55:09+00:00\",\"dateModified\":\"2020-10-21T10:55:09+00:00\",\"breadcrumb\":{\"@id\":\"https:\/\/peoplesphere.be\/fr\/digital-paradox-vue-malgre-recours-croissant-digital-contexte-de-pandemie-nombre-formations-it-forte-baisse\/#breadcrumb\"},\"inLanguage\":\"fr-FR\",\"potentialAction\":[{\"@type\":\"ReadAction\",\"target\":[\"https:\/\/peoplesphere.be\/fr\/digital-paradox-vue-malgre-recours-croissant-digital-contexte-de-pandemie-nombre-formations-it-forte-baisse\/\"]}]},{\"@type\":\"BreadcrumbList\",\"@id\":\"https:\/\/peoplesphere.be\/fr\/digital-paradox-vue-malgre-recours-croissant-digital-contexte-de-pandemie-nombre-formations-it-forte-baisse\/#breadcrumb\",\"itemListElement\":[{\"@type\":\"ListItem\",\"position\":1,\"name\":\"Accueil\",\"item\":\"https:\/\/peoplesphere.be\/fr\/\"},{\"@type\":\"ListItem\",\"position\":2,\"name\":\"Digital paradox en vue? Malgr\u00e9 le recours croissant au digital dans le contexte de pand\u00e9mie, le nombre des formations IT est en forte baisse.\"}]},{\"@type\":\"WebSite\",\"@id\":\"https:\/\/peoplesphere.be\/fr\/#website\",\"url\":\"https:\/\/peoplesphere.be\/fr\/\",\"name\":\"Peoplesphere\",\"description\":\"The People Managers Magazine\",\"publisher\":{\"@id\":\"https:\/\/peoplesphere.be\/fr\/#organization\"},\"potentialAction\":[{\"@type\":\"SearchAction\",\"target\":{\"@type\":\"EntryPoint\",\"urlTemplate\":\"https:\/\/peoplesphere.be\/fr\/?s={search_term_string}\"},\"query-input\":\"required name=search_term_string\"}],\"inLanguage\":\"fr-FR\"},{\"@type\":\"Organization\",\"@id\":\"https:\/\/peoplesphere.be\/fr\/#organization\",\"name\":\"Peoplesphere Company srl\",\"url\":\"https:\/\/peoplesphere.be\/fr\/\",\"logo\":{\"@type\":\"ImageObject\",\"inLanguage\":\"fr-FR\",\"@id\":\"https:\/\/peoplesphere.be\/fr\/#\/schema\/logo\/image\/\",\"url\":\"https:\/\/peoplesphere.be\/fr\/wp-content\/uploads\/2023\/07\/peoplesphere-lgo-new-generik.jpg\",\"contentUrl\":\"https:\/\/peoplesphere.be\/fr\/wp-content\/uploads\/2023\/07\/peoplesphere-lgo-new-generik.jpg\",\"width\":1031,\"height\":1479,\"caption\":\"Peoplesphere Company srl\"},\"image\":{\"@id\":\"https:\/\/peoplesphere.be\/fr\/#\/schema\/logo\/image\/\"},\"sameAs\":[\"https:\/\/www.facebook.com\/peoplesphere\",\"https:\/\/twitter.com\/PeoplesphereMag\",\"https:\/\/www.linkedin.com\/company\/7587361?trk\",\"http:\/\/youtube.com\/peoplesphere\"]},{\"@type\":\"Person\",\"@id\":\"https:\/\/peoplesphere.be\/fr\/#\/schema\/person\/7976225ff17988604334abb7b3536a7e\",\"name\":\"Jean-Paul Erhard\",\"image\":{\"@type\":\"ImageObject\",\"inLanguage\":\"fr-FR\",\"@id\":\"https:\/\/peoplesphere.be\/fr\/#\/schema\/person\/image\/\",\"url\":\"https:\/\/secure.gravatar.com\/avatar\/f941e681460179738071629a51574930?s=96&d=mm&r=g\",\"contentUrl\":\"https:\/\/secure.gravatar.com\/avatar\/f941e681460179738071629a51574930?s=96&d=mm&r=g\",\"caption\":\"Jean-Paul Erhard\"},\"url\":\"https:\/\/peoplesphere.be\/fr\/author\/jpe\/\"}]}<\/script>\n<!-- \/ Yoast SEO plugin. -->","yoast_head_json":{"title":"Digital paradox en vue? Malgr\u00e9 le recours croissant au digital dans le contexte de pand\u00e9mie, le nombre des formations IT est en forte baisse. - Peoplesphere","robots":{"index":"index","follow":"follow","max-snippet":"max-snippet:-1","max-image-preview":"max-image-preview:large","max-video-preview":"max-video-preview:-1"},"canonical":"https:\/\/peoplesphere.be\/fr\/digital-paradox-vue-malgre-recours-croissant-digital-contexte-de-pandemie-nombre-formations-it-forte-baisse\/","og_locale":"fr_FR","og_type":"article","og_title":"Digital paradox en vue? Malgr\u00e9 le recours croissant au digital dans le contexte de pand\u00e9mie, le nombre des formations IT est en forte baisse. - Peoplesphere","og_description":"60% de formations en moins pour les professionnels de l\u2019IT en Belgique en raison de la pand\u00e9mie de COVID-19. Depuis l\u2019arriv\u00e9e du coronavirus, les entreprises de notre pays ont r\u00e9duit de mani\u00e8re drastique les budgets allou\u00e9s aux formations IT. Voil\u00e0 [&hellip;]","og_url":"https:\/\/peoplesphere.be\/fr\/digital-paradox-vue-malgre-recours-croissant-digital-contexte-de-pandemie-nombre-formations-it-forte-baisse\/","og_site_name":"Peoplesphere","article_publisher":"https:\/\/www.facebook.com\/peoplesphere","article_published_time":"2020-10-21T10:55:09+00:00","og_image":[{"url":"http:\/\/www.peoplesphere.be\/fr\/wp-content\/uploads\/2016\/07\/facebook-default-posting-1200x628px.jpg"}],"author":"Jean-Paul Erhard","twitter_card":"summary_large_image","twitter_creator":"@PeoplesphereMag","twitter_site":"@PeoplesphereMag","twitter_misc":{"\u00c9crit par":"Jean-Paul Erhard","Dur\u00e9e de lecture estim\u00e9e":"3 minutes"},"schema":{"@context":"https:\/\/schema.org","@graph":[{"@type":"Article","@id":"https:\/\/peoplesphere.be\/fr\/digital-paradox-vue-malgre-recours-croissant-digital-contexte-de-pandemie-nombre-formations-it-forte-baisse\/#article","isPartOf":{"@id":"https:\/\/peoplesphere.be\/fr\/digital-paradox-vue-malgre-recours-croissant-digital-contexte-de-pandemie-nombre-formations-it-forte-baisse\/"},"author":{"name":"Jean-Paul Erhard","@id":"https:\/\/peoplesphere.be\/fr\/#\/schema\/person\/7976225ff17988604334abb7b3536a7e"},"headline":"Digital paradox en vue? Malgr\u00e9 le recours croissant au digital dans le contexte de pand\u00e9mie, le nombre des formations IT est en forte baisse.","datePublished":"2020-10-21T10:55:09+00:00","dateModified":"2020-10-21T10:55:09+00:00","mainEntityOfPage":{"@id":"https:\/\/peoplesphere.be\/fr\/digital-paradox-vue-malgre-recours-croissant-digital-contexte-de-pandemie-nombre-formations-it-forte-baisse\/"},"wordCount":558,"publisher":{"@id":"https:\/\/peoplesphere.be\/fr\/#organization"},"keywords":["covid-19","CTG","d\u00e9veloppement personnel","Formation","pr\u00e9sentiel","transformation digitale","virtuel"],"articleSection":["Actualit\u00e9s","Digital"],"inLanguage":"fr-FR"},{"@type":"WebPage","@id":"https:\/\/peoplesphere.be\/fr\/digital-paradox-vue-malgre-recours-croissant-digital-contexte-de-pandemie-nombre-formations-it-forte-baisse\/","url":"https:\/\/peoplesphere.be\/fr\/digital-paradox-vue-malgre-recours-croissant-digital-contexte-de-pandemie-nombre-formations-it-forte-baisse\/","name":"Digital paradox en vue? Malgr\u00e9 le recours croissant au digital dans le contexte de pand\u00e9mie, le nombre des formations IT est en forte baisse. - Peoplesphere","isPartOf":{"@id":"https:\/\/peoplesphere.be\/fr\/#website"},"datePublished":"2020-10-21T10:55:09+00:00","dateModified":"2020-10-21T10:55:09+00:00","breadcrumb":{"@id":"https:\/\/peoplesphere.be\/fr\/digital-paradox-vue-malgre-recours-croissant-digital-contexte-de-pandemie-nombre-formations-it-forte-baisse\/#breadcrumb"},"inLanguage":"fr-FR","potentialAction":[{"@type":"ReadAction","target":["https:\/\/peoplesphere.be\/fr\/digital-paradox-vue-malgre-recours-croissant-digital-contexte-de-pandemie-nombre-formations-it-forte-baisse\/"]}]},{"@type":"BreadcrumbList","@id":"https:\/\/peoplesphere.be\/fr\/digital-paradox-vue-malgre-recours-croissant-digital-contexte-de-pandemie-nombre-formations-it-forte-baisse\/#breadcrumb","itemListElement":[{"@type":"ListItem","position":1,"name":"Accueil","item":"https:\/\/peoplesphere.be\/fr\/"},{"@type":"ListItem","position":2,"name":"Digital paradox en vue? Malgr\u00e9 le recours croissant au digital dans le contexte de pand\u00e9mie, le nombre des formations IT est en forte baisse."}]},{"@type":"WebSite","@id":"https:\/\/peoplesphere.be\/fr\/#website","url":"https:\/\/peoplesphere.be\/fr\/","name":"Peoplesphere","description":"The People Managers Magazine","publisher":{"@id":"https:\/\/peoplesphere.be\/fr\/#organization"},"potentialAction":[{"@type":"SearchAction","target":{"@type":"EntryPoint","urlTemplate":"https:\/\/peoplesphere.be\/fr\/?s={search_term_string}"},"query-input":"required name=search_term_string"}],"inLanguage":"fr-FR"},{"@type":"Organization","@id":"https:\/\/peoplesphere.be\/fr\/#organization","name":"Peoplesphere Company srl","url":"https:\/\/peoplesphere.be\/fr\/","logo":{"@type":"ImageObject","inLanguage":"fr-FR","@id":"https:\/\/peoplesphere.be\/fr\/#\/schema\/logo\/image\/","url":"https:\/\/peoplesphere.be\/fr\/wp-content\/uploads\/2023\/07\/peoplesphere-lgo-new-generik.jpg","contentUrl":"https:\/\/peoplesphere.be\/fr\/wp-content\/uploads\/2023\/07\/peoplesphere-lgo-new-generik.jpg","width":1031,"height":1479,"caption":"Peoplesphere Company srl"},"image":{"@id":"https:\/\/peoplesphere.be\/fr\/#\/schema\/logo\/image\/"},"sameAs":["https:\/\/www.facebook.com\/peoplesphere","https:\/\/twitter.com\/PeoplesphereMag","https:\/\/www.linkedin.com\/company\/7587361?trk","http:\/\/youtube.com\/peoplesphere"]},{"@type":"Person","@id":"https:\/\/peoplesphere.be\/fr\/#\/schema\/person\/7976225ff17988604334abb7b3536a7e","name":"Jean-Paul Erhard","image":{"@type":"ImageObject","inLanguage":"fr-FR","@id":"https:\/\/peoplesphere.be\/fr\/#\/schema\/person\/image\/","url":"https:\/\/secure.gravatar.com\/avatar\/f941e681460179738071629a51574930?s=96&d=mm&r=g","contentUrl":"https:\/\/secure.gravatar.com\/avatar\/f941e681460179738071629a51574930?s=96&d=mm&r=g","caption":"Jean-Paul Erhard"},"url":"https:\/\/peoplesphere.be\/fr\/author\/jpe\/"}]}},"_links":{"self":[{"href":"https:\/\/peoplesphere.be\/fr\/wp-json\/wp\/v2\/posts\/10296"}],"collection":[{"href":"https:\/\/peoplesphere.be\/fr\/wp-json\/wp\/v2\/posts"}],"about":[{"href":"https:\/\/peoplesphere.be\/fr\/wp-json\/wp\/v2\/types\/post"}],"author":[{"embeddable":true,"href":"https:\/\/peoplesphere.be\/fr\/wp-json\/wp\/v2\/users\/2"}],"replies":[{"embeddable":true,"href":"https:\/\/peoplesphere.be\/fr\/wp-json\/wp\/v2\/comments?post=10296"}],"version-history":[{"count":1,"href":"https:\/\/peoplesphere.be\/fr\/wp-json\/wp\/v2\/posts\/10296\/revisions"}],"predecessor-version":[{"id":10297,"href":"https:\/\/peoplesphere.be\/fr\/wp-json\/wp\/v2\/posts\/10296\/revisions\/10297"}],"wp:attachment":[{"href":"https:\/\/peoplesphere.be\/fr\/wp-json\/wp\/v2\/media?parent=10296"}],"wp:term":[{"taxonomy":"category","embeddable":true,"href":"https:\/\/peoplesphere.be\/fr\/wp-json\/wp\/v2\/categories?post=10296"},{"taxonomy":"post_tag","embeddable":true,"href":"https:\/\/peoplesphere.be\/fr\/wp-json\/wp\/v2\/tags?post=10296"}],"curies":[{"name":"wp","href":"https:\/\/api.w.org\/{rel}","templated":true}]}}