









{"id":10298,"date":"2020-10-22T04:52:29","date_gmt":"2020-10-22T02:52:29","guid":{"rendered":"https:\/\/peoplesphere.be\/fr\/?p=10298"},"modified":"2020-10-22T04:52:29","modified_gmt":"2020-10-22T02:52:29","slug":"bruxelles-veut-se-doter-dun-nouvel-outil-de-relance-via-nauguration-de-digitalcity-brussels","status":"publish","type":"post","link":"https:\/\/peoplesphere.be\/fr\/bruxelles-veut-se-doter-dun-nouvel-outil-de-relance-via-nauguration-de-digitalcity-brussels\/","title":{"rendered":"Bruxelles veut se doter d&rsquo;un nouvel outil de relance via l&rsquo;e-nauguration de Digitalcity.brussels."},"content":{"rendered":"<p>Une \u00e9tude de view.brussels, parue d\u00e9but 2020, indique que les trois profils les plus recherch\u00e9s sur le march\u00e9 de l\u2019emploi bruxellois sont : analyste-programmeur, technicien helpdesk et consultant informatique. Par ailleurs, la liste des m\u00e9tiers en p\u00e9nurie compte de nombreuses fonctions li\u00e9es \u00e0 l\u2019IT. Ajoutons \u00e0 cela la crise sanitaire qui a acc\u00e9l\u00e9r\u00e9 la digitalisation de toutes nos entreprises publiques et priv\u00e9es, tous secteurs confondus. Afin de r\u00e9pondre \u00e0 ce d\u00e9fi majeur, Digitalcity.brussels doit devenir la r\u00e9f\u00e9rence en mati\u00e8re de formation d\u00e8s lors que l\u2019on \u00e9volue dans le secteur IT.<!--more--><\/p>\n<p>Les besoins en profils IT vont \u00eatre de plus en plus \u00e9lev\u00e9s sur le march\u00e9 de l\u2019emploi. Agoria estime d\u2019ailleurs que la digitalisation de notre soci\u00e9t\u00e9 va entra\u00eener la cr\u00e9ation de 800 000 postes de travail.\u00a0Seulement, en R\u00e9gion bruxelloise, un paradoxe s\u00e9vit. D\u2019une part, la R\u00e9gion est le principal bassin d\u2019emplois du pays, souvent hautement qualifi\u00e9s. D\u2019autre part, Bruxelles conna\u00eet un taux de ch\u00f4mage important. D\u00e8s lors, comment faire pour que l\u2019offre et la demande d\u2019emploi se rencontrent ?<\/p>\n<p><strong><em>De l\u2019importance de talents form\u00e9s<\/em><\/strong><\/p>\n<p>La cr\u00e9ation de start-ups et de petites entreprises, surtout dans le domaine des technologies, est en pleine explosion. Une \u00e9tude de start-up.be indique que, depuis 2010, plus de 400 entreprises actives dans le secteur num\u00e9rique se sont \u00e9tablies en R\u00e9gion bruxelloise, cr\u00e9ant plus de 3.000 emplois. Et selon le m\u00eame rapport, le recrutement reste le plus grand challenge de ces startups.<br \/>\nD\u2019apr\u00e8s un rapport d\u2019Agoria de 2018, intitul\u00e9 \u00ab la digitalisation et le march\u00e9 du travail belge1 \u00bb, si aucune solution n\u2019est mise en place, \u00ab l\u2019\u00e9cart entre l\u2019offre et la demande se creusera encore jusqu\u2019en 2030 \u00bb.<\/p>\n<p>Par ailleurs, il appara\u00eet que la chasse aux comp\u00e9tences digitales ne soit plus l\u2019apanage des seules entreprises tech. Aujourd\u2019hui, les recruteurs sont \u00e0 la recherche de candidats de plus en plus polyvalents. On demande d\u00e9sormais aux employ\u00e9s d\u2019avoir des comp\u00e9tences en droit, en communication, en management&#8230; et bien s\u00fbr dans la sph\u00e8re num\u00e9rique, provoquant une v\u00e9ritable guerre des talents.<\/p>\n<p><strong><em>Un P\u00f4le Formation Emploi d\u00e9di\u00e9 aux m\u00e9tiers IT, au c\u0153ur du d\u00e9veloppement de la R\u00e9gion<\/em><\/strong><\/p>\n<p>Pour faire face \u00e0 un besoin de main d\u2019\u0153uvre grandissant, acc\u00e9l\u00e9r\u00e9 par la crise du Covid-19, la R\u00e9gion bruxelloise a d\u00e9cid\u00e9 de miser sur une structure unique et in\u00e9dite rassemblant, d\u2019une part, le secteur\u00a0\ufffcprofessionnel et, d\u2019autre part, les services publics de l\u2019emploi et de la formation. Voici le P\u00f4le Formation Emploi des m\u00e9tiers du num\u00e9rique : Digitalcity.brussels.<\/p>\n<p>Ce P\u00f4le Formation Emploi constitue le trait d\u2019union physique, mais aussi num\u00e9rique, actuellement manquant, entre services publics et monde \u00e9conomique.<br \/>\nPort\u00e9 par plusieurs partenaires, Digitalcity.brussels est une entit\u00e9 unique qui rassemble les forces vives d\u2019Actiris, de Bruxelles Formation, du VDAB Brussel, du Consortium de la Validation des Comp\u00e9tences, et du secteur professionnel au profit des Bruxellois, qu\u2019ils soient chercheurs d\u2019emploi, travailleurs ou entrepreneurs.<br \/>\nNon seulement Digitalcity.brussels devra former les talents aux comp\u00e9tences actuellement recherch\u00e9es sur le march\u00e9 de l\u2019emploi, mais il devra aussi anticiper les besoins des entreprises. En effet, les m\u00e9tiers du num\u00e9rique sont en constante \u00e9volution et n\u00e9cessitent des mises \u00e0 jour ou des remises \u00e0 niveau tout au long d\u2019une carri\u00e8re professionnelle.<\/p>\n<p>Digitalcity.brussels est constitu\u00e9 de trois piliers: le pilier Sectoriel Recherche &amp; D\u00e9veloppement, le pilier Formation &amp; Validation des Comp\u00e9tences et le pilier Emploi. Il m\u00e8ne donc aussi bien des actions de formation, d&#8217;emploi, d&rsquo;identification et de validation des comp\u00e9tences que des actions de collaborations renforc\u00e9es avec l&rsquo;enseignement, de sensibilisation aux m\u00e9tiers du secteur IT et de promotion de leur image. Digitalcity a \u00e9galement parmi ses missions la veille sectorielle du march\u00e9 de l&#8217;emploi et des qualifications requises. .<\/p>\n<p><em>\u00ab\u00a0La crise est un acc\u00e9l\u00e9rateur de tendance. La plus forte d\u2019entre elle est la digitalisation de tous les aspects de notre soci\u00e9t\u00e9. Seulement, en R\u00e9gion bruxelloise, nous avons d\u00e9cid\u00e9 de ne pas seulement assister \u00e0 cette v\u00e9ritable ru\u00e9e vers le digital mais de faire en sorte que les Bruxellois en soient des acteurs. Digitalcity.brussels ambitionne de devenir la r\u00e9f\u00e9rence en mati\u00e8re de m\u00e9tiers num\u00e9riques \u00e0 Bruxelles et s\u2019adresse \u00e0 ceux qui veulent se lancer ou se sp\u00e9cialiser dans le secteur. L\u2019accent sera \u00e9videmment mis sur la formation : nous devons proposer des formations de pointe afin de devenir un interlocuteur cr\u00e9dible\u00a0\u00bb<\/em>, d\u00e9clare Bernard Clerfayt, Ministre bruxellois de l\u2019Emploi et de la Formation.<\/p>\n<p><em>\u00ab\u00a0A l\u2019heure o\u00f9 notre soci\u00e9t\u00e9 a subitement bascul\u00e9 dans le digital, se former aux m\u00e9tiers du num\u00e9rique est quasiment une garantie d\u2019emploi. J\u2019encourage les chercheuses et les chercheurs d\u2019emploi qui h\u00e9sitent encore \u00e0 se lancer dans l\u2019aventure. De m\u00eame que j\u2019invite les employeurs \u00e0 faire appel \u00e0 ce nouveau service afin qu\u2019il r\u00e9ponde au mieux \u00e0 ses besoins. Ce sont toutes les nouvelles solutions que nous trouverons pour Bruxelles qui, ensemble, nous permettront de faire face \u00e0 la crise\u00a0\u00bb,<\/em> explique Gr\u00e9gor Chapelle, Directeur g\u00e9n\u00e9ral d\u2019Actiris.<\/p>\n<p><em>Source: Actiris &#8211; Bruxelles Formation &#8211; \u00ab\u00a0La digitalisation et le march\u00e9 du travail belge. Shaping the future of work\u00a0\u00bb, Agoria, 2018<\/em><\/p>\n<p>\ufffc\ufffc\ufffc\ufffc\ufffc\ufffc<\/p>\n","protected":false},"excerpt":{"rendered":"<p>Une \u00e9tude de view.brussels, parue d\u00e9but 2020, indique que les trois profils les plus recherch\u00e9s sur le march\u00e9 de l\u2019emploi bruxellois sont : analyste-programmeur, technicien helpdesk et consultant informatique. Par ailleurs, la liste des m\u00e9tiers en p\u00e9nurie compte de nombreuses [&hellip;]<\/p>\n","protected":false},"author":2,"featured_media":0,"comment_status":"closed","ping_status":"open","sticky":false,"template":"","format":"standard","meta":[],"categories":[65,10],"tags":[226,931,3215,451,48],"yoast_head":"<!-- This site is optimized with the Yoast SEO plugin v21.0 - https:\/\/yoast.com\/wordpress\/plugins\/seo\/ -->\n<title>Bruxelles veut se doter d&#039;un nouvel outil de relance via l&#039;e-nauguration de Digitalcity.brussels. - Peoplesphere<\/title>\n<meta name=\"robots\" content=\"index, follow, max-snippet:-1, max-image-preview:large, max-video-preview:-1\" \/>\n<link rel=\"canonical\" href=\"https:\/\/peoplesphere.be\/fr\/bruxelles-veut-se-doter-dun-nouvel-outil-de-relance-via-nauguration-de-digitalcity-brussels\/\" \/>\n<meta property=\"og:locale\" content=\"fr_FR\" \/>\n<meta property=\"og:type\" content=\"article\" \/>\n<meta property=\"og:title\" content=\"Bruxelles veut se doter d&#039;un nouvel outil de relance via l&#039;e-nauguration de Digitalcity.brussels. - Peoplesphere\" \/>\n<meta property=\"og:description\" content=\"Une \u00e9tude de view.brussels, parue d\u00e9but 2020, indique que les trois profils les plus recherch\u00e9s sur le march\u00e9 de l\u2019emploi bruxellois sont : analyste-programmeur, technicien helpdesk et consultant informatique. Par ailleurs, la liste des m\u00e9tiers en p\u00e9nurie compte de nombreuses [&hellip;]\" \/>\n<meta property=\"og:url\" content=\"https:\/\/peoplesphere.be\/fr\/bruxelles-veut-se-doter-dun-nouvel-outil-de-relance-via-nauguration-de-digitalcity-brussels\/\" \/>\n<meta property=\"og:site_name\" content=\"Peoplesphere\" \/>\n<meta property=\"article:publisher\" content=\"https:\/\/www.facebook.com\/peoplesphere\" \/>\n<meta property=\"article:published_time\" content=\"2020-10-22T02:52:29+00:00\" \/>\n<meta property=\"og:image\" content=\"http:\/\/www.peoplesphere.be\/fr\/wp-content\/uploads\/2016\/07\/facebook-default-posting-1200x628px.jpg\" \/>\n<meta name=\"author\" content=\"Jean-Paul Erhard\" \/>\n<meta name=\"twitter:card\" content=\"summary_large_image\" \/>\n<meta name=\"twitter:creator\" content=\"@PeoplesphereMag\" \/>\n<meta name=\"twitter:site\" content=\"@PeoplesphereMag\" \/>\n<meta name=\"twitter:label1\" content=\"\u00c9crit par\" \/>\n\t<meta name=\"twitter:data1\" content=\"Jean-Paul Erhard\" \/>\n\t<meta name=\"twitter:label2\" content=\"Dur\u00e9e de lecture estim\u00e9e\" \/>\n\t<meta name=\"twitter:data2\" content=\"5 minutes\" \/>\n<script type=\"application\/ld+json\" class=\"yoast-schema-graph\">{\"@context\":\"https:\/\/schema.org\",\"@graph\":[{\"@type\":\"Article\",\"@id\":\"https:\/\/peoplesphere.be\/fr\/bruxelles-veut-se-doter-dun-nouvel-outil-de-relance-via-nauguration-de-digitalcity-brussels\/#article\",\"isPartOf\":{\"@id\":\"https:\/\/peoplesphere.be\/fr\/bruxelles-veut-se-doter-dun-nouvel-outil-de-relance-via-nauguration-de-digitalcity-brussels\/\"},\"author\":{\"name\":\"Jean-Paul Erhard\",\"@id\":\"https:\/\/peoplesphere.be\/fr\/#\/schema\/person\/7976225ff17988604334abb7b3536a7e\"},\"headline\":\"Bruxelles veut se doter d&rsquo;un nouvel outil de relance via l&rsquo;e-nauguration de Digitalcity.brussels.\",\"datePublished\":\"2020-10-22T02:52:29+00:00\",\"dateModified\":\"2020-10-22T02:52:29+00:00\",\"mainEntityOfPage\":{\"@id\":\"https:\/\/peoplesphere.be\/fr\/bruxelles-veut-se-doter-dun-nouvel-outil-de-relance-via-nauguration-de-digitalcity-brussels\/\"},\"wordCount\":941,\"publisher\":{\"@id\":\"https:\/\/peoplesphere.be\/fr\/#organization\"},\"keywords\":[\"actiris\",\"bruxelles formation\",\"Digitalicity.brussels\",\"digitalisation\",\"Formation\"],\"articleSection\":[\"Actualit\u00e9s\",\"Digital\"],\"inLanguage\":\"fr-FR\"},{\"@type\":\"WebPage\",\"@id\":\"https:\/\/peoplesphere.be\/fr\/bruxelles-veut-se-doter-dun-nouvel-outil-de-relance-via-nauguration-de-digitalcity-brussels\/\",\"url\":\"https:\/\/peoplesphere.be\/fr\/bruxelles-veut-se-doter-dun-nouvel-outil-de-relance-via-nauguration-de-digitalcity-brussels\/\",\"name\":\"Bruxelles veut se doter d'un nouvel outil de relance via l'e-nauguration de Digitalcity.brussels. - Peoplesphere\",\"isPartOf\":{\"@id\":\"https:\/\/peoplesphere.be\/fr\/#website\"},\"datePublished\":\"2020-10-22T02:52:29+00:00\",\"dateModified\":\"2020-10-22T02:52:29+00:00\",\"breadcrumb\":{\"@id\":\"https:\/\/peoplesphere.be\/fr\/bruxelles-veut-se-doter-dun-nouvel-outil-de-relance-via-nauguration-de-digitalcity-brussels\/#breadcrumb\"},\"inLanguage\":\"fr-FR\",\"potentialAction\":[{\"@type\":\"ReadAction\",\"target\":[\"https:\/\/peoplesphere.be\/fr\/bruxelles-veut-se-doter-dun-nouvel-outil-de-relance-via-nauguration-de-digitalcity-brussels\/\"]}]},{\"@type\":\"BreadcrumbList\",\"@id\":\"https:\/\/peoplesphere.be\/fr\/bruxelles-veut-se-doter-dun-nouvel-outil-de-relance-via-nauguration-de-digitalcity-brussels\/#breadcrumb\",\"itemListElement\":[{\"@type\":\"ListItem\",\"position\":1,\"name\":\"Accueil\",\"item\":\"https:\/\/peoplesphere.be\/fr\/\"},{\"@type\":\"ListItem\",\"position\":2,\"name\":\"Bruxelles veut se doter d&rsquo;un nouvel outil de relance via l&rsquo;e-nauguration de Digitalcity.brussels.\"}]},{\"@type\":\"WebSite\",\"@id\":\"https:\/\/peoplesphere.be\/fr\/#website\",\"url\":\"https:\/\/peoplesphere.be\/fr\/\",\"name\":\"Peoplesphere\",\"description\":\"The People Managers Magazine\",\"publisher\":{\"@id\":\"https:\/\/peoplesphere.be\/fr\/#organization\"},\"potentialAction\":[{\"@type\":\"SearchAction\",\"target\":{\"@type\":\"EntryPoint\",\"urlTemplate\":\"https:\/\/peoplesphere.be\/fr\/?s={search_term_string}\"},\"query-input\":\"required name=search_term_string\"}],\"inLanguage\":\"fr-FR\"},{\"@type\":\"Organization\",\"@id\":\"https:\/\/peoplesphere.be\/fr\/#organization\",\"name\":\"Peoplesphere Company srl\",\"url\":\"https:\/\/peoplesphere.be\/fr\/\",\"logo\":{\"@type\":\"ImageObject\",\"inLanguage\":\"fr-FR\",\"@id\":\"https:\/\/peoplesphere.be\/fr\/#\/schema\/logo\/image\/\",\"url\":\"https:\/\/peoplesphere.be\/fr\/wp-content\/uploads\/2023\/07\/peoplesphere-lgo-new-generik.jpg\",\"contentUrl\":\"https:\/\/peoplesphere.be\/fr\/wp-content\/uploads\/2023\/07\/peoplesphere-lgo-new-generik.jpg\",\"width\":1031,\"height\":1479,\"caption\":\"Peoplesphere Company srl\"},\"image\":{\"@id\":\"https:\/\/peoplesphere.be\/fr\/#\/schema\/logo\/image\/\"},\"sameAs\":[\"https:\/\/www.facebook.com\/peoplesphere\",\"https:\/\/twitter.com\/PeoplesphereMag\",\"https:\/\/www.linkedin.com\/company\/7587361?trk\",\"http:\/\/youtube.com\/peoplesphere\"]},{\"@type\":\"Person\",\"@id\":\"https:\/\/peoplesphere.be\/fr\/#\/schema\/person\/7976225ff17988604334abb7b3536a7e\",\"name\":\"Jean-Paul Erhard\",\"image\":{\"@type\":\"ImageObject\",\"inLanguage\":\"fr-FR\",\"@id\":\"https:\/\/peoplesphere.be\/fr\/#\/schema\/person\/image\/\",\"url\":\"https:\/\/secure.gravatar.com\/avatar\/f941e681460179738071629a51574930?s=96&d=mm&r=g\",\"contentUrl\":\"https:\/\/secure.gravatar.com\/avatar\/f941e681460179738071629a51574930?s=96&d=mm&r=g\",\"caption\":\"Jean-Paul Erhard\"},\"url\":\"https:\/\/peoplesphere.be\/fr\/author\/jpe\/\"}]}<\/script>\n<!-- \/ Yoast SEO plugin. -->","yoast_head_json":{"title":"Bruxelles veut se doter d'un nouvel outil de relance via l'e-nauguration de Digitalcity.brussels. - Peoplesphere","robots":{"index":"index","follow":"follow","max-snippet":"max-snippet:-1","max-image-preview":"max-image-preview:large","max-video-preview":"max-video-preview:-1"},"canonical":"https:\/\/peoplesphere.be\/fr\/bruxelles-veut-se-doter-dun-nouvel-outil-de-relance-via-nauguration-de-digitalcity-brussels\/","og_locale":"fr_FR","og_type":"article","og_title":"Bruxelles veut se doter d'un nouvel outil de relance via l'e-nauguration de Digitalcity.brussels. - Peoplesphere","og_description":"Une \u00e9tude de view.brussels, parue d\u00e9but 2020, indique que les trois profils les plus recherch\u00e9s sur le march\u00e9 de l\u2019emploi bruxellois sont : analyste-programmeur, technicien helpdesk et consultant informatique. Par ailleurs, la liste des m\u00e9tiers en p\u00e9nurie compte de nombreuses [&hellip;]","og_url":"https:\/\/peoplesphere.be\/fr\/bruxelles-veut-se-doter-dun-nouvel-outil-de-relance-via-nauguration-de-digitalcity-brussels\/","og_site_name":"Peoplesphere","article_publisher":"https:\/\/www.facebook.com\/peoplesphere","article_published_time":"2020-10-22T02:52:29+00:00","og_image":[{"url":"http:\/\/www.peoplesphere.be\/fr\/wp-content\/uploads\/2016\/07\/facebook-default-posting-1200x628px.jpg"}],"author":"Jean-Paul Erhard","twitter_card":"summary_large_image","twitter_creator":"@PeoplesphereMag","twitter_site":"@PeoplesphereMag","twitter_misc":{"\u00c9crit par":"Jean-Paul Erhard","Dur\u00e9e de lecture estim\u00e9e":"5 minutes"},"schema":{"@context":"https:\/\/schema.org","@graph":[{"@type":"Article","@id":"https:\/\/peoplesphere.be\/fr\/bruxelles-veut-se-doter-dun-nouvel-outil-de-relance-via-nauguration-de-digitalcity-brussels\/#article","isPartOf":{"@id":"https:\/\/peoplesphere.be\/fr\/bruxelles-veut-se-doter-dun-nouvel-outil-de-relance-via-nauguration-de-digitalcity-brussels\/"},"author":{"name":"Jean-Paul Erhard","@id":"https:\/\/peoplesphere.be\/fr\/#\/schema\/person\/7976225ff17988604334abb7b3536a7e"},"headline":"Bruxelles veut se doter d&rsquo;un nouvel outil de relance via l&rsquo;e-nauguration de Digitalcity.brussels.","datePublished":"2020-10-22T02:52:29+00:00","dateModified":"2020-10-22T02:52:29+00:00","mainEntityOfPage":{"@id":"https:\/\/peoplesphere.be\/fr\/bruxelles-veut-se-doter-dun-nouvel-outil-de-relance-via-nauguration-de-digitalcity-brussels\/"},"wordCount":941,"publisher":{"@id":"https:\/\/peoplesphere.be\/fr\/#organization"},"keywords":["actiris","bruxelles formation","Digitalicity.brussels","digitalisation","Formation"],"articleSection":["Actualit\u00e9s","Digital"],"inLanguage":"fr-FR"},{"@type":"WebPage","@id":"https:\/\/peoplesphere.be\/fr\/bruxelles-veut-se-doter-dun-nouvel-outil-de-relance-via-nauguration-de-digitalcity-brussels\/","url":"https:\/\/peoplesphere.be\/fr\/bruxelles-veut-se-doter-dun-nouvel-outil-de-relance-via-nauguration-de-digitalcity-brussels\/","name":"Bruxelles veut se doter d'un nouvel outil de relance via l'e-nauguration de Digitalcity.brussels. - Peoplesphere","isPartOf":{"@id":"https:\/\/peoplesphere.be\/fr\/#website"},"datePublished":"2020-10-22T02:52:29+00:00","dateModified":"2020-10-22T02:52:29+00:00","breadcrumb":{"@id":"https:\/\/peoplesphere.be\/fr\/bruxelles-veut-se-doter-dun-nouvel-outil-de-relance-via-nauguration-de-digitalcity-brussels\/#breadcrumb"},"inLanguage":"fr-FR","potentialAction":[{"@type":"ReadAction","target":["https:\/\/peoplesphere.be\/fr\/bruxelles-veut-se-doter-dun-nouvel-outil-de-relance-via-nauguration-de-digitalcity-brussels\/"]}]},{"@type":"BreadcrumbList","@id":"https:\/\/peoplesphere.be\/fr\/bruxelles-veut-se-doter-dun-nouvel-outil-de-relance-via-nauguration-de-digitalcity-brussels\/#breadcrumb","itemListElement":[{"@type":"ListItem","position":1,"name":"Accueil","item":"https:\/\/peoplesphere.be\/fr\/"},{"@type":"ListItem","position":2,"name":"Bruxelles veut se doter d&rsquo;un nouvel outil de relance via l&rsquo;e-nauguration de Digitalcity.brussels."}]},{"@type":"WebSite","@id":"https:\/\/peoplesphere.be\/fr\/#website","url":"https:\/\/peoplesphere.be\/fr\/","name":"Peoplesphere","description":"The People Managers Magazine","publisher":{"@id":"https:\/\/peoplesphere.be\/fr\/#organization"},"potentialAction":[{"@type":"SearchAction","target":{"@type":"EntryPoint","urlTemplate":"https:\/\/peoplesphere.be\/fr\/?s={search_term_string}"},"query-input":"required name=search_term_string"}],"inLanguage":"fr-FR"},{"@type":"Organization","@id":"https:\/\/peoplesphere.be\/fr\/#organization","name":"Peoplesphere Company srl","url":"https:\/\/peoplesphere.be\/fr\/","logo":{"@type":"ImageObject","inLanguage":"fr-FR","@id":"https:\/\/peoplesphere.be\/fr\/#\/schema\/logo\/image\/","url":"https:\/\/peoplesphere.be\/fr\/wp-content\/uploads\/2023\/07\/peoplesphere-lgo-new-generik.jpg","contentUrl":"https:\/\/peoplesphere.be\/fr\/wp-content\/uploads\/2023\/07\/peoplesphere-lgo-new-generik.jpg","width":1031,"height":1479,"caption":"Peoplesphere Company srl"},"image":{"@id":"https:\/\/peoplesphere.be\/fr\/#\/schema\/logo\/image\/"},"sameAs":["https:\/\/www.facebook.com\/peoplesphere","https:\/\/twitter.com\/PeoplesphereMag","https:\/\/www.linkedin.com\/company\/7587361?trk","http:\/\/youtube.com\/peoplesphere"]},{"@type":"Person","@id":"https:\/\/peoplesphere.be\/fr\/#\/schema\/person\/7976225ff17988604334abb7b3536a7e","name":"Jean-Paul Erhard","image":{"@type":"ImageObject","inLanguage":"fr-FR","@id":"https:\/\/peoplesphere.be\/fr\/#\/schema\/person\/image\/","url":"https:\/\/secure.gravatar.com\/avatar\/f941e681460179738071629a51574930?s=96&d=mm&r=g","contentUrl":"https:\/\/secure.gravatar.com\/avatar\/f941e681460179738071629a51574930?s=96&d=mm&r=g","caption":"Jean-Paul Erhard"},"url":"https:\/\/peoplesphere.be\/fr\/author\/jpe\/"}]}},"_links":{"self":[{"href":"https:\/\/peoplesphere.be\/fr\/wp-json\/wp\/v2\/posts\/10298"}],"collection":[{"href":"https:\/\/peoplesphere.be\/fr\/wp-json\/wp\/v2\/posts"}],"about":[{"href":"https:\/\/peoplesphere.be\/fr\/wp-json\/wp\/v2\/types\/post"}],"author":[{"embeddable":true,"href":"https:\/\/peoplesphere.be\/fr\/wp-json\/wp\/v2\/users\/2"}],"replies":[{"embeddable":true,"href":"https:\/\/peoplesphere.be\/fr\/wp-json\/wp\/v2\/comments?post=10298"}],"version-history":[{"count":1,"href":"https:\/\/peoplesphere.be\/fr\/wp-json\/wp\/v2\/posts\/10298\/revisions"}],"predecessor-version":[{"id":10299,"href":"https:\/\/peoplesphere.be\/fr\/wp-json\/wp\/v2\/posts\/10298\/revisions\/10299"}],"wp:attachment":[{"href":"https:\/\/peoplesphere.be\/fr\/wp-json\/wp\/v2\/media?parent=10298"}],"wp:term":[{"taxonomy":"category","embeddable":true,"href":"https:\/\/peoplesphere.be\/fr\/wp-json\/wp\/v2\/categories?post=10298"},{"taxonomy":"post_tag","embeddable":true,"href":"https:\/\/peoplesphere.be\/fr\/wp-json\/wp\/v2\/tags?post=10298"}],"curies":[{"name":"wp","href":"https:\/\/api.w.org\/{rel}","templated":true}]}}