









{"id":10355,"date":"2020-11-03T12:27:27","date_gmt":"2020-11-03T10:27:27","guid":{"rendered":"https:\/\/peoplesphere.be\/fr\/?p=10355"},"modified":"2020-11-04T09:07:42","modified_gmt":"2020-11-04T07:07:42","slug":"reintegration-reprise-progressive-travail-73-5-dernieres-annees","status":"publish","type":"post","link":"https:\/\/peoplesphere.be\/fr\/reintegration-reprise-progressive-travail-73-5-dernieres-annees\/","title":{"rendered":"R\u00e9int\u00e9gration et reprise progressive du travail : +73% ces 5 derni\u00e8res ann\u00e9es, une augmentation que le virus n&rsquo;a pas (encore) entrav\u00e9e."},"content":{"rendered":"<p>En 2020, le nombre de dossiers trait\u00e9s jusqu\u2019\u00e0 pr\u00e9sent concernant les travailleurs malades de longue dur\u00e9e qui reprennent partiellement le travail est \u00e0 peine inf\u00e9rieur \u00e0 celui des autres ann\u00e9es. Le coronavirus ne ralentit donc pratiquement pas la courbe cette ann\u00e9e.\u00a0Une surprise pour l\u2019entreprise de services RH Acerta, qui s\u2019attendait \u00e0 un fort ralentissement en raison de la crise actuelle. Autre bonne nouvelle : en cinq ans, les reprises progressives du travail ont enregistr\u00e9 une progression de pr\u00e8s de 75 %. Un signal positif pour la coalition Vivaldi qui s\u2019est fermement engag\u00e9e en faveur d\u2019une meilleure r\u00e9int\u00e9gration des malades de longue dur\u00e9e.<!--more--><\/p>\n<p>Les travailleurs qui souhaitent et peuvent reprendre le travail apr\u00e8s une p\u00e9riode de maladie ont la possibilit\u00e9 de demander une reprise progressive, \u00e9ventuellement en accord avec un m\u00e9decin du travail. L\u2019objectif d\u2019un tel trajet (quand c\u2019est possible)\u2009? Accompagner le travailleur sur le chemin du retour \u00e0 son r\u00e9gime de travail initial. Depuis l\u2019introduction d\u2019un nouveau cadre l\u00e9gal r\u00e9gissant ce type de reprise en 2016, les chiffres ne font qu\u2019augmenter : on constate une hausse de pas moins de 73 % de reprises progressives du travail entre 2015 et 2019.<\/p>\n<p><strong><em>Le coronavirus n\u2019a que peu d\u2019impact sur la reprise progressive du travail.<\/em><\/strong><\/p>\n<p>Pendant le confinement, en avril et en mai, les reprises progressives du travail ont \u00e9t\u00e9 beaucoup moins nombreuses que d\u2019ordinaire. Toutefois, le grand succ\u00e8s remport\u00e9 par cette formule durant les autres mois de l\u2019ann\u00e9e \u00e9clipse totalement cet impact n\u00e9gatif du coronavirus. Pour la p\u00e9riode allant de mars \u00e0 ao\u00fbt 2020, nous n\u2019avons enregistr\u00e9 qu\u2019une baisse de 6 % des dossiers par rapport \u00e0 l\u2019ann\u00e9e derni\u00e8re et si nous \u00e9largissons cet \u00e9chantillon de janvier \u00e0 ao\u00fbt, les chiffres sont presque enti\u00e8rement identiques.<\/p>\n<p>Nathalie Florent, Senior Consultant chez Acerta, explique : <em>\u00ab\u00a0Il est assez frappant de constater que les reprises progressives du travail ont \u00e0 peine diminu\u00e9 cette ann\u00e9e malgr\u00e9 le coronavirus. Pendant le confinement, de nombreux m\u00e9decins du travail n\u2019ont pas pu dresser de constats ni \u00eatre consult\u00e9s, ce qui les a emp\u00each\u00e9s d\u2019accompagner les nouvelles reprises du travail. Le fait que les autres mois compensent ce ralentissement envoie un signal extr\u00eamement positif : m\u00eame en p\u00e9riode trouble, les employeurs cherchent \u00e0 r\u00e9ins\u00e9rer les travailleurs apr\u00e8s une p\u00e9riode de maladie.\u00a0\u00bb<\/em><\/p>\n<p><strong><em>R\u00e9int\u00e9gration dans les 3 mois<\/em><\/strong><\/p>\n<p>Notre pays compte de plus en plus de malades de longue dur\u00e9e, ce qui fait chuter notre taux d\u2019activit\u00e9. Pour porter ce taux \u00e0 80 %, la coalition Vivaldi veut \u0153uvrer davantage \u00e0 la r\u00e9int\u00e9gration de ces malades de longue dur\u00e9e. C\u2019est pourquoi Acerta estime que le gouvernement doit avant tout miser sur l\u2019intervention pr\u00e9coce.<\/p>\n<p><em>\u00ab\u00a0\u00c0 l\u2019heure actuelle, la l\u00e9gislation permet \u00e0 l\u2019employeur d\u2019entamer un trajet de r\u00e9int\u00e9gration officiel au plus t\u00f4t apr\u00e8s quatre mois. Selon plusieurs \u00e9tudes, la plupart des reprises du travail abouties commencent id\u00e9alement dans les trois mois. Nos chiffres montrent que l\u2019ann\u00e9e derni\u00e8re, 31,1 % des reprises progressives du travail ont \u00e9t\u00e9 entam\u00e9es dans les 90 jours, un nombre nettement inf\u00e9rieur aux ann\u00e9es pr\u00e9c\u00e9dentes. Il est assez regrettable que le lancement des reprises progressives \u2018volontaires\u2019 soit de plus en plus retard\u00e9. En 2019, plus de 15 % des reprises n\u2019ont \u00e9t\u00e9 entam\u00e9es qu\u2019apr\u00e8s plus d\u2019un an. Acerta encourage par cons\u00e9quent les employeurs \u00e0 se concerter plus rapidement avec leur travailleur et le m\u00e9decin du travail afin d\u2019acc\u00e9l\u00e9rer le processus.\u00a0\u00bb<\/em><\/p>\n<p>&nbsp;<\/p>\n<p><em>Source : Acerta &#8211; les donn\u00e9es recueillies sont bas\u00e9es sur les donn\u00e9es r\u00e9elles d\u2019un \u00e9chantillon repr\u00e9sentatif de travailleurs en service aupr\u00e8s de plus de 28\u2009000 employeurs issus du secteur priv\u00e9, auquel appartiennent tant des PME que des grandes entreprises.<\/em><\/p>\n","protected":false},"excerpt":{"rendered":"<p>En 2020, le nombre de dossiers trait\u00e9s jusqu\u2019\u00e0 pr\u00e9sent concernant les travailleurs malades de longue dur\u00e9e qui reprennent partiellement le travail est \u00e0 peine inf\u00e9rieur \u00e0 celui des autres ann\u00e9es. Le coronavirus ne ralentit donc pratiquement pas la courbe cette [&hellip;]<\/p>\n","protected":false},"author":2,"featured_media":0,"comment_status":"closed","ping_status":"open","sticky":false,"template":"","format":"standard","meta":[],"categories":[65,10],"tags":[1161,96,639,17],"yoast_head":"<!-- This site is optimized with the Yoast SEO plugin v21.0 - https:\/\/yoast.com\/wordpress\/plugins\/seo\/ -->\n<title>R\u00e9int\u00e9gration et reprise progressive du travail : +73% ces 5 derni\u00e8res ann\u00e9es, une augmentation que le virus n&#039;a pas (encore) entrav\u00e9e. - Peoplesphere<\/title>\n<meta name=\"robots\" content=\"index, follow, max-snippet:-1, max-image-preview:large, max-video-preview:-1\" \/>\n<link rel=\"canonical\" href=\"https:\/\/peoplesphere.be\/fr\/reintegration-reprise-progressive-travail-73-5-dernieres-annees\/\" \/>\n<meta property=\"og:locale\" content=\"fr_FR\" \/>\n<meta property=\"og:type\" content=\"article\" \/>\n<meta property=\"og:title\" content=\"R\u00e9int\u00e9gration et reprise progressive du travail : +73% ces 5 derni\u00e8res ann\u00e9es, une augmentation que le virus n&#039;a pas (encore) entrav\u00e9e. - Peoplesphere\" \/>\n<meta property=\"og:description\" content=\"En 2020, le nombre de dossiers trait\u00e9s jusqu\u2019\u00e0 pr\u00e9sent concernant les travailleurs malades de longue dur\u00e9e qui reprennent partiellement le travail est \u00e0 peine inf\u00e9rieur \u00e0 celui des autres ann\u00e9es. Le coronavirus ne ralentit donc pratiquement pas la courbe cette [&hellip;]\" \/>\n<meta property=\"og:url\" content=\"https:\/\/peoplesphere.be\/fr\/reintegration-reprise-progressive-travail-73-5-dernieres-annees\/\" \/>\n<meta property=\"og:site_name\" content=\"Peoplesphere\" \/>\n<meta property=\"article:publisher\" content=\"https:\/\/www.facebook.com\/peoplesphere\" \/>\n<meta property=\"article:published_time\" content=\"2020-11-03T10:27:27+00:00\" \/>\n<meta property=\"article:modified_time\" content=\"2020-11-04T07:07:42+00:00\" \/>\n<meta property=\"og:image\" content=\"http:\/\/www.peoplesphere.be\/fr\/wp-content\/uploads\/2016\/07\/facebook-default-posting-1200x628px.jpg\" \/>\n<meta name=\"author\" content=\"Jean-Paul Erhard\" \/>\n<meta name=\"twitter:card\" content=\"summary_large_image\" \/>\n<meta name=\"twitter:creator\" content=\"@PeoplesphereMag\" \/>\n<meta name=\"twitter:site\" content=\"@PeoplesphereMag\" \/>\n<meta name=\"twitter:label1\" content=\"\u00c9crit par\" \/>\n\t<meta name=\"twitter:data1\" content=\"Jean-Paul Erhard\" \/>\n\t<meta name=\"twitter:label2\" content=\"Dur\u00e9e de lecture estim\u00e9e\" \/>\n\t<meta name=\"twitter:data2\" content=\"3 minutes\" \/>\n<script type=\"application\/ld+json\" class=\"yoast-schema-graph\">{\"@context\":\"https:\/\/schema.org\",\"@graph\":[{\"@type\":\"Article\",\"@id\":\"https:\/\/peoplesphere.be\/fr\/reintegration-reprise-progressive-travail-73-5-dernieres-annees\/#article\",\"isPartOf\":{\"@id\":\"https:\/\/peoplesphere.be\/fr\/reintegration-reprise-progressive-travail-73-5-dernieres-annees\/\"},\"author\":{\"name\":\"Jean-Paul Erhard\",\"@id\":\"https:\/\/peoplesphere.be\/fr\/#\/schema\/person\/7976225ff17988604334abb7b3536a7e\"},\"headline\":\"R\u00e9int\u00e9gration et reprise progressive du travail : +73% ces 5 derni\u00e8res ann\u00e9es, une augmentation que le virus n&rsquo;a pas (encore) entrav\u00e9e.\",\"datePublished\":\"2020-11-03T10:27:27+00:00\",\"dateModified\":\"2020-11-04T07:07:42+00:00\",\"mainEntityOfPage\":{\"@id\":\"https:\/\/peoplesphere.be\/fr\/reintegration-reprise-progressive-travail-73-5-dernieres-annees\/\"},\"wordCount\":675,\"publisher\":{\"@id\":\"https:\/\/peoplesphere.be\/fr\/#organization\"},\"keywords\":[\"absence de longue dur\u00e9e\",\"bien-\u00eatre\",\"r\u00e9int\u00e9gration\",\"Sant\u00e9\"],\"articleSection\":[\"Actualit\u00e9s\",\"Digital\"],\"inLanguage\":\"fr-FR\"},{\"@type\":\"WebPage\",\"@id\":\"https:\/\/peoplesphere.be\/fr\/reintegration-reprise-progressive-travail-73-5-dernieres-annees\/\",\"url\":\"https:\/\/peoplesphere.be\/fr\/reintegration-reprise-progressive-travail-73-5-dernieres-annees\/\",\"name\":\"R\u00e9int\u00e9gration et reprise progressive du travail : +73% ces 5 derni\u00e8res ann\u00e9es, une augmentation que le virus n'a pas (encore) entrav\u00e9e. - Peoplesphere\",\"isPartOf\":{\"@id\":\"https:\/\/peoplesphere.be\/fr\/#website\"},\"datePublished\":\"2020-11-03T10:27:27+00:00\",\"dateModified\":\"2020-11-04T07:07:42+00:00\",\"breadcrumb\":{\"@id\":\"https:\/\/peoplesphere.be\/fr\/reintegration-reprise-progressive-travail-73-5-dernieres-annees\/#breadcrumb\"},\"inLanguage\":\"fr-FR\",\"potentialAction\":[{\"@type\":\"ReadAction\",\"target\":[\"https:\/\/peoplesphere.be\/fr\/reintegration-reprise-progressive-travail-73-5-dernieres-annees\/\"]}]},{\"@type\":\"BreadcrumbList\",\"@id\":\"https:\/\/peoplesphere.be\/fr\/reintegration-reprise-progressive-travail-73-5-dernieres-annees\/#breadcrumb\",\"itemListElement\":[{\"@type\":\"ListItem\",\"position\":1,\"name\":\"Accueil\",\"item\":\"https:\/\/peoplesphere.be\/fr\/\"},{\"@type\":\"ListItem\",\"position\":2,\"name\":\"R\u00e9int\u00e9gration et reprise progressive du travail : +73% ces 5 derni\u00e8res ann\u00e9es, une augmentation que le virus n&rsquo;a pas (encore) entrav\u00e9e.\"}]},{\"@type\":\"WebSite\",\"@id\":\"https:\/\/peoplesphere.be\/fr\/#website\",\"url\":\"https:\/\/peoplesphere.be\/fr\/\",\"name\":\"Peoplesphere\",\"description\":\"The People Managers Magazine\",\"publisher\":{\"@id\":\"https:\/\/peoplesphere.be\/fr\/#organization\"},\"potentialAction\":[{\"@type\":\"SearchAction\",\"target\":{\"@type\":\"EntryPoint\",\"urlTemplate\":\"https:\/\/peoplesphere.be\/fr\/?s={search_term_string}\"},\"query-input\":\"required name=search_term_string\"}],\"inLanguage\":\"fr-FR\"},{\"@type\":\"Organization\",\"@id\":\"https:\/\/peoplesphere.be\/fr\/#organization\",\"name\":\"Peoplesphere Company srl\",\"url\":\"https:\/\/peoplesphere.be\/fr\/\",\"logo\":{\"@type\":\"ImageObject\",\"inLanguage\":\"fr-FR\",\"@id\":\"https:\/\/peoplesphere.be\/fr\/#\/schema\/logo\/image\/\",\"url\":\"https:\/\/peoplesphere.be\/fr\/wp-content\/uploads\/2023\/07\/peoplesphere-lgo-new-generik.jpg\",\"contentUrl\":\"https:\/\/peoplesphere.be\/fr\/wp-content\/uploads\/2023\/07\/peoplesphere-lgo-new-generik.jpg\",\"width\":1031,\"height\":1479,\"caption\":\"Peoplesphere Company srl\"},\"image\":{\"@id\":\"https:\/\/peoplesphere.be\/fr\/#\/schema\/logo\/image\/\"},\"sameAs\":[\"https:\/\/www.facebook.com\/peoplesphere\",\"https:\/\/twitter.com\/PeoplesphereMag\",\"https:\/\/www.linkedin.com\/company\/7587361?trk\",\"http:\/\/youtube.com\/peoplesphere\"]},{\"@type\":\"Person\",\"@id\":\"https:\/\/peoplesphere.be\/fr\/#\/schema\/person\/7976225ff17988604334abb7b3536a7e\",\"name\":\"Jean-Paul Erhard\",\"image\":{\"@type\":\"ImageObject\",\"inLanguage\":\"fr-FR\",\"@id\":\"https:\/\/peoplesphere.be\/fr\/#\/schema\/person\/image\/\",\"url\":\"https:\/\/secure.gravatar.com\/avatar\/f941e681460179738071629a51574930?s=96&d=mm&r=g\",\"contentUrl\":\"https:\/\/secure.gravatar.com\/avatar\/f941e681460179738071629a51574930?s=96&d=mm&r=g\",\"caption\":\"Jean-Paul Erhard\"},\"url\":\"https:\/\/peoplesphere.be\/fr\/author\/jpe\/\"}]}<\/script>\n<!-- \/ Yoast SEO plugin. -->","yoast_head_json":{"title":"R\u00e9int\u00e9gration et reprise progressive du travail : +73% ces 5 derni\u00e8res ann\u00e9es, une augmentation que le virus n'a pas (encore) entrav\u00e9e. - Peoplesphere","robots":{"index":"index","follow":"follow","max-snippet":"max-snippet:-1","max-image-preview":"max-image-preview:large","max-video-preview":"max-video-preview:-1"},"canonical":"https:\/\/peoplesphere.be\/fr\/reintegration-reprise-progressive-travail-73-5-dernieres-annees\/","og_locale":"fr_FR","og_type":"article","og_title":"R\u00e9int\u00e9gration et reprise progressive du travail : +73% ces 5 derni\u00e8res ann\u00e9es, une augmentation que le virus n'a pas (encore) entrav\u00e9e. - Peoplesphere","og_description":"En 2020, le nombre de dossiers trait\u00e9s jusqu\u2019\u00e0 pr\u00e9sent concernant les travailleurs malades de longue dur\u00e9e qui reprennent partiellement le travail est \u00e0 peine inf\u00e9rieur \u00e0 celui des autres ann\u00e9es. Le coronavirus ne ralentit donc pratiquement pas la courbe cette [&hellip;]","og_url":"https:\/\/peoplesphere.be\/fr\/reintegration-reprise-progressive-travail-73-5-dernieres-annees\/","og_site_name":"Peoplesphere","article_publisher":"https:\/\/www.facebook.com\/peoplesphere","article_published_time":"2020-11-03T10:27:27+00:00","article_modified_time":"2020-11-04T07:07:42+00:00","og_image":[{"url":"http:\/\/www.peoplesphere.be\/fr\/wp-content\/uploads\/2016\/07\/facebook-default-posting-1200x628px.jpg"}],"author":"Jean-Paul Erhard","twitter_card":"summary_large_image","twitter_creator":"@PeoplesphereMag","twitter_site":"@PeoplesphereMag","twitter_misc":{"\u00c9crit par":"Jean-Paul Erhard","Dur\u00e9e de lecture estim\u00e9e":"3 minutes"},"schema":{"@context":"https:\/\/schema.org","@graph":[{"@type":"Article","@id":"https:\/\/peoplesphere.be\/fr\/reintegration-reprise-progressive-travail-73-5-dernieres-annees\/#article","isPartOf":{"@id":"https:\/\/peoplesphere.be\/fr\/reintegration-reprise-progressive-travail-73-5-dernieres-annees\/"},"author":{"name":"Jean-Paul Erhard","@id":"https:\/\/peoplesphere.be\/fr\/#\/schema\/person\/7976225ff17988604334abb7b3536a7e"},"headline":"R\u00e9int\u00e9gration et reprise progressive du travail : +73% ces 5 derni\u00e8res ann\u00e9es, une augmentation que le virus n&rsquo;a pas (encore) entrav\u00e9e.","datePublished":"2020-11-03T10:27:27+00:00","dateModified":"2020-11-04T07:07:42+00:00","mainEntityOfPage":{"@id":"https:\/\/peoplesphere.be\/fr\/reintegration-reprise-progressive-travail-73-5-dernieres-annees\/"},"wordCount":675,"publisher":{"@id":"https:\/\/peoplesphere.be\/fr\/#organization"},"keywords":["absence de longue dur\u00e9e","bien-\u00eatre","r\u00e9int\u00e9gration","Sant\u00e9"],"articleSection":["Actualit\u00e9s","Digital"],"inLanguage":"fr-FR"},{"@type":"WebPage","@id":"https:\/\/peoplesphere.be\/fr\/reintegration-reprise-progressive-travail-73-5-dernieres-annees\/","url":"https:\/\/peoplesphere.be\/fr\/reintegration-reprise-progressive-travail-73-5-dernieres-annees\/","name":"R\u00e9int\u00e9gration et reprise progressive du travail : +73% ces 5 derni\u00e8res ann\u00e9es, une augmentation que le virus n'a pas (encore) entrav\u00e9e. - Peoplesphere","isPartOf":{"@id":"https:\/\/peoplesphere.be\/fr\/#website"},"datePublished":"2020-11-03T10:27:27+00:00","dateModified":"2020-11-04T07:07:42+00:00","breadcrumb":{"@id":"https:\/\/peoplesphere.be\/fr\/reintegration-reprise-progressive-travail-73-5-dernieres-annees\/#breadcrumb"},"inLanguage":"fr-FR","potentialAction":[{"@type":"ReadAction","target":["https:\/\/peoplesphere.be\/fr\/reintegration-reprise-progressive-travail-73-5-dernieres-annees\/"]}]},{"@type":"BreadcrumbList","@id":"https:\/\/peoplesphere.be\/fr\/reintegration-reprise-progressive-travail-73-5-dernieres-annees\/#breadcrumb","itemListElement":[{"@type":"ListItem","position":1,"name":"Accueil","item":"https:\/\/peoplesphere.be\/fr\/"},{"@type":"ListItem","position":2,"name":"R\u00e9int\u00e9gration et reprise progressive du travail : +73% ces 5 derni\u00e8res ann\u00e9es, une augmentation que le virus n&rsquo;a pas (encore) entrav\u00e9e."}]},{"@type":"WebSite","@id":"https:\/\/peoplesphere.be\/fr\/#website","url":"https:\/\/peoplesphere.be\/fr\/","name":"Peoplesphere","description":"The People Managers Magazine","publisher":{"@id":"https:\/\/peoplesphere.be\/fr\/#organization"},"potentialAction":[{"@type":"SearchAction","target":{"@type":"EntryPoint","urlTemplate":"https:\/\/peoplesphere.be\/fr\/?s={search_term_string}"},"query-input":"required name=search_term_string"}],"inLanguage":"fr-FR"},{"@type":"Organization","@id":"https:\/\/peoplesphere.be\/fr\/#organization","name":"Peoplesphere Company srl","url":"https:\/\/peoplesphere.be\/fr\/","logo":{"@type":"ImageObject","inLanguage":"fr-FR","@id":"https:\/\/peoplesphere.be\/fr\/#\/schema\/logo\/image\/","url":"https:\/\/peoplesphere.be\/fr\/wp-content\/uploads\/2023\/07\/peoplesphere-lgo-new-generik.jpg","contentUrl":"https:\/\/peoplesphere.be\/fr\/wp-content\/uploads\/2023\/07\/peoplesphere-lgo-new-generik.jpg","width":1031,"height":1479,"caption":"Peoplesphere Company srl"},"image":{"@id":"https:\/\/peoplesphere.be\/fr\/#\/schema\/logo\/image\/"},"sameAs":["https:\/\/www.facebook.com\/peoplesphere","https:\/\/twitter.com\/PeoplesphereMag","https:\/\/www.linkedin.com\/company\/7587361?trk","http:\/\/youtube.com\/peoplesphere"]},{"@type":"Person","@id":"https:\/\/peoplesphere.be\/fr\/#\/schema\/person\/7976225ff17988604334abb7b3536a7e","name":"Jean-Paul Erhard","image":{"@type":"ImageObject","inLanguage":"fr-FR","@id":"https:\/\/peoplesphere.be\/fr\/#\/schema\/person\/image\/","url":"https:\/\/secure.gravatar.com\/avatar\/f941e681460179738071629a51574930?s=96&d=mm&r=g","contentUrl":"https:\/\/secure.gravatar.com\/avatar\/f941e681460179738071629a51574930?s=96&d=mm&r=g","caption":"Jean-Paul Erhard"},"url":"https:\/\/peoplesphere.be\/fr\/author\/jpe\/"}]}},"_links":{"self":[{"href":"https:\/\/peoplesphere.be\/fr\/wp-json\/wp\/v2\/posts\/10355"}],"collection":[{"href":"https:\/\/peoplesphere.be\/fr\/wp-json\/wp\/v2\/posts"}],"about":[{"href":"https:\/\/peoplesphere.be\/fr\/wp-json\/wp\/v2\/types\/post"}],"author":[{"embeddable":true,"href":"https:\/\/peoplesphere.be\/fr\/wp-json\/wp\/v2\/users\/2"}],"replies":[{"embeddable":true,"href":"https:\/\/peoplesphere.be\/fr\/wp-json\/wp\/v2\/comments?post=10355"}],"version-history":[{"count":3,"href":"https:\/\/peoplesphere.be\/fr\/wp-json\/wp\/v2\/posts\/10355\/revisions"}],"predecessor-version":[{"id":10362,"href":"https:\/\/peoplesphere.be\/fr\/wp-json\/wp\/v2\/posts\/10355\/revisions\/10362"}],"wp:attachment":[{"href":"https:\/\/peoplesphere.be\/fr\/wp-json\/wp\/v2\/media?parent=10355"}],"wp:term":[{"taxonomy":"category","embeddable":true,"href":"https:\/\/peoplesphere.be\/fr\/wp-json\/wp\/v2\/categories?post=10355"},{"taxonomy":"post_tag","embeddable":true,"href":"https:\/\/peoplesphere.be\/fr\/wp-json\/wp\/v2\/tags?post=10355"}],"curies":[{"name":"wp","href":"https:\/\/api.w.org\/{rel}","templated":true}]}}