









{"id":10383,"date":"2020-11-10T13:28:37","date_gmt":"2020-11-10T11:28:37","guid":{"rendered":"https:\/\/peoplesphere.be\/fr\/?p=10383"},"modified":"2020-11-10T13:28:37","modified_gmt":"2020-11-10T11:28:37","slug":"vers-mobilite-plus-douce-plus-verte-complexite-budget-mobilite-necessite-etre-accompagnement","status":"publish","type":"post","link":"https:\/\/peoplesphere.be\/fr\/vers-mobilite-plus-douce-plus-verte-complexite-budget-mobilite-necessite-etre-accompagnement\/","title":{"rendered":"Vers une mobilit\u00e9 plus douce et plus verte? La complexit\u00e9 du budget mobilit\u00e9 n\u00e9cessite peut-\u00eatre un accompagnement."},"content":{"rendered":"<p>Le budget mobilit\u00e9 est une r\u00e9ponse \u00e0 nos besoins de mobilit\u00e9 en rapide \u00e9volution, mais son introduction s&rsquo;av\u00e8re complexe pour les employeurs. Athlon Belgium souhaite faire tomber les barri\u00e8res et ainsi non seulement verdir le parc automobile, mais aussi s&rsquo;assurer que les travailleurs optent plus souvent pour des modes de transport alternatifs. <!--more--><\/p>\n<p>Diff\u00e9rentes tendances, telles que le t\u00e9l\u00e9travail, la digitalisation et la croissance de nos villes entra\u00eenent des besoins de mobilit\u00e9 diff\u00e9rents. De moins en moins de personnes souhaitent s&rsquo;engager dans un contrat de leasing pour quatre ann\u00e9es suppl\u00e9mentaires et recherchent des solutions de mobilit\u00e9 flexibles et \u00e9cologiques. Le budget mobilit\u00e9 approuv\u00e9 en mars 2019 r\u00e9pond \u00e0 ces besoins.<\/p>\n<p>Les employeurs peuvent ainsi convenir avec leur travailleur de compl\u00e9ter le budget d&rsquo;une voiture de soci\u00e9t\u00e9 de mani\u00e8re alternative. Il peut \u00eatre utilis\u00e9 pour une voiture \u00e9lectrique ou une autre voiture \u00e0 faible consommation en carburant et pour des modes de transport alternatifs et respectueux de l&rsquo;environnement, tels qu&rsquo;un v\u00e9lo, les transports publics ou le covoiturage. Cependant, une \u00e9tude men\u00e9e par Acerta au d\u00e9but de cette ann\u00e9e a montr\u00e9 que ce syst\u00e8me est peu utilis\u00e9, en partie parce que sa gestion est complexe et exige plus d&rsquo;efforts de la part de l&#8217;employeur que la seule gestion d&rsquo;une voiture de soci\u00e9t\u00e9.<\/p>\n<p><strong><em>Comment faire le premier pas?<\/em><\/strong><\/p>\n<p>Dans le livre blanc <em>\u2018Vivre, travailler et se d\u00e9placer en 2030\u2019,<\/em> Athlon Belgium passe au crible les besoins de mobilit\u00e9 de demain et le r\u00f4le du budget mobilit\u00e9. L&rsquo;une des conclusions est que le budget mobilit\u00e9 est le moyen par excellence pour les employeurs pour r\u00e9pondre aux besoins de mobilit\u00e9 en rapide changement et se profiler comme un \u2018employer of choice\u2019.<\/p>\n<p><em>\u00ab\u00a0Les travailleurs sont partie prenante pour \u00ab\u00a0consommer de la mobilit\u00e9\u00a0\u00bb de mani\u00e8re diversifi\u00e9e. La technologie existe, de m\u00eame que la l\u00e9gislation, sous la forme du budget mobilit\u00e9. C&rsquo;est d\u00e9sormais aux entreprises d&rsquo;adapter leur politique de mobilit\u00e9. Beaucoup ont peur de franchir le pas et la transition complexe vers un budget mobilit\u00e9 demande un accompagnement. Nous avons les outils et l&rsquo;expertise pour les guider, gr\u00e2ce \u00e0 des analyses et conseils, \u00e0 travers l&rsquo;offre pl\u00e9thorique et la l\u00e9gislation complexe\u00a0\u00bb,<\/em> explique\u00a0Michiel Alferink, directeur g\u00e9n\u00e9ral d&rsquo;Athlon Belgium.<\/p>\n<p><em><strong>Vers le modal shift<\/strong><\/em><\/p>\n<p>En 2011, Ahtlon a \u00e9t\u00e9 une des premi\u00e8res soci\u00e9t\u00e9s de leasing en Belgique \u00e0 investir dans la mobilit\u00e9 \u00e9lectrique. Ce r\u00f4le de pionnier d\u00e9coulait de l&rsquo;ambition de durabilit\u00e9, v\u00e9ritable fil rouge dans la strat\u00e9gie de l&rsquo;entreprise. D\u00e9sormais, l&rsquo;entreprise a \u00e9volu\u00e9 d&rsquo;une soci\u00e9t\u00e9 de leasing vers un fournisseur de services de mobilit\u00e9. En accompagnant ses clients lors de la mise en \u0153uvre du budget mobilit\u00e9, l&rsquo;entreprise souhaite poursuivre le verdissement et le modal shift de la mobilit\u00e9 en Belgique, contribuant ainsi aux objectifs climatiques.<\/p>\n<p><em>\u00ab\u00a0D&rsquo;ici 2026, toutes les nouvelles voitures de soci\u00e9t\u00e9 devront \u00eatre z\u00e9ro \u00e9mission. C&rsquo;est une \u00e9tape importante, mais cela ne r\u00e9soudra pas le probl\u00e8me des embouteillages. Nous devons aussi miser sur le modal shift vers des modes de transport alternatifs. Nous consid\u00e9rons cela comme notre nouveau r\u00f4le en tant que pionnier\u00a0\u00bb<\/em> conclut\u00a0Michiel Alferink.<\/p>\n","protected":false},"excerpt":{"rendered":"<p>Le budget mobilit\u00e9 est une r\u00e9ponse \u00e0 nos besoins de mobilit\u00e9 en rapide \u00e9volution, mais son introduction s&rsquo;av\u00e8re complexe pour les employeurs. Athlon Belgium souhaite faire tomber les barri\u00e8res et ainsi non seulement verdir le parc automobile, mais aussi s&rsquo;assurer [&hellip;]<\/p>\n","protected":false},"author":2,"featured_media":0,"comment_status":"closed","ping_status":"open","sticky":false,"template":"","format":"standard","meta":[],"categories":[65,10],"tags":[3234,1269,823,136,3233],"yoast_head":"<!-- This site is optimized with the Yoast SEO plugin v21.0 - https:\/\/yoast.com\/wordpress\/plugins\/seo\/ -->\n<title>Vers une mobilit\u00e9 plus douce et plus verte? La complexit\u00e9 du budget mobilit\u00e9 n\u00e9cessite peut-\u00eatre un accompagnement. - Peoplesphere<\/title>\n<meta name=\"robots\" content=\"index, follow, max-snippet:-1, max-image-preview:large, max-video-preview:-1\" \/>\n<link rel=\"canonical\" href=\"https:\/\/peoplesphere.be\/fr\/vers-mobilite-plus-douce-plus-verte-complexite-budget-mobilite-necessite-etre-accompagnement\/\" \/>\n<meta property=\"og:locale\" content=\"fr_FR\" \/>\n<meta property=\"og:type\" content=\"article\" \/>\n<meta property=\"og:title\" content=\"Vers une mobilit\u00e9 plus douce et plus verte? La complexit\u00e9 du budget mobilit\u00e9 n\u00e9cessite peut-\u00eatre un accompagnement. - Peoplesphere\" \/>\n<meta property=\"og:description\" content=\"Le budget mobilit\u00e9 est une r\u00e9ponse \u00e0 nos besoins de mobilit\u00e9 en rapide \u00e9volution, mais son introduction s&rsquo;av\u00e8re complexe pour les employeurs. Athlon Belgium souhaite faire tomber les barri\u00e8res et ainsi non seulement verdir le parc automobile, mais aussi s&rsquo;assurer [&hellip;]\" \/>\n<meta property=\"og:url\" content=\"https:\/\/peoplesphere.be\/fr\/vers-mobilite-plus-douce-plus-verte-complexite-budget-mobilite-necessite-etre-accompagnement\/\" \/>\n<meta property=\"og:site_name\" content=\"Peoplesphere\" \/>\n<meta property=\"article:publisher\" content=\"https:\/\/www.facebook.com\/peoplesphere\" \/>\n<meta property=\"article:published_time\" content=\"2020-11-10T11:28:37+00:00\" \/>\n<meta property=\"og:image\" content=\"http:\/\/www.peoplesphere.be\/fr\/wp-content\/uploads\/2016\/07\/facebook-default-posting-1200x628px.jpg\" \/>\n<meta name=\"author\" content=\"Jean-Paul Erhard\" \/>\n<meta name=\"twitter:card\" content=\"summary_large_image\" \/>\n<meta name=\"twitter:creator\" content=\"@PeoplesphereMag\" \/>\n<meta name=\"twitter:site\" content=\"@PeoplesphereMag\" \/>\n<meta name=\"twitter:label1\" content=\"\u00c9crit par\" \/>\n\t<meta name=\"twitter:data1\" content=\"Jean-Paul Erhard\" \/>\n\t<meta name=\"twitter:label2\" content=\"Dur\u00e9e de lecture estim\u00e9e\" \/>\n\t<meta name=\"twitter:data2\" content=\"3 minutes\" \/>\n<script type=\"application\/ld+json\" class=\"yoast-schema-graph\">{\"@context\":\"https:\/\/schema.org\",\"@graph\":[{\"@type\":\"Article\",\"@id\":\"https:\/\/peoplesphere.be\/fr\/vers-mobilite-plus-douce-plus-verte-complexite-budget-mobilite-necessite-etre-accompagnement\/#article\",\"isPartOf\":{\"@id\":\"https:\/\/peoplesphere.be\/fr\/vers-mobilite-plus-douce-plus-verte-complexite-budget-mobilite-necessite-etre-accompagnement\/\"},\"author\":{\"name\":\"Jean-Paul Erhard\",\"@id\":\"https:\/\/peoplesphere.be\/fr\/#\/schema\/person\/7976225ff17988604334abb7b3536a7e\"},\"headline\":\"Vers une mobilit\u00e9 plus douce et plus verte? La complexit\u00e9 du budget mobilit\u00e9 n\u00e9cessite peut-\u00eatre un accompagnement.\",\"datePublished\":\"2020-11-10T11:28:37+00:00\",\"dateModified\":\"2020-11-10T11:28:37+00:00\",\"mainEntityOfPage\":{\"@id\":\"https:\/\/peoplesphere.be\/fr\/vers-mobilite-plus-douce-plus-verte-complexite-budget-mobilite-necessite-etre-accompagnement\/\"},\"wordCount\":556,\"publisher\":{\"@id\":\"https:\/\/peoplesphere.be\/fr\/#organization\"},\"keywords\":[\"Athlon Belgium\",\"budget mobilit\u00e9\",\"d\u00e9veloppement durable\",\"mobilit\u00e9\",\"modal shift\"],\"articleSection\":[\"Actualit\u00e9s\",\"Digital\"],\"inLanguage\":\"fr-FR\"},{\"@type\":\"WebPage\",\"@id\":\"https:\/\/peoplesphere.be\/fr\/vers-mobilite-plus-douce-plus-verte-complexite-budget-mobilite-necessite-etre-accompagnement\/\",\"url\":\"https:\/\/peoplesphere.be\/fr\/vers-mobilite-plus-douce-plus-verte-complexite-budget-mobilite-necessite-etre-accompagnement\/\",\"name\":\"Vers une mobilit\u00e9 plus douce et plus verte? La complexit\u00e9 du budget mobilit\u00e9 n\u00e9cessite peut-\u00eatre un accompagnement. - Peoplesphere\",\"isPartOf\":{\"@id\":\"https:\/\/peoplesphere.be\/fr\/#website\"},\"datePublished\":\"2020-11-10T11:28:37+00:00\",\"dateModified\":\"2020-11-10T11:28:37+00:00\",\"breadcrumb\":{\"@id\":\"https:\/\/peoplesphere.be\/fr\/vers-mobilite-plus-douce-plus-verte-complexite-budget-mobilite-necessite-etre-accompagnement\/#breadcrumb\"},\"inLanguage\":\"fr-FR\",\"potentialAction\":[{\"@type\":\"ReadAction\",\"target\":[\"https:\/\/peoplesphere.be\/fr\/vers-mobilite-plus-douce-plus-verte-complexite-budget-mobilite-necessite-etre-accompagnement\/\"]}]},{\"@type\":\"BreadcrumbList\",\"@id\":\"https:\/\/peoplesphere.be\/fr\/vers-mobilite-plus-douce-plus-verte-complexite-budget-mobilite-necessite-etre-accompagnement\/#breadcrumb\",\"itemListElement\":[{\"@type\":\"ListItem\",\"position\":1,\"name\":\"Accueil\",\"item\":\"https:\/\/peoplesphere.be\/fr\/\"},{\"@type\":\"ListItem\",\"position\":2,\"name\":\"Vers une mobilit\u00e9 plus douce et plus verte? La complexit\u00e9 du budget mobilit\u00e9 n\u00e9cessite peut-\u00eatre un accompagnement.\"}]},{\"@type\":\"WebSite\",\"@id\":\"https:\/\/peoplesphere.be\/fr\/#website\",\"url\":\"https:\/\/peoplesphere.be\/fr\/\",\"name\":\"Peoplesphere\",\"description\":\"The People Managers Magazine\",\"publisher\":{\"@id\":\"https:\/\/peoplesphere.be\/fr\/#organization\"},\"potentialAction\":[{\"@type\":\"SearchAction\",\"target\":{\"@type\":\"EntryPoint\",\"urlTemplate\":\"https:\/\/peoplesphere.be\/fr\/?s={search_term_string}\"},\"query-input\":\"required name=search_term_string\"}],\"inLanguage\":\"fr-FR\"},{\"@type\":\"Organization\",\"@id\":\"https:\/\/peoplesphere.be\/fr\/#organization\",\"name\":\"Peoplesphere Company srl\",\"url\":\"https:\/\/peoplesphere.be\/fr\/\",\"logo\":{\"@type\":\"ImageObject\",\"inLanguage\":\"fr-FR\",\"@id\":\"https:\/\/peoplesphere.be\/fr\/#\/schema\/logo\/image\/\",\"url\":\"https:\/\/peoplesphere.be\/fr\/wp-content\/uploads\/2023\/07\/peoplesphere-lgo-new-generik.jpg\",\"contentUrl\":\"https:\/\/peoplesphere.be\/fr\/wp-content\/uploads\/2023\/07\/peoplesphere-lgo-new-generik.jpg\",\"width\":1031,\"height\":1479,\"caption\":\"Peoplesphere Company srl\"},\"image\":{\"@id\":\"https:\/\/peoplesphere.be\/fr\/#\/schema\/logo\/image\/\"},\"sameAs\":[\"https:\/\/www.facebook.com\/peoplesphere\",\"https:\/\/twitter.com\/PeoplesphereMag\",\"https:\/\/www.linkedin.com\/company\/7587361?trk\",\"http:\/\/youtube.com\/peoplesphere\"]},{\"@type\":\"Person\",\"@id\":\"https:\/\/peoplesphere.be\/fr\/#\/schema\/person\/7976225ff17988604334abb7b3536a7e\",\"name\":\"Jean-Paul Erhard\",\"image\":{\"@type\":\"ImageObject\",\"inLanguage\":\"fr-FR\",\"@id\":\"https:\/\/peoplesphere.be\/fr\/#\/schema\/person\/image\/\",\"url\":\"https:\/\/secure.gravatar.com\/avatar\/f941e681460179738071629a51574930?s=96&d=mm&r=g\",\"contentUrl\":\"https:\/\/secure.gravatar.com\/avatar\/f941e681460179738071629a51574930?s=96&d=mm&r=g\",\"caption\":\"Jean-Paul Erhard\"},\"url\":\"https:\/\/peoplesphere.be\/fr\/author\/jpe\/\"}]}<\/script>\n<!-- \/ Yoast SEO plugin. -->","yoast_head_json":{"title":"Vers une mobilit\u00e9 plus douce et plus verte? La complexit\u00e9 du budget mobilit\u00e9 n\u00e9cessite peut-\u00eatre un accompagnement. - Peoplesphere","robots":{"index":"index","follow":"follow","max-snippet":"max-snippet:-1","max-image-preview":"max-image-preview:large","max-video-preview":"max-video-preview:-1"},"canonical":"https:\/\/peoplesphere.be\/fr\/vers-mobilite-plus-douce-plus-verte-complexite-budget-mobilite-necessite-etre-accompagnement\/","og_locale":"fr_FR","og_type":"article","og_title":"Vers une mobilit\u00e9 plus douce et plus verte? La complexit\u00e9 du budget mobilit\u00e9 n\u00e9cessite peut-\u00eatre un accompagnement. - Peoplesphere","og_description":"Le budget mobilit\u00e9 est une r\u00e9ponse \u00e0 nos besoins de mobilit\u00e9 en rapide \u00e9volution, mais son introduction s&rsquo;av\u00e8re complexe pour les employeurs. Athlon Belgium souhaite faire tomber les barri\u00e8res et ainsi non seulement verdir le parc automobile, mais aussi s&rsquo;assurer [&hellip;]","og_url":"https:\/\/peoplesphere.be\/fr\/vers-mobilite-plus-douce-plus-verte-complexite-budget-mobilite-necessite-etre-accompagnement\/","og_site_name":"Peoplesphere","article_publisher":"https:\/\/www.facebook.com\/peoplesphere","article_published_time":"2020-11-10T11:28:37+00:00","og_image":[{"url":"http:\/\/www.peoplesphere.be\/fr\/wp-content\/uploads\/2016\/07\/facebook-default-posting-1200x628px.jpg"}],"author":"Jean-Paul Erhard","twitter_card":"summary_large_image","twitter_creator":"@PeoplesphereMag","twitter_site":"@PeoplesphereMag","twitter_misc":{"\u00c9crit par":"Jean-Paul Erhard","Dur\u00e9e de lecture estim\u00e9e":"3 minutes"},"schema":{"@context":"https:\/\/schema.org","@graph":[{"@type":"Article","@id":"https:\/\/peoplesphere.be\/fr\/vers-mobilite-plus-douce-plus-verte-complexite-budget-mobilite-necessite-etre-accompagnement\/#article","isPartOf":{"@id":"https:\/\/peoplesphere.be\/fr\/vers-mobilite-plus-douce-plus-verte-complexite-budget-mobilite-necessite-etre-accompagnement\/"},"author":{"name":"Jean-Paul Erhard","@id":"https:\/\/peoplesphere.be\/fr\/#\/schema\/person\/7976225ff17988604334abb7b3536a7e"},"headline":"Vers une mobilit\u00e9 plus douce et plus verte? La complexit\u00e9 du budget mobilit\u00e9 n\u00e9cessite peut-\u00eatre un accompagnement.","datePublished":"2020-11-10T11:28:37+00:00","dateModified":"2020-11-10T11:28:37+00:00","mainEntityOfPage":{"@id":"https:\/\/peoplesphere.be\/fr\/vers-mobilite-plus-douce-plus-verte-complexite-budget-mobilite-necessite-etre-accompagnement\/"},"wordCount":556,"publisher":{"@id":"https:\/\/peoplesphere.be\/fr\/#organization"},"keywords":["Athlon Belgium","budget mobilit\u00e9","d\u00e9veloppement durable","mobilit\u00e9","modal shift"],"articleSection":["Actualit\u00e9s","Digital"],"inLanguage":"fr-FR"},{"@type":"WebPage","@id":"https:\/\/peoplesphere.be\/fr\/vers-mobilite-plus-douce-plus-verte-complexite-budget-mobilite-necessite-etre-accompagnement\/","url":"https:\/\/peoplesphere.be\/fr\/vers-mobilite-plus-douce-plus-verte-complexite-budget-mobilite-necessite-etre-accompagnement\/","name":"Vers une mobilit\u00e9 plus douce et plus verte? La complexit\u00e9 du budget mobilit\u00e9 n\u00e9cessite peut-\u00eatre un accompagnement. - Peoplesphere","isPartOf":{"@id":"https:\/\/peoplesphere.be\/fr\/#website"},"datePublished":"2020-11-10T11:28:37+00:00","dateModified":"2020-11-10T11:28:37+00:00","breadcrumb":{"@id":"https:\/\/peoplesphere.be\/fr\/vers-mobilite-plus-douce-plus-verte-complexite-budget-mobilite-necessite-etre-accompagnement\/#breadcrumb"},"inLanguage":"fr-FR","potentialAction":[{"@type":"ReadAction","target":["https:\/\/peoplesphere.be\/fr\/vers-mobilite-plus-douce-plus-verte-complexite-budget-mobilite-necessite-etre-accompagnement\/"]}]},{"@type":"BreadcrumbList","@id":"https:\/\/peoplesphere.be\/fr\/vers-mobilite-plus-douce-plus-verte-complexite-budget-mobilite-necessite-etre-accompagnement\/#breadcrumb","itemListElement":[{"@type":"ListItem","position":1,"name":"Accueil","item":"https:\/\/peoplesphere.be\/fr\/"},{"@type":"ListItem","position":2,"name":"Vers une mobilit\u00e9 plus douce et plus verte? La complexit\u00e9 du budget mobilit\u00e9 n\u00e9cessite peut-\u00eatre un accompagnement."}]},{"@type":"WebSite","@id":"https:\/\/peoplesphere.be\/fr\/#website","url":"https:\/\/peoplesphere.be\/fr\/","name":"Peoplesphere","description":"The People Managers Magazine","publisher":{"@id":"https:\/\/peoplesphere.be\/fr\/#organization"},"potentialAction":[{"@type":"SearchAction","target":{"@type":"EntryPoint","urlTemplate":"https:\/\/peoplesphere.be\/fr\/?s={search_term_string}"},"query-input":"required name=search_term_string"}],"inLanguage":"fr-FR"},{"@type":"Organization","@id":"https:\/\/peoplesphere.be\/fr\/#organization","name":"Peoplesphere Company srl","url":"https:\/\/peoplesphere.be\/fr\/","logo":{"@type":"ImageObject","inLanguage":"fr-FR","@id":"https:\/\/peoplesphere.be\/fr\/#\/schema\/logo\/image\/","url":"https:\/\/peoplesphere.be\/fr\/wp-content\/uploads\/2023\/07\/peoplesphere-lgo-new-generik.jpg","contentUrl":"https:\/\/peoplesphere.be\/fr\/wp-content\/uploads\/2023\/07\/peoplesphere-lgo-new-generik.jpg","width":1031,"height":1479,"caption":"Peoplesphere Company srl"},"image":{"@id":"https:\/\/peoplesphere.be\/fr\/#\/schema\/logo\/image\/"},"sameAs":["https:\/\/www.facebook.com\/peoplesphere","https:\/\/twitter.com\/PeoplesphereMag","https:\/\/www.linkedin.com\/company\/7587361?trk","http:\/\/youtube.com\/peoplesphere"]},{"@type":"Person","@id":"https:\/\/peoplesphere.be\/fr\/#\/schema\/person\/7976225ff17988604334abb7b3536a7e","name":"Jean-Paul Erhard","image":{"@type":"ImageObject","inLanguage":"fr-FR","@id":"https:\/\/peoplesphere.be\/fr\/#\/schema\/person\/image\/","url":"https:\/\/secure.gravatar.com\/avatar\/f941e681460179738071629a51574930?s=96&d=mm&r=g","contentUrl":"https:\/\/secure.gravatar.com\/avatar\/f941e681460179738071629a51574930?s=96&d=mm&r=g","caption":"Jean-Paul Erhard"},"url":"https:\/\/peoplesphere.be\/fr\/author\/jpe\/"}]}},"_links":{"self":[{"href":"https:\/\/peoplesphere.be\/fr\/wp-json\/wp\/v2\/posts\/10383"}],"collection":[{"href":"https:\/\/peoplesphere.be\/fr\/wp-json\/wp\/v2\/posts"}],"about":[{"href":"https:\/\/peoplesphere.be\/fr\/wp-json\/wp\/v2\/types\/post"}],"author":[{"embeddable":true,"href":"https:\/\/peoplesphere.be\/fr\/wp-json\/wp\/v2\/users\/2"}],"replies":[{"embeddable":true,"href":"https:\/\/peoplesphere.be\/fr\/wp-json\/wp\/v2\/comments?post=10383"}],"version-history":[{"count":1,"href":"https:\/\/peoplesphere.be\/fr\/wp-json\/wp\/v2\/posts\/10383\/revisions"}],"predecessor-version":[{"id":10384,"href":"https:\/\/peoplesphere.be\/fr\/wp-json\/wp\/v2\/posts\/10383\/revisions\/10384"}],"wp:attachment":[{"href":"https:\/\/peoplesphere.be\/fr\/wp-json\/wp\/v2\/media?parent=10383"}],"wp:term":[{"taxonomy":"category","embeddable":true,"href":"https:\/\/peoplesphere.be\/fr\/wp-json\/wp\/v2\/categories?post=10383"},{"taxonomy":"post_tag","embeddable":true,"href":"https:\/\/peoplesphere.be\/fr\/wp-json\/wp\/v2\/tags?post=10383"}],"curies":[{"name":"wp","href":"https:\/\/api.w.org\/{rel}","templated":true}]}}