









{"id":10394,"date":"2020-11-12T08:18:45","date_gmt":"2020-11-12T06:18:45","guid":{"rendered":"https:\/\/peoplesphere.be\/fr\/?p=10394"},"modified":"2020-11-12T08:18:45","modified_gmt":"2020-11-12T06:18:45","slug":"linterruption-de-carriere-conge-parental-augmentation-de-11-toujours-mamans-choix-de-famille","status":"publish","type":"post","link":"https:\/\/peoplesphere.be\/fr\/linterruption-de-carriere-conge-parental-augmentation-de-11-toujours-mamans-choix-de-famille\/","title":{"rendered":"L&rsquo;interruption de carri\u00e8re pour cong\u00e9 parental en augmentation de 11%: ce sont toujours les mamans qui font le choix de la famille&#8230;"},"content":{"rendered":"<p>Ces derniers mois, le \u00ab cong\u00e9 parental corona \u00bb a entra\u00een\u00e9 une augmentation des interruptions de carri\u00e8re pour les travailleurs du secteur priv\u00e9 belge. La hausse est mont\u00e9e \u00e0 +11 % en juin 2020. Dans le m\u00eame temps, l\u2019importance du cong\u00e9 parental ordinaire a diminu\u00e9. Ce sont surtout les m\u00e8res qui interrompent leur carri\u00e8re pour les enfants. Mais les interruptions de carri\u00e8re sont particuli\u00e8rement pris\u00e9es chez les coll\u00e8gues plus \u00e2g\u00e9s : la cat\u00e9gorie d\u2019\u00e2ge des plus de 50 ans repr\u00e9sente 60 % de toutes les interruptions de carri\u00e8re.<!--more--><\/p>\n<p>Le pourcentage de collaborateurs \u00e0 avoir eu recours \u00e0 une interruption de carri\u00e8re entre mai et ao\u00fbt \u00e9tait plus \u00e9lev\u00e9 en 2020 qu\u2019en 2019. De mai \u00e0 juin, l\u2019\u00e9cart \u00e9tait m\u00eame plus \u00e9lev\u00e9 de 9,6 % et 11 % respectivement. L\u2019augmentation lors de ces mois n\u2019est pas une co\u00efncidence : c\u2019est alors qu\u2019a \u00e9t\u00e9 introduit le cong\u00e9 parental corona comme option suppl\u00e9mentaire pour prendre une interruption de carri\u00e8re.<\/p>\n<p>Amandine Boseret, conseill\u00e8re juridique chez Acerta : \u00ab\u00a0<em>Nous pouvons conclure de nos chiffres que les collaborateurs ont \u00e9t\u00e9 heureux de faire appel \u00e0 cette nouvelle option qu\u2019est le cong\u00e9 parental corona. Il en ressort aussi que les employeurs ont acc\u00e9d\u00e9 \u00e0 leur demande, car le cong\u00e9 parental corona n\u2019\u00e9tait pas un droit. En septembre, le cong\u00e9 parental corona n\u2019avait plus de raison d\u2019\u00eatre. En effet, une nouvelle ann\u00e9e scolaire commen\u00e7ait avec la r\u00e9ouverture des \u00e9coles. En octobre, il est pr\u00e9vu qu\u2019en cas de mesure de quarantaine dans une \u00e9cole, les parents puissent se rabattre sur le ch\u00f4mage temporaire, puisque le cong\u00e9 parental corona a \u00e9t\u00e9 supprim\u00e9.\u00a0\u00bb<\/em><\/p>\n<p><strong><em>Moins de cong\u00e9 parental ordinaire<\/em><\/strong><\/p>\n<p>Le cong\u00e9 parental corona n\u2019a pas fait dispara\u00eetre le cong\u00e9 parental ordinaire des chiffres des interruptions de carri\u00e8re. Cela dit, sa part en 2020 est syst\u00e9matiquement en de\u00e7\u00e0 de celle de 2019 : en juin, elle \u00e9tait inf\u00e9rieure d\u2019un quart \u00e0 celle de l\u2019ann\u00e9e pr\u00e9c\u00e9dente.<\/p>\n<p>Sur l\u2019ensemble des interruptions de carri\u00e8re, le cong\u00e9 parental ordinaire \u00e0 temps partiel repr\u00e9sentait encore 21,1% en mai 2020, soit plus que le cong\u00e9 parental corona avec 17,7 %. En juin 2020, le rapport s\u2019est invers\u00e9, le cong\u00e9 parental corona \u00e9tant plus \u00e9lev\u00e9, avec 23,2 % contre 19 % pour le cong\u00e9 parental ordinaire.<\/p>\n<p>Sur l\u2019ensemble des collaborateurs, 1,7% a pris un cong\u00e9 parental ordinaire en mai 2020, 1,4% un cong\u00e9 parental corona. En juin, ces chiffres s\u2019\u00e9levaient respectivement \u00e0 1,5% et 1,9%.<\/p>\n<p><em>\u00ab\u00a0Le cong\u00e9 parental ordinaire est r\u00e9gi par d\u2019autres modalit\u00e9s que le cong\u00e9 parental corona. Peut-\u00eatre est-ce une raison de s\u2019en tenir au cong\u00e9 parental ordinaire. De plus, les employeurs n\u2019\u00e9taient pas oblig\u00e9s d\u2019accepter le cong\u00e9 parental corona, ce qui aura contribu\u00e9 ici et l\u00e0 \u00e0 maintenir l\u2019attrait du cong\u00e9 parental classique.\u00a0\u00bb<\/em><\/p>\n<p><em><strong>Les femmes prennent (encore) plus souvent un cong\u00e9 parental que les hommes<\/strong><\/em><\/p>\n<p>L\u2019une des grandes attentes \u00e0 l\u2019\u00e9gard du cong\u00e9 parental corona \u00e9tait que les p\u00e8res et les m\u00e8res interrompent ou r\u00e9duisent leur carri\u00e8re en faveur des enfants. Cela ne s\u2019est pas produit. Chaque mois, les m\u00e8res prennent plus de cong\u00e9s parentaux, tant r\u00e9guliers que corona. Sur l\u2019ensemble des demandes de cong\u00e9 parental ordinaire, 60 % \u00e9manaient de femmes. Pour le cong\u00e9 parental corona, sept demandes sur dix avaient \u00e9t\u00e9 introduites par des m\u00e8res et seulement trois sur dix par des p\u00e8res.<\/p>\n<p>Les travailleurs belges du secteur priv\u00e9 peuvent interrompre leur carri\u00e8re de diff\u00e9rentes mani\u00e8res, que ce soit \u00e0 temps partiel ou \u00e0 temps plein : le cong\u00e9 parental, les soins palliatifs et l\u2019assistance m\u00e9dicale rel\u00e8vent des cong\u00e9s th\u00e9matiques ; le cr\u00e9dit-temps avec motif et le cr\u00e9dit-temps emploi de fin de carri\u00e8re sont \u00e9galement des options, chacune avec ses conditions sp\u00e9cifiques. De mai \u00e0 septembre, le cong\u00e9 parental corona a \u00e9t\u00e9 introduit \u00e0 la suite de la crise du coronavirus et est g\u00e9n\u00e9ralement \u00e0 temps partiel.<\/p>\n<p>Les cat\u00e9gories d\u2019\u00e2ge sont in\u00e9galement repr\u00e9sent\u00e9es chez les collaborateurs ayant interrompu leur carri\u00e8re d\u2019une mani\u00e8re ou d\u2019une autre. Un quart ont entre 30 et 40 ans. L\u2019interruption de carri\u00e8re dans cette cat\u00e9gorie est principalement due \u00e0 un cong\u00e9 parental (cong\u00e9 parental et, le cas \u00e9ch\u00e9ant, cr\u00e9dit-temps avec motif). Mais la cat\u00e9gorie la mieux repr\u00e9sent\u00e9e, avec 60 %, reste celle des plus de 50 ans.<\/p>\n<p>Amandine Boseret : <em>\u00ab Il \u00e9tait possible jusqu\u2019en 2015 d\u2019opter pour un emploi de fin de carri\u00e8re avec des allocations d\u00e8s l\u2019\u00e2ge de 50 ans. \u00c0 partir de 2015, la limite d\u2019\u00e2ge a \u00e9t\u00e9 port\u00e9e \u00e0 60 ans, ce qui signifie que les plus de 50 ans ont rapidement pris leur d\u00e9cision et commenc\u00e9 \u00e0 utiliser un emploi de fin de carri\u00e8re avant l\u2019entr\u00e9e en vigueur de la nouvelle r\u00e9glementation. Ce durcissement des r\u00e8gles en 2015 est toujours perceptible dans les chiffres. Aujourd\u2019hui, nous constatons que 3 % des collaborateurs \u00e2g\u00e9s de 50 \u00e0 55 ans proc\u00e8dent \u00e0 une interruption de carri\u00e8re ; dans le groupe des 55 \u00e0 60 ans, c\u2019est 13 %. \u00bb<\/em><\/p>\n<p>&nbsp;<\/p>\n<p><em>Source : Acerta &#8211; Les donn\u00e9es recueillies sont bas\u00e9es sur les donn\u00e9es r\u00e9elles d\u2019un \u00e9chantillon repr\u00e9sentatif de travailleurs en service aupr\u00e8s de plus de 23.000 employeurs issus du secteur priv\u00e9, auquel appartiennent tant des PME que des grandes entreprises.<\/em><\/p>\n","protected":false},"excerpt":{"rendered":"<p>Ces derniers mois, le \u00ab cong\u00e9 parental corona \u00bb a entra\u00een\u00e9 une augmentation des interruptions de carri\u00e8re pour les travailleurs du secteur priv\u00e9 belge. La hausse est mont\u00e9e \u00e0 +11 % en juin 2020. Dans le m\u00eame temps, l\u2019importance du [&hellip;]<\/p>\n","protected":false},"author":2,"featured_media":0,"comment_status":"closed","ping_status":"open","sticky":false,"template":"","format":"standard","meta":[],"categories":[65,10],"tags":[271,3238,292,3239],"yoast_head":"<!-- This site is optimized with the Yoast SEO plugin v21.0 - https:\/\/yoast.com\/wordpress\/plugins\/seo\/ -->\n<title>L&#039;interruption de carri\u00e8re pour cong\u00e9 parental en augmentation de 11%: ce sont toujours les mamans qui font le choix de la famille... - Peoplesphere<\/title>\n<meta name=\"robots\" content=\"index, follow, max-snippet:-1, max-image-preview:large, max-video-preview:-1\" \/>\n<link rel=\"canonical\" href=\"https:\/\/peoplesphere.be\/fr\/linterruption-de-carriere-conge-parental-augmentation-de-11-toujours-mamans-choix-de-famille\/\" \/>\n<meta property=\"og:locale\" content=\"fr_FR\" \/>\n<meta property=\"og:type\" content=\"article\" \/>\n<meta property=\"og:title\" content=\"L&#039;interruption de carri\u00e8re pour cong\u00e9 parental en augmentation de 11%: ce sont toujours les mamans qui font le choix de la famille... - Peoplesphere\" \/>\n<meta property=\"og:description\" content=\"Ces derniers mois, le \u00ab cong\u00e9 parental corona \u00bb a entra\u00een\u00e9 une augmentation des interruptions de carri\u00e8re pour les travailleurs du secteur priv\u00e9 belge. La hausse est mont\u00e9e \u00e0 +11 % en juin 2020. Dans le m\u00eame temps, l\u2019importance du [&hellip;]\" \/>\n<meta property=\"og:url\" content=\"https:\/\/peoplesphere.be\/fr\/linterruption-de-carriere-conge-parental-augmentation-de-11-toujours-mamans-choix-de-famille\/\" \/>\n<meta property=\"og:site_name\" content=\"Peoplesphere\" \/>\n<meta property=\"article:publisher\" content=\"https:\/\/www.facebook.com\/peoplesphere\" \/>\n<meta property=\"article:published_time\" content=\"2020-11-12T06:18:45+00:00\" \/>\n<meta property=\"og:image\" content=\"http:\/\/www.peoplesphere.be\/fr\/wp-content\/uploads\/2016\/07\/facebook-default-posting-1200x628px.jpg\" \/>\n<meta name=\"author\" content=\"Jean-Paul Erhard\" \/>\n<meta name=\"twitter:card\" content=\"summary_large_image\" \/>\n<meta name=\"twitter:creator\" content=\"@PeoplesphereMag\" \/>\n<meta name=\"twitter:site\" content=\"@PeoplesphereMag\" \/>\n<meta name=\"twitter:label1\" content=\"\u00c9crit par\" \/>\n\t<meta name=\"twitter:data1\" content=\"Jean-Paul Erhard\" \/>\n\t<meta name=\"twitter:label2\" content=\"Dur\u00e9e de lecture estim\u00e9e\" \/>\n\t<meta name=\"twitter:data2\" content=\"4 minutes\" \/>\n<script type=\"application\/ld+json\" class=\"yoast-schema-graph\">{\"@context\":\"https:\/\/schema.org\",\"@graph\":[{\"@type\":\"Article\",\"@id\":\"https:\/\/peoplesphere.be\/fr\/linterruption-de-carriere-conge-parental-augmentation-de-11-toujours-mamans-choix-de-famille\/#article\",\"isPartOf\":{\"@id\":\"https:\/\/peoplesphere.be\/fr\/linterruption-de-carriere-conge-parental-augmentation-de-11-toujours-mamans-choix-de-famille\/\"},\"author\":{\"name\":\"Jean-Paul Erhard\",\"@id\":\"https:\/\/peoplesphere.be\/fr\/#\/schema\/person\/7976225ff17988604334abb7b3536a7e\"},\"headline\":\"L&rsquo;interruption de carri\u00e8re pour cong\u00e9 parental en augmentation de 11%: ce sont toujours les mamans qui font le choix de la famille&#8230;\",\"datePublished\":\"2020-11-12T06:18:45+00:00\",\"dateModified\":\"2020-11-12T06:18:45+00:00\",\"mainEntityOfPage\":{\"@id\":\"https:\/\/peoplesphere.be\/fr\/linterruption-de-carriere-conge-parental-augmentation-de-11-toujours-mamans-choix-de-famille\/\"},\"wordCount\":911,\"publisher\":{\"@id\":\"https:\/\/peoplesphere.be\/fr\/#organization\"},\"keywords\":[\"acerta\",\"cong\u00e9 parental corona\",\"\u00e9galit\u00e9 des genres\",\"interruptions de carri\u00e8re\"],\"articleSection\":[\"Actualit\u00e9s\",\"Digital\"],\"inLanguage\":\"fr-FR\"},{\"@type\":\"WebPage\",\"@id\":\"https:\/\/peoplesphere.be\/fr\/linterruption-de-carriere-conge-parental-augmentation-de-11-toujours-mamans-choix-de-famille\/\",\"url\":\"https:\/\/peoplesphere.be\/fr\/linterruption-de-carriere-conge-parental-augmentation-de-11-toujours-mamans-choix-de-famille\/\",\"name\":\"L'interruption de carri\u00e8re pour cong\u00e9 parental en augmentation de 11%: ce sont toujours les mamans qui font le choix de la famille... - Peoplesphere\",\"isPartOf\":{\"@id\":\"https:\/\/peoplesphere.be\/fr\/#website\"},\"datePublished\":\"2020-11-12T06:18:45+00:00\",\"dateModified\":\"2020-11-12T06:18:45+00:00\",\"breadcrumb\":{\"@id\":\"https:\/\/peoplesphere.be\/fr\/linterruption-de-carriere-conge-parental-augmentation-de-11-toujours-mamans-choix-de-famille\/#breadcrumb\"},\"inLanguage\":\"fr-FR\",\"potentialAction\":[{\"@type\":\"ReadAction\",\"target\":[\"https:\/\/peoplesphere.be\/fr\/linterruption-de-carriere-conge-parental-augmentation-de-11-toujours-mamans-choix-de-famille\/\"]}]},{\"@type\":\"BreadcrumbList\",\"@id\":\"https:\/\/peoplesphere.be\/fr\/linterruption-de-carriere-conge-parental-augmentation-de-11-toujours-mamans-choix-de-famille\/#breadcrumb\",\"itemListElement\":[{\"@type\":\"ListItem\",\"position\":1,\"name\":\"Accueil\",\"item\":\"https:\/\/peoplesphere.be\/fr\/\"},{\"@type\":\"ListItem\",\"position\":2,\"name\":\"L&rsquo;interruption de carri\u00e8re pour cong\u00e9 parental en augmentation de 11%: ce sont toujours les mamans qui font le choix de la famille&#8230;\"}]},{\"@type\":\"WebSite\",\"@id\":\"https:\/\/peoplesphere.be\/fr\/#website\",\"url\":\"https:\/\/peoplesphere.be\/fr\/\",\"name\":\"Peoplesphere\",\"description\":\"The People Managers Magazine\",\"publisher\":{\"@id\":\"https:\/\/peoplesphere.be\/fr\/#organization\"},\"potentialAction\":[{\"@type\":\"SearchAction\",\"target\":{\"@type\":\"EntryPoint\",\"urlTemplate\":\"https:\/\/peoplesphere.be\/fr\/?s={search_term_string}\"},\"query-input\":\"required name=search_term_string\"}],\"inLanguage\":\"fr-FR\"},{\"@type\":\"Organization\",\"@id\":\"https:\/\/peoplesphere.be\/fr\/#organization\",\"name\":\"Peoplesphere Company srl\",\"url\":\"https:\/\/peoplesphere.be\/fr\/\",\"logo\":{\"@type\":\"ImageObject\",\"inLanguage\":\"fr-FR\",\"@id\":\"https:\/\/peoplesphere.be\/fr\/#\/schema\/logo\/image\/\",\"url\":\"https:\/\/peoplesphere.be\/fr\/wp-content\/uploads\/2023\/07\/peoplesphere-lgo-new-generik.jpg\",\"contentUrl\":\"https:\/\/peoplesphere.be\/fr\/wp-content\/uploads\/2023\/07\/peoplesphere-lgo-new-generik.jpg\",\"width\":1031,\"height\":1479,\"caption\":\"Peoplesphere Company srl\"},\"image\":{\"@id\":\"https:\/\/peoplesphere.be\/fr\/#\/schema\/logo\/image\/\"},\"sameAs\":[\"https:\/\/www.facebook.com\/peoplesphere\",\"https:\/\/twitter.com\/PeoplesphereMag\",\"https:\/\/www.linkedin.com\/company\/7587361?trk\",\"http:\/\/youtube.com\/peoplesphere\"]},{\"@type\":\"Person\",\"@id\":\"https:\/\/peoplesphere.be\/fr\/#\/schema\/person\/7976225ff17988604334abb7b3536a7e\",\"name\":\"Jean-Paul Erhard\",\"image\":{\"@type\":\"ImageObject\",\"inLanguage\":\"fr-FR\",\"@id\":\"https:\/\/peoplesphere.be\/fr\/#\/schema\/person\/image\/\",\"url\":\"https:\/\/secure.gravatar.com\/avatar\/f941e681460179738071629a51574930?s=96&d=mm&r=g\",\"contentUrl\":\"https:\/\/secure.gravatar.com\/avatar\/f941e681460179738071629a51574930?s=96&d=mm&r=g\",\"caption\":\"Jean-Paul Erhard\"},\"url\":\"https:\/\/peoplesphere.be\/fr\/author\/jpe\/\"}]}<\/script>\n<!-- \/ Yoast SEO plugin. -->","yoast_head_json":{"title":"L'interruption de carri\u00e8re pour cong\u00e9 parental en augmentation de 11%: ce sont toujours les mamans qui font le choix de la famille... - Peoplesphere","robots":{"index":"index","follow":"follow","max-snippet":"max-snippet:-1","max-image-preview":"max-image-preview:large","max-video-preview":"max-video-preview:-1"},"canonical":"https:\/\/peoplesphere.be\/fr\/linterruption-de-carriere-conge-parental-augmentation-de-11-toujours-mamans-choix-de-famille\/","og_locale":"fr_FR","og_type":"article","og_title":"L'interruption de carri\u00e8re pour cong\u00e9 parental en augmentation de 11%: ce sont toujours les mamans qui font le choix de la famille... - Peoplesphere","og_description":"Ces derniers mois, le \u00ab cong\u00e9 parental corona \u00bb a entra\u00een\u00e9 une augmentation des interruptions de carri\u00e8re pour les travailleurs du secteur priv\u00e9 belge. La hausse est mont\u00e9e \u00e0 +11 % en juin 2020. Dans le m\u00eame temps, l\u2019importance du [&hellip;]","og_url":"https:\/\/peoplesphere.be\/fr\/linterruption-de-carriere-conge-parental-augmentation-de-11-toujours-mamans-choix-de-famille\/","og_site_name":"Peoplesphere","article_publisher":"https:\/\/www.facebook.com\/peoplesphere","article_published_time":"2020-11-12T06:18:45+00:00","og_image":[{"url":"http:\/\/www.peoplesphere.be\/fr\/wp-content\/uploads\/2016\/07\/facebook-default-posting-1200x628px.jpg"}],"author":"Jean-Paul Erhard","twitter_card":"summary_large_image","twitter_creator":"@PeoplesphereMag","twitter_site":"@PeoplesphereMag","twitter_misc":{"\u00c9crit par":"Jean-Paul Erhard","Dur\u00e9e de lecture estim\u00e9e":"4 minutes"},"schema":{"@context":"https:\/\/schema.org","@graph":[{"@type":"Article","@id":"https:\/\/peoplesphere.be\/fr\/linterruption-de-carriere-conge-parental-augmentation-de-11-toujours-mamans-choix-de-famille\/#article","isPartOf":{"@id":"https:\/\/peoplesphere.be\/fr\/linterruption-de-carriere-conge-parental-augmentation-de-11-toujours-mamans-choix-de-famille\/"},"author":{"name":"Jean-Paul Erhard","@id":"https:\/\/peoplesphere.be\/fr\/#\/schema\/person\/7976225ff17988604334abb7b3536a7e"},"headline":"L&rsquo;interruption de carri\u00e8re pour cong\u00e9 parental en augmentation de 11%: ce sont toujours les mamans qui font le choix de la famille&#8230;","datePublished":"2020-11-12T06:18:45+00:00","dateModified":"2020-11-12T06:18:45+00:00","mainEntityOfPage":{"@id":"https:\/\/peoplesphere.be\/fr\/linterruption-de-carriere-conge-parental-augmentation-de-11-toujours-mamans-choix-de-famille\/"},"wordCount":911,"publisher":{"@id":"https:\/\/peoplesphere.be\/fr\/#organization"},"keywords":["acerta","cong\u00e9 parental corona","\u00e9galit\u00e9 des genres","interruptions de carri\u00e8re"],"articleSection":["Actualit\u00e9s","Digital"],"inLanguage":"fr-FR"},{"@type":"WebPage","@id":"https:\/\/peoplesphere.be\/fr\/linterruption-de-carriere-conge-parental-augmentation-de-11-toujours-mamans-choix-de-famille\/","url":"https:\/\/peoplesphere.be\/fr\/linterruption-de-carriere-conge-parental-augmentation-de-11-toujours-mamans-choix-de-famille\/","name":"L'interruption de carri\u00e8re pour cong\u00e9 parental en augmentation de 11%: ce sont toujours les mamans qui font le choix de la famille... - Peoplesphere","isPartOf":{"@id":"https:\/\/peoplesphere.be\/fr\/#website"},"datePublished":"2020-11-12T06:18:45+00:00","dateModified":"2020-11-12T06:18:45+00:00","breadcrumb":{"@id":"https:\/\/peoplesphere.be\/fr\/linterruption-de-carriere-conge-parental-augmentation-de-11-toujours-mamans-choix-de-famille\/#breadcrumb"},"inLanguage":"fr-FR","potentialAction":[{"@type":"ReadAction","target":["https:\/\/peoplesphere.be\/fr\/linterruption-de-carriere-conge-parental-augmentation-de-11-toujours-mamans-choix-de-famille\/"]}]},{"@type":"BreadcrumbList","@id":"https:\/\/peoplesphere.be\/fr\/linterruption-de-carriere-conge-parental-augmentation-de-11-toujours-mamans-choix-de-famille\/#breadcrumb","itemListElement":[{"@type":"ListItem","position":1,"name":"Accueil","item":"https:\/\/peoplesphere.be\/fr\/"},{"@type":"ListItem","position":2,"name":"L&rsquo;interruption de carri\u00e8re pour cong\u00e9 parental en augmentation de 11%: ce sont toujours les mamans qui font le choix de la famille&#8230;"}]},{"@type":"WebSite","@id":"https:\/\/peoplesphere.be\/fr\/#website","url":"https:\/\/peoplesphere.be\/fr\/","name":"Peoplesphere","description":"The People Managers Magazine","publisher":{"@id":"https:\/\/peoplesphere.be\/fr\/#organization"},"potentialAction":[{"@type":"SearchAction","target":{"@type":"EntryPoint","urlTemplate":"https:\/\/peoplesphere.be\/fr\/?s={search_term_string}"},"query-input":"required name=search_term_string"}],"inLanguage":"fr-FR"},{"@type":"Organization","@id":"https:\/\/peoplesphere.be\/fr\/#organization","name":"Peoplesphere Company srl","url":"https:\/\/peoplesphere.be\/fr\/","logo":{"@type":"ImageObject","inLanguage":"fr-FR","@id":"https:\/\/peoplesphere.be\/fr\/#\/schema\/logo\/image\/","url":"https:\/\/peoplesphere.be\/fr\/wp-content\/uploads\/2023\/07\/peoplesphere-lgo-new-generik.jpg","contentUrl":"https:\/\/peoplesphere.be\/fr\/wp-content\/uploads\/2023\/07\/peoplesphere-lgo-new-generik.jpg","width":1031,"height":1479,"caption":"Peoplesphere Company srl"},"image":{"@id":"https:\/\/peoplesphere.be\/fr\/#\/schema\/logo\/image\/"},"sameAs":["https:\/\/www.facebook.com\/peoplesphere","https:\/\/twitter.com\/PeoplesphereMag","https:\/\/www.linkedin.com\/company\/7587361?trk","http:\/\/youtube.com\/peoplesphere"]},{"@type":"Person","@id":"https:\/\/peoplesphere.be\/fr\/#\/schema\/person\/7976225ff17988604334abb7b3536a7e","name":"Jean-Paul Erhard","image":{"@type":"ImageObject","inLanguage":"fr-FR","@id":"https:\/\/peoplesphere.be\/fr\/#\/schema\/person\/image\/","url":"https:\/\/secure.gravatar.com\/avatar\/f941e681460179738071629a51574930?s=96&d=mm&r=g","contentUrl":"https:\/\/secure.gravatar.com\/avatar\/f941e681460179738071629a51574930?s=96&d=mm&r=g","caption":"Jean-Paul Erhard"},"url":"https:\/\/peoplesphere.be\/fr\/author\/jpe\/"}]}},"_links":{"self":[{"href":"https:\/\/peoplesphere.be\/fr\/wp-json\/wp\/v2\/posts\/10394"}],"collection":[{"href":"https:\/\/peoplesphere.be\/fr\/wp-json\/wp\/v2\/posts"}],"about":[{"href":"https:\/\/peoplesphere.be\/fr\/wp-json\/wp\/v2\/types\/post"}],"author":[{"embeddable":true,"href":"https:\/\/peoplesphere.be\/fr\/wp-json\/wp\/v2\/users\/2"}],"replies":[{"embeddable":true,"href":"https:\/\/peoplesphere.be\/fr\/wp-json\/wp\/v2\/comments?post=10394"}],"version-history":[{"count":1,"href":"https:\/\/peoplesphere.be\/fr\/wp-json\/wp\/v2\/posts\/10394\/revisions"}],"predecessor-version":[{"id":10395,"href":"https:\/\/peoplesphere.be\/fr\/wp-json\/wp\/v2\/posts\/10394\/revisions\/10395"}],"wp:attachment":[{"href":"https:\/\/peoplesphere.be\/fr\/wp-json\/wp\/v2\/media?parent=10394"}],"wp:term":[{"taxonomy":"category","embeddable":true,"href":"https:\/\/peoplesphere.be\/fr\/wp-json\/wp\/v2\/categories?post=10394"},{"taxonomy":"post_tag","embeddable":true,"href":"https:\/\/peoplesphere.be\/fr\/wp-json\/wp\/v2\/tags?post=10394"}],"curies":[{"name":"wp","href":"https:\/\/api.w.org\/{rel}","templated":true}]}}