









{"id":10400,"date":"2020-11-13T08:52:38","date_gmt":"2020-11-13T06:52:38","guid":{"rendered":"https:\/\/peoplesphere.be\/fr\/?p=10400"},"modified":"2020-11-13T08:52:38","modified_gmt":"2020-11-13T06:52:38","slug":"ladp-liege-fixe-rendez-24-novembre-professionnels-rh-constituaient-eux-memes-boite-a-outils-covid-post-covid","status":"publish","type":"post","link":"https:\/\/peoplesphere.be\/fr\/ladp-liege-fixe-rendez-24-novembre-professionnels-rh-constituaient-eux-memes-boite-a-outils-covid-post-covid\/","title":{"rendered":"L&rsquo;ADP Li\u00e8ge vous fixe rendez-vous le 24 novembre: \u00ab\u00a0Et si les professionnels RH constituaient eux-m\u00eames leur bo\u00eete \u00e0 outils &lsquo;Covid\/post-Covid&rsquo;?\u00a0\u00bb"},"content":{"rendered":"<p>L\u2019ADP vous invite en virtuel le 24 novembre \u00e0 partir de 14h pour pr\u00e9parer ensemble la nouvelle<br \/>\nnormalit\u00e9 ! De 14h \u00e0 16h : au travers de 5 th\u00e8mes-cl\u00e9s, construisons ensemble notre bo\u00eete \u00e0 outils du futur. Fid\u00e8les \u00e0 sa philosophie de partage et d\u2019innovation en RH, l&rsquo;ADP vous propose de choisir un th\u00e8me parmi les 5 propos\u00e9s ci-dessous et de participer activement \u00e0 l\u2019atelier qui y est consacr\u00e9.<!--more--><\/p>\n<p>Voici les 5 th\u00e8mes propos\u00e9s par l&rsquo;association :<br \/>\n\u25cf Maintenir l\u2019implication, la cr\u00e9ativit\u00e9 et le fun en distanciel<br \/>\n\u25cf Prendre soin des collaborateurs \u00ab sans les voir \u00bb<br \/>\n\u25cf R\u00e9inventer le recrutement, la formation, l&rsquo;onboarding &amp; l&rsquo;int\u00e9gration<br \/>\n\u25cf Maintenir la concertation sociale malgr\u00e9 les masques, la distanciation et le t\u00e9l\u00e9travail<br \/>\n\u25cf Organiser et animer les \u00e9quipes dans la mixit\u00e9 pr\u00e9sentiel \/ distanciel<\/p>\n<p>A partir de 16h aura lieu la remise du prix ADP 2020. Un prix \u2018Hautes Ecoles\u2019 et un prix \u2018Universit\u00e9s\u2019 r\u00e9compenseront les meilleurs m\u00e9moires en GRH de 2020. Cette ann\u00e9e, un prix sp\u00e9cial du public sera \u00e9galement d\u00e9cern\u00e9 gr\u00e2ce \u00e0 vos votes en ligne.\u00a0Tenez-vous pr\u00eats !<\/p>\n<p>Au terme de l\u2019apr\u00e8s-midi, \u00e0 17h, les outils th\u00e9matiques ainsi \u00e9labor\u00e9s seront partag\u00e9s \u00e0\u00a0l\u2019ensemble des participants, afin que chacun reparte avec 5 outils \u00ab Covid\/Post-Covid \u00bb pr\u00eats \u00e0\u00a0l\u2019emploi.<\/p>\n<p>Pour terminer : Soir\u00e9e Networking et sa surprise livr\u00e9e \u00e0 domicile, \u00e0 la sauce ADP.<br \/>\nInscriptions : <a href=\"http:\/\/www.adp-liege.be\/fr\/inscription-colloque-adp\">http:\/\/www.adp-liege.be\/fr\/inscription-colloque-adp<\/a><\/p>\n<p>&#8211; Participation gratuite<br \/>\n&#8211; Acc\u00e8s exclusivement r\u00e9serv\u00e9 aux professionnels RH des ADP et \u00e0 leurs invit\u00e9s (pour toute info :<br \/>\nvous vous adresser \u00e0 C\u00e9dric Andries, secr\u00e9taire de l\u2019ADP \u2013 cedric.andries@outlook.com)<br \/>\n&#8211; Surprise ADP et acc\u00e8s \u00e0 la soir\u00e9e Networking en cas d\u2019inscription avant le 16 novembre 2020 \u00e0<br \/>\n12h<\/p>\n","protected":false},"excerpt":{"rendered":"<p>L\u2019ADP vous invite en virtuel le 24 novembre \u00e0 partir de 14h pour pr\u00e9parer ensemble la nouvelle normalit\u00e9 ! De 14h \u00e0 16h : au travers de 5 th\u00e8mes-cl\u00e9s, construisons ensemble notre bo\u00eete \u00e0 outils du futur. Fid\u00e8les \u00e0 sa [&hellip;]<\/p>\n","protected":false},"author":2,"featured_media":0,"comment_status":"closed","ping_status":"open","sticky":false,"template":"","format":"standard","meta":[],"categories":[67,8],"tags":[274,3241,3242],"yoast_head":"<!-- This site is optimized with the Yoast SEO plugin v21.0 - https:\/\/yoast.com\/wordpress\/plugins\/seo\/ -->\n<title>L&#039;ADP Li\u00e8ge vous fixe rendez-vous le 24 novembre: &quot;Et si les professionnels RH constituaient eux-m\u00eames leur bo\u00eete \u00e0 outils &#039;Covid\/post-Covid&#039;?&quot; - Peoplesphere<\/title>\n<meta name=\"robots\" content=\"index, follow, max-snippet:-1, max-image-preview:large, max-video-preview:-1\" \/>\n<link rel=\"canonical\" href=\"https:\/\/peoplesphere.be\/fr\/ladp-liege-fixe-rendez-24-novembre-professionnels-rh-constituaient-eux-memes-boite-a-outils-covid-post-covid\/\" \/>\n<meta property=\"og:locale\" content=\"fr_FR\" \/>\n<meta property=\"og:type\" content=\"article\" \/>\n<meta property=\"og:title\" content=\"L&#039;ADP Li\u00e8ge vous fixe rendez-vous le 24 novembre: &quot;Et si les professionnels RH constituaient eux-m\u00eames leur bo\u00eete \u00e0 outils &#039;Covid\/post-Covid&#039;?&quot; - Peoplesphere\" \/>\n<meta property=\"og:description\" content=\"L\u2019ADP vous invite en virtuel le 24 novembre \u00e0 partir de 14h pour pr\u00e9parer ensemble la nouvelle normalit\u00e9 ! De 14h \u00e0 16h : au travers de 5 th\u00e8mes-cl\u00e9s, construisons ensemble notre bo\u00eete \u00e0 outils du futur. Fid\u00e8les \u00e0 sa [&hellip;]\" \/>\n<meta property=\"og:url\" content=\"https:\/\/peoplesphere.be\/fr\/ladp-liege-fixe-rendez-24-novembre-professionnels-rh-constituaient-eux-memes-boite-a-outils-covid-post-covid\/\" \/>\n<meta property=\"og:site_name\" content=\"Peoplesphere\" \/>\n<meta property=\"article:publisher\" content=\"https:\/\/www.facebook.com\/peoplesphere\" \/>\n<meta property=\"article:published_time\" content=\"2020-11-13T06:52:38+00:00\" \/>\n<meta property=\"og:image\" content=\"http:\/\/www.peoplesphere.be\/fr\/wp-content\/uploads\/2016\/07\/facebook-default-posting-1200x628px.jpg\" \/>\n<meta name=\"author\" content=\"Jean-Paul Erhard\" \/>\n<meta name=\"twitter:card\" content=\"summary_large_image\" \/>\n<meta name=\"twitter:creator\" content=\"@PeoplesphereMag\" \/>\n<meta name=\"twitter:site\" content=\"@PeoplesphereMag\" \/>\n<meta name=\"twitter:label1\" content=\"\u00c9crit par\" \/>\n\t<meta name=\"twitter:data1\" content=\"Jean-Paul Erhard\" \/>\n\t<meta name=\"twitter:label2\" content=\"Dur\u00e9e de lecture estim\u00e9e\" \/>\n\t<meta name=\"twitter:data2\" content=\"1 minute\" \/>\n<script type=\"application\/ld+json\" class=\"yoast-schema-graph\">{\"@context\":\"https:\/\/schema.org\",\"@graph\":[{\"@type\":\"Article\",\"@id\":\"https:\/\/peoplesphere.be\/fr\/ladp-liege-fixe-rendez-24-novembre-professionnels-rh-constituaient-eux-memes-boite-a-outils-covid-post-covid\/#article\",\"isPartOf\":{\"@id\":\"https:\/\/peoplesphere.be\/fr\/ladp-liege-fixe-rendez-24-novembre-professionnels-rh-constituaient-eux-memes-boite-a-outils-covid-post-covid\/\"},\"author\":{\"name\":\"Jean-Paul Erhard\",\"@id\":\"https:\/\/peoplesphere.be\/fr\/#\/schema\/person\/7976225ff17988604334abb7b3536a7e\"},\"headline\":\"L&rsquo;ADP Li\u00e8ge vous fixe rendez-vous le 24 novembre: \u00ab\u00a0Et si les professionnels RH constituaient eux-m\u00eames leur bo\u00eete \u00e0 outils &lsquo;Covid\/post-Covid&rsquo;?\u00a0\u00bb\",\"datePublished\":\"2020-11-13T06:52:38+00:00\",\"dateModified\":\"2020-11-13T06:52:38+00:00\",\"mainEntityOfPage\":{\"@id\":\"https:\/\/peoplesphere.be\/fr\/ladp-liege-fixe-rendez-24-novembre-professionnels-rh-constituaient-eux-memes-boite-a-outils-covid-post-covid\/\"},\"wordCount\":311,\"publisher\":{\"@id\":\"https:\/\/peoplesphere.be\/fr\/#organization\"},\"keywords\":[\"ADP Li\u00e8ge\",\"post-civid\",\"toolbox\"],\"articleSection\":[\"Calendrier\",\"Events\"],\"inLanguage\":\"fr-FR\"},{\"@type\":\"WebPage\",\"@id\":\"https:\/\/peoplesphere.be\/fr\/ladp-liege-fixe-rendez-24-novembre-professionnels-rh-constituaient-eux-memes-boite-a-outils-covid-post-covid\/\",\"url\":\"https:\/\/peoplesphere.be\/fr\/ladp-liege-fixe-rendez-24-novembre-professionnels-rh-constituaient-eux-memes-boite-a-outils-covid-post-covid\/\",\"name\":\"L'ADP Li\u00e8ge vous fixe rendez-vous le 24 novembre: \\\"Et si les professionnels RH constituaient eux-m\u00eames leur bo\u00eete \u00e0 outils 'Covid\/post-Covid'?\\\" - Peoplesphere\",\"isPartOf\":{\"@id\":\"https:\/\/peoplesphere.be\/fr\/#website\"},\"datePublished\":\"2020-11-13T06:52:38+00:00\",\"dateModified\":\"2020-11-13T06:52:38+00:00\",\"breadcrumb\":{\"@id\":\"https:\/\/peoplesphere.be\/fr\/ladp-liege-fixe-rendez-24-novembre-professionnels-rh-constituaient-eux-memes-boite-a-outils-covid-post-covid\/#breadcrumb\"},\"inLanguage\":\"fr-FR\",\"potentialAction\":[{\"@type\":\"ReadAction\",\"target\":[\"https:\/\/peoplesphere.be\/fr\/ladp-liege-fixe-rendez-24-novembre-professionnels-rh-constituaient-eux-memes-boite-a-outils-covid-post-covid\/\"]}]},{\"@type\":\"BreadcrumbList\",\"@id\":\"https:\/\/peoplesphere.be\/fr\/ladp-liege-fixe-rendez-24-novembre-professionnels-rh-constituaient-eux-memes-boite-a-outils-covid-post-covid\/#breadcrumb\",\"itemListElement\":[{\"@type\":\"ListItem\",\"position\":1,\"name\":\"Accueil\",\"item\":\"https:\/\/peoplesphere.be\/fr\/\"},{\"@type\":\"ListItem\",\"position\":2,\"name\":\"L&rsquo;ADP Li\u00e8ge vous fixe rendez-vous le 24 novembre: \u00ab\u00a0Et si les professionnels RH constituaient eux-m\u00eames leur bo\u00eete \u00e0 outils &lsquo;Covid\/post-Covid&rsquo;?\u00a0\u00bb\"}]},{\"@type\":\"WebSite\",\"@id\":\"https:\/\/peoplesphere.be\/fr\/#website\",\"url\":\"https:\/\/peoplesphere.be\/fr\/\",\"name\":\"Peoplesphere\",\"description\":\"The People Managers Magazine\",\"publisher\":{\"@id\":\"https:\/\/peoplesphere.be\/fr\/#organization\"},\"potentialAction\":[{\"@type\":\"SearchAction\",\"target\":{\"@type\":\"EntryPoint\",\"urlTemplate\":\"https:\/\/peoplesphere.be\/fr\/?s={search_term_string}\"},\"query-input\":\"required name=search_term_string\"}],\"inLanguage\":\"fr-FR\"},{\"@type\":\"Organization\",\"@id\":\"https:\/\/peoplesphere.be\/fr\/#organization\",\"name\":\"Peoplesphere Company srl\",\"url\":\"https:\/\/peoplesphere.be\/fr\/\",\"logo\":{\"@type\":\"ImageObject\",\"inLanguage\":\"fr-FR\",\"@id\":\"https:\/\/peoplesphere.be\/fr\/#\/schema\/logo\/image\/\",\"url\":\"https:\/\/peoplesphere.be\/fr\/wp-content\/uploads\/2023\/07\/peoplesphere-lgo-new-generik.jpg\",\"contentUrl\":\"https:\/\/peoplesphere.be\/fr\/wp-content\/uploads\/2023\/07\/peoplesphere-lgo-new-generik.jpg\",\"width\":1031,\"height\":1479,\"caption\":\"Peoplesphere Company srl\"},\"image\":{\"@id\":\"https:\/\/peoplesphere.be\/fr\/#\/schema\/logo\/image\/\"},\"sameAs\":[\"https:\/\/www.facebook.com\/peoplesphere\",\"https:\/\/twitter.com\/PeoplesphereMag\",\"https:\/\/www.linkedin.com\/company\/7587361?trk\",\"http:\/\/youtube.com\/peoplesphere\"]},{\"@type\":\"Person\",\"@id\":\"https:\/\/peoplesphere.be\/fr\/#\/schema\/person\/7976225ff17988604334abb7b3536a7e\",\"name\":\"Jean-Paul Erhard\",\"image\":{\"@type\":\"ImageObject\",\"inLanguage\":\"fr-FR\",\"@id\":\"https:\/\/peoplesphere.be\/fr\/#\/schema\/person\/image\/\",\"url\":\"https:\/\/secure.gravatar.com\/avatar\/f941e681460179738071629a51574930?s=96&d=mm&r=g\",\"contentUrl\":\"https:\/\/secure.gravatar.com\/avatar\/f941e681460179738071629a51574930?s=96&d=mm&r=g\",\"caption\":\"Jean-Paul Erhard\"},\"url\":\"https:\/\/peoplesphere.be\/fr\/author\/jpe\/\"}]}<\/script>\n<!-- \/ Yoast SEO plugin. -->","yoast_head_json":{"title":"L'ADP Li\u00e8ge vous fixe rendez-vous le 24 novembre: \"Et si les professionnels RH constituaient eux-m\u00eames leur bo\u00eete \u00e0 outils 'Covid\/post-Covid'?\" - Peoplesphere","robots":{"index":"index","follow":"follow","max-snippet":"max-snippet:-1","max-image-preview":"max-image-preview:large","max-video-preview":"max-video-preview:-1"},"canonical":"https:\/\/peoplesphere.be\/fr\/ladp-liege-fixe-rendez-24-novembre-professionnels-rh-constituaient-eux-memes-boite-a-outils-covid-post-covid\/","og_locale":"fr_FR","og_type":"article","og_title":"L'ADP Li\u00e8ge vous fixe rendez-vous le 24 novembre: \"Et si les professionnels RH constituaient eux-m\u00eames leur bo\u00eete \u00e0 outils 'Covid\/post-Covid'?\" - Peoplesphere","og_description":"L\u2019ADP vous invite en virtuel le 24 novembre \u00e0 partir de 14h pour pr\u00e9parer ensemble la nouvelle normalit\u00e9 ! De 14h \u00e0 16h : au travers de 5 th\u00e8mes-cl\u00e9s, construisons ensemble notre bo\u00eete \u00e0 outils du futur. Fid\u00e8les \u00e0 sa [&hellip;]","og_url":"https:\/\/peoplesphere.be\/fr\/ladp-liege-fixe-rendez-24-novembre-professionnels-rh-constituaient-eux-memes-boite-a-outils-covid-post-covid\/","og_site_name":"Peoplesphere","article_publisher":"https:\/\/www.facebook.com\/peoplesphere","article_published_time":"2020-11-13T06:52:38+00:00","og_image":[{"url":"http:\/\/www.peoplesphere.be\/fr\/wp-content\/uploads\/2016\/07\/facebook-default-posting-1200x628px.jpg"}],"author":"Jean-Paul Erhard","twitter_card":"summary_large_image","twitter_creator":"@PeoplesphereMag","twitter_site":"@PeoplesphereMag","twitter_misc":{"\u00c9crit par":"Jean-Paul Erhard","Dur\u00e9e de lecture estim\u00e9e":"1 minute"},"schema":{"@context":"https:\/\/schema.org","@graph":[{"@type":"Article","@id":"https:\/\/peoplesphere.be\/fr\/ladp-liege-fixe-rendez-24-novembre-professionnels-rh-constituaient-eux-memes-boite-a-outils-covid-post-covid\/#article","isPartOf":{"@id":"https:\/\/peoplesphere.be\/fr\/ladp-liege-fixe-rendez-24-novembre-professionnels-rh-constituaient-eux-memes-boite-a-outils-covid-post-covid\/"},"author":{"name":"Jean-Paul Erhard","@id":"https:\/\/peoplesphere.be\/fr\/#\/schema\/person\/7976225ff17988604334abb7b3536a7e"},"headline":"L&rsquo;ADP Li\u00e8ge vous fixe rendez-vous le 24 novembre: \u00ab\u00a0Et si les professionnels RH constituaient eux-m\u00eames leur bo\u00eete \u00e0 outils &lsquo;Covid\/post-Covid&rsquo;?\u00a0\u00bb","datePublished":"2020-11-13T06:52:38+00:00","dateModified":"2020-11-13T06:52:38+00:00","mainEntityOfPage":{"@id":"https:\/\/peoplesphere.be\/fr\/ladp-liege-fixe-rendez-24-novembre-professionnels-rh-constituaient-eux-memes-boite-a-outils-covid-post-covid\/"},"wordCount":311,"publisher":{"@id":"https:\/\/peoplesphere.be\/fr\/#organization"},"keywords":["ADP Li\u00e8ge","post-civid","toolbox"],"articleSection":["Calendrier","Events"],"inLanguage":"fr-FR"},{"@type":"WebPage","@id":"https:\/\/peoplesphere.be\/fr\/ladp-liege-fixe-rendez-24-novembre-professionnels-rh-constituaient-eux-memes-boite-a-outils-covid-post-covid\/","url":"https:\/\/peoplesphere.be\/fr\/ladp-liege-fixe-rendez-24-novembre-professionnels-rh-constituaient-eux-memes-boite-a-outils-covid-post-covid\/","name":"L'ADP Li\u00e8ge vous fixe rendez-vous le 24 novembre: \"Et si les professionnels RH constituaient eux-m\u00eames leur bo\u00eete \u00e0 outils 'Covid\/post-Covid'?\" - Peoplesphere","isPartOf":{"@id":"https:\/\/peoplesphere.be\/fr\/#website"},"datePublished":"2020-11-13T06:52:38+00:00","dateModified":"2020-11-13T06:52:38+00:00","breadcrumb":{"@id":"https:\/\/peoplesphere.be\/fr\/ladp-liege-fixe-rendez-24-novembre-professionnels-rh-constituaient-eux-memes-boite-a-outils-covid-post-covid\/#breadcrumb"},"inLanguage":"fr-FR","potentialAction":[{"@type":"ReadAction","target":["https:\/\/peoplesphere.be\/fr\/ladp-liege-fixe-rendez-24-novembre-professionnels-rh-constituaient-eux-memes-boite-a-outils-covid-post-covid\/"]}]},{"@type":"BreadcrumbList","@id":"https:\/\/peoplesphere.be\/fr\/ladp-liege-fixe-rendez-24-novembre-professionnels-rh-constituaient-eux-memes-boite-a-outils-covid-post-covid\/#breadcrumb","itemListElement":[{"@type":"ListItem","position":1,"name":"Accueil","item":"https:\/\/peoplesphere.be\/fr\/"},{"@type":"ListItem","position":2,"name":"L&rsquo;ADP Li\u00e8ge vous fixe rendez-vous le 24 novembre: \u00ab\u00a0Et si les professionnels RH constituaient eux-m\u00eames leur bo\u00eete \u00e0 outils &lsquo;Covid\/post-Covid&rsquo;?\u00a0\u00bb"}]},{"@type":"WebSite","@id":"https:\/\/peoplesphere.be\/fr\/#website","url":"https:\/\/peoplesphere.be\/fr\/","name":"Peoplesphere","description":"The People Managers Magazine","publisher":{"@id":"https:\/\/peoplesphere.be\/fr\/#organization"},"potentialAction":[{"@type":"SearchAction","target":{"@type":"EntryPoint","urlTemplate":"https:\/\/peoplesphere.be\/fr\/?s={search_term_string}"},"query-input":"required name=search_term_string"}],"inLanguage":"fr-FR"},{"@type":"Organization","@id":"https:\/\/peoplesphere.be\/fr\/#organization","name":"Peoplesphere Company srl","url":"https:\/\/peoplesphere.be\/fr\/","logo":{"@type":"ImageObject","inLanguage":"fr-FR","@id":"https:\/\/peoplesphere.be\/fr\/#\/schema\/logo\/image\/","url":"https:\/\/peoplesphere.be\/fr\/wp-content\/uploads\/2023\/07\/peoplesphere-lgo-new-generik.jpg","contentUrl":"https:\/\/peoplesphere.be\/fr\/wp-content\/uploads\/2023\/07\/peoplesphere-lgo-new-generik.jpg","width":1031,"height":1479,"caption":"Peoplesphere Company srl"},"image":{"@id":"https:\/\/peoplesphere.be\/fr\/#\/schema\/logo\/image\/"},"sameAs":["https:\/\/www.facebook.com\/peoplesphere","https:\/\/twitter.com\/PeoplesphereMag","https:\/\/www.linkedin.com\/company\/7587361?trk","http:\/\/youtube.com\/peoplesphere"]},{"@type":"Person","@id":"https:\/\/peoplesphere.be\/fr\/#\/schema\/person\/7976225ff17988604334abb7b3536a7e","name":"Jean-Paul Erhard","image":{"@type":"ImageObject","inLanguage":"fr-FR","@id":"https:\/\/peoplesphere.be\/fr\/#\/schema\/person\/image\/","url":"https:\/\/secure.gravatar.com\/avatar\/f941e681460179738071629a51574930?s=96&d=mm&r=g","contentUrl":"https:\/\/secure.gravatar.com\/avatar\/f941e681460179738071629a51574930?s=96&d=mm&r=g","caption":"Jean-Paul Erhard"},"url":"https:\/\/peoplesphere.be\/fr\/author\/jpe\/"}]}},"_links":{"self":[{"href":"https:\/\/peoplesphere.be\/fr\/wp-json\/wp\/v2\/posts\/10400"}],"collection":[{"href":"https:\/\/peoplesphere.be\/fr\/wp-json\/wp\/v2\/posts"}],"about":[{"href":"https:\/\/peoplesphere.be\/fr\/wp-json\/wp\/v2\/types\/post"}],"author":[{"embeddable":true,"href":"https:\/\/peoplesphere.be\/fr\/wp-json\/wp\/v2\/users\/2"}],"replies":[{"embeddable":true,"href":"https:\/\/peoplesphere.be\/fr\/wp-json\/wp\/v2\/comments?post=10400"}],"version-history":[{"count":1,"href":"https:\/\/peoplesphere.be\/fr\/wp-json\/wp\/v2\/posts\/10400\/revisions"}],"predecessor-version":[{"id":10401,"href":"https:\/\/peoplesphere.be\/fr\/wp-json\/wp\/v2\/posts\/10400\/revisions\/10401"}],"wp:attachment":[{"href":"https:\/\/peoplesphere.be\/fr\/wp-json\/wp\/v2\/media?parent=10400"}],"wp:term":[{"taxonomy":"category","embeddable":true,"href":"https:\/\/peoplesphere.be\/fr\/wp-json\/wp\/v2\/categories?post=10400"},{"taxonomy":"post_tag","embeddable":true,"href":"https:\/\/peoplesphere.be\/fr\/wp-json\/wp\/v2\/tags?post=10400"}],"curies":[{"name":"wp","href":"https:\/\/api.w.org\/{rel}","templated":true}]}}