









{"id":10407,"date":"2020-11-16T11:53:48","date_gmt":"2020-11-16T09:53:48","guid":{"rendered":"https:\/\/peoplesphere.be\/fr\/?p=10407"},"modified":"2020-11-16T11:53:48","modified_gmt":"2020-11-16T09:53:48","slug":"malgre-covid-19-vote-electronique-ne-va-concerner-quun-travailleur-6-lors-elections-sociales","status":"publish","type":"post","link":"https:\/\/peoplesphere.be\/fr\/malgre-covid-19-vote-electronique-ne-va-concerner-quun-travailleur-6-lors-elections-sociales\/","title":{"rendered":"Malgr\u00e9 le Covid-19, le vote \u00e9lectronique ne va concerner qu&rsquo;un travailleur sur 6 lors des \u00e9lections sociales."},"content":{"rendered":"<p>Les deux prochaines semaines (\u00e0 partir du lundi 16 novembre) auront lieu les \u00e9lections sociales qui \u00e9taient initialement pr\u00e9vues en mai. Il ressort des chiffres finaux de SD Worx qu&rsquo;un travailleur sur six (15\u202f%) pourra voter par vote \u00e9lectronique.Uun travailleur sur trois pourra voter par courrier. SD Worx estime \u00e9galement que plus de la moiti\u00e9 (55\u202f%) a re\u00e7u une invitation \u00e0 se rendre \u00e0 l&rsquo;isoloir. Conclusion: le Covid-19 n&rsquo;a malheureusement pas permis la perc\u00e9e d\u00e9finitive du vote \u00e9lectronique.<!--more--><\/p>\n<p>Jan Vanthournout, Senior Legal Manager chez SD Worx\u202f: \u00ab\u00a0<em>\u202fMalgr\u00e9 la crise du COVID-19, ce n&rsquo;est pas encore le moment de la perc\u00e9e du vote \u00e9lectronique. Le vote \u00e9lectronique ne signifie pas n\u00e9cessairement \u00ab\u202f\u00e0 distance\u202f\u00bb\u202f; il est \u00e9galement possible via un ordinateur sur le lieu de travail ou dans un isoloir. Pourtant, en tant que prestataire de services, SD Worx a constat\u00e9 ces 5 derni\u00e8res semaines une augmentation sensible de la demande de vote \u00e9lectronique et de vote par correspondance. Ce sont les employeurs et les syndicats qui d\u00e9cident de la mani\u00e8re de voter au niveau de l&rsquo;entreprise.\u202f\u00a0\u202fEn raison du Covid-19, il s&rsquo;agit naturellement d&rsquo;\u00e9lections sociales tr\u00e8s \u00e9tranges. Les employeurs doivent s&rsquo;impliquer deux fois plus\u202f: non seulement pour que tout se d\u00e9roule en toute s\u00e9curit\u00e9, mais aussi pour permettre aux \u00e9lecteurs de voter au maximum. Beaucoup de personnes se trouvent confront\u00e9es \u00e0 toutes sortes de situations que la loi ne pr\u00e9voit pas, comme un bureau de vote complet en quarantaine, ou encore \u00e0 des modifications apport\u00e9es in extremis aux listes de candidats ou \u00e0 des bouleversements de derni\u00e8re minute de l&rsquo;organisation\u202f; en plus de la ma\u00eetrise des questions li\u00e9es \u00e0 la crise du coronavirus. Pour les employeurs, cela revient \u00e0 trouver des solutions pratiques en concertation avec les partenaires sociaux, afin qu&rsquo;un maximum d&rsquo;\u00e9lecteurs puissent exercer leur droit de vote dans les 2 prochaines semaines.\u202f\u00a0\u00bb<\/em><\/p>\n<p>Dans plus de 7.000 entreprises, la proc\u00e9dure \u00ab\u202f\u00e9lections sociales\u202f\u00bb a \u00e9t\u00e9 lanc\u00e9e pour d\u00e9signer les repr\u00e9sentants au conseil d&rsquo;entreprise et au comit\u00e9 de pr\u00e9vention et de protection au travail. Les \u00e9lections sociales ne sont organis\u00e9es qu&rsquo;une fois tous les quatre ans.<\/p>\n<p>SD Worx accompagne au total 1.400 entreprises, dont environ 558.000 travailleurs peuvent voter. Parmi ces travailleurs, au moins 125.000 peuvent voter par courrier. Les travailleurs des employeurs qui se chargent eux-m\u00eames des imprim\u00e9s et des convocations ne sont pas inclus. 82.400 travailleurs peuvent voter par voie \u00e9lectronique.<\/p>\n<p><em>Source : SD Worx<\/em><\/p>\n","protected":false},"excerpt":{"rendered":"<p>Les deux prochaines semaines (\u00e0 partir du lundi 16 novembre) auront lieu les \u00e9lections sociales qui \u00e9taient initialement pr\u00e9vues en mai. Il ressort des chiffres finaux de SD Worx qu&rsquo;un travailleur sur six (15\u202f%) pourra voter par vote \u00e9lectronique.Uun travailleur [&hellip;]<\/p>\n","protected":false},"author":2,"featured_media":0,"comment_status":"closed","ping_status":"open","sticky":false,"template":"","format":"standard","meta":[],"categories":[65,10],"tags":[275,671,2831,3227],"yoast_head":"<!-- This site is optimized with the Yoast SEO plugin v21.0 - https:\/\/yoast.com\/wordpress\/plugins\/seo\/ -->\n<title>Malgr\u00e9 le Covid-19, le vote \u00e9lectronique ne va concerner qu&#039;un travailleur sur 6 lors des \u00e9lections sociales. - Peoplesphere<\/title>\n<meta name=\"robots\" content=\"index, follow, max-snippet:-1, max-image-preview:large, max-video-preview:-1\" \/>\n<link rel=\"canonical\" href=\"https:\/\/peoplesphere.be\/fr\/malgre-covid-19-vote-electronique-ne-va-concerner-quun-travailleur-6-lors-elections-sociales\/\" \/>\n<meta property=\"og:locale\" content=\"fr_FR\" \/>\n<meta property=\"og:type\" content=\"article\" \/>\n<meta property=\"og:title\" content=\"Malgr\u00e9 le Covid-19, le vote \u00e9lectronique ne va concerner qu&#039;un travailleur sur 6 lors des \u00e9lections sociales. - Peoplesphere\" \/>\n<meta property=\"og:description\" content=\"Les deux prochaines semaines (\u00e0 partir du lundi 16 novembre) auront lieu les \u00e9lections sociales qui \u00e9taient initialement pr\u00e9vues en mai. Il ressort des chiffres finaux de SD Worx qu&rsquo;un travailleur sur six (15\u202f%) pourra voter par vote \u00e9lectronique.Uun travailleur [&hellip;]\" \/>\n<meta property=\"og:url\" content=\"https:\/\/peoplesphere.be\/fr\/malgre-covid-19-vote-electronique-ne-va-concerner-quun-travailleur-6-lors-elections-sociales\/\" \/>\n<meta property=\"og:site_name\" content=\"Peoplesphere\" \/>\n<meta property=\"article:publisher\" content=\"https:\/\/www.facebook.com\/peoplesphere\" \/>\n<meta property=\"article:published_time\" content=\"2020-11-16T09:53:48+00:00\" \/>\n<meta property=\"og:image\" content=\"http:\/\/www.peoplesphere.be\/fr\/wp-content\/uploads\/2016\/07\/facebook-default-posting-1200x628px.jpg\" \/>\n<meta name=\"author\" content=\"Jean-Paul Erhard\" \/>\n<meta name=\"twitter:card\" content=\"summary_large_image\" \/>\n<meta name=\"twitter:creator\" content=\"@PeoplesphereMag\" \/>\n<meta name=\"twitter:site\" content=\"@PeoplesphereMag\" \/>\n<meta name=\"twitter:label1\" content=\"\u00c9crit par\" \/>\n\t<meta name=\"twitter:data1\" content=\"Jean-Paul Erhard\" \/>\n\t<meta name=\"twitter:label2\" content=\"Dur\u00e9e de lecture estim\u00e9e\" \/>\n\t<meta name=\"twitter:data2\" content=\"2 minutes\" \/>\n<script type=\"application\/ld+json\" class=\"yoast-schema-graph\">{\"@context\":\"https:\/\/schema.org\",\"@graph\":[{\"@type\":\"Article\",\"@id\":\"https:\/\/peoplesphere.be\/fr\/malgre-covid-19-vote-electronique-ne-va-concerner-quun-travailleur-6-lors-elections-sociales\/#article\",\"isPartOf\":{\"@id\":\"https:\/\/peoplesphere.be\/fr\/malgre-covid-19-vote-electronique-ne-va-concerner-quun-travailleur-6-lors-elections-sociales\/\"},\"author\":{\"name\":\"Jean-Paul Erhard\",\"@id\":\"https:\/\/peoplesphere.be\/fr\/#\/schema\/person\/7976225ff17988604334abb7b3536a7e\"},\"headline\":\"Malgr\u00e9 le Covid-19, le vote \u00e9lectronique ne va concerner qu&rsquo;un travailleur sur 6 lors des \u00e9lections sociales.\",\"datePublished\":\"2020-11-16T09:53:48+00:00\",\"dateModified\":\"2020-11-16T09:53:48+00:00\",\"mainEntityOfPage\":{\"@id\":\"https:\/\/peoplesphere.be\/fr\/malgre-covid-19-vote-electronique-ne-va-concerner-quun-travailleur-6-lors-elections-sociales\/\"},\"wordCount\":420,\"publisher\":{\"@id\":\"https:\/\/peoplesphere.be\/fr\/#organization\"},\"keywords\":[\"\u00e9lections sociales\",\"SD Worx\",\"vote \u00e9lectronique\",\"vote par correspondance\"],\"articleSection\":[\"Actualit\u00e9s\",\"Digital\"],\"inLanguage\":\"fr-FR\"},{\"@type\":\"WebPage\",\"@id\":\"https:\/\/peoplesphere.be\/fr\/malgre-covid-19-vote-electronique-ne-va-concerner-quun-travailleur-6-lors-elections-sociales\/\",\"url\":\"https:\/\/peoplesphere.be\/fr\/malgre-covid-19-vote-electronique-ne-va-concerner-quun-travailleur-6-lors-elections-sociales\/\",\"name\":\"Malgr\u00e9 le Covid-19, le vote \u00e9lectronique ne va concerner qu'un travailleur sur 6 lors des \u00e9lections sociales. - Peoplesphere\",\"isPartOf\":{\"@id\":\"https:\/\/peoplesphere.be\/fr\/#website\"},\"datePublished\":\"2020-11-16T09:53:48+00:00\",\"dateModified\":\"2020-11-16T09:53:48+00:00\",\"breadcrumb\":{\"@id\":\"https:\/\/peoplesphere.be\/fr\/malgre-covid-19-vote-electronique-ne-va-concerner-quun-travailleur-6-lors-elections-sociales\/#breadcrumb\"},\"inLanguage\":\"fr-FR\",\"potentialAction\":[{\"@type\":\"ReadAction\",\"target\":[\"https:\/\/peoplesphere.be\/fr\/malgre-covid-19-vote-electronique-ne-va-concerner-quun-travailleur-6-lors-elections-sociales\/\"]}]},{\"@type\":\"BreadcrumbList\",\"@id\":\"https:\/\/peoplesphere.be\/fr\/malgre-covid-19-vote-electronique-ne-va-concerner-quun-travailleur-6-lors-elections-sociales\/#breadcrumb\",\"itemListElement\":[{\"@type\":\"ListItem\",\"position\":1,\"name\":\"Accueil\",\"item\":\"https:\/\/peoplesphere.be\/fr\/\"},{\"@type\":\"ListItem\",\"position\":2,\"name\":\"Malgr\u00e9 le Covid-19, le vote \u00e9lectronique ne va concerner qu&rsquo;un travailleur sur 6 lors des \u00e9lections sociales.\"}]},{\"@type\":\"WebSite\",\"@id\":\"https:\/\/peoplesphere.be\/fr\/#website\",\"url\":\"https:\/\/peoplesphere.be\/fr\/\",\"name\":\"Peoplesphere\",\"description\":\"The People Managers Magazine\",\"publisher\":{\"@id\":\"https:\/\/peoplesphere.be\/fr\/#organization\"},\"potentialAction\":[{\"@type\":\"SearchAction\",\"target\":{\"@type\":\"EntryPoint\",\"urlTemplate\":\"https:\/\/peoplesphere.be\/fr\/?s={search_term_string}\"},\"query-input\":\"required name=search_term_string\"}],\"inLanguage\":\"fr-FR\"},{\"@type\":\"Organization\",\"@id\":\"https:\/\/peoplesphere.be\/fr\/#organization\",\"name\":\"Peoplesphere Company srl\",\"url\":\"https:\/\/peoplesphere.be\/fr\/\",\"logo\":{\"@type\":\"ImageObject\",\"inLanguage\":\"fr-FR\",\"@id\":\"https:\/\/peoplesphere.be\/fr\/#\/schema\/logo\/image\/\",\"url\":\"https:\/\/peoplesphere.be\/fr\/wp-content\/uploads\/2023\/07\/peoplesphere-lgo-new-generik.jpg\",\"contentUrl\":\"https:\/\/peoplesphere.be\/fr\/wp-content\/uploads\/2023\/07\/peoplesphere-lgo-new-generik.jpg\",\"width\":1031,\"height\":1479,\"caption\":\"Peoplesphere Company srl\"},\"image\":{\"@id\":\"https:\/\/peoplesphere.be\/fr\/#\/schema\/logo\/image\/\"},\"sameAs\":[\"https:\/\/www.facebook.com\/peoplesphere\",\"https:\/\/twitter.com\/PeoplesphereMag\",\"https:\/\/www.linkedin.com\/company\/7587361?trk\",\"http:\/\/youtube.com\/peoplesphere\"]},{\"@type\":\"Person\",\"@id\":\"https:\/\/peoplesphere.be\/fr\/#\/schema\/person\/7976225ff17988604334abb7b3536a7e\",\"name\":\"Jean-Paul Erhard\",\"image\":{\"@type\":\"ImageObject\",\"inLanguage\":\"fr-FR\",\"@id\":\"https:\/\/peoplesphere.be\/fr\/#\/schema\/person\/image\/\",\"url\":\"https:\/\/secure.gravatar.com\/avatar\/f941e681460179738071629a51574930?s=96&d=mm&r=g\",\"contentUrl\":\"https:\/\/secure.gravatar.com\/avatar\/f941e681460179738071629a51574930?s=96&d=mm&r=g\",\"caption\":\"Jean-Paul Erhard\"},\"url\":\"https:\/\/peoplesphere.be\/fr\/author\/jpe\/\"}]}<\/script>\n<!-- \/ Yoast SEO plugin. -->","yoast_head_json":{"title":"Malgr\u00e9 le Covid-19, le vote \u00e9lectronique ne va concerner qu'un travailleur sur 6 lors des \u00e9lections sociales. - Peoplesphere","robots":{"index":"index","follow":"follow","max-snippet":"max-snippet:-1","max-image-preview":"max-image-preview:large","max-video-preview":"max-video-preview:-1"},"canonical":"https:\/\/peoplesphere.be\/fr\/malgre-covid-19-vote-electronique-ne-va-concerner-quun-travailleur-6-lors-elections-sociales\/","og_locale":"fr_FR","og_type":"article","og_title":"Malgr\u00e9 le Covid-19, le vote \u00e9lectronique ne va concerner qu'un travailleur sur 6 lors des \u00e9lections sociales. - Peoplesphere","og_description":"Les deux prochaines semaines (\u00e0 partir du lundi 16 novembre) auront lieu les \u00e9lections sociales qui \u00e9taient initialement pr\u00e9vues en mai. Il ressort des chiffres finaux de SD Worx qu&rsquo;un travailleur sur six (15\u202f%) pourra voter par vote \u00e9lectronique.Uun travailleur [&hellip;]","og_url":"https:\/\/peoplesphere.be\/fr\/malgre-covid-19-vote-electronique-ne-va-concerner-quun-travailleur-6-lors-elections-sociales\/","og_site_name":"Peoplesphere","article_publisher":"https:\/\/www.facebook.com\/peoplesphere","article_published_time":"2020-11-16T09:53:48+00:00","og_image":[{"url":"http:\/\/www.peoplesphere.be\/fr\/wp-content\/uploads\/2016\/07\/facebook-default-posting-1200x628px.jpg"}],"author":"Jean-Paul Erhard","twitter_card":"summary_large_image","twitter_creator":"@PeoplesphereMag","twitter_site":"@PeoplesphereMag","twitter_misc":{"\u00c9crit par":"Jean-Paul Erhard","Dur\u00e9e de lecture estim\u00e9e":"2 minutes"},"schema":{"@context":"https:\/\/schema.org","@graph":[{"@type":"Article","@id":"https:\/\/peoplesphere.be\/fr\/malgre-covid-19-vote-electronique-ne-va-concerner-quun-travailleur-6-lors-elections-sociales\/#article","isPartOf":{"@id":"https:\/\/peoplesphere.be\/fr\/malgre-covid-19-vote-electronique-ne-va-concerner-quun-travailleur-6-lors-elections-sociales\/"},"author":{"name":"Jean-Paul Erhard","@id":"https:\/\/peoplesphere.be\/fr\/#\/schema\/person\/7976225ff17988604334abb7b3536a7e"},"headline":"Malgr\u00e9 le Covid-19, le vote \u00e9lectronique ne va concerner qu&rsquo;un travailleur sur 6 lors des \u00e9lections sociales.","datePublished":"2020-11-16T09:53:48+00:00","dateModified":"2020-11-16T09:53:48+00:00","mainEntityOfPage":{"@id":"https:\/\/peoplesphere.be\/fr\/malgre-covid-19-vote-electronique-ne-va-concerner-quun-travailleur-6-lors-elections-sociales\/"},"wordCount":420,"publisher":{"@id":"https:\/\/peoplesphere.be\/fr\/#organization"},"keywords":["\u00e9lections sociales","SD Worx","vote \u00e9lectronique","vote par correspondance"],"articleSection":["Actualit\u00e9s","Digital"],"inLanguage":"fr-FR"},{"@type":"WebPage","@id":"https:\/\/peoplesphere.be\/fr\/malgre-covid-19-vote-electronique-ne-va-concerner-quun-travailleur-6-lors-elections-sociales\/","url":"https:\/\/peoplesphere.be\/fr\/malgre-covid-19-vote-electronique-ne-va-concerner-quun-travailleur-6-lors-elections-sociales\/","name":"Malgr\u00e9 le Covid-19, le vote \u00e9lectronique ne va concerner qu'un travailleur sur 6 lors des \u00e9lections sociales. - Peoplesphere","isPartOf":{"@id":"https:\/\/peoplesphere.be\/fr\/#website"},"datePublished":"2020-11-16T09:53:48+00:00","dateModified":"2020-11-16T09:53:48+00:00","breadcrumb":{"@id":"https:\/\/peoplesphere.be\/fr\/malgre-covid-19-vote-electronique-ne-va-concerner-quun-travailleur-6-lors-elections-sociales\/#breadcrumb"},"inLanguage":"fr-FR","potentialAction":[{"@type":"ReadAction","target":["https:\/\/peoplesphere.be\/fr\/malgre-covid-19-vote-electronique-ne-va-concerner-quun-travailleur-6-lors-elections-sociales\/"]}]},{"@type":"BreadcrumbList","@id":"https:\/\/peoplesphere.be\/fr\/malgre-covid-19-vote-electronique-ne-va-concerner-quun-travailleur-6-lors-elections-sociales\/#breadcrumb","itemListElement":[{"@type":"ListItem","position":1,"name":"Accueil","item":"https:\/\/peoplesphere.be\/fr\/"},{"@type":"ListItem","position":2,"name":"Malgr\u00e9 le Covid-19, le vote \u00e9lectronique ne va concerner qu&rsquo;un travailleur sur 6 lors des \u00e9lections sociales."}]},{"@type":"WebSite","@id":"https:\/\/peoplesphere.be\/fr\/#website","url":"https:\/\/peoplesphere.be\/fr\/","name":"Peoplesphere","description":"The People Managers Magazine","publisher":{"@id":"https:\/\/peoplesphere.be\/fr\/#organization"},"potentialAction":[{"@type":"SearchAction","target":{"@type":"EntryPoint","urlTemplate":"https:\/\/peoplesphere.be\/fr\/?s={search_term_string}"},"query-input":"required name=search_term_string"}],"inLanguage":"fr-FR"},{"@type":"Organization","@id":"https:\/\/peoplesphere.be\/fr\/#organization","name":"Peoplesphere Company srl","url":"https:\/\/peoplesphere.be\/fr\/","logo":{"@type":"ImageObject","inLanguage":"fr-FR","@id":"https:\/\/peoplesphere.be\/fr\/#\/schema\/logo\/image\/","url":"https:\/\/peoplesphere.be\/fr\/wp-content\/uploads\/2023\/07\/peoplesphere-lgo-new-generik.jpg","contentUrl":"https:\/\/peoplesphere.be\/fr\/wp-content\/uploads\/2023\/07\/peoplesphere-lgo-new-generik.jpg","width":1031,"height":1479,"caption":"Peoplesphere Company srl"},"image":{"@id":"https:\/\/peoplesphere.be\/fr\/#\/schema\/logo\/image\/"},"sameAs":["https:\/\/www.facebook.com\/peoplesphere","https:\/\/twitter.com\/PeoplesphereMag","https:\/\/www.linkedin.com\/company\/7587361?trk","http:\/\/youtube.com\/peoplesphere"]},{"@type":"Person","@id":"https:\/\/peoplesphere.be\/fr\/#\/schema\/person\/7976225ff17988604334abb7b3536a7e","name":"Jean-Paul Erhard","image":{"@type":"ImageObject","inLanguage":"fr-FR","@id":"https:\/\/peoplesphere.be\/fr\/#\/schema\/person\/image\/","url":"https:\/\/secure.gravatar.com\/avatar\/f941e681460179738071629a51574930?s=96&d=mm&r=g","contentUrl":"https:\/\/secure.gravatar.com\/avatar\/f941e681460179738071629a51574930?s=96&d=mm&r=g","caption":"Jean-Paul Erhard"},"url":"https:\/\/peoplesphere.be\/fr\/author\/jpe\/"}]}},"_links":{"self":[{"href":"https:\/\/peoplesphere.be\/fr\/wp-json\/wp\/v2\/posts\/10407"}],"collection":[{"href":"https:\/\/peoplesphere.be\/fr\/wp-json\/wp\/v2\/posts"}],"about":[{"href":"https:\/\/peoplesphere.be\/fr\/wp-json\/wp\/v2\/types\/post"}],"author":[{"embeddable":true,"href":"https:\/\/peoplesphere.be\/fr\/wp-json\/wp\/v2\/users\/2"}],"replies":[{"embeddable":true,"href":"https:\/\/peoplesphere.be\/fr\/wp-json\/wp\/v2\/comments?post=10407"}],"version-history":[{"count":1,"href":"https:\/\/peoplesphere.be\/fr\/wp-json\/wp\/v2\/posts\/10407\/revisions"}],"predecessor-version":[{"id":10408,"href":"https:\/\/peoplesphere.be\/fr\/wp-json\/wp\/v2\/posts\/10407\/revisions\/10408"}],"wp:attachment":[{"href":"https:\/\/peoplesphere.be\/fr\/wp-json\/wp\/v2\/media?parent=10407"}],"wp:term":[{"taxonomy":"category","embeddable":true,"href":"https:\/\/peoplesphere.be\/fr\/wp-json\/wp\/v2\/categories?post=10407"},{"taxonomy":"post_tag","embeddable":true,"href":"https:\/\/peoplesphere.be\/fr\/wp-json\/wp\/v2\/tags?post=10407"}],"curies":[{"name":"wp","href":"https:\/\/api.w.org\/{rel}","templated":true}]}}