









{"id":10409,"date":"2020-11-17T08:24:09","date_gmt":"2020-11-17T06:24:09","guid":{"rendered":"https:\/\/peoplesphere.be\/fr\/?p=10409"},"modified":"2020-11-17T08:24:09","modified_gmt":"2020-11-17T06:24:09","slug":"1-travailleur-4-redoute-de-decrocher-a-cause-stress-gestion-bien-etre-physique-mental-social-absolue-necessite","status":"publish","type":"post","link":"https:\/\/peoplesphere.be\/fr\/1-travailleur-4-redoute-de-decrocher-a-cause-stress-gestion-bien-etre-physique-mental-social-absolue-necessite\/","title":{"rendered":"1 travailleur sur 4 redoute de d\u00e9crocher \u00e0 cause du stress: la gestion du bien-\u00eatre physique, mental et social est une absolue n\u00e9cessit\u00e9."},"content":{"rendered":"<p>La crise sanitaire du Covid-19 d\u00e9montre de mani\u00e8re poignante qu&rsquo;une politique de bien-\u00eatre est devenue un pilier fondamental d&rsquo;une politique RH efficace, quelle que soit la taille de l&rsquo;entreprise. Dans ce cadre, une approche sur mesure &#8211; tant pour l&rsquo;entreprise que pour chaque travailleur &#8211; et globale ax\u00e9e \u00e0 la fois sur le bien-\u00eatre physique, mental et social constitue un facteur de r\u00e9ussite essentiel. A travers de nouvelles plateformes digitales telle que celle propos\u00e9e par AG Health Partner, une entreprise peut proposer &#8211; dans un cadre qu&rsquo;elle fixe elle-m\u00eame &#8211; une vaste gamme modulaire d&rsquo;initiatives et d&rsquo;activit\u00e9s qui permet \u00e0 chaque collaborateur d&rsquo;\u00e9tablir un plan d&rsquo;action personnalis\u00e9, adapt\u00e9 \u00e0 ses besoins.<!--more--><\/p>\n<p>Ces derni\u00e8res ann\u00e9es, il est devenu \u00e9vident que la sant\u00e9 physique et mentale ainsi que le bien-\u00eatre social jouent un r\u00f4le cl\u00e9 dans les performances et la motivation des travailleurs. La forte augmentation de l&rsquo;absent\u00e9isme de longue dur\u00e9e, souvent due \u00e0 des burn-outs et des maladies li\u00e9es au stress, et la prise de conscience du fait que les collaborateurs qui se sentent bien dans leur peau sont plus performants au travail, ont fait comprendre qu&rsquo;une politique globale de bien-\u00eatre au travail n&rsquo;est plus un luxe, mais une n\u00e9cessit\u00e9 absolue.<\/p>\n<p>Il va sans dire que la crise sanitaire actuelle a encore renforc\u00e9 cette importance. L&rsquo;explosion du t\u00e9l\u00e9travail a consid\u00e9rablement r\u00e9duit les contacts sociaux et les interactions spontan\u00e9es avec les coll\u00e8gues et les sup\u00e9rieurs, ce qui peut avoir de graves cons\u00e9quences sur le bien-\u00eatre social et mental des travailleurs. De nombreux collaborateurs travaillent \u00e9galement dans de moins bonnes conditions ergonomiques : rester assis et travailler sur \u00e9cran pendant une longue p\u00e9riode peut \u00e9galement nuire \u00e0 leur bien-\u00eatre physique.<\/p>\n<p>Une enqu\u00eate r\u00e9cente de l&rsquo;agence Ipsos confirme qu&rsquo;un travailleur sur six ne se sent pas bien au travail. Les travailleurs ayant un faible niveau d&rsquo;autonomie dans leur fonction sont particuli\u00e8rement touch\u00e9s par cette situation. 1 sur 4 (24 %) consid\u00e8re m\u00eame qu&rsquo;il est probable qu&rsquo;il sera absent pendant une p\u00e9riode prolong\u00e9e dans les 3 ans qui viennent en raison du stress. Trois travailleurs sur quatre d\u00e9signent explicitement l&#8217;employeur comme \u00e9tant la cause des probl\u00e8mes li\u00e9s au stress.<\/p>\n<p><strong><em>Comment une politique de bien-\u00eatre au travail peut-elle r\u00e9duire ces chiffres alarmants ?<\/em> <\/strong><\/p>\n<p>Avant tout, il est important de se faire une id\u00e9e des facteurs qui influencent la satisfaction au travail. Une \u00e9tude men\u00e9e par AG Health Partner et The Vigor Unit, une spin-off de l&rsquo;Universit\u00e9 de Gand, montre que ces facteurs peuvent \u00eatre r\u00e9partis en 4 cat\u00e9gories :<\/p>\n<ul>\n<li>L&rsquo;\u00e9quilibre entre vie professionnelle et vie priv\u00e9e<\/li>\n<li>Le support ressenti de la part des coll\u00e8gues et sup\u00e9rieurs hi\u00e9rarchiques<\/li>\n<li>Les traits de caract\u00e8re individuels<\/li>\n<li>Les caract\u00e9ristiques de l&rsquo;organisation, y compris les sources d&rsquo;\u00e9nergie et les facteurs de stress li\u00e9s \u00e0 l&#8217;emploi.<\/li>\n<\/ul>\n<p>Chacun de ces facteurs a un impact sur la perception du bien-\u00eatre sur le lieu de travail. Il est donc important de mener une politique de bien-\u00eatre de mani\u00e8re professionnelle, adapt\u00e9e \u00e0 chaque collaborateur et ax\u00e9e sur le bien-\u00eatre physique, mental et social.<\/p>\n<p><em>\u00ab Une politique de bien-\u00eatre r\u00e9ussie comprend plusieurs \u00e9tapes \u00bb,<\/em> explique Ellen De Vleeschouwer, General Manager AG Health Partner. <em>\u00ab Pour commencer, il faut que les collaborateurs prennent conscience de la n\u00e9cessit\u00e9 et de l&rsquo;importance d&rsquo;un mode de vie sain. Ensuite, il est conseill\u00e9 d&rsquo;effectuer un screening individuel qui permet de se faire une id\u00e9e des besoins sp\u00e9cifiques de chacun. Sur cette base, un trajet de formation et d&rsquo;auto-apprentissage peut alors \u00eatre mis en place. En fin de compte, ce processus aboutira \u00e0 l&rsquo;adaptation des comportements et des habitudes. Cette \u00e9volution peut ensuite \u00eatre soutenue par des initiatives de l&#8217;employeur, comme l&rsquo;encouragement du travail debout ou le lancement d&rsquo;un d\u00e9fi de marche \u00e0 pied avec les coll\u00e8gues. \u00bb<\/em><\/p>\n<p>Si les grandes soci\u00e9t\u00e9s sont \u00e9galement confront\u00e9es \u00e0 des d\u00e9fis pour mettre en \u0153uvre un trajet de bien-\u00eatre efficace, ce sont surtout les petites et moyennes entreprises qui manquent g\u00e9n\u00e9ralement de ressources, d&rsquo;expertise et d&rsquo;outils de communication pour le faire. C&rsquo;est pourquoi AG Health Partner a d\u00e9velopp\u00e9 un \u00e9cosyst\u00e8me de partenaires tri\u00e9s sur le volet, sp\u00e9cialis\u00e9s dans les diff\u00e9rentes dimensions et aspects du bien-\u00eatre au travail: sant\u00e9 physique, r\u00e9silience mentale, gestion du stress, relations avec les coll\u00e8gues et les sup\u00e9rieurs hi\u00e9rarchiques, etc.<\/p>\n<p><strong><em>Vers une plateforme digitale unique<\/em><\/strong><\/p>\n<p>Pour faire conna\u00eetre ce plan aux travailleurs, la nouvelle plateforme digitale My Health Partner peut enti\u00e8rement refl\u00e9ter l\u2019identit\u00e9 visuelle de l&rsquo;entreprise cliente et \u00eatre int\u00e9gr\u00e9e \u00e0 son intranet. Gr\u00e2ce \u00e0 elle, l&rsquo;entreprise peut informer et motiver ses collaborateurs sur sa d\u00e9marche et son offre en mati\u00e8re de bien-\u00eatre au travail. Le collaborateur peut s&rsquo;en servir pour se faire une id\u00e9e pr\u00e9cise de sa situation et ses besoins et, sur cette base, s\u00e9lectionner dans l&rsquo;offre totale les activit\u00e9s qui s&rsquo;inscrivent dans son plan de bien-\u00eatre individuel.<\/p>\n<p>Selon les lignes d&rsquo;action d\u00e9finies par l&#8217;employeur, cette offre peut comprendre des outils num\u00e9riques (webinaires, s\u00e9ances d&rsquo;e-learning, articles informatifs, etc.), mais aussi des activit\u00e9s physiques, des r\u00e9unions ou encore un coaching personnel. Le choix individuel est \u00e9galement d\u00e9termin\u00e9 par les r\u00e9sultats du screening selon le principe du \u00ab stepped care \u00bb. Les travailleurs \u00e0 faible risque sont plus susceptibles d&rsquo;\u00eatre orient\u00e9s vers une offre en ligne que ceux \u00ab \u00e0 haut risque \u00bb, qui ont besoin d&rsquo;un accompagnement personnel ou d&rsquo;une ligne d&rsquo;assistance.<\/p>\n<p>Ellen De Vleeschouwer : \u00ab\u00a0<em>En ces temps de corona o\u00f9 le travail \u00e0 domicile tend \u00e0 se g\u00e9n\u00e9raliser, les entreprises sont tr\u00e8s demandeuses d&rsquo;un outil de communication digital efficace qui servirait de lien entre l&#8217;employeur et le travailleur. Plus que jamais, elles estiment qu&rsquo;il est important de pouvoir continuer \u00e0 joindre leurs collaborateurs \u00e0 domicile, non seulement pour les soutenir individuellement, mais aussi pour les r\u00e9unir &#8211; m\u00eame virtuellement. My Health Partner poss\u00e8de l&rsquo;offre, les outils et la flexibilit\u00e9 n\u00e9cessaires pour les soutenir de mani\u00e8re optimale.\u00a0\u00bb<\/em><\/p>\n","protected":false},"excerpt":{"rendered":"<p>La crise sanitaire du Covid-19 d\u00e9montre de mani\u00e8re poignante qu&rsquo;une politique de bien-\u00eatre est devenue un pilier fondamental d&rsquo;une politique RH efficace, quelle que soit la taille de l&rsquo;entreprise. Dans ce cadre, une approche sur mesure &#8211; tant pour l&rsquo;entreprise [&hellip;]<\/p>\n","protected":false},"author":2,"featured_media":0,"comment_status":"closed","ping_status":"open","sticky":false,"template":"","format":"standard","meta":[],"categories":[65,10],"tags":[3245,19,96,42,17],"yoast_head":"<!-- This site is optimized with the Yoast SEO plugin v21.0 - https:\/\/yoast.com\/wordpress\/plugins\/seo\/ -->\n<title>1 travailleur sur 4 redoute de d\u00e9crocher \u00e0 cause du stress: la gestion du bien-\u00eatre physique, mental et social est une absolue n\u00e9cessit\u00e9. - Peoplesphere<\/title>\n<meta name=\"robots\" content=\"index, follow, max-snippet:-1, max-image-preview:large, max-video-preview:-1\" \/>\n<link rel=\"canonical\" href=\"https:\/\/peoplesphere.be\/fr\/1-travailleur-4-redoute-de-decrocher-a-cause-stress-gestion-bien-etre-physique-mental-social-absolue-necessite\/\" \/>\n<meta property=\"og:locale\" content=\"fr_FR\" \/>\n<meta property=\"og:type\" content=\"article\" \/>\n<meta property=\"og:title\" content=\"1 travailleur sur 4 redoute de d\u00e9crocher \u00e0 cause du stress: la gestion du bien-\u00eatre physique, mental et social est une absolue n\u00e9cessit\u00e9. - Peoplesphere\" \/>\n<meta property=\"og:description\" content=\"La crise sanitaire du Covid-19 d\u00e9montre de mani\u00e8re poignante qu&rsquo;une politique de bien-\u00eatre est devenue un pilier fondamental d&rsquo;une politique RH efficace, quelle que soit la taille de l&rsquo;entreprise. Dans ce cadre, une approche sur mesure &#8211; tant pour l&rsquo;entreprise [&hellip;]\" \/>\n<meta property=\"og:url\" content=\"https:\/\/peoplesphere.be\/fr\/1-travailleur-4-redoute-de-decrocher-a-cause-stress-gestion-bien-etre-physique-mental-social-absolue-necessite\/\" \/>\n<meta property=\"og:site_name\" content=\"Peoplesphere\" \/>\n<meta property=\"article:publisher\" content=\"https:\/\/www.facebook.com\/peoplesphere\" \/>\n<meta property=\"article:published_time\" content=\"2020-11-17T06:24:09+00:00\" \/>\n<meta property=\"og:image\" content=\"http:\/\/www.peoplesphere.be\/fr\/wp-content\/uploads\/2016\/07\/facebook-default-posting-1200x628px.jpg\" \/>\n<meta name=\"author\" content=\"Jean-Paul Erhard\" \/>\n<meta name=\"twitter:card\" content=\"summary_large_image\" \/>\n<meta name=\"twitter:creator\" content=\"@PeoplesphereMag\" \/>\n<meta name=\"twitter:site\" content=\"@PeoplesphereMag\" \/>\n<meta name=\"twitter:label1\" content=\"\u00c9crit par\" \/>\n\t<meta name=\"twitter:data1\" content=\"Jean-Paul Erhard\" \/>\n\t<meta name=\"twitter:label2\" content=\"Dur\u00e9e de lecture estim\u00e9e\" \/>\n\t<meta name=\"twitter:data2\" content=\"5 minutes\" \/>\n<script type=\"application\/ld+json\" class=\"yoast-schema-graph\">{\"@context\":\"https:\/\/schema.org\",\"@graph\":[{\"@type\":\"Article\",\"@id\":\"https:\/\/peoplesphere.be\/fr\/1-travailleur-4-redoute-de-decrocher-a-cause-stress-gestion-bien-etre-physique-mental-social-absolue-necessite\/#article\",\"isPartOf\":{\"@id\":\"https:\/\/peoplesphere.be\/fr\/1-travailleur-4-redoute-de-decrocher-a-cause-stress-gestion-bien-etre-physique-mental-social-absolue-necessite\/\"},\"author\":{\"name\":\"Jean-Paul Erhard\",\"@id\":\"https:\/\/peoplesphere.be\/fr\/#\/schema\/person\/7976225ff17988604334abb7b3536a7e\"},\"headline\":\"1 travailleur sur 4 redoute de d\u00e9crocher \u00e0 cause du stress: la gestion du bien-\u00eatre physique, mental et social est une absolue n\u00e9cessit\u00e9.\",\"datePublished\":\"2020-11-17T06:24:09+00:00\",\"dateModified\":\"2020-11-17T06:24:09+00:00\",\"mainEntityOfPage\":{\"@id\":\"https:\/\/peoplesphere.be\/fr\/1-travailleur-4-redoute-de-decrocher-a-cause-stress-gestion-bien-etre-physique-mental-social-absolue-necessite\/\"},\"wordCount\":1061,\"publisher\":{\"@id\":\"https:\/\/peoplesphere.be\/fr\/#organization\"},\"keywords\":[\"AG Health Partner\",\"Assurance\",\"bien-\u00eatre\",\"Pr\u00e9vention\",\"Sant\u00e9\"],\"articleSection\":[\"Actualit\u00e9s\",\"Digital\"],\"inLanguage\":\"fr-FR\"},{\"@type\":\"WebPage\",\"@id\":\"https:\/\/peoplesphere.be\/fr\/1-travailleur-4-redoute-de-decrocher-a-cause-stress-gestion-bien-etre-physique-mental-social-absolue-necessite\/\",\"url\":\"https:\/\/peoplesphere.be\/fr\/1-travailleur-4-redoute-de-decrocher-a-cause-stress-gestion-bien-etre-physique-mental-social-absolue-necessite\/\",\"name\":\"1 travailleur sur 4 redoute de d\u00e9crocher \u00e0 cause du stress: la gestion du bien-\u00eatre physique, mental et social est une absolue n\u00e9cessit\u00e9. - Peoplesphere\",\"isPartOf\":{\"@id\":\"https:\/\/peoplesphere.be\/fr\/#website\"},\"datePublished\":\"2020-11-17T06:24:09+00:00\",\"dateModified\":\"2020-11-17T06:24:09+00:00\",\"breadcrumb\":{\"@id\":\"https:\/\/peoplesphere.be\/fr\/1-travailleur-4-redoute-de-decrocher-a-cause-stress-gestion-bien-etre-physique-mental-social-absolue-necessite\/#breadcrumb\"},\"inLanguage\":\"fr-FR\",\"potentialAction\":[{\"@type\":\"ReadAction\",\"target\":[\"https:\/\/peoplesphere.be\/fr\/1-travailleur-4-redoute-de-decrocher-a-cause-stress-gestion-bien-etre-physique-mental-social-absolue-necessite\/\"]}]},{\"@type\":\"BreadcrumbList\",\"@id\":\"https:\/\/peoplesphere.be\/fr\/1-travailleur-4-redoute-de-decrocher-a-cause-stress-gestion-bien-etre-physique-mental-social-absolue-necessite\/#breadcrumb\",\"itemListElement\":[{\"@type\":\"ListItem\",\"position\":1,\"name\":\"Accueil\",\"item\":\"https:\/\/peoplesphere.be\/fr\/\"},{\"@type\":\"ListItem\",\"position\":2,\"name\":\"1 travailleur sur 4 redoute de d\u00e9crocher \u00e0 cause du stress: la gestion du bien-\u00eatre physique, mental et social est une absolue n\u00e9cessit\u00e9.\"}]},{\"@type\":\"WebSite\",\"@id\":\"https:\/\/peoplesphere.be\/fr\/#website\",\"url\":\"https:\/\/peoplesphere.be\/fr\/\",\"name\":\"Peoplesphere\",\"description\":\"The People Managers Magazine\",\"publisher\":{\"@id\":\"https:\/\/peoplesphere.be\/fr\/#organization\"},\"potentialAction\":[{\"@type\":\"SearchAction\",\"target\":{\"@type\":\"EntryPoint\",\"urlTemplate\":\"https:\/\/peoplesphere.be\/fr\/?s={search_term_string}\"},\"query-input\":\"required name=search_term_string\"}],\"inLanguage\":\"fr-FR\"},{\"@type\":\"Organization\",\"@id\":\"https:\/\/peoplesphere.be\/fr\/#organization\",\"name\":\"Peoplesphere Company srl\",\"url\":\"https:\/\/peoplesphere.be\/fr\/\",\"logo\":{\"@type\":\"ImageObject\",\"inLanguage\":\"fr-FR\",\"@id\":\"https:\/\/peoplesphere.be\/fr\/#\/schema\/logo\/image\/\",\"url\":\"https:\/\/peoplesphere.be\/fr\/wp-content\/uploads\/2023\/07\/peoplesphere-lgo-new-generik.jpg\",\"contentUrl\":\"https:\/\/peoplesphere.be\/fr\/wp-content\/uploads\/2023\/07\/peoplesphere-lgo-new-generik.jpg\",\"width\":1031,\"height\":1479,\"caption\":\"Peoplesphere Company srl\"},\"image\":{\"@id\":\"https:\/\/peoplesphere.be\/fr\/#\/schema\/logo\/image\/\"},\"sameAs\":[\"https:\/\/www.facebook.com\/peoplesphere\",\"https:\/\/twitter.com\/PeoplesphereMag\",\"https:\/\/www.linkedin.com\/company\/7587361?trk\",\"http:\/\/youtube.com\/peoplesphere\"]},{\"@type\":\"Person\",\"@id\":\"https:\/\/peoplesphere.be\/fr\/#\/schema\/person\/7976225ff17988604334abb7b3536a7e\",\"name\":\"Jean-Paul Erhard\",\"image\":{\"@type\":\"ImageObject\",\"inLanguage\":\"fr-FR\",\"@id\":\"https:\/\/peoplesphere.be\/fr\/#\/schema\/person\/image\/\",\"url\":\"https:\/\/secure.gravatar.com\/avatar\/f941e681460179738071629a51574930?s=96&d=mm&r=g\",\"contentUrl\":\"https:\/\/secure.gravatar.com\/avatar\/f941e681460179738071629a51574930?s=96&d=mm&r=g\",\"caption\":\"Jean-Paul Erhard\"},\"url\":\"https:\/\/peoplesphere.be\/fr\/author\/jpe\/\"}]}<\/script>\n<!-- \/ Yoast SEO plugin. -->","yoast_head_json":{"title":"1 travailleur sur 4 redoute de d\u00e9crocher \u00e0 cause du stress: la gestion du bien-\u00eatre physique, mental et social est une absolue n\u00e9cessit\u00e9. - Peoplesphere","robots":{"index":"index","follow":"follow","max-snippet":"max-snippet:-1","max-image-preview":"max-image-preview:large","max-video-preview":"max-video-preview:-1"},"canonical":"https:\/\/peoplesphere.be\/fr\/1-travailleur-4-redoute-de-decrocher-a-cause-stress-gestion-bien-etre-physique-mental-social-absolue-necessite\/","og_locale":"fr_FR","og_type":"article","og_title":"1 travailleur sur 4 redoute de d\u00e9crocher \u00e0 cause du stress: la gestion du bien-\u00eatre physique, mental et social est une absolue n\u00e9cessit\u00e9. - Peoplesphere","og_description":"La crise sanitaire du Covid-19 d\u00e9montre de mani\u00e8re poignante qu&rsquo;une politique de bien-\u00eatre est devenue un pilier fondamental d&rsquo;une politique RH efficace, quelle que soit la taille de l&rsquo;entreprise. Dans ce cadre, une approche sur mesure &#8211; tant pour l&rsquo;entreprise [&hellip;]","og_url":"https:\/\/peoplesphere.be\/fr\/1-travailleur-4-redoute-de-decrocher-a-cause-stress-gestion-bien-etre-physique-mental-social-absolue-necessite\/","og_site_name":"Peoplesphere","article_publisher":"https:\/\/www.facebook.com\/peoplesphere","article_published_time":"2020-11-17T06:24:09+00:00","og_image":[{"url":"http:\/\/www.peoplesphere.be\/fr\/wp-content\/uploads\/2016\/07\/facebook-default-posting-1200x628px.jpg"}],"author":"Jean-Paul Erhard","twitter_card":"summary_large_image","twitter_creator":"@PeoplesphereMag","twitter_site":"@PeoplesphereMag","twitter_misc":{"\u00c9crit par":"Jean-Paul Erhard","Dur\u00e9e de lecture estim\u00e9e":"5 minutes"},"schema":{"@context":"https:\/\/schema.org","@graph":[{"@type":"Article","@id":"https:\/\/peoplesphere.be\/fr\/1-travailleur-4-redoute-de-decrocher-a-cause-stress-gestion-bien-etre-physique-mental-social-absolue-necessite\/#article","isPartOf":{"@id":"https:\/\/peoplesphere.be\/fr\/1-travailleur-4-redoute-de-decrocher-a-cause-stress-gestion-bien-etre-physique-mental-social-absolue-necessite\/"},"author":{"name":"Jean-Paul Erhard","@id":"https:\/\/peoplesphere.be\/fr\/#\/schema\/person\/7976225ff17988604334abb7b3536a7e"},"headline":"1 travailleur sur 4 redoute de d\u00e9crocher \u00e0 cause du stress: la gestion du bien-\u00eatre physique, mental et social est une absolue n\u00e9cessit\u00e9.","datePublished":"2020-11-17T06:24:09+00:00","dateModified":"2020-11-17T06:24:09+00:00","mainEntityOfPage":{"@id":"https:\/\/peoplesphere.be\/fr\/1-travailleur-4-redoute-de-decrocher-a-cause-stress-gestion-bien-etre-physique-mental-social-absolue-necessite\/"},"wordCount":1061,"publisher":{"@id":"https:\/\/peoplesphere.be\/fr\/#organization"},"keywords":["AG Health Partner","Assurance","bien-\u00eatre","Pr\u00e9vention","Sant\u00e9"],"articleSection":["Actualit\u00e9s","Digital"],"inLanguage":"fr-FR"},{"@type":"WebPage","@id":"https:\/\/peoplesphere.be\/fr\/1-travailleur-4-redoute-de-decrocher-a-cause-stress-gestion-bien-etre-physique-mental-social-absolue-necessite\/","url":"https:\/\/peoplesphere.be\/fr\/1-travailleur-4-redoute-de-decrocher-a-cause-stress-gestion-bien-etre-physique-mental-social-absolue-necessite\/","name":"1 travailleur sur 4 redoute de d\u00e9crocher \u00e0 cause du stress: la gestion du bien-\u00eatre physique, mental et social est une absolue n\u00e9cessit\u00e9. - Peoplesphere","isPartOf":{"@id":"https:\/\/peoplesphere.be\/fr\/#website"},"datePublished":"2020-11-17T06:24:09+00:00","dateModified":"2020-11-17T06:24:09+00:00","breadcrumb":{"@id":"https:\/\/peoplesphere.be\/fr\/1-travailleur-4-redoute-de-decrocher-a-cause-stress-gestion-bien-etre-physique-mental-social-absolue-necessite\/#breadcrumb"},"inLanguage":"fr-FR","potentialAction":[{"@type":"ReadAction","target":["https:\/\/peoplesphere.be\/fr\/1-travailleur-4-redoute-de-decrocher-a-cause-stress-gestion-bien-etre-physique-mental-social-absolue-necessite\/"]}]},{"@type":"BreadcrumbList","@id":"https:\/\/peoplesphere.be\/fr\/1-travailleur-4-redoute-de-decrocher-a-cause-stress-gestion-bien-etre-physique-mental-social-absolue-necessite\/#breadcrumb","itemListElement":[{"@type":"ListItem","position":1,"name":"Accueil","item":"https:\/\/peoplesphere.be\/fr\/"},{"@type":"ListItem","position":2,"name":"1 travailleur sur 4 redoute de d\u00e9crocher \u00e0 cause du stress: la gestion du bien-\u00eatre physique, mental et social est une absolue n\u00e9cessit\u00e9."}]},{"@type":"WebSite","@id":"https:\/\/peoplesphere.be\/fr\/#website","url":"https:\/\/peoplesphere.be\/fr\/","name":"Peoplesphere","description":"The People Managers Magazine","publisher":{"@id":"https:\/\/peoplesphere.be\/fr\/#organization"},"potentialAction":[{"@type":"SearchAction","target":{"@type":"EntryPoint","urlTemplate":"https:\/\/peoplesphere.be\/fr\/?s={search_term_string}"},"query-input":"required name=search_term_string"}],"inLanguage":"fr-FR"},{"@type":"Organization","@id":"https:\/\/peoplesphere.be\/fr\/#organization","name":"Peoplesphere Company srl","url":"https:\/\/peoplesphere.be\/fr\/","logo":{"@type":"ImageObject","inLanguage":"fr-FR","@id":"https:\/\/peoplesphere.be\/fr\/#\/schema\/logo\/image\/","url":"https:\/\/peoplesphere.be\/fr\/wp-content\/uploads\/2023\/07\/peoplesphere-lgo-new-generik.jpg","contentUrl":"https:\/\/peoplesphere.be\/fr\/wp-content\/uploads\/2023\/07\/peoplesphere-lgo-new-generik.jpg","width":1031,"height":1479,"caption":"Peoplesphere Company srl"},"image":{"@id":"https:\/\/peoplesphere.be\/fr\/#\/schema\/logo\/image\/"},"sameAs":["https:\/\/www.facebook.com\/peoplesphere","https:\/\/twitter.com\/PeoplesphereMag","https:\/\/www.linkedin.com\/company\/7587361?trk","http:\/\/youtube.com\/peoplesphere"]},{"@type":"Person","@id":"https:\/\/peoplesphere.be\/fr\/#\/schema\/person\/7976225ff17988604334abb7b3536a7e","name":"Jean-Paul Erhard","image":{"@type":"ImageObject","inLanguage":"fr-FR","@id":"https:\/\/peoplesphere.be\/fr\/#\/schema\/person\/image\/","url":"https:\/\/secure.gravatar.com\/avatar\/f941e681460179738071629a51574930?s=96&d=mm&r=g","contentUrl":"https:\/\/secure.gravatar.com\/avatar\/f941e681460179738071629a51574930?s=96&d=mm&r=g","caption":"Jean-Paul Erhard"},"url":"https:\/\/peoplesphere.be\/fr\/author\/jpe\/"}]}},"_links":{"self":[{"href":"https:\/\/peoplesphere.be\/fr\/wp-json\/wp\/v2\/posts\/10409"}],"collection":[{"href":"https:\/\/peoplesphere.be\/fr\/wp-json\/wp\/v2\/posts"}],"about":[{"href":"https:\/\/peoplesphere.be\/fr\/wp-json\/wp\/v2\/types\/post"}],"author":[{"embeddable":true,"href":"https:\/\/peoplesphere.be\/fr\/wp-json\/wp\/v2\/users\/2"}],"replies":[{"embeddable":true,"href":"https:\/\/peoplesphere.be\/fr\/wp-json\/wp\/v2\/comments?post=10409"}],"version-history":[{"count":1,"href":"https:\/\/peoplesphere.be\/fr\/wp-json\/wp\/v2\/posts\/10409\/revisions"}],"predecessor-version":[{"id":10410,"href":"https:\/\/peoplesphere.be\/fr\/wp-json\/wp\/v2\/posts\/10409\/revisions\/10410"}],"wp:attachment":[{"href":"https:\/\/peoplesphere.be\/fr\/wp-json\/wp\/v2\/media?parent=10409"}],"wp:term":[{"taxonomy":"category","embeddable":true,"href":"https:\/\/peoplesphere.be\/fr\/wp-json\/wp\/v2\/categories?post=10409"},{"taxonomy":"post_tag","embeddable":true,"href":"https:\/\/peoplesphere.be\/fr\/wp-json\/wp\/v2\/tags?post=10409"}],"curies":[{"name":"wp","href":"https:\/\/api.w.org\/{rel}","templated":true}]}}