









{"id":10421,"date":"2020-11-18T17:28:59","date_gmt":"2020-11-18T15:28:59","guid":{"rendered":"https:\/\/peoplesphere.be\/fr\/?p=10421"},"modified":"2020-11-18T17:28:59","modified_gmt":"2020-11-18T15:28:59","slug":"limpact-economique-lockdown-semble-limite-linstant-perspectives-davenir-restent-sombres","status":"publish","type":"post","link":"https:\/\/peoplesphere.be\/fr\/limpact-economique-lockdown-semble-limite-linstant-perspectives-davenir-restent-sombres\/","title":{"rendered":"L&rsquo;impact \u00e9conomique du lockdown semble limit\u00e9 pour l&rsquo;instant, mais les perspectives d&rsquo;avenir restent sombres."},"content":{"rendered":"<p>La perte de chiffre d\u2019affaires que subissent les entreprises belges \u00e0 la suite de la crise du coronavirus a augment\u00e9, pour atteindre 17 % en novembre. Ceci repr\u00e9sente une d\u00e9gradation de 3 points de pourcentage par rapport \u00e0 la p\u00e9riode s\u2019\u00e9talant d\u2019ao\u00fbt \u00e0 octobre et environ la moiti\u00e9 de la perte de chiffre d\u2019affaires de large ampleur enregistr\u00e9e lors du premier confinement de mars et avril. Le deuxi\u00e8me confinement p\u00e8se principalement sur le chiffre d\u2019affaires dans les secteurs de l\u2019horeca, de la vente au d\u00e9tail et en gros et de l\u2019immobilier, mais l\u2019impact y reste moindre que lors du premier confinement.<!--more--><\/p>\n<p>En outre, aucune d\u00e9t\u00e9rioration n\u2019a \u00e9t\u00e9 rapport\u00e9e dans les autres secteurs d\u2019activit\u00e9 en novembre, alors que nombre d\u2019entre eux avaient \u00e9t\u00e9 durement frapp\u00e9s lors du premier confinement. Ceci \u00e9tant dit, les perspectives se sont assombries en ce qui concerne le chiffre d\u2019affaires en 2021, les plans d\u2019investissement, l\u2019emploi et le risque de faillite.<\/p>\n<p><strong><em>L\u2019incidence de la crise sur le chiffre d\u2019affaires est deux fois plus faible que lors du premier confinement<\/em><\/strong><\/p>\n<p>En tenant compte de la taille des entreprises et de la valeur ajout\u00e9e sectorielle, les entreprises interrog\u00e9es ont rapport\u00e9 cette semaine une baisse de leur chiffre d\u2019affaires de 17 % comparativement \u00e0 la normale. Il s\u2019agit d\u2019une d\u00e9t\u00e9rioration de 3 points de pourcentage par rapport \u00e0 la p\u00e9riode allant d\u2019ao\u00fbt \u00e0 octobre et qui repr\u00e9sente environ la moiti\u00e9 de l\u2019\u00e9norme perte de chiffre d\u2019affaires enregistr\u00e9e lors du confinement du printemps. L\u2019\u00e9cart en termes d\u2019incidence sur le chiffre d\u2019affaires entre les r\u00e9gions s\u2019est r\u00e9duit depuis l\u2019enqu\u00eate pr\u00e9c\u00e9dente, m\u00eame si Bruxelles reste la r\u00e9gion o\u00f9 l\u2019impact est le plus important. Enfin, le confinement actuel frappe \u00e0 nouveau plus lourdement les ind\u00e9pendants et les petites entreprises.<\/p>\n<p>Les secteurs d\u2019activit\u00e9 qui ont \u00e9t\u00e9 les plus touch\u00e9s au printemps font \u00e0 nouveau \u00e9tat d&rsquo;un impact fortement n\u00e9gatif, bien que moins significatif, sur leur chiffre d\u2019affaires. Il s\u2019agit des secteurs de la vente au d\u00e9tail non alimentaire, des activit\u00e9s immobili\u00e8res, de l\u2019horeca et des arts, spectacles et services r\u00e9cr\u00e9atifs. Ces secteurs sont \u00e9videmment sensiblement affect\u00e9s par l&rsquo;interdiction totale ou partielle de leurs activit\u00e9s, qui est cit\u00e9e par plus des deux tiers des entreprises interrog\u00e9es de ces secteurs comme une raison majeure de la perte de chiffre d&rsquo;affaires.<\/p>\n<p>La perte de chiffre d&rsquo;affaires de la vente au d\u00e9tail non alimentaire s&rsquo;est sensiblement d\u00e9t\u00e9rior\u00e9e depuis l&rsquo;\u00e9t\u00e9, passant de 9 % en ao\u00fbt et 19 % en octobre \u00e0 51 % \u00e0 l\u2019heure actuelle. La nette baisse enregistr\u00e9e en novembre est principalement due \u00e0 la fermeture physique obligatoire des magasins non essentiels. L\u2019effet du confinement actuel est n\u00e9anmoins bien plus limit\u00e9 par rapport \u00e0 la perte de 80 % du chiffre d\u2019affaires observ\u00e9e lors du premier confinement. Cela s&rsquo;explique essentiellement par le fait qu&rsquo;un plus grand nombre de magasins sont d\u00e9sormais autoris\u00e9s \u00e0 rester ouverts et que les ventes en ligne et les services de retrait en magasin sont devenus des canaux de vente plus importants. La perte de chiffre d\u2019affaires l\u00e9g\u00e8rement plus importante dans le secteur de la vente au d\u00e9tail alimentaire par rapport au printemps peut en partie s&rsquo;expliquer par l&rsquo;interdiction de la vente de certains produits non essentiels.<\/p>\n<p>Par ailleurs, la perte de chiffre d&rsquo;affaires du secteur des activit\u00e9s immobili\u00e8res s&rsquo;est \u00e9galement fortement d\u00e9t\u00e9rior\u00e9e en novembre, passant de 12 % en octobre \u00e0 37 % en novembre. Cela peut \u00eatre expliqu\u00e9 par l&rsquo;interdiction en vigueur des visites sur place pour la vente ou la location d&rsquo;un bien immobilier. Enfin, le secteur des arts, spectacles et services r\u00e9cr\u00e9atifs et celui de l\u2019horeca restent les deux secteurs les plus touch\u00e9s. Les pertes de chiffre d&rsquo;affaires y atteignent respectivement 77 et 66 % et restent les m\u00eames que celles observ\u00e9es dans le cadre de l&rsquo;enqu\u00eate d&rsquo;octobre, qui a eu lieu juste apr\u00e8s la fermeture des bars et des restaurants. Dans ces deux secteurs, cette perte de chiffre d&rsquo;affaires est toutefois un peu moins lourde qu&rsquo;au printemps (surtout dans le secteur horeca), ce qui peut \u00eatre le r\u00e9sultat d&rsquo;une utilisation plus intensive de vente et de commande en ligne.<\/p>\n<p>Le chiffre d&rsquo;affaires des autres secteurs n&rsquo;a pas affich\u00e9 de chute brutale en novembre. Au niveau de l&rsquo;industrie, de la construction, des services de support, du secteur des transports et de la logistique, du secteur des activit\u00e9s financi\u00e8res et et d&rsquo;assurance (un ensemble de secteurs qui repr\u00e9sentent plus de 70 % de la valeur ajout\u00e9e des secteurs pris en compte dans le cadre de cette enqu\u00eate), la baisse rapport\u00e9e du chiffre d\u2019affaires caus\u00e9e par la crise du coronavirus est similaire \u00e0 celle qui a \u00e9t\u00e9 enregistr\u00e9e en octobre et inf\u00e9rieure \u00e0 celle qui avait \u00e9t\u00e9 observ\u00e9e lors du premier confinement. Pour ces secteurs, la faiblesse de la demande reste le facteur le plus d\u00e9terminant de l&rsquo;impact de la crise du coronavirus sur le chiffre d&rsquo;affaires. L&rsquo;ampleur de la demande ext\u00e9rieure d\u00e9pend de la nature des activit\u00e9s des entreprises et est plus marqu\u00e9e dans les secteurs de l&rsquo;industrie et des transports et de la logistique, par exemple. En novembre, les entreprises interrog\u00e9es de ces deux secteurs ont fait \u00e9tat d&rsquo;une diminution de 10 % des ventes \u00e0 l\u2019\u00e9tranger par rapport \u00e0 la normale, ce qui constitue une l\u00e9g\u00e8re am\u00e9lioration vis-\u00e0-vis de l&rsquo;enqu\u00eate pr\u00e9c\u00e9dente (-12 % pour les deux secteurs) et un chiffre comparable au recul du chiffre d&rsquo;affaires total dans ce secteur.<\/p>\n<p>Les perspectives en termes de chiffre d\u2019affaires des entreprises se sont assombries pour le trimestre en cours et l\u2019ann\u00e9e \u00e0 venir. Pour \u00eatre pr\u00e9cis, les entreprises interrog\u00e9es s\u2019attendent \u00e0 ce que leur chiffre d\u2019affaires soit inf\u00e9rieur de 16 % \u00e0 la normale au quatri\u00e8me trimestre de 2020. En 2021, selon les entreprises interrog\u00e9es, le chiffre d&rsquo;affaires ne rebondirait que modestement et resterait encore inf\u00e9rieur de 12 % en moyenne \u00e0 la normale, ce qui constitue une estimation un rien plus mauvaise que celles des deux enqu\u00eates pr\u00e9c\u00e9dentes.<\/p>\n<p><strong><em>Les entreprises pr\u00e9voient \u00e9galement que l&#8217;emploi et l&rsquo;investissement seront moins favorables en 2021<\/em><\/strong><\/p>\n<p>Le degr\u00e9 d\u2019inqui\u00e9tude quant \u00e0 l\u2019activit\u00e9 commerciale de l\u2019entreprise, mesur\u00e9 sur une \u00e9chelle allant de 1 (peu inquiet) \u00e0 10 (fort inquiet), est rest\u00e9 presque constant en novembre, \u00e0 6,9. Il s\u2019agit d\u2019un niveau comparable \u00e0 celui, tr\u00e8s \u00e9lev\u00e9, qui avait \u00e9t\u00e9 atteint durant le premier confinement. La forte inqui\u00e9tude des entreprises, la d\u00e9gradation du chiffre d\u2019affaires et la grande incertitude quant \u00e0 l\u2019\u00e9volution de la situation sanitaire ont un impact n\u00e9gatif sur les plans d\u2019investissement des entreprises. Les entreprises interrog\u00e9es pressentent que, comparativement \u00e0 la normale, la crise du coronavirus comprimera les investissements de 25 % en 2020 et de 23 % en 2021. Les investissements ne reprendraient donc que tr\u00e8s mod\u00e9r\u00e9ment entre ces deux ann\u00e9es. Notons par ailleurs que les perspectives d\u2019investissements pour 2021 se sont quelque peu d\u00e9t\u00e9rior\u00e9es depuis septembre (-19 % en septembre, -21 % en octobre et -23 % en novembre).<\/p>\n<p>Les perspectives sont \u00e9galement moroses au niveau de l\u2019emploi dans le secteur priv\u00e9. Alors que les estimations des pertes d\u2019emplois se sont l\u00e9g\u00e8rement am\u00e9lior\u00e9es pour 2020 (de 89 000 dans l\u2019enqu\u00eate d\u2019octobre \u00e0 84 000 dans l\u2019enqu\u00eate de novembre), une contraction de l\u2019emploi de pr\u00e8s de 60 000 unit\u00e9s est attendue dans le secteur priv\u00e9 en 2021. Ceci constitue une d\u00e9gradation significative par rapport aux estimations bas\u00e9es sur les r\u00e9ponses du mois octobre, qui annon\u00e7aient une baisse de 15 000 unit\u00e9s. Cette \u00e9volution est observ\u00e9e dans la quasi-totalit\u00e9 des secteurs d\u2019activit\u00e9 et est probablement le r\u00e9sultat de la combinaison de la prolongation du r\u00e9gime de ch\u00f4mage temporaire et d\u2019un assombrissement des perspectives \u00e9conomiques.<\/p>\n<p><em><strong>Le recours au ch\u00f4mage temporaire s\u2019accro\u00eet mais reste bien en de\u00e7\u00e0 du niveau d\u2019avril<\/strong><\/em><\/p>\n<p>L\u2019une des mesures de soutien annonc\u00e9es le 6 novembre \u00e9tait la r\u00e9introduction du ch\u00f4mage temporaire pour cas de force majeure pour toutes les entreprises. Selon l\u2019enqu\u00eate de novembre, 11 % des employ\u00e9s du secteur priv\u00e9 \u00e9taient au ch\u00f4mage temporaire, contre 6 % en septembre et 7 % en octobre. \u00c0 l&rsquo;heure actuelle, on est encore loin des 32 % rapport\u00e9s par les entreprises interrog\u00e9es au d\u00e9but d\u2019avril, ce qui est une autre indication que l&rsquo;impact direct du nouveau confinement est plus faible qu\u2019au printemps. Le recours au ch\u00f4mage temporaire pourrait toutefois s\u2019intensifier prochainement puisqu\u2019un peu plus d\u2019une entreprise sur deux (\u00e0 l\u2019exclusion des ind\u00e9pendants) d\u00e9clare qu\u2019elle aura davantage recours au ch\u00f4mage temporaire durant les semaines \u00e0 venir que ce n\u2019est le cas actuellement, en ligne avec le nouvel assouplissement du ch\u00f4mage temporaire.<\/p>\n<p>La part des employ\u00e9s du secteur priv\u00e9 qui travaillent \u00e0 domicile a sensiblement \u00e9volu\u00e9 entre octobre et novembre. Alors qu\u2019en octobre, 22 % des employ\u00e9s alternaient entre travail sur site et travail \u00e0 domicile (c\u2019est-\u00e0-dire un \u00ab t\u00e9l\u00e9travail partiel \u00bb), ils ne sont plus que 9 % en novembre. Le t\u00e9l\u00e9travail \u00e0 temps plein \u00e9tant devenu la r\u00e8gle g\u00e9n\u00e9rale, la part des employ\u00e9s qui effectuent la totalit\u00e9 de leur travail \u00e0 domicile a progress\u00e9 de mani\u00e8re significative, passant de 21 % en octobre \u00e0 30 % en novembre. Accro\u00eetre le recours au t\u00e9l\u00e9travail n\u2019est toutefois pas possible pour toutes les entreprises, et le principal obstacle qui est avanc\u00e9 par les entreprises interrog\u00e9es reste la nature du travail (pour 57 % des r\u00e9pondants). Le manque d\u2019\u00e9quipements ou la formation insuffisante des employ\u00e9s restent des facteurs secondaires (cit\u00e9s respectivement par 6 et 2 % des r\u00e9pondants).\u00a0Les employ\u00e9s en cong\u00e9 de maladie ou en quarantaine repr\u00e9sentent 3,4 % de l\u2019emploi dans le secteur priv\u00e9, contre 3,2 % en octobre et 2,2 % en septembre. Ce pourcentage est clairement plus \u00e9lev\u00e9 dans les secteurs o\u00f9 le travail \u00e0 domicile est moins ais\u00e9.<\/p>\n<p><em>Source : nouvelle enqu\u00eate de l\u2019ERMG aupr\u00e8s des entreprises belges, r\u00e9alis\u00e9e la semaine derni\u00e8re par plusieurs f\u00e9d\u00e9rations d\u2019entreprises et d\u2019ind\u00e9pendants (BECI, UCM, UNIZO, UWE et VOKA). L\u2019initiative est coordonn\u00e9e par la BNB et par la FEB. Cette enqu\u00eate est la quinzi\u00e8me vague d\u2019une enqu\u00eate men\u00e9e depuis mars, dont l\u2019objectif est d\u2019\u00e9valuer l\u2019incidence de la crise du coronavirus et des mesures restrictives sur l\u2019activit\u00e9 \u00e9conomique et sur la sant\u00e9 financi\u00e8re des entreprises. Au total, 5 631 entreprises et ind\u00e9pendants ont r\u00e9pondu \u00e0 l\u2019enqu\u00eate cette semaine.<\/em><\/p>\n","protected":false},"excerpt":{"rendered":"<p>La perte de chiffre d\u2019affaires que subissent les entreprises belges \u00e0 la suite de la crise du coronavirus a augment\u00e9, pour atteindre 17 % en novembre. Ceci repr\u00e9sente une d\u00e9gradation de 3 points de pourcentage par rapport \u00e0 la p\u00e9riode [&hellip;]<\/p>\n","protected":false},"author":2,"featured_media":0,"comment_status":"closed","ping_status":"open","sticky":false,"template":"","format":"standard","meta":[],"categories":[65,10],"tags":[1412,502,2947,2997],"yoast_head":"<!-- This site is optimized with the Yoast SEO plugin v21.0 - https:\/\/yoast.com\/wordpress\/plugins\/seo\/ -->\n<title>L&#039;impact \u00e9conomique du lockdown semble limit\u00e9 pour l&#039;instant, mais les perspectives d&#039;avenir restent sombres. - Peoplesphere<\/title>\n<meta name=\"robots\" content=\"index, follow, max-snippet:-1, max-image-preview:large, max-video-preview:-1\" \/>\n<link rel=\"canonical\" href=\"https:\/\/peoplesphere.be\/fr\/limpact-economique-lockdown-semble-limite-linstant-perspectives-davenir-restent-sombres\/\" \/>\n<meta property=\"og:locale\" content=\"fr_FR\" \/>\n<meta property=\"og:type\" content=\"article\" \/>\n<meta property=\"og:title\" content=\"L&#039;impact \u00e9conomique du lockdown semble limit\u00e9 pour l&#039;instant, mais les perspectives d&#039;avenir restent sombres. - Peoplesphere\" \/>\n<meta property=\"og:description\" content=\"La perte de chiffre d\u2019affaires que subissent les entreprises belges \u00e0 la suite de la crise du coronavirus a augment\u00e9, pour atteindre 17 % en novembre. Ceci repr\u00e9sente une d\u00e9gradation de 3 points de pourcentage par rapport \u00e0 la p\u00e9riode [&hellip;]\" \/>\n<meta property=\"og:url\" content=\"https:\/\/peoplesphere.be\/fr\/limpact-economique-lockdown-semble-limite-linstant-perspectives-davenir-restent-sombres\/\" \/>\n<meta property=\"og:site_name\" content=\"Peoplesphere\" \/>\n<meta property=\"article:publisher\" content=\"https:\/\/www.facebook.com\/peoplesphere\" \/>\n<meta property=\"article:published_time\" content=\"2020-11-18T15:28:59+00:00\" \/>\n<meta property=\"og:image\" content=\"http:\/\/www.peoplesphere.be\/fr\/wp-content\/uploads\/2016\/07\/facebook-default-posting-1200x628px.jpg\" \/>\n<meta name=\"author\" content=\"Jean-Paul Erhard\" \/>\n<meta name=\"twitter:card\" content=\"summary_large_image\" \/>\n<meta name=\"twitter:creator\" content=\"@PeoplesphereMag\" \/>\n<meta name=\"twitter:site\" content=\"@PeoplesphereMag\" \/>\n<meta name=\"twitter:label1\" content=\"\u00c9crit par\" \/>\n\t<meta name=\"twitter:data1\" content=\"Jean-Paul Erhard\" \/>\n\t<meta name=\"twitter:label2\" content=\"Dur\u00e9e de lecture estim\u00e9e\" \/>\n\t<meta name=\"twitter:data2\" content=\"9 minutes\" \/>\n<script type=\"application\/ld+json\" class=\"yoast-schema-graph\">{\"@context\":\"https:\/\/schema.org\",\"@graph\":[{\"@type\":\"Article\",\"@id\":\"https:\/\/peoplesphere.be\/fr\/limpact-economique-lockdown-semble-limite-linstant-perspectives-davenir-restent-sombres\/#article\",\"isPartOf\":{\"@id\":\"https:\/\/peoplesphere.be\/fr\/limpact-economique-lockdown-semble-limite-linstant-perspectives-davenir-restent-sombres\/\"},\"author\":{\"name\":\"Jean-Paul Erhard\",\"@id\":\"https:\/\/peoplesphere.be\/fr\/#\/schema\/person\/7976225ff17988604334abb7b3536a7e\"},\"headline\":\"L&rsquo;impact \u00e9conomique du lockdown semble limit\u00e9 pour l&rsquo;instant, mais les perspectives d&rsquo;avenir restent sombres.\",\"datePublished\":\"2020-11-18T15:28:59+00:00\",\"dateModified\":\"2020-11-18T15:28:59+00:00\",\"mainEntityOfPage\":{\"@id\":\"https:\/\/peoplesphere.be\/fr\/limpact-economique-lockdown-semble-limite-linstant-perspectives-davenir-restent-sombres\/\"},\"wordCount\":1817,\"publisher\":{\"@id\":\"https:\/\/peoplesphere.be\/fr\/#organization\"},\"keywords\":[\"BNB\",\"ch\u00f4mage \u00e9conomique\",\"coronavirus\",\"ERMG\"],\"articleSection\":[\"Actualit\u00e9s\",\"Digital\"],\"inLanguage\":\"fr-FR\"},{\"@type\":\"WebPage\",\"@id\":\"https:\/\/peoplesphere.be\/fr\/limpact-economique-lockdown-semble-limite-linstant-perspectives-davenir-restent-sombres\/\",\"url\":\"https:\/\/peoplesphere.be\/fr\/limpact-economique-lockdown-semble-limite-linstant-perspectives-davenir-restent-sombres\/\",\"name\":\"L'impact \u00e9conomique du lockdown semble limit\u00e9 pour l'instant, mais les perspectives d'avenir restent sombres. - Peoplesphere\",\"isPartOf\":{\"@id\":\"https:\/\/peoplesphere.be\/fr\/#website\"},\"datePublished\":\"2020-11-18T15:28:59+00:00\",\"dateModified\":\"2020-11-18T15:28:59+00:00\",\"breadcrumb\":{\"@id\":\"https:\/\/peoplesphere.be\/fr\/limpact-economique-lockdown-semble-limite-linstant-perspectives-davenir-restent-sombres\/#breadcrumb\"},\"inLanguage\":\"fr-FR\",\"potentialAction\":[{\"@type\":\"ReadAction\",\"target\":[\"https:\/\/peoplesphere.be\/fr\/limpact-economique-lockdown-semble-limite-linstant-perspectives-davenir-restent-sombres\/\"]}]},{\"@type\":\"BreadcrumbList\",\"@id\":\"https:\/\/peoplesphere.be\/fr\/limpact-economique-lockdown-semble-limite-linstant-perspectives-davenir-restent-sombres\/#breadcrumb\",\"itemListElement\":[{\"@type\":\"ListItem\",\"position\":1,\"name\":\"Accueil\",\"item\":\"https:\/\/peoplesphere.be\/fr\/\"},{\"@type\":\"ListItem\",\"position\":2,\"name\":\"L&rsquo;impact \u00e9conomique du lockdown semble limit\u00e9 pour l&rsquo;instant, mais les perspectives d&rsquo;avenir restent sombres.\"}]},{\"@type\":\"WebSite\",\"@id\":\"https:\/\/peoplesphere.be\/fr\/#website\",\"url\":\"https:\/\/peoplesphere.be\/fr\/\",\"name\":\"Peoplesphere\",\"description\":\"The People Managers Magazine\",\"publisher\":{\"@id\":\"https:\/\/peoplesphere.be\/fr\/#organization\"},\"potentialAction\":[{\"@type\":\"SearchAction\",\"target\":{\"@type\":\"EntryPoint\",\"urlTemplate\":\"https:\/\/peoplesphere.be\/fr\/?s={search_term_string}\"},\"query-input\":\"required name=search_term_string\"}],\"inLanguage\":\"fr-FR\"},{\"@type\":\"Organization\",\"@id\":\"https:\/\/peoplesphere.be\/fr\/#organization\",\"name\":\"Peoplesphere Company srl\",\"url\":\"https:\/\/peoplesphere.be\/fr\/\",\"logo\":{\"@type\":\"ImageObject\",\"inLanguage\":\"fr-FR\",\"@id\":\"https:\/\/peoplesphere.be\/fr\/#\/schema\/logo\/image\/\",\"url\":\"https:\/\/peoplesphere.be\/fr\/wp-content\/uploads\/2023\/07\/peoplesphere-lgo-new-generik.jpg\",\"contentUrl\":\"https:\/\/peoplesphere.be\/fr\/wp-content\/uploads\/2023\/07\/peoplesphere-lgo-new-generik.jpg\",\"width\":1031,\"height\":1479,\"caption\":\"Peoplesphere Company srl\"},\"image\":{\"@id\":\"https:\/\/peoplesphere.be\/fr\/#\/schema\/logo\/image\/\"},\"sameAs\":[\"https:\/\/www.facebook.com\/peoplesphere\",\"https:\/\/twitter.com\/PeoplesphereMag\",\"https:\/\/www.linkedin.com\/company\/7587361?trk\",\"http:\/\/youtube.com\/peoplesphere\"]},{\"@type\":\"Person\",\"@id\":\"https:\/\/peoplesphere.be\/fr\/#\/schema\/person\/7976225ff17988604334abb7b3536a7e\",\"name\":\"Jean-Paul Erhard\",\"image\":{\"@type\":\"ImageObject\",\"inLanguage\":\"fr-FR\",\"@id\":\"https:\/\/peoplesphere.be\/fr\/#\/schema\/person\/image\/\",\"url\":\"https:\/\/secure.gravatar.com\/avatar\/f941e681460179738071629a51574930?s=96&d=mm&r=g\",\"contentUrl\":\"https:\/\/secure.gravatar.com\/avatar\/f941e681460179738071629a51574930?s=96&d=mm&r=g\",\"caption\":\"Jean-Paul Erhard\"},\"url\":\"https:\/\/peoplesphere.be\/fr\/author\/jpe\/\"}]}<\/script>\n<!-- \/ Yoast SEO plugin. -->","yoast_head_json":{"title":"L'impact \u00e9conomique du lockdown semble limit\u00e9 pour l'instant, mais les perspectives d'avenir restent sombres. - Peoplesphere","robots":{"index":"index","follow":"follow","max-snippet":"max-snippet:-1","max-image-preview":"max-image-preview:large","max-video-preview":"max-video-preview:-1"},"canonical":"https:\/\/peoplesphere.be\/fr\/limpact-economique-lockdown-semble-limite-linstant-perspectives-davenir-restent-sombres\/","og_locale":"fr_FR","og_type":"article","og_title":"L'impact \u00e9conomique du lockdown semble limit\u00e9 pour l'instant, mais les perspectives d'avenir restent sombres. - Peoplesphere","og_description":"La perte de chiffre d\u2019affaires que subissent les entreprises belges \u00e0 la suite de la crise du coronavirus a augment\u00e9, pour atteindre 17 % en novembre. Ceci repr\u00e9sente une d\u00e9gradation de 3 points de pourcentage par rapport \u00e0 la p\u00e9riode [&hellip;]","og_url":"https:\/\/peoplesphere.be\/fr\/limpact-economique-lockdown-semble-limite-linstant-perspectives-davenir-restent-sombres\/","og_site_name":"Peoplesphere","article_publisher":"https:\/\/www.facebook.com\/peoplesphere","article_published_time":"2020-11-18T15:28:59+00:00","og_image":[{"url":"http:\/\/www.peoplesphere.be\/fr\/wp-content\/uploads\/2016\/07\/facebook-default-posting-1200x628px.jpg"}],"author":"Jean-Paul Erhard","twitter_card":"summary_large_image","twitter_creator":"@PeoplesphereMag","twitter_site":"@PeoplesphereMag","twitter_misc":{"\u00c9crit par":"Jean-Paul Erhard","Dur\u00e9e de lecture estim\u00e9e":"9 minutes"},"schema":{"@context":"https:\/\/schema.org","@graph":[{"@type":"Article","@id":"https:\/\/peoplesphere.be\/fr\/limpact-economique-lockdown-semble-limite-linstant-perspectives-davenir-restent-sombres\/#article","isPartOf":{"@id":"https:\/\/peoplesphere.be\/fr\/limpact-economique-lockdown-semble-limite-linstant-perspectives-davenir-restent-sombres\/"},"author":{"name":"Jean-Paul Erhard","@id":"https:\/\/peoplesphere.be\/fr\/#\/schema\/person\/7976225ff17988604334abb7b3536a7e"},"headline":"L&rsquo;impact \u00e9conomique du lockdown semble limit\u00e9 pour l&rsquo;instant, mais les perspectives d&rsquo;avenir restent sombres.","datePublished":"2020-11-18T15:28:59+00:00","dateModified":"2020-11-18T15:28:59+00:00","mainEntityOfPage":{"@id":"https:\/\/peoplesphere.be\/fr\/limpact-economique-lockdown-semble-limite-linstant-perspectives-davenir-restent-sombres\/"},"wordCount":1817,"publisher":{"@id":"https:\/\/peoplesphere.be\/fr\/#organization"},"keywords":["BNB","ch\u00f4mage \u00e9conomique","coronavirus","ERMG"],"articleSection":["Actualit\u00e9s","Digital"],"inLanguage":"fr-FR"},{"@type":"WebPage","@id":"https:\/\/peoplesphere.be\/fr\/limpact-economique-lockdown-semble-limite-linstant-perspectives-davenir-restent-sombres\/","url":"https:\/\/peoplesphere.be\/fr\/limpact-economique-lockdown-semble-limite-linstant-perspectives-davenir-restent-sombres\/","name":"L'impact \u00e9conomique du lockdown semble limit\u00e9 pour l'instant, mais les perspectives d'avenir restent sombres. - Peoplesphere","isPartOf":{"@id":"https:\/\/peoplesphere.be\/fr\/#website"},"datePublished":"2020-11-18T15:28:59+00:00","dateModified":"2020-11-18T15:28:59+00:00","breadcrumb":{"@id":"https:\/\/peoplesphere.be\/fr\/limpact-economique-lockdown-semble-limite-linstant-perspectives-davenir-restent-sombres\/#breadcrumb"},"inLanguage":"fr-FR","potentialAction":[{"@type":"ReadAction","target":["https:\/\/peoplesphere.be\/fr\/limpact-economique-lockdown-semble-limite-linstant-perspectives-davenir-restent-sombres\/"]}]},{"@type":"BreadcrumbList","@id":"https:\/\/peoplesphere.be\/fr\/limpact-economique-lockdown-semble-limite-linstant-perspectives-davenir-restent-sombres\/#breadcrumb","itemListElement":[{"@type":"ListItem","position":1,"name":"Accueil","item":"https:\/\/peoplesphere.be\/fr\/"},{"@type":"ListItem","position":2,"name":"L&rsquo;impact \u00e9conomique du lockdown semble limit\u00e9 pour l&rsquo;instant, mais les perspectives d&rsquo;avenir restent sombres."}]},{"@type":"WebSite","@id":"https:\/\/peoplesphere.be\/fr\/#website","url":"https:\/\/peoplesphere.be\/fr\/","name":"Peoplesphere","description":"The People Managers Magazine","publisher":{"@id":"https:\/\/peoplesphere.be\/fr\/#organization"},"potentialAction":[{"@type":"SearchAction","target":{"@type":"EntryPoint","urlTemplate":"https:\/\/peoplesphere.be\/fr\/?s={search_term_string}"},"query-input":"required name=search_term_string"}],"inLanguage":"fr-FR"},{"@type":"Organization","@id":"https:\/\/peoplesphere.be\/fr\/#organization","name":"Peoplesphere Company srl","url":"https:\/\/peoplesphere.be\/fr\/","logo":{"@type":"ImageObject","inLanguage":"fr-FR","@id":"https:\/\/peoplesphere.be\/fr\/#\/schema\/logo\/image\/","url":"https:\/\/peoplesphere.be\/fr\/wp-content\/uploads\/2023\/07\/peoplesphere-lgo-new-generik.jpg","contentUrl":"https:\/\/peoplesphere.be\/fr\/wp-content\/uploads\/2023\/07\/peoplesphere-lgo-new-generik.jpg","width":1031,"height":1479,"caption":"Peoplesphere Company srl"},"image":{"@id":"https:\/\/peoplesphere.be\/fr\/#\/schema\/logo\/image\/"},"sameAs":["https:\/\/www.facebook.com\/peoplesphere","https:\/\/twitter.com\/PeoplesphereMag","https:\/\/www.linkedin.com\/company\/7587361?trk","http:\/\/youtube.com\/peoplesphere"]},{"@type":"Person","@id":"https:\/\/peoplesphere.be\/fr\/#\/schema\/person\/7976225ff17988604334abb7b3536a7e","name":"Jean-Paul Erhard","image":{"@type":"ImageObject","inLanguage":"fr-FR","@id":"https:\/\/peoplesphere.be\/fr\/#\/schema\/person\/image\/","url":"https:\/\/secure.gravatar.com\/avatar\/f941e681460179738071629a51574930?s=96&d=mm&r=g","contentUrl":"https:\/\/secure.gravatar.com\/avatar\/f941e681460179738071629a51574930?s=96&d=mm&r=g","caption":"Jean-Paul Erhard"},"url":"https:\/\/peoplesphere.be\/fr\/author\/jpe\/"}]}},"_links":{"self":[{"href":"https:\/\/peoplesphere.be\/fr\/wp-json\/wp\/v2\/posts\/10421"}],"collection":[{"href":"https:\/\/peoplesphere.be\/fr\/wp-json\/wp\/v2\/posts"}],"about":[{"href":"https:\/\/peoplesphere.be\/fr\/wp-json\/wp\/v2\/types\/post"}],"author":[{"embeddable":true,"href":"https:\/\/peoplesphere.be\/fr\/wp-json\/wp\/v2\/users\/2"}],"replies":[{"embeddable":true,"href":"https:\/\/peoplesphere.be\/fr\/wp-json\/wp\/v2\/comments?post=10421"}],"version-history":[{"count":1,"href":"https:\/\/peoplesphere.be\/fr\/wp-json\/wp\/v2\/posts\/10421\/revisions"}],"predecessor-version":[{"id":10422,"href":"https:\/\/peoplesphere.be\/fr\/wp-json\/wp\/v2\/posts\/10421\/revisions\/10422"}],"wp:attachment":[{"href":"https:\/\/peoplesphere.be\/fr\/wp-json\/wp\/v2\/media?parent=10421"}],"wp:term":[{"taxonomy":"category","embeddable":true,"href":"https:\/\/peoplesphere.be\/fr\/wp-json\/wp\/v2\/categories?post=10421"},{"taxonomy":"post_tag","embeddable":true,"href":"https:\/\/peoplesphere.be\/fr\/wp-json\/wp\/v2\/tags?post=10421"}],"curies":[{"name":"wp","href":"https:\/\/api.w.org\/{rel}","templated":true}]}}