









{"id":10423,"date":"2020-11-19T06:07:17","date_gmt":"2020-11-19T04:07:17","guid":{"rendered":"https:\/\/peoplesphere.be\/fr\/?p=10423"},"modified":"2020-11-19T06:08:11","modified_gmt":"2020-11-19T04:08:11","slug":"selon-statistiques-officielles-marche-travail-345-de-population-active-beneficiait-travail-a-domicile-septembre","status":"publish","type":"post","link":"https:\/\/peoplesphere.be\/fr\/selon-statistiques-officielles-marche-travail-345-de-population-active-beneficiait-travail-a-domicile-septembre\/","title":{"rendered":"Selon les statistiques officielles du march\u00e9 du travail, 34,5% de la population active b\u00e9n\u00e9ficiait du travail \u00e0 domicile en septembre."},"content":{"rendered":"<p>En mettant rapidement \u00e0 disposition une s\u00e9rie de chiffres indicatifs, Statbel contribue \u00e0 l\u2019analyse de l\u2019impact de la crise du Covid-19 sur le march\u00e9 du travail. L&rsquo;augmentation du nombre de personnes occup\u00e9es entre ao\u00fbt et septembre de cette ann\u00e9e est presque enti\u00e8rement \u00e0 mettre \u00e0 l\u2019actif des hommes. Nous constatons surtout une forte augmentation du nombre de salari\u00e9s, un groupe qui avait fortement diminu\u00e9 en ao\u00fbt. Les chiffres provisoires de septembre indiquent une reprise. Le nombre de personnes occup\u00e9es se situe \u00e0 peu pr\u00e8s au m\u00eame niveau qu\u2019en septembre de l\u2019ann\u00e9e derni\u00e8re.<!--more--><\/p>\n<p>Le taux d&#8217;emploi des 20-64 ans est estim\u00e9 \u00e0 70% en septembre, contre 68,5% en ao\u00fbt de cette ann\u00e9e et 70,1% en septembre de l&rsquo;ann\u00e9e derni\u00e8re. Entre ao\u00fbt et septembre de cette ann\u00e9e, le taux d&#8217;emploi augmente dans les 3 r\u00e9gions, et le plus fortement en Flandre. Le taux d\u2019emploi des 20-64 ans est estim\u00e9 en septembre \u00e0 61,8% \u00e0 Bruxelles, 74,5% en Flandre et 64,9% en Wallonie.<\/p>\n<p>Le taux de ch\u00f4mage BIT des 15 \u00e0 64 ans, qui affichait encore une tendance baissi\u00e8re durant les mois de mars et d\u2019avril, a commenc\u00e9 \u00e0 augmenter \u00e0 partir du mois de mai. En juillet, le taux de ch\u00f4mage BIT a brusquement augment\u00e9, passant de 5,4% \u00e0 6,7%. En ao\u00fbt, ce chiffre avait encore l\u00e9g\u00e8rement augment\u00e9 pour atteindre 6,8%, mais en septembre, il est retomb\u00e9 \u00e0 6,3%. N\u00e9anmoins, il reste bien sup\u00e9rieur au niveau de septembre de l&rsquo;ann\u00e9e derni\u00e8re. 5,6% de la population active \u00e9tait alors au ch\u00f4mage. Le taux de ch\u00f4mage des 15-64 ans s\u2019\u00e9l\u00e8ve \u00e0 15,1% \u00e0 Bruxelles, 4,0% en Flandre et 7,5% en Wallonie.<\/p>\n<p><strong><em>Forte diminution du nombre d\u2019inactifs<\/em><\/strong><\/p>\n<p>En ao\u00fbt, nous avions constat\u00e9 une forte augmentation du nombre de personnes inactives. Un mois plus tard, le nombre d&rsquo;inactifs repart \u00e0 la baisse. En septembre, 4.309.000 personnes \u00e9taient inactives contre 4.396.000 en ao\u00fbt. Par rapport \u00e0 septembre de l&rsquo;ann\u00e9e derni\u00e8re, nous constatons que le nombre total de personnes inactives diff\u00e8re peu, mais il y a maintenant moins d&rsquo;hommes inactifs et plus de femmes inactives qu&rsquo;il y a un an. Par rapport \u00e0 l&rsquo;ann\u00e9e derni\u00e8re, nous constatons \u00e9galement une augmentation frappante du nombre de personnes inactives dans le groupe des personnes moyennement qualifi\u00e9es (dipl\u00f4me de l&rsquo;enseignement secondaire sup\u00e9rieur).<\/p>\n<p><strong><em>13,4% des personnes occup\u00e9es n\u2019ont pas travaill\u00e9 ou moins que d&rsquo;habitude<\/em><\/strong><\/p>\n<p>L\u2019impact de la crise sur la dur\u00e9e du travail a \u00e9t\u00e9 encore plus important en avril et en mai qu\u2019en mars, o\u00f9 la population n\u2019avait \u00e9t\u00e9 confin\u00e9e que pendant deux des quatre semaines de r\u00e9f\u00e9rence. En avril 2020, plus de 44% des personnes occup\u00e9es avaient moins travaill\u00e9 que d\u2019habitude ou pas du tout travaill\u00e9 pendant la semaine de r\u00e9f\u00e9rence sur laquelle elles \u00e9taient interrog\u00e9es. Cela concernait 2,1 millions de personnes occup\u00e9es. Au mois de mai, nous avions d\u00e9j\u00e0 pu observer un premier effet positif des assouplissements intervenus et ce chiffre avait recul\u00e9 \u00e0 quelque 1,6 million. Au mois de juin, ce nombre a poursuivi sa baisse pour atteindre 1,1 million de personnes occup\u00e9es. En juillet et en ao\u00fbt, le nombre de personnes occup\u00e9es qui d\u00e9clarent ne pas avoir travaill\u00e9 ou moins que d&rsquo;habitude grimpe \u00e0 nouveau \u00e0 respectivement 1,6 et 1,5 million mais la p\u00e9riode des vacances joue un r\u00f4le important dans cette augmentation. En septembre, le nombre de personnes occup\u00e9es qui n\u2019ont pas travaill\u00e9 ou moins que d&rsquo;habitude tombe \u00e0 645.000 personnes, soit 13,4% du nombre de personnes occup\u00e9es. Ce pourcentage est encore l\u00e9g\u00e8rement sup\u00e9rieur \u00e0 celui de septembre dernier (12,6%).<\/p>\n<p>Pour les personnes qui n&rsquo;ont pas travaill\u00e9 pendant la semaine de r\u00e9f\u00e9rence (404.000 personnes), les vacances sont la principale raison de ne pas avoir travaill\u00e9 (146.000 personnes), suivies par la maladie (134.000 personnes). Environ 25.000 personnes n\u2019ont pas travaill\u00e9 car elles \u00e9taient au ch\u00f4mage temporaire. En ao\u00fbt, elles \u00e9taient encore au nombre de 58.000.<\/p>\n<p>Les vacances sont \u00e9galement la principale raison (66.000 personnes) dans le groupe des personnes occup\u00e9es qui indiquent avoir travaill\u00e9 moins pendant la semaine de r\u00e9f\u00e9rence (241.000 personnes). Vient ensuite le ch\u00f4mage temporaire avec environ 47.000 personnes, ce qui repr\u00e9sente une l\u00e9g\u00e8re baisse par rapport au mois d&rsquo;ao\u00fbt.<\/p>\n<p><strong><em>La dur\u00e9e effective moyenne du travail par semaine diff\u00e8re \u00e0 peine de celle de septembre de l\u2019an dernier<\/em><\/strong><\/p>\n<p>En septembre, les personnes occup\u00e9es ont prest\u00e9 en moyenne 32,8 heures par semaine dans leur emploi principal. En septembre de l\u2019an dernier, ce chiffre \u00e9tait de 33,1 heures par semaine.<\/p>\n<p><strong><em>34,5% des personnes occup\u00e9es travaillent \u00e0 domicile, soit pr\u00e8s de 10 points de pourcentage de plus que l&rsquo;ann\u00e9e derni\u00e8re<\/em><\/strong><\/p>\n<p>Pour la premi\u00e8re fois, Statbel publie des chiffres mensuels sur le travail \u00e0 domicile. Depuis le d\u00e9but de la crise, le pourcentage de personnes occup\u00e9es qui travaillent parfois ou habituellement \u00e0 domicile d\u00e9passe nettement les 30. Le pourcentage est de 34,5% en septembre. Un an plus t\u00f4t, 24,7% des personnes occup\u00e9es travaillaient parfois ou habituellement \u00e0 domicile. Le pourcentage de femmes qui ont travaill\u00e9 \u00e0 domicile (37,4%) en septembre de cette ann\u00e9e est nettement sup\u00e9rieur \u00e0 celui de leurs coll\u00e8gues masculins (31,9%). Le travail \u00e0 domicile est le plus fr\u00e9quent parmi les personnes occup\u00e9es qui exercent leur emploi \u00e0 Bruxelles (51,3%) et ce pourcentage est beaucoup plus \u00e9lev\u00e9 que pour les personnes dont le lieu de travail se situe en Flandre (33,2%) ou en Wallonie (27,1%).<\/p>\n<p>Les ind\u00e9pendants travaillent plus souvent \u00e0 domicile que les salari\u00e9s. 60,2% des travailleurs ind\u00e9pendants travaillent parfois ou habituellement \u00e0 domicile, contre 44,1 % des salari\u00e9s du secteur public et 24,9 % des salari\u00e9s du secteur priv\u00e9.<\/p>\n<p>En septembre, 32,3 % des travailleurs \u00e0 domicile ont indiqu\u00e9 qu&rsquo;ils avaient fait du travail \u00e0 domicile pour la premi\u00e8re fois pendant la crise du Covid. Ce pourcentage est plus \u00e9lev\u00e9 chez les femmes que chez les hommes. 41,3% des travailleurs \u00e0 domicile travaillaient d\u00e9j\u00e0 \u00e0 domicile auparavant mais l&rsquo;ont fait davantage pendant la crise du Covid et, pour 26,4%, la crise du Covid n&rsquo;a pas impact\u00e9 la proportion de travail \u00e0 domicile.<\/p>\n<p><em>Source: Statbel<\/em><\/p>\n","protected":false},"excerpt":{"rendered":"<p>En mettant rapidement \u00e0 disposition une s\u00e9rie de chiffres indicatifs, Statbel contribue \u00e0 l\u2019analyse de l\u2019impact de la crise du Covid-19 sur le march\u00e9 du travail. L&rsquo;augmentation du nombre de personnes occup\u00e9es entre ao\u00fbt et septembre de cette ann\u00e9e est [&hellip;]<\/p>\n","protected":false},"author":2,"featured_media":10425,"comment_status":"closed","ping_status":"open","sticky":false,"template":"","format":"standard","meta":[],"categories":[65,10],"tags":[92,2283,44,394,1164],"yoast_head":"<!-- This site is optimized with the Yoast SEO plugin v21.0 - https:\/\/yoast.com\/wordpress\/plugins\/seo\/ -->\n<title>Selon les statistiques officielles du march\u00e9 du travail, 34,5% de la population active b\u00e9n\u00e9ficiait du travail \u00e0 domicile en septembre. - Peoplesphere<\/title>\n<meta name=\"robots\" content=\"index, follow, max-snippet:-1, max-image-preview:large, max-video-preview:-1\" \/>\n<link rel=\"canonical\" href=\"https:\/\/peoplesphere.be\/fr\/selon-statistiques-officielles-marche-travail-345-de-population-active-beneficiait-travail-a-domicile-septembre\/\" \/>\n<meta property=\"og:locale\" content=\"fr_FR\" \/>\n<meta property=\"og:type\" content=\"article\" \/>\n<meta property=\"og:title\" content=\"Selon les statistiques officielles du march\u00e9 du travail, 34,5% de la population active b\u00e9n\u00e9ficiait du travail \u00e0 domicile en septembre. - Peoplesphere\" \/>\n<meta property=\"og:description\" content=\"En mettant rapidement \u00e0 disposition une s\u00e9rie de chiffres indicatifs, Statbel contribue \u00e0 l\u2019analyse de l\u2019impact de la crise du Covid-19 sur le march\u00e9 du travail. L&rsquo;augmentation du nombre de personnes occup\u00e9es entre ao\u00fbt et septembre de cette ann\u00e9e est [&hellip;]\" \/>\n<meta property=\"og:url\" content=\"https:\/\/peoplesphere.be\/fr\/selon-statistiques-officielles-marche-travail-345-de-population-active-beneficiait-travail-a-domicile-septembre\/\" \/>\n<meta property=\"og:site_name\" content=\"Peoplesphere\" \/>\n<meta property=\"article:publisher\" content=\"https:\/\/www.facebook.com\/peoplesphere\" \/>\n<meta property=\"article:published_time\" content=\"2020-11-19T04:07:17+00:00\" \/>\n<meta property=\"article:modified_time\" content=\"2020-11-19T04:08:11+00:00\" \/>\n<meta property=\"og:image\" content=\"https:\/\/peoplesphere.be\/fr\/wp-content\/uploads\/2020\/11\/AdobeStock_354244741.jpeg\" \/>\n\t<meta property=\"og:image:width\" content=\"430\" \/>\n\t<meta property=\"og:image:height\" content=\"274\" \/>\n\t<meta property=\"og:image:type\" content=\"image\/jpeg\" \/>\n<meta name=\"author\" content=\"Jean-Paul Erhard\" \/>\n<meta name=\"twitter:card\" content=\"summary_large_image\" \/>\n<meta name=\"twitter:creator\" content=\"@PeoplesphereMag\" \/>\n<meta name=\"twitter:site\" content=\"@PeoplesphereMag\" \/>\n<meta name=\"twitter:label1\" content=\"\u00c9crit par\" \/>\n\t<meta name=\"twitter:data1\" content=\"Jean-Paul Erhard\" \/>\n\t<meta name=\"twitter:label2\" content=\"Dur\u00e9e de lecture estim\u00e9e\" \/>\n\t<meta name=\"twitter:data2\" content=\"5 minutes\" \/>\n<script type=\"application\/ld+json\" class=\"yoast-schema-graph\">{\"@context\":\"https:\/\/schema.org\",\"@graph\":[{\"@type\":\"Article\",\"@id\":\"https:\/\/peoplesphere.be\/fr\/selon-statistiques-officielles-marche-travail-345-de-population-active-beneficiait-travail-a-domicile-septembre\/#article\",\"isPartOf\":{\"@id\":\"https:\/\/peoplesphere.be\/fr\/selon-statistiques-officielles-marche-travail-345-de-population-active-beneficiait-travail-a-domicile-septembre\/\"},\"author\":{\"name\":\"Jean-Paul Erhard\",\"@id\":\"https:\/\/peoplesphere.be\/fr\/#\/schema\/person\/7976225ff17988604334abb7b3536a7e\"},\"headline\":\"Selon les statistiques officielles du march\u00e9 du travail, 34,5% de la population active b\u00e9n\u00e9ficiait du travail \u00e0 domicile en septembre.\",\"datePublished\":\"2020-11-19T04:07:17+00:00\",\"dateModified\":\"2020-11-19T04:08:11+00:00\",\"mainEntityOfPage\":{\"@id\":\"https:\/\/peoplesphere.be\/fr\/selon-statistiques-officielles-marche-travail-345-de-population-active-beneficiait-travail-a-domicile-septembre\/\"},\"wordCount\":1019,\"publisher\":{\"@id\":\"https:\/\/peoplesphere.be\/fr\/#organization\"},\"keywords\":[\"ch\u00f4mage\",\"statbel\",\"Statistiques\",\"taux d'emploi\",\"travail \u00e0 domicile\"],\"articleSection\":[\"Actualit\u00e9s\",\"Digital\"],\"inLanguage\":\"fr-FR\"},{\"@type\":\"WebPage\",\"@id\":\"https:\/\/peoplesphere.be\/fr\/selon-statistiques-officielles-marche-travail-345-de-population-active-beneficiait-travail-a-domicile-septembre\/\",\"url\":\"https:\/\/peoplesphere.be\/fr\/selon-statistiques-officielles-marche-travail-345-de-population-active-beneficiait-travail-a-domicile-septembre\/\",\"name\":\"Selon les statistiques officielles du march\u00e9 du travail, 34,5% de la population active b\u00e9n\u00e9ficiait du travail \u00e0 domicile en septembre. - Peoplesphere\",\"isPartOf\":{\"@id\":\"https:\/\/peoplesphere.be\/fr\/#website\"},\"datePublished\":\"2020-11-19T04:07:17+00:00\",\"dateModified\":\"2020-11-19T04:08:11+00:00\",\"breadcrumb\":{\"@id\":\"https:\/\/peoplesphere.be\/fr\/selon-statistiques-officielles-marche-travail-345-de-population-active-beneficiait-travail-a-domicile-septembre\/#breadcrumb\"},\"inLanguage\":\"fr-FR\",\"potentialAction\":[{\"@type\":\"ReadAction\",\"target\":[\"https:\/\/peoplesphere.be\/fr\/selon-statistiques-officielles-marche-travail-345-de-population-active-beneficiait-travail-a-domicile-septembre\/\"]}]},{\"@type\":\"BreadcrumbList\",\"@id\":\"https:\/\/peoplesphere.be\/fr\/selon-statistiques-officielles-marche-travail-345-de-population-active-beneficiait-travail-a-domicile-septembre\/#breadcrumb\",\"itemListElement\":[{\"@type\":\"ListItem\",\"position\":1,\"name\":\"Accueil\",\"item\":\"https:\/\/peoplesphere.be\/fr\/\"},{\"@type\":\"ListItem\",\"position\":2,\"name\":\"Selon les statistiques officielles du march\u00e9 du travail, 34,5% de la population active b\u00e9n\u00e9ficiait du travail \u00e0 domicile en septembre.\"}]},{\"@type\":\"WebSite\",\"@id\":\"https:\/\/peoplesphere.be\/fr\/#website\",\"url\":\"https:\/\/peoplesphere.be\/fr\/\",\"name\":\"Peoplesphere\",\"description\":\"The People Managers Magazine\",\"publisher\":{\"@id\":\"https:\/\/peoplesphere.be\/fr\/#organization\"},\"potentialAction\":[{\"@type\":\"SearchAction\",\"target\":{\"@type\":\"EntryPoint\",\"urlTemplate\":\"https:\/\/peoplesphere.be\/fr\/?s={search_term_string}\"},\"query-input\":\"required name=search_term_string\"}],\"inLanguage\":\"fr-FR\"},{\"@type\":\"Organization\",\"@id\":\"https:\/\/peoplesphere.be\/fr\/#organization\",\"name\":\"Peoplesphere Company srl\",\"url\":\"https:\/\/peoplesphere.be\/fr\/\",\"logo\":{\"@type\":\"ImageObject\",\"inLanguage\":\"fr-FR\",\"@id\":\"https:\/\/peoplesphere.be\/fr\/#\/schema\/logo\/image\/\",\"url\":\"https:\/\/peoplesphere.be\/fr\/wp-content\/uploads\/2023\/07\/peoplesphere-lgo-new-generik.jpg\",\"contentUrl\":\"https:\/\/peoplesphere.be\/fr\/wp-content\/uploads\/2023\/07\/peoplesphere-lgo-new-generik.jpg\",\"width\":1031,\"height\":1479,\"caption\":\"Peoplesphere Company srl\"},\"image\":{\"@id\":\"https:\/\/peoplesphere.be\/fr\/#\/schema\/logo\/image\/\"},\"sameAs\":[\"https:\/\/www.facebook.com\/peoplesphere\",\"https:\/\/twitter.com\/PeoplesphereMag\",\"https:\/\/www.linkedin.com\/company\/7587361?trk\",\"http:\/\/youtube.com\/peoplesphere\"]},{\"@type\":\"Person\",\"@id\":\"https:\/\/peoplesphere.be\/fr\/#\/schema\/person\/7976225ff17988604334abb7b3536a7e\",\"name\":\"Jean-Paul Erhard\",\"image\":{\"@type\":\"ImageObject\",\"inLanguage\":\"fr-FR\",\"@id\":\"https:\/\/peoplesphere.be\/fr\/#\/schema\/person\/image\/\",\"url\":\"https:\/\/secure.gravatar.com\/avatar\/f941e681460179738071629a51574930?s=96&d=mm&r=g\",\"contentUrl\":\"https:\/\/secure.gravatar.com\/avatar\/f941e681460179738071629a51574930?s=96&d=mm&r=g\",\"caption\":\"Jean-Paul Erhard\"},\"url\":\"https:\/\/peoplesphere.be\/fr\/author\/jpe\/\"}]}<\/script>\n<!-- \/ Yoast SEO plugin. -->","yoast_head_json":{"title":"Selon les statistiques officielles du march\u00e9 du travail, 34,5% de la population active b\u00e9n\u00e9ficiait du travail \u00e0 domicile en septembre. - Peoplesphere","robots":{"index":"index","follow":"follow","max-snippet":"max-snippet:-1","max-image-preview":"max-image-preview:large","max-video-preview":"max-video-preview:-1"},"canonical":"https:\/\/peoplesphere.be\/fr\/selon-statistiques-officielles-marche-travail-345-de-population-active-beneficiait-travail-a-domicile-septembre\/","og_locale":"fr_FR","og_type":"article","og_title":"Selon les statistiques officielles du march\u00e9 du travail, 34,5% de la population active b\u00e9n\u00e9ficiait du travail \u00e0 domicile en septembre. - Peoplesphere","og_description":"En mettant rapidement \u00e0 disposition une s\u00e9rie de chiffres indicatifs, Statbel contribue \u00e0 l\u2019analyse de l\u2019impact de la crise du Covid-19 sur le march\u00e9 du travail. L&rsquo;augmentation du nombre de personnes occup\u00e9es entre ao\u00fbt et septembre de cette ann\u00e9e est [&hellip;]","og_url":"https:\/\/peoplesphere.be\/fr\/selon-statistiques-officielles-marche-travail-345-de-population-active-beneficiait-travail-a-domicile-septembre\/","og_site_name":"Peoplesphere","article_publisher":"https:\/\/www.facebook.com\/peoplesphere","article_published_time":"2020-11-19T04:07:17+00:00","article_modified_time":"2020-11-19T04:08:11+00:00","og_image":[{"width":430,"height":274,"url":"https:\/\/peoplesphere.be\/fr\/wp-content\/uploads\/2020\/11\/AdobeStock_354244741.jpeg","type":"image\/jpeg"}],"author":"Jean-Paul Erhard","twitter_card":"summary_large_image","twitter_creator":"@PeoplesphereMag","twitter_site":"@PeoplesphereMag","twitter_misc":{"\u00c9crit par":"Jean-Paul Erhard","Dur\u00e9e de lecture estim\u00e9e":"5 minutes"},"schema":{"@context":"https:\/\/schema.org","@graph":[{"@type":"Article","@id":"https:\/\/peoplesphere.be\/fr\/selon-statistiques-officielles-marche-travail-345-de-population-active-beneficiait-travail-a-domicile-septembre\/#article","isPartOf":{"@id":"https:\/\/peoplesphere.be\/fr\/selon-statistiques-officielles-marche-travail-345-de-population-active-beneficiait-travail-a-domicile-septembre\/"},"author":{"name":"Jean-Paul Erhard","@id":"https:\/\/peoplesphere.be\/fr\/#\/schema\/person\/7976225ff17988604334abb7b3536a7e"},"headline":"Selon les statistiques officielles du march\u00e9 du travail, 34,5% de la population active b\u00e9n\u00e9ficiait du travail \u00e0 domicile en septembre.","datePublished":"2020-11-19T04:07:17+00:00","dateModified":"2020-11-19T04:08:11+00:00","mainEntityOfPage":{"@id":"https:\/\/peoplesphere.be\/fr\/selon-statistiques-officielles-marche-travail-345-de-population-active-beneficiait-travail-a-domicile-septembre\/"},"wordCount":1019,"publisher":{"@id":"https:\/\/peoplesphere.be\/fr\/#organization"},"keywords":["ch\u00f4mage","statbel","Statistiques","taux d'emploi","travail \u00e0 domicile"],"articleSection":["Actualit\u00e9s","Digital"],"inLanguage":"fr-FR"},{"@type":"WebPage","@id":"https:\/\/peoplesphere.be\/fr\/selon-statistiques-officielles-marche-travail-345-de-population-active-beneficiait-travail-a-domicile-septembre\/","url":"https:\/\/peoplesphere.be\/fr\/selon-statistiques-officielles-marche-travail-345-de-population-active-beneficiait-travail-a-domicile-septembre\/","name":"Selon les statistiques officielles du march\u00e9 du travail, 34,5% de la population active b\u00e9n\u00e9ficiait du travail \u00e0 domicile en septembre. - Peoplesphere","isPartOf":{"@id":"https:\/\/peoplesphere.be\/fr\/#website"},"datePublished":"2020-11-19T04:07:17+00:00","dateModified":"2020-11-19T04:08:11+00:00","breadcrumb":{"@id":"https:\/\/peoplesphere.be\/fr\/selon-statistiques-officielles-marche-travail-345-de-population-active-beneficiait-travail-a-domicile-septembre\/#breadcrumb"},"inLanguage":"fr-FR","potentialAction":[{"@type":"ReadAction","target":["https:\/\/peoplesphere.be\/fr\/selon-statistiques-officielles-marche-travail-345-de-population-active-beneficiait-travail-a-domicile-septembre\/"]}]},{"@type":"BreadcrumbList","@id":"https:\/\/peoplesphere.be\/fr\/selon-statistiques-officielles-marche-travail-345-de-population-active-beneficiait-travail-a-domicile-septembre\/#breadcrumb","itemListElement":[{"@type":"ListItem","position":1,"name":"Accueil","item":"https:\/\/peoplesphere.be\/fr\/"},{"@type":"ListItem","position":2,"name":"Selon les statistiques officielles du march\u00e9 du travail, 34,5% de la population active b\u00e9n\u00e9ficiait du travail \u00e0 domicile en septembre."}]},{"@type":"WebSite","@id":"https:\/\/peoplesphere.be\/fr\/#website","url":"https:\/\/peoplesphere.be\/fr\/","name":"Peoplesphere","description":"The People Managers Magazine","publisher":{"@id":"https:\/\/peoplesphere.be\/fr\/#organization"},"potentialAction":[{"@type":"SearchAction","target":{"@type":"EntryPoint","urlTemplate":"https:\/\/peoplesphere.be\/fr\/?s={search_term_string}"},"query-input":"required name=search_term_string"}],"inLanguage":"fr-FR"},{"@type":"Organization","@id":"https:\/\/peoplesphere.be\/fr\/#organization","name":"Peoplesphere Company srl","url":"https:\/\/peoplesphere.be\/fr\/","logo":{"@type":"ImageObject","inLanguage":"fr-FR","@id":"https:\/\/peoplesphere.be\/fr\/#\/schema\/logo\/image\/","url":"https:\/\/peoplesphere.be\/fr\/wp-content\/uploads\/2023\/07\/peoplesphere-lgo-new-generik.jpg","contentUrl":"https:\/\/peoplesphere.be\/fr\/wp-content\/uploads\/2023\/07\/peoplesphere-lgo-new-generik.jpg","width":1031,"height":1479,"caption":"Peoplesphere Company srl"},"image":{"@id":"https:\/\/peoplesphere.be\/fr\/#\/schema\/logo\/image\/"},"sameAs":["https:\/\/www.facebook.com\/peoplesphere","https:\/\/twitter.com\/PeoplesphereMag","https:\/\/www.linkedin.com\/company\/7587361?trk","http:\/\/youtube.com\/peoplesphere"]},{"@type":"Person","@id":"https:\/\/peoplesphere.be\/fr\/#\/schema\/person\/7976225ff17988604334abb7b3536a7e","name":"Jean-Paul Erhard","image":{"@type":"ImageObject","inLanguage":"fr-FR","@id":"https:\/\/peoplesphere.be\/fr\/#\/schema\/person\/image\/","url":"https:\/\/secure.gravatar.com\/avatar\/f941e681460179738071629a51574930?s=96&d=mm&r=g","contentUrl":"https:\/\/secure.gravatar.com\/avatar\/f941e681460179738071629a51574930?s=96&d=mm&r=g","caption":"Jean-Paul Erhard"},"url":"https:\/\/peoplesphere.be\/fr\/author\/jpe\/"}]}},"_links":{"self":[{"href":"https:\/\/peoplesphere.be\/fr\/wp-json\/wp\/v2\/posts\/10423"}],"collection":[{"href":"https:\/\/peoplesphere.be\/fr\/wp-json\/wp\/v2\/posts"}],"about":[{"href":"https:\/\/peoplesphere.be\/fr\/wp-json\/wp\/v2\/types\/post"}],"author":[{"embeddable":true,"href":"https:\/\/peoplesphere.be\/fr\/wp-json\/wp\/v2\/users\/2"}],"replies":[{"embeddable":true,"href":"https:\/\/peoplesphere.be\/fr\/wp-json\/wp\/v2\/comments?post=10423"}],"version-history":[{"count":1,"href":"https:\/\/peoplesphere.be\/fr\/wp-json\/wp\/v2\/posts\/10423\/revisions"}],"predecessor-version":[{"id":10424,"href":"https:\/\/peoplesphere.be\/fr\/wp-json\/wp\/v2\/posts\/10423\/revisions\/10424"}],"wp:featuredmedia":[{"embeddable":true,"href":"https:\/\/peoplesphere.be\/fr\/wp-json\/wp\/v2\/media\/10425"}],"wp:attachment":[{"href":"https:\/\/peoplesphere.be\/fr\/wp-json\/wp\/v2\/media?parent=10423"}],"wp:term":[{"taxonomy":"category","embeddable":true,"href":"https:\/\/peoplesphere.be\/fr\/wp-json\/wp\/v2\/categories?post=10423"},{"taxonomy":"post_tag","embeddable":true,"href":"https:\/\/peoplesphere.be\/fr\/wp-json\/wp\/v2\/tags?post=10423"}],"curies":[{"name":"wp","href":"https:\/\/api.w.org\/{rel}","templated":true}]}}