









{"id":10455,"date":"2020-11-25T15:03:04","date_gmt":"2020-11-25T13:03:04","guid":{"rendered":"https:\/\/peoplesphere.be\/fr\/?p=10455"},"modified":"2020-11-25T15:03:04","modified_gmt":"2020-11-25T13:03:04","slug":"linterim-reprend-doucement-a-niveau-pourtant-inferieur-de-8-rapport-a-lannee-derniere","status":"publish","type":"post","link":"https:\/\/peoplesphere.be\/fr\/linterim-reprend-doucement-a-niveau-pourtant-inferieur-de-8-rapport-a-lannee-derniere\/","title":{"rendered":"L&rsquo;int\u00e9rim reprend doucement, \u00e0 un niveau pourtant inf\u00e9rieur de 8% par rapport \u00e0 l&rsquo;ann\u00e9e derni\u00e8re."},"content":{"rendered":"<p>Au mois d\u2019octobre 2020, le nombre d\u2019heures d\u2019int\u00e9rim prest\u00e9es a augment\u00e9 de +3,46% par rapport au mois pr\u00e9c\u00e9dent (en donn\u00e9es corrig\u00e9es des variations saisonni\u00e8res et des effets de calendrier). Cette hausse r\u00e9sulte d\u2019une \u00e9volution positive dans les deux segments : le nombre d\u2019heures prest\u00e9es a augment\u00e9 de +3,99% du c\u00f4t\u00e9 des ouvriers et de +2,81% du c\u00f4t\u00e9 des employ\u00e9s.<!--more--><\/p>\n<p>Par rapport au mois d\u2019octobre de l\u2019ann\u00e9e pr\u00e9c\u00e9dente, le secteur de l\u2019int\u00e9rim affiche une baisse de -8,15%. Ce chiffre r\u00e9sulte d\u2019une diminution de -10,09% dans le segment des ouvriers, et de -5,42% dans le segment des employ\u00e9s.<br \/>\nL\u2019indice Federgon a atteint 97,12 points en octobre 2020 contre 93,87 points le mois pr\u00e9c\u00e9dent. Cet indice rend compte du niveau de l\u2019activit\u00e9 au cours du mois \u00e9tudi\u00e9 par rapport au mois de janvier 2007 (base 100), en chiffres d\u00e9saisonnalis\u00e9s.<\/p>\n<p><em>\u00ab\u00a0Au mois d\u2019octobre 2020, on enregistre \u00e0 nouveau une croissance sur base mensuelle dans les segments des ouvriers et des employ\u00e9s et ce, dans les trois r\u00e9gions. Sur base annuelle, on constate par ailleurs un affaiblissement du recul de l\u2019activit\u00e9\u00a0\u00bb, <\/em>commente la F\u00e9d\u00e9ration du secteur RH.<\/p>\n<p><em>Source: Federgon<\/em><\/p>\n","protected":false},"excerpt":{"rendered":"<p>Au mois d\u2019octobre 2020, le nombre d\u2019heures d\u2019int\u00e9rim prest\u00e9es a augment\u00e9 de +3,46% par rapport au mois pr\u00e9c\u00e9dent (en donn\u00e9es corrig\u00e9es des variations saisonni\u00e8res et des effets de calendrier). Cette hausse r\u00e9sulte d\u2019une \u00e9volution positive dans les deux segments : [&hellip;]<\/p>\n","protected":false},"author":2,"featured_media":0,"comment_status":"closed","ping_status":"open","sticky":false,"template":"","format":"standard","meta":[],"categories":[65,10],"tags":[2947,198,12],"yoast_head":"<!-- This site is optimized with the Yoast SEO plugin v21.0 - https:\/\/yoast.com\/wordpress\/plugins\/seo\/ -->\n<title>L&#039;int\u00e9rim reprend doucement, \u00e0 un niveau pourtant inf\u00e9rieur de 8% par rapport \u00e0 l&#039;ann\u00e9e derni\u00e8re. - Peoplesphere<\/title>\n<meta name=\"robots\" content=\"index, follow, max-snippet:-1, max-image-preview:large, max-video-preview:-1\" \/>\n<link rel=\"canonical\" href=\"https:\/\/peoplesphere.be\/fr\/linterim-reprend-doucement-a-niveau-pourtant-inferieur-de-8-rapport-a-lannee-derniere\/\" \/>\n<meta property=\"og:locale\" content=\"fr_FR\" \/>\n<meta property=\"og:type\" content=\"article\" \/>\n<meta property=\"og:title\" content=\"L&#039;int\u00e9rim reprend doucement, \u00e0 un niveau pourtant inf\u00e9rieur de 8% par rapport \u00e0 l&#039;ann\u00e9e derni\u00e8re. - Peoplesphere\" \/>\n<meta property=\"og:description\" content=\"Au mois d\u2019octobre 2020, le nombre d\u2019heures d\u2019int\u00e9rim prest\u00e9es a augment\u00e9 de +3,46% par rapport au mois pr\u00e9c\u00e9dent (en donn\u00e9es corrig\u00e9es des variations saisonni\u00e8res et des effets de calendrier). Cette hausse r\u00e9sulte d\u2019une \u00e9volution positive dans les deux segments : [&hellip;]\" \/>\n<meta property=\"og:url\" content=\"https:\/\/peoplesphere.be\/fr\/linterim-reprend-doucement-a-niveau-pourtant-inferieur-de-8-rapport-a-lannee-derniere\/\" \/>\n<meta property=\"og:site_name\" content=\"Peoplesphere\" \/>\n<meta property=\"article:publisher\" content=\"https:\/\/www.facebook.com\/peoplesphere\" \/>\n<meta property=\"article:published_time\" content=\"2020-11-25T13:03:04+00:00\" \/>\n<meta property=\"og:image\" content=\"http:\/\/www.peoplesphere.be\/fr\/wp-content\/uploads\/2016\/07\/facebook-default-posting-1200x628px.jpg\" \/>\n<meta name=\"author\" content=\"Jean-Paul Erhard\" \/>\n<meta name=\"twitter:card\" content=\"summary_large_image\" \/>\n<meta name=\"twitter:creator\" content=\"@PeoplesphereMag\" \/>\n<meta name=\"twitter:site\" content=\"@PeoplesphereMag\" \/>\n<meta name=\"twitter:label1\" content=\"\u00c9crit par\" \/>\n\t<meta name=\"twitter:data1\" content=\"Jean-Paul Erhard\" \/>\n\t<meta name=\"twitter:label2\" content=\"Dur\u00e9e de lecture estim\u00e9e\" \/>\n\t<meta name=\"twitter:data2\" content=\"1 minute\" \/>\n<script type=\"application\/ld+json\" class=\"yoast-schema-graph\">{\"@context\":\"https:\/\/schema.org\",\"@graph\":[{\"@type\":\"Article\",\"@id\":\"https:\/\/peoplesphere.be\/fr\/linterim-reprend-doucement-a-niveau-pourtant-inferieur-de-8-rapport-a-lannee-derniere\/#article\",\"isPartOf\":{\"@id\":\"https:\/\/peoplesphere.be\/fr\/linterim-reprend-doucement-a-niveau-pourtant-inferieur-de-8-rapport-a-lannee-derniere\/\"},\"author\":{\"name\":\"Jean-Paul Erhard\",\"@id\":\"https:\/\/peoplesphere.be\/fr\/#\/schema\/person\/7976225ff17988604334abb7b3536a7e\"},\"headline\":\"L&rsquo;int\u00e9rim reprend doucement, \u00e0 un niveau pourtant inf\u00e9rieur de 8% par rapport \u00e0 l&rsquo;ann\u00e9e derni\u00e8re.\",\"datePublished\":\"2020-11-25T13:03:04+00:00\",\"dateModified\":\"2020-11-25T13:03:04+00:00\",\"mainEntityOfPage\":{\"@id\":\"https:\/\/peoplesphere.be\/fr\/linterim-reprend-doucement-a-niveau-pourtant-inferieur-de-8-rapport-a-lannee-derniere\/\"},\"wordCount\":227,\"publisher\":{\"@id\":\"https:\/\/peoplesphere.be\/fr\/#organization\"},\"keywords\":[\"coronavirus\",\"federgon\",\"int\u00e9rim\"],\"articleSection\":[\"Actualit\u00e9s\",\"Digital\"],\"inLanguage\":\"fr-FR\"},{\"@type\":\"WebPage\",\"@id\":\"https:\/\/peoplesphere.be\/fr\/linterim-reprend-doucement-a-niveau-pourtant-inferieur-de-8-rapport-a-lannee-derniere\/\",\"url\":\"https:\/\/peoplesphere.be\/fr\/linterim-reprend-doucement-a-niveau-pourtant-inferieur-de-8-rapport-a-lannee-derniere\/\",\"name\":\"L'int\u00e9rim reprend doucement, \u00e0 un niveau pourtant inf\u00e9rieur de 8% par rapport \u00e0 l'ann\u00e9e derni\u00e8re. - Peoplesphere\",\"isPartOf\":{\"@id\":\"https:\/\/peoplesphere.be\/fr\/#website\"},\"datePublished\":\"2020-11-25T13:03:04+00:00\",\"dateModified\":\"2020-11-25T13:03:04+00:00\",\"breadcrumb\":{\"@id\":\"https:\/\/peoplesphere.be\/fr\/linterim-reprend-doucement-a-niveau-pourtant-inferieur-de-8-rapport-a-lannee-derniere\/#breadcrumb\"},\"inLanguage\":\"fr-FR\",\"potentialAction\":[{\"@type\":\"ReadAction\",\"target\":[\"https:\/\/peoplesphere.be\/fr\/linterim-reprend-doucement-a-niveau-pourtant-inferieur-de-8-rapport-a-lannee-derniere\/\"]}]},{\"@type\":\"BreadcrumbList\",\"@id\":\"https:\/\/peoplesphere.be\/fr\/linterim-reprend-doucement-a-niveau-pourtant-inferieur-de-8-rapport-a-lannee-derniere\/#breadcrumb\",\"itemListElement\":[{\"@type\":\"ListItem\",\"position\":1,\"name\":\"Accueil\",\"item\":\"https:\/\/peoplesphere.be\/fr\/\"},{\"@type\":\"ListItem\",\"position\":2,\"name\":\"L&rsquo;int\u00e9rim reprend doucement, \u00e0 un niveau pourtant inf\u00e9rieur de 8% par rapport \u00e0 l&rsquo;ann\u00e9e derni\u00e8re.\"}]},{\"@type\":\"WebSite\",\"@id\":\"https:\/\/peoplesphere.be\/fr\/#website\",\"url\":\"https:\/\/peoplesphere.be\/fr\/\",\"name\":\"Peoplesphere\",\"description\":\"The People Managers Magazine\",\"publisher\":{\"@id\":\"https:\/\/peoplesphere.be\/fr\/#organization\"},\"potentialAction\":[{\"@type\":\"SearchAction\",\"target\":{\"@type\":\"EntryPoint\",\"urlTemplate\":\"https:\/\/peoplesphere.be\/fr\/?s={search_term_string}\"},\"query-input\":\"required name=search_term_string\"}],\"inLanguage\":\"fr-FR\"},{\"@type\":\"Organization\",\"@id\":\"https:\/\/peoplesphere.be\/fr\/#organization\",\"name\":\"Peoplesphere Company srl\",\"url\":\"https:\/\/peoplesphere.be\/fr\/\",\"logo\":{\"@type\":\"ImageObject\",\"inLanguage\":\"fr-FR\",\"@id\":\"https:\/\/peoplesphere.be\/fr\/#\/schema\/logo\/image\/\",\"url\":\"https:\/\/peoplesphere.be\/fr\/wp-content\/uploads\/2023\/07\/peoplesphere-lgo-new-generik.jpg\",\"contentUrl\":\"https:\/\/peoplesphere.be\/fr\/wp-content\/uploads\/2023\/07\/peoplesphere-lgo-new-generik.jpg\",\"width\":1031,\"height\":1479,\"caption\":\"Peoplesphere Company srl\"},\"image\":{\"@id\":\"https:\/\/peoplesphere.be\/fr\/#\/schema\/logo\/image\/\"},\"sameAs\":[\"https:\/\/www.facebook.com\/peoplesphere\",\"https:\/\/twitter.com\/PeoplesphereMag\",\"https:\/\/www.linkedin.com\/company\/7587361?trk\",\"http:\/\/youtube.com\/peoplesphere\"]},{\"@type\":\"Person\",\"@id\":\"https:\/\/peoplesphere.be\/fr\/#\/schema\/person\/7976225ff17988604334abb7b3536a7e\",\"name\":\"Jean-Paul Erhard\",\"image\":{\"@type\":\"ImageObject\",\"inLanguage\":\"fr-FR\",\"@id\":\"https:\/\/peoplesphere.be\/fr\/#\/schema\/person\/image\/\",\"url\":\"https:\/\/secure.gravatar.com\/avatar\/f941e681460179738071629a51574930?s=96&d=mm&r=g\",\"contentUrl\":\"https:\/\/secure.gravatar.com\/avatar\/f941e681460179738071629a51574930?s=96&d=mm&r=g\",\"caption\":\"Jean-Paul Erhard\"},\"url\":\"https:\/\/peoplesphere.be\/fr\/author\/jpe\/\"}]}<\/script>\n<!-- \/ Yoast SEO plugin. -->","yoast_head_json":{"title":"L'int\u00e9rim reprend doucement, \u00e0 un niveau pourtant inf\u00e9rieur de 8% par rapport \u00e0 l'ann\u00e9e derni\u00e8re. - Peoplesphere","robots":{"index":"index","follow":"follow","max-snippet":"max-snippet:-1","max-image-preview":"max-image-preview:large","max-video-preview":"max-video-preview:-1"},"canonical":"https:\/\/peoplesphere.be\/fr\/linterim-reprend-doucement-a-niveau-pourtant-inferieur-de-8-rapport-a-lannee-derniere\/","og_locale":"fr_FR","og_type":"article","og_title":"L'int\u00e9rim reprend doucement, \u00e0 un niveau pourtant inf\u00e9rieur de 8% par rapport \u00e0 l'ann\u00e9e derni\u00e8re. - Peoplesphere","og_description":"Au mois d\u2019octobre 2020, le nombre d\u2019heures d\u2019int\u00e9rim prest\u00e9es a augment\u00e9 de +3,46% par rapport au mois pr\u00e9c\u00e9dent (en donn\u00e9es corrig\u00e9es des variations saisonni\u00e8res et des effets de calendrier). Cette hausse r\u00e9sulte d\u2019une \u00e9volution positive dans les deux segments : [&hellip;]","og_url":"https:\/\/peoplesphere.be\/fr\/linterim-reprend-doucement-a-niveau-pourtant-inferieur-de-8-rapport-a-lannee-derniere\/","og_site_name":"Peoplesphere","article_publisher":"https:\/\/www.facebook.com\/peoplesphere","article_published_time":"2020-11-25T13:03:04+00:00","og_image":[{"url":"http:\/\/www.peoplesphere.be\/fr\/wp-content\/uploads\/2016\/07\/facebook-default-posting-1200x628px.jpg"}],"author":"Jean-Paul Erhard","twitter_card":"summary_large_image","twitter_creator":"@PeoplesphereMag","twitter_site":"@PeoplesphereMag","twitter_misc":{"\u00c9crit par":"Jean-Paul Erhard","Dur\u00e9e de lecture estim\u00e9e":"1 minute"},"schema":{"@context":"https:\/\/schema.org","@graph":[{"@type":"Article","@id":"https:\/\/peoplesphere.be\/fr\/linterim-reprend-doucement-a-niveau-pourtant-inferieur-de-8-rapport-a-lannee-derniere\/#article","isPartOf":{"@id":"https:\/\/peoplesphere.be\/fr\/linterim-reprend-doucement-a-niveau-pourtant-inferieur-de-8-rapport-a-lannee-derniere\/"},"author":{"name":"Jean-Paul Erhard","@id":"https:\/\/peoplesphere.be\/fr\/#\/schema\/person\/7976225ff17988604334abb7b3536a7e"},"headline":"L&rsquo;int\u00e9rim reprend doucement, \u00e0 un niveau pourtant inf\u00e9rieur de 8% par rapport \u00e0 l&rsquo;ann\u00e9e derni\u00e8re.","datePublished":"2020-11-25T13:03:04+00:00","dateModified":"2020-11-25T13:03:04+00:00","mainEntityOfPage":{"@id":"https:\/\/peoplesphere.be\/fr\/linterim-reprend-doucement-a-niveau-pourtant-inferieur-de-8-rapport-a-lannee-derniere\/"},"wordCount":227,"publisher":{"@id":"https:\/\/peoplesphere.be\/fr\/#organization"},"keywords":["coronavirus","federgon","int\u00e9rim"],"articleSection":["Actualit\u00e9s","Digital"],"inLanguage":"fr-FR"},{"@type":"WebPage","@id":"https:\/\/peoplesphere.be\/fr\/linterim-reprend-doucement-a-niveau-pourtant-inferieur-de-8-rapport-a-lannee-derniere\/","url":"https:\/\/peoplesphere.be\/fr\/linterim-reprend-doucement-a-niveau-pourtant-inferieur-de-8-rapport-a-lannee-derniere\/","name":"L'int\u00e9rim reprend doucement, \u00e0 un niveau pourtant inf\u00e9rieur de 8% par rapport \u00e0 l'ann\u00e9e derni\u00e8re. - Peoplesphere","isPartOf":{"@id":"https:\/\/peoplesphere.be\/fr\/#website"},"datePublished":"2020-11-25T13:03:04+00:00","dateModified":"2020-11-25T13:03:04+00:00","breadcrumb":{"@id":"https:\/\/peoplesphere.be\/fr\/linterim-reprend-doucement-a-niveau-pourtant-inferieur-de-8-rapport-a-lannee-derniere\/#breadcrumb"},"inLanguage":"fr-FR","potentialAction":[{"@type":"ReadAction","target":["https:\/\/peoplesphere.be\/fr\/linterim-reprend-doucement-a-niveau-pourtant-inferieur-de-8-rapport-a-lannee-derniere\/"]}]},{"@type":"BreadcrumbList","@id":"https:\/\/peoplesphere.be\/fr\/linterim-reprend-doucement-a-niveau-pourtant-inferieur-de-8-rapport-a-lannee-derniere\/#breadcrumb","itemListElement":[{"@type":"ListItem","position":1,"name":"Accueil","item":"https:\/\/peoplesphere.be\/fr\/"},{"@type":"ListItem","position":2,"name":"L&rsquo;int\u00e9rim reprend doucement, \u00e0 un niveau pourtant inf\u00e9rieur de 8% par rapport \u00e0 l&rsquo;ann\u00e9e derni\u00e8re."}]},{"@type":"WebSite","@id":"https:\/\/peoplesphere.be\/fr\/#website","url":"https:\/\/peoplesphere.be\/fr\/","name":"Peoplesphere","description":"The People Managers Magazine","publisher":{"@id":"https:\/\/peoplesphere.be\/fr\/#organization"},"potentialAction":[{"@type":"SearchAction","target":{"@type":"EntryPoint","urlTemplate":"https:\/\/peoplesphere.be\/fr\/?s={search_term_string}"},"query-input":"required name=search_term_string"}],"inLanguage":"fr-FR"},{"@type":"Organization","@id":"https:\/\/peoplesphere.be\/fr\/#organization","name":"Peoplesphere Company srl","url":"https:\/\/peoplesphere.be\/fr\/","logo":{"@type":"ImageObject","inLanguage":"fr-FR","@id":"https:\/\/peoplesphere.be\/fr\/#\/schema\/logo\/image\/","url":"https:\/\/peoplesphere.be\/fr\/wp-content\/uploads\/2023\/07\/peoplesphere-lgo-new-generik.jpg","contentUrl":"https:\/\/peoplesphere.be\/fr\/wp-content\/uploads\/2023\/07\/peoplesphere-lgo-new-generik.jpg","width":1031,"height":1479,"caption":"Peoplesphere Company srl"},"image":{"@id":"https:\/\/peoplesphere.be\/fr\/#\/schema\/logo\/image\/"},"sameAs":["https:\/\/www.facebook.com\/peoplesphere","https:\/\/twitter.com\/PeoplesphereMag","https:\/\/www.linkedin.com\/company\/7587361?trk","http:\/\/youtube.com\/peoplesphere"]},{"@type":"Person","@id":"https:\/\/peoplesphere.be\/fr\/#\/schema\/person\/7976225ff17988604334abb7b3536a7e","name":"Jean-Paul Erhard","image":{"@type":"ImageObject","inLanguage":"fr-FR","@id":"https:\/\/peoplesphere.be\/fr\/#\/schema\/person\/image\/","url":"https:\/\/secure.gravatar.com\/avatar\/f941e681460179738071629a51574930?s=96&d=mm&r=g","contentUrl":"https:\/\/secure.gravatar.com\/avatar\/f941e681460179738071629a51574930?s=96&d=mm&r=g","caption":"Jean-Paul Erhard"},"url":"https:\/\/peoplesphere.be\/fr\/author\/jpe\/"}]}},"_links":{"self":[{"href":"https:\/\/peoplesphere.be\/fr\/wp-json\/wp\/v2\/posts\/10455"}],"collection":[{"href":"https:\/\/peoplesphere.be\/fr\/wp-json\/wp\/v2\/posts"}],"about":[{"href":"https:\/\/peoplesphere.be\/fr\/wp-json\/wp\/v2\/types\/post"}],"author":[{"embeddable":true,"href":"https:\/\/peoplesphere.be\/fr\/wp-json\/wp\/v2\/users\/2"}],"replies":[{"embeddable":true,"href":"https:\/\/peoplesphere.be\/fr\/wp-json\/wp\/v2\/comments?post=10455"}],"version-history":[{"count":1,"href":"https:\/\/peoplesphere.be\/fr\/wp-json\/wp\/v2\/posts\/10455\/revisions"}],"predecessor-version":[{"id":10456,"href":"https:\/\/peoplesphere.be\/fr\/wp-json\/wp\/v2\/posts\/10455\/revisions\/10456"}],"wp:attachment":[{"href":"https:\/\/peoplesphere.be\/fr\/wp-json\/wp\/v2\/media?parent=10455"}],"wp:term":[{"taxonomy":"category","embeddable":true,"href":"https:\/\/peoplesphere.be\/fr\/wp-json\/wp\/v2\/categories?post=10455"},{"taxonomy":"post_tag","embeddable":true,"href":"https:\/\/peoplesphere.be\/fr\/wp-json\/wp\/v2\/tags?post=10455"}],"curies":[{"name":"wp","href":"https:\/\/api.w.org\/{rel}","templated":true}]}}