









{"id":10509,"date":"2020-12-03T15:00:54","date_gmt":"2020-12-03T13:00:54","guid":{"rendered":"https:\/\/peoplesphere.be\/fr\/?p=10509"},"modified":"2020-12-03T15:00:54","modified_gmt":"2020-12-03T13:00:54","slug":"gouvernement-federal-sera-t-feministe","status":"publish","type":"post","link":"https:\/\/peoplesphere.be\/fr\/gouvernement-federal-sera-t-feministe\/","title":{"rendered":"Le gouvernement f\u00e9d\u00e9ral sera-t-il f\u00e9ministe?"},"content":{"rendered":"<p>Le Conseil de l\u2019Egalit\u00e9 des Chances entre Hommes et Femmes a proc\u00e9d\u00e9 \u00e0 une analyse sous l\u2019angle du genre de l\u2019Accord du gouvernement f\u00e9d\u00e9ral ainsi que les expos\u00e9s d\u2019orientation politique des Ministres et des Secr\u00e9taires d\u2019 Etat dans un avis rendu le 26 novembre 2020. <!--more--><\/p>\n<p>Le Conseil de l\u2019Egalit\u00e9 des Chances entre Hommes et Femmes a proc\u00e9d\u00e9 \u00e0 une analyse sous l\u2019angle du genre de l\u2019 Accord du gouvernement f\u00e9d\u00e9ral ainsi que les expos\u00e9s d\u2019orientation politique des Ministres et des Secr\u00e9taires d\u2019 Etat dans un avis rendu le 26 novembre 2020 (<a href=\"http:\/\/www.conseildelegalite.be\/fr\/avis\">http:\/\/www.conseildelegalite.be\/fr\/avis<\/a>).<\/p>\n<p>Le Conseil observe que le gouvernement s\u2019est efforc\u00e9 d\u2019appliquer le principe de Gendermainstreaming en introduisant une dimension d\u2019\u00e9galit\u00e9 entre hommes et femmes dans la plupart des domaines politiques. La pr\u00e9vention des discriminations semble \u00eatre partag\u00e9e par des ministres qui souhaitent mieux exploiter l\u2019analyse d\u2019impact int\u00e9gr\u00e9e (AIR) dont le test genre fait partie. Le Conseil insiste pour que la qualit\u00e9 de ces analyses soit am\u00e9lior\u00e9e afin de remplir leur objectif d\u2019aides \u00e0 la d\u00e9cision.<\/p>\n<p>Bien que les intentions de r\u00e9duire les in\u00e9galit\u00e9s fleurissent, elles demeurent encore vagues, sans d\u00e9lai d\u2019ex\u00e9cution et conditionn\u00e9es \u00e0 \u00ab la mesure du possible\u00bb. Beaucoup de propositions feront l\u2019objet d\u2019\u00e9tudes pr\u00e9alables (splitting, patrimoine, \u2026) afin d\u2019alimenter les nombreux plans pr\u00e9vus (pauvret\u00e9, pension, bien-\u00eatre et stress, s\u00e9curit\u00e9, violences,..).<\/p>\n<p>Le Conseil restera vigilant quant \u00e0 leur ex\u00e9cution, en droit et en pratique, et entend apporter son expertise dans toutes les mati\u00e8res qui peuvent avoir un impact sur la r\u00e9alisation de l\u2019\u00e9galit\u00e9 entre hommes et femmes en particulier l\u2019emploi, la conciliation vie professionnelle -vie priv\u00e9e, l\u2019\u00e9cart salarial, la s\u00e9curit\u00e9 et l\u2019assistance sociale, le statut des groupes vuln\u00e9rables, la lutte contre les violences faites aux femmes.<\/p>\n<p>Le Conseil regrette am\u00e8rement que n\u2019ont pas \u00e9t\u00e9 abord\u00e9s par le gouvernement certains th\u00e8mes sur lesquels il a \u00e9mit des avis et des recommandations, avec constance depuis de nombreuses ann\u00e9es. Pas un mot \u00e0 l\u2019\u00e9gard du travail \u00e0 temps partiel involontaire qui plombe l\u2019emploi des femmes, ni sur la r\u00e9duction collective du temps de travail. Pas une ligne \u00e0 propos de l\u2019individualisation des droits \u00e0 la s\u00e9curit\u00e9 sociale qui tend \u00e0 se d\u00e9faire de la pr\u00e9valence du chef de m\u00e9nage, ni sur une r\u00e9vision de la fiscalit\u00e9 des personnes physiques.<\/p>\n<p>La moiti\u00e9 des membres de ce gouvernement sont des femmes. Il faut pouvoir compter sur elles pour que les promesses soient tenues et m\u00eame plus, et que la \u00ab soci\u00e9t\u00e9 civile\u00bb soit invit\u00e9e \u00e0 participer \u00e0 la d\u00e9cision, \u00e0 tout le moins consult\u00e9e.<\/p>\n<p>&nbsp;<\/p>\n<p><em>Source : CEC &#8211; Conseil de l&rsquo;Egalit\u00e9 des Chances<\/em><\/p>\n","protected":false},"excerpt":{"rendered":"<p>Le Conseil de l\u2019Egalit\u00e9 des Chances entre Hommes et Femmes a proc\u00e9d\u00e9 \u00e0 une analyse sous l\u2019angle du genre de l\u2019Accord du gouvernement f\u00e9d\u00e9ral ainsi que les expos\u00e9s d\u2019orientation politique des Ministres et des Secr\u00e9taires d\u2019 Etat dans un avis [&hellip;]<\/p>\n","protected":false},"author":2,"featured_media":0,"comment_status":"closed","ping_status":"open","sticky":false,"template":"","format":"standard","meta":[],"categories":[65,10],"tags":[292],"yoast_head":"<!-- This site is optimized with the Yoast SEO plugin v21.0 - https:\/\/yoast.com\/wordpress\/plugins\/seo\/ -->\n<title>Le gouvernement f\u00e9d\u00e9ral sera-t-il f\u00e9ministe? - Peoplesphere<\/title>\n<meta name=\"robots\" content=\"index, follow, max-snippet:-1, max-image-preview:large, max-video-preview:-1\" \/>\n<link rel=\"canonical\" href=\"https:\/\/peoplesphere.be\/fr\/gouvernement-federal-sera-t-feministe\/\" \/>\n<meta property=\"og:locale\" content=\"fr_FR\" \/>\n<meta property=\"og:type\" content=\"article\" \/>\n<meta property=\"og:title\" content=\"Le gouvernement f\u00e9d\u00e9ral sera-t-il f\u00e9ministe? - Peoplesphere\" \/>\n<meta property=\"og:description\" content=\"Le Conseil de l\u2019Egalit\u00e9 des Chances entre Hommes et Femmes a proc\u00e9d\u00e9 \u00e0 une analyse sous l\u2019angle du genre de l\u2019Accord du gouvernement f\u00e9d\u00e9ral ainsi que les expos\u00e9s d\u2019orientation politique des Ministres et des Secr\u00e9taires d\u2019 Etat dans un avis [&hellip;]\" \/>\n<meta property=\"og:url\" content=\"https:\/\/peoplesphere.be\/fr\/gouvernement-federal-sera-t-feministe\/\" \/>\n<meta property=\"og:site_name\" content=\"Peoplesphere\" \/>\n<meta property=\"article:publisher\" content=\"https:\/\/www.facebook.com\/peoplesphere\" \/>\n<meta property=\"article:published_time\" content=\"2020-12-03T13:00:54+00:00\" \/>\n<meta property=\"og:image\" content=\"http:\/\/www.peoplesphere.be\/fr\/wp-content\/uploads\/2016\/07\/facebook-default-posting-1200x628px.jpg\" \/>\n<meta name=\"author\" content=\"Jean-Paul Erhard\" \/>\n<meta name=\"twitter:card\" content=\"summary_large_image\" \/>\n<meta name=\"twitter:creator\" content=\"@PeoplesphereMag\" \/>\n<meta name=\"twitter:site\" content=\"@PeoplesphereMag\" \/>\n<meta name=\"twitter:label1\" content=\"\u00c9crit par\" \/>\n\t<meta name=\"twitter:data1\" content=\"Jean-Paul Erhard\" \/>\n\t<meta name=\"twitter:label2\" content=\"Dur\u00e9e de lecture estim\u00e9e\" \/>\n\t<meta name=\"twitter:data2\" content=\"2 minutes\" \/>\n<script type=\"application\/ld+json\" class=\"yoast-schema-graph\">{\"@context\":\"https:\/\/schema.org\",\"@graph\":[{\"@type\":\"Article\",\"@id\":\"https:\/\/peoplesphere.be\/fr\/gouvernement-federal-sera-t-feministe\/#article\",\"isPartOf\":{\"@id\":\"https:\/\/peoplesphere.be\/fr\/gouvernement-federal-sera-t-feministe\/\"},\"author\":{\"name\":\"Jean-Paul Erhard\",\"@id\":\"https:\/\/peoplesphere.be\/fr\/#\/schema\/person\/7976225ff17988604334abb7b3536a7e\"},\"headline\":\"Le gouvernement f\u00e9d\u00e9ral sera-t-il f\u00e9ministe?\",\"datePublished\":\"2020-12-03T13:00:54+00:00\",\"dateModified\":\"2020-12-03T13:00:54+00:00\",\"mainEntityOfPage\":{\"@id\":\"https:\/\/peoplesphere.be\/fr\/gouvernement-federal-sera-t-feministe\/\"},\"wordCount\":485,\"publisher\":{\"@id\":\"https:\/\/peoplesphere.be\/fr\/#organization\"},\"keywords\":[\"\u00e9galit\u00e9 des genres\"],\"articleSection\":[\"Actualit\u00e9s\",\"Digital\"],\"inLanguage\":\"fr-FR\"},{\"@type\":\"WebPage\",\"@id\":\"https:\/\/peoplesphere.be\/fr\/gouvernement-federal-sera-t-feministe\/\",\"url\":\"https:\/\/peoplesphere.be\/fr\/gouvernement-federal-sera-t-feministe\/\",\"name\":\"Le gouvernement f\u00e9d\u00e9ral sera-t-il f\u00e9ministe? - Peoplesphere\",\"isPartOf\":{\"@id\":\"https:\/\/peoplesphere.be\/fr\/#website\"},\"datePublished\":\"2020-12-03T13:00:54+00:00\",\"dateModified\":\"2020-12-03T13:00:54+00:00\",\"breadcrumb\":{\"@id\":\"https:\/\/peoplesphere.be\/fr\/gouvernement-federal-sera-t-feministe\/#breadcrumb\"},\"inLanguage\":\"fr-FR\",\"potentialAction\":[{\"@type\":\"ReadAction\",\"target\":[\"https:\/\/peoplesphere.be\/fr\/gouvernement-federal-sera-t-feministe\/\"]}]},{\"@type\":\"BreadcrumbList\",\"@id\":\"https:\/\/peoplesphere.be\/fr\/gouvernement-federal-sera-t-feministe\/#breadcrumb\",\"itemListElement\":[{\"@type\":\"ListItem\",\"position\":1,\"name\":\"Accueil\",\"item\":\"https:\/\/peoplesphere.be\/fr\/\"},{\"@type\":\"ListItem\",\"position\":2,\"name\":\"Le gouvernement f\u00e9d\u00e9ral sera-t-il f\u00e9ministe?\"}]},{\"@type\":\"WebSite\",\"@id\":\"https:\/\/peoplesphere.be\/fr\/#website\",\"url\":\"https:\/\/peoplesphere.be\/fr\/\",\"name\":\"Peoplesphere\",\"description\":\"The People Managers Magazine\",\"publisher\":{\"@id\":\"https:\/\/peoplesphere.be\/fr\/#organization\"},\"potentialAction\":[{\"@type\":\"SearchAction\",\"target\":{\"@type\":\"EntryPoint\",\"urlTemplate\":\"https:\/\/peoplesphere.be\/fr\/?s={search_term_string}\"},\"query-input\":\"required name=search_term_string\"}],\"inLanguage\":\"fr-FR\"},{\"@type\":\"Organization\",\"@id\":\"https:\/\/peoplesphere.be\/fr\/#organization\",\"name\":\"Peoplesphere Company srl\",\"url\":\"https:\/\/peoplesphere.be\/fr\/\",\"logo\":{\"@type\":\"ImageObject\",\"inLanguage\":\"fr-FR\",\"@id\":\"https:\/\/peoplesphere.be\/fr\/#\/schema\/logo\/image\/\",\"url\":\"https:\/\/peoplesphere.be\/fr\/wp-content\/uploads\/2023\/07\/peoplesphere-lgo-new-generik.jpg\",\"contentUrl\":\"https:\/\/peoplesphere.be\/fr\/wp-content\/uploads\/2023\/07\/peoplesphere-lgo-new-generik.jpg\",\"width\":1031,\"height\":1479,\"caption\":\"Peoplesphere Company srl\"},\"image\":{\"@id\":\"https:\/\/peoplesphere.be\/fr\/#\/schema\/logo\/image\/\"},\"sameAs\":[\"https:\/\/www.facebook.com\/peoplesphere\",\"https:\/\/twitter.com\/PeoplesphereMag\",\"https:\/\/www.linkedin.com\/company\/7587361?trk\",\"http:\/\/youtube.com\/peoplesphere\"]},{\"@type\":\"Person\",\"@id\":\"https:\/\/peoplesphere.be\/fr\/#\/schema\/person\/7976225ff17988604334abb7b3536a7e\",\"name\":\"Jean-Paul Erhard\",\"image\":{\"@type\":\"ImageObject\",\"inLanguage\":\"fr-FR\",\"@id\":\"https:\/\/peoplesphere.be\/fr\/#\/schema\/person\/image\/\",\"url\":\"https:\/\/secure.gravatar.com\/avatar\/f941e681460179738071629a51574930?s=96&d=mm&r=g\",\"contentUrl\":\"https:\/\/secure.gravatar.com\/avatar\/f941e681460179738071629a51574930?s=96&d=mm&r=g\",\"caption\":\"Jean-Paul Erhard\"},\"url\":\"https:\/\/peoplesphere.be\/fr\/author\/jpe\/\"}]}<\/script>\n<!-- \/ Yoast SEO plugin. -->","yoast_head_json":{"title":"Le gouvernement f\u00e9d\u00e9ral sera-t-il f\u00e9ministe? - Peoplesphere","robots":{"index":"index","follow":"follow","max-snippet":"max-snippet:-1","max-image-preview":"max-image-preview:large","max-video-preview":"max-video-preview:-1"},"canonical":"https:\/\/peoplesphere.be\/fr\/gouvernement-federal-sera-t-feministe\/","og_locale":"fr_FR","og_type":"article","og_title":"Le gouvernement f\u00e9d\u00e9ral sera-t-il f\u00e9ministe? - Peoplesphere","og_description":"Le Conseil de l\u2019Egalit\u00e9 des Chances entre Hommes et Femmes a proc\u00e9d\u00e9 \u00e0 une analyse sous l\u2019angle du genre de l\u2019Accord du gouvernement f\u00e9d\u00e9ral ainsi que les expos\u00e9s d\u2019orientation politique des Ministres et des Secr\u00e9taires d\u2019 Etat dans un avis [&hellip;]","og_url":"https:\/\/peoplesphere.be\/fr\/gouvernement-federal-sera-t-feministe\/","og_site_name":"Peoplesphere","article_publisher":"https:\/\/www.facebook.com\/peoplesphere","article_published_time":"2020-12-03T13:00:54+00:00","og_image":[{"url":"http:\/\/www.peoplesphere.be\/fr\/wp-content\/uploads\/2016\/07\/facebook-default-posting-1200x628px.jpg"}],"author":"Jean-Paul Erhard","twitter_card":"summary_large_image","twitter_creator":"@PeoplesphereMag","twitter_site":"@PeoplesphereMag","twitter_misc":{"\u00c9crit par":"Jean-Paul Erhard","Dur\u00e9e de lecture estim\u00e9e":"2 minutes"},"schema":{"@context":"https:\/\/schema.org","@graph":[{"@type":"Article","@id":"https:\/\/peoplesphere.be\/fr\/gouvernement-federal-sera-t-feministe\/#article","isPartOf":{"@id":"https:\/\/peoplesphere.be\/fr\/gouvernement-federal-sera-t-feministe\/"},"author":{"name":"Jean-Paul Erhard","@id":"https:\/\/peoplesphere.be\/fr\/#\/schema\/person\/7976225ff17988604334abb7b3536a7e"},"headline":"Le gouvernement f\u00e9d\u00e9ral sera-t-il f\u00e9ministe?","datePublished":"2020-12-03T13:00:54+00:00","dateModified":"2020-12-03T13:00:54+00:00","mainEntityOfPage":{"@id":"https:\/\/peoplesphere.be\/fr\/gouvernement-federal-sera-t-feministe\/"},"wordCount":485,"publisher":{"@id":"https:\/\/peoplesphere.be\/fr\/#organization"},"keywords":["\u00e9galit\u00e9 des genres"],"articleSection":["Actualit\u00e9s","Digital"],"inLanguage":"fr-FR"},{"@type":"WebPage","@id":"https:\/\/peoplesphere.be\/fr\/gouvernement-federal-sera-t-feministe\/","url":"https:\/\/peoplesphere.be\/fr\/gouvernement-federal-sera-t-feministe\/","name":"Le gouvernement f\u00e9d\u00e9ral sera-t-il f\u00e9ministe? - Peoplesphere","isPartOf":{"@id":"https:\/\/peoplesphere.be\/fr\/#website"},"datePublished":"2020-12-03T13:00:54+00:00","dateModified":"2020-12-03T13:00:54+00:00","breadcrumb":{"@id":"https:\/\/peoplesphere.be\/fr\/gouvernement-federal-sera-t-feministe\/#breadcrumb"},"inLanguage":"fr-FR","potentialAction":[{"@type":"ReadAction","target":["https:\/\/peoplesphere.be\/fr\/gouvernement-federal-sera-t-feministe\/"]}]},{"@type":"BreadcrumbList","@id":"https:\/\/peoplesphere.be\/fr\/gouvernement-federal-sera-t-feministe\/#breadcrumb","itemListElement":[{"@type":"ListItem","position":1,"name":"Accueil","item":"https:\/\/peoplesphere.be\/fr\/"},{"@type":"ListItem","position":2,"name":"Le gouvernement f\u00e9d\u00e9ral sera-t-il f\u00e9ministe?"}]},{"@type":"WebSite","@id":"https:\/\/peoplesphere.be\/fr\/#website","url":"https:\/\/peoplesphere.be\/fr\/","name":"Peoplesphere","description":"The People Managers Magazine","publisher":{"@id":"https:\/\/peoplesphere.be\/fr\/#organization"},"potentialAction":[{"@type":"SearchAction","target":{"@type":"EntryPoint","urlTemplate":"https:\/\/peoplesphere.be\/fr\/?s={search_term_string}"},"query-input":"required name=search_term_string"}],"inLanguage":"fr-FR"},{"@type":"Organization","@id":"https:\/\/peoplesphere.be\/fr\/#organization","name":"Peoplesphere Company srl","url":"https:\/\/peoplesphere.be\/fr\/","logo":{"@type":"ImageObject","inLanguage":"fr-FR","@id":"https:\/\/peoplesphere.be\/fr\/#\/schema\/logo\/image\/","url":"https:\/\/peoplesphere.be\/fr\/wp-content\/uploads\/2023\/07\/peoplesphere-lgo-new-generik.jpg","contentUrl":"https:\/\/peoplesphere.be\/fr\/wp-content\/uploads\/2023\/07\/peoplesphere-lgo-new-generik.jpg","width":1031,"height":1479,"caption":"Peoplesphere Company srl"},"image":{"@id":"https:\/\/peoplesphere.be\/fr\/#\/schema\/logo\/image\/"},"sameAs":["https:\/\/www.facebook.com\/peoplesphere","https:\/\/twitter.com\/PeoplesphereMag","https:\/\/www.linkedin.com\/company\/7587361?trk","http:\/\/youtube.com\/peoplesphere"]},{"@type":"Person","@id":"https:\/\/peoplesphere.be\/fr\/#\/schema\/person\/7976225ff17988604334abb7b3536a7e","name":"Jean-Paul Erhard","image":{"@type":"ImageObject","inLanguage":"fr-FR","@id":"https:\/\/peoplesphere.be\/fr\/#\/schema\/person\/image\/","url":"https:\/\/secure.gravatar.com\/avatar\/f941e681460179738071629a51574930?s=96&d=mm&r=g","contentUrl":"https:\/\/secure.gravatar.com\/avatar\/f941e681460179738071629a51574930?s=96&d=mm&r=g","caption":"Jean-Paul Erhard"},"url":"https:\/\/peoplesphere.be\/fr\/author\/jpe\/"}]}},"_links":{"self":[{"href":"https:\/\/peoplesphere.be\/fr\/wp-json\/wp\/v2\/posts\/10509"}],"collection":[{"href":"https:\/\/peoplesphere.be\/fr\/wp-json\/wp\/v2\/posts"}],"about":[{"href":"https:\/\/peoplesphere.be\/fr\/wp-json\/wp\/v2\/types\/post"}],"author":[{"embeddable":true,"href":"https:\/\/peoplesphere.be\/fr\/wp-json\/wp\/v2\/users\/2"}],"replies":[{"embeddable":true,"href":"https:\/\/peoplesphere.be\/fr\/wp-json\/wp\/v2\/comments?post=10509"}],"version-history":[{"count":1,"href":"https:\/\/peoplesphere.be\/fr\/wp-json\/wp\/v2\/posts\/10509\/revisions"}],"predecessor-version":[{"id":10510,"href":"https:\/\/peoplesphere.be\/fr\/wp-json\/wp\/v2\/posts\/10509\/revisions\/10510"}],"wp:attachment":[{"href":"https:\/\/peoplesphere.be\/fr\/wp-json\/wp\/v2\/media?parent=10509"}],"wp:term":[{"taxonomy":"category","embeddable":true,"href":"https:\/\/peoplesphere.be\/fr\/wp-json\/wp\/v2\/categories?post=10509"},{"taxonomy":"post_tag","embeddable":true,"href":"https:\/\/peoplesphere.be\/fr\/wp-json\/wp\/v2\/tags?post=10509"}],"curies":[{"name":"wp","href":"https:\/\/api.w.org\/{rel}","templated":true}]}}