









{"id":10565,"date":"2020-12-15T07:12:06","date_gmt":"2020-12-15T05:12:06","guid":{"rendered":"https:\/\/peoplesphere.be\/fr\/?p=10565"},"modified":"2020-12-15T07:24:42","modified_gmt":"2020-12-15T05:24:42","slug":"temps-difficiles-free-lances-grosse-incertitude-revision-a-baisse-tarifs-programme","status":"publish","type":"post","link":"https:\/\/peoplesphere.be\/fr\/temps-difficiles-free-lances-grosse-incertitude-revision-a-baisse-tarifs-programme\/","title":{"rendered":"Des temps difficiles pour les free-lances : grosse incertitude et r\u00e9vision \u00e0 la baisse des tarifs au programme&#8230;"},"content":{"rendered":"<p>En raison du contexte actuel, de nombreux freelances \u00e9prouvent des difficult\u00e9s et sont amen\u00e9s \u00e0 revoir leur fa\u00e7on de travailler dans le futur, notamment en recourant \u00e0 de nouveaux canaux afin de trouver de nouvelles missions. C\u2019est ce qui ressort d\u2019un sondage men\u00e9 par Securex. Les freelances pr\u00e9voient \u00e9galement d\u2019\u00eatre plus stricts dans la r\u00e9daction et la finalisation de leurs contrats, ainsi que de mieux se prot\u00e9ger et\/ou s\u2019assurer.<!--more--><\/p>\n<p>Dans un contexte o\u00f9 le march\u00e9 du travail a beaucoup souffert en raison de la crise li\u00e9e au coronavirus, de nombreux freelances ne tardent pas \u00e0 r\u00e9agir et ont d\u00e9cid\u00e9 de se renouveler dans leur fa\u00e7on de travailler. 75% d\u2019entre eux ont d\u2019ailleurs d\u00e9j\u00e0 pris les choses en main en traitant leurs affaires diff\u00e9remment. Ils ont par exemple d\u00e9cid\u00e9 de proc\u00e9der \u00e0 une r\u00e9daction plus attentive et plus pr\u00e9cise des contrats (40%), \u00e0 la prise de moins de risques (54%), \u00e0 \u00eatre plus attentif \u00e0 leur assurance (29%) ou encore au fait d\u2019\u00eatre moins arbitraire dans le choix des missions (47%).<\/p>\n<p>En outre, 4 freelances sur 10 ont l\u2019intention de r\u00e9duire leurs tarifs horaires afin de rester comp\u00e9titif sur le march\u00e9. 14% des r\u00e9pondants l\u2019ont d\u00e9j\u00e0 fait au cours de cette deuxi\u00e8me vague, contre 7% durant la premi\u00e8re vague, ce qui repr\u00e9sente le double en seulement quelques mois d\u2019intervalle.<\/p>\n<p><strong><em>Les plateformes en ligne, le canal le plus utilis\u00e9 pour trouver de nouvelles missions<\/em><\/strong><\/p>\n<p>Parmi les autres initiatives, 2 freelances sur 3 estiment devoir recourir \u00e0 d\u2019autres canaux pour trouver des nouvelles missions (66%). 35% d\u2019entre eux ont l\u2019intention de se tourner vers des plateformes en ligne.<\/p>\n<p><em>\u00ab\u202fFace aux freelances qui pr\u00e9voient de baisser leurs tarifs, les plateformes en ligne constituent une belle opportunit\u00e9 eux. Elles jouent m\u00eame un r\u00f4le croissant dans la collaboration efficace entre les entreprises et les freelances, ainsi que dans sa gestion.\u202fCe genre de canal est un avantage car elle permet d\u2019am\u00e9liorer les contacts et de mieux se prot\u00e9ger. \u00bb<\/em> d\u00e9clare David Muyldermans, CEO de proUnity, plateforme partenaire de Securex.<\/p>\n<p>Parmi les autres id\u00e9es avanc\u00e9es par les freelances pour trouver de nouveaux contrats, le recours \u00e0 leur propre r\u00e9seau revient souvent (32%).<\/p>\n<p><em>\u00ab\u202fLe coronavirus a clairement accentu\u00e9 les canaux informels comme m\u00e9thode pour trouver du travail, tels que le r\u00e9seau du travailleur. La majorit\u00e9 des freelances ont compris qu\u2019ils devaient \u00e9tendre leur r\u00e9seau le plus possible, l\u2019entretenir et le renforcer en permanence afin d\u2019augmenter leurs chances de d\u00e9crocher des missions professionnelles. Le networking physique n\u2019\u00e9tant plus possible depuis des mois, autant miser davantage sur les nombreux outils en ligne qui nous permettent de maintenir des contacts professionnels \u00bb<\/em> ajoute Guillaume Bosmans, Expert HR Research chez Securex.<\/p>\n<p><strong><em>Baisse du chiffre d\u2019affaires<\/em><\/strong><\/p>\n<p>L\u2019une des raisons qui expliquent la proactivit\u00e9 des freelances est leur situation actuelle qui n\u2019est pas tenable sur le long-terme et le fait qu\u2019ils se sentent incertains quant \u00e0 leur avenir. En effet, plus de la moiti\u00e9 des freelances sond\u00e9s pendant la deuxi\u00e8me vague (56%) indiquent avoir \u00e9t\u00e9 confront\u00e9s \u00e0 une baisse de leur chiffre d\u2019affaires caus\u00e9e par la crise du COVID-19. 46% d\u2019entre eux ont aussi constat\u00e9 une baisse de la demande.<\/p>\n<p>Malgr\u00e9 les aides apport\u00e9es par les diff\u00e9rents niveaux de pouvoir pour couvrir les frais fixes des freelances, cela ne pourra pas compenser la perte financi\u00e8re pour une majorit\u00e9 d\u2019entre eux.<\/p>\n<p><em>\u00ab\u202fD\u2019apr\u00e8s nos chiffres, plus de la moiti\u00e9 des freelances ont connu des annulations de projet \u00e0 cause de la crise du COVID-19 et donc une perte de leur chiffre d\u2019affaires, ajout\u00e9 \u00e0 cela le manque de nouveaux contrats. Pour certains m\u00eame, les entreprises qui les engagent ont du mal \u00e0 les r\u00e9mun\u00e9rer.\u202f Nous encourageons donc vivement les freelances \u00e0 prendre les devants et \u00e0 profiter notamment de leurs atouts telles que leur flexibilit\u00e9, et celle des entreprises, pour se d\u00e9marquer. \u00bb<\/em> explique Guillaume Bosmans de Securex.<\/p>\n<p>&nbsp;<\/p>\n<p><em>Source : cette enqu\u00eate men\u00e9e par Securex consiste en un questionnaire envoy\u00e9 \u00e0 des freelances une premi\u00e8re fois durant la premi\u00e8re vague de la crise COVID-19, et une seconde durant la deuxi\u00e8me vague. La premi\u00e8re partie de l\u2019enqu\u00eate a re\u00e7u 639 r\u00e9pondants, la deuxi\u00e8me en a re\u00e7u 187. A chaque fois, le questionnaire a \u00e9t\u00e9 envoy\u00e9e en ligne, et il \u00e9tait possible d\u2019y r\u00e9pondre pendant deux semaines. <\/em><\/p>\n","protected":false},"excerpt":{"rendered":"<p>En raison du contexte actuel, de nombreux freelances \u00e9prouvent des difficult\u00e9s et sont amen\u00e9s \u00e0 revoir leur fa\u00e7on de travailler dans le futur, notamment en recourant \u00e0 de nouveaux canaux afin de trouver de nouvelles missions. C\u2019est ce qui ressort [&hellip;]<\/p>\n","protected":false},"author":2,"featured_media":0,"comment_status":"closed","ping_status":"open","sticky":false,"template":"","format":"standard","meta":[],"categories":[65,10],"tags":[220,1503,1792],"yoast_head":"<!-- This site is optimized with the Yoast SEO plugin v21.0 - https:\/\/yoast.com\/wordpress\/plugins\/seo\/ -->\n<title>Des temps difficiles pour les free-lances : grosse incertitude et r\u00e9vision \u00e0 la baisse des tarifs au programme... - Peoplesphere<\/title>\n<meta name=\"robots\" content=\"index, follow, max-snippet:-1, max-image-preview:large, max-video-preview:-1\" \/>\n<link rel=\"canonical\" href=\"https:\/\/peoplesphere.be\/fr\/temps-difficiles-free-lances-grosse-incertitude-revision-a-baisse-tarifs-programme\/\" \/>\n<meta property=\"og:locale\" content=\"fr_FR\" \/>\n<meta property=\"og:type\" content=\"article\" \/>\n<meta property=\"og:title\" content=\"Des temps difficiles pour les free-lances : grosse incertitude et r\u00e9vision \u00e0 la baisse des tarifs au programme... - Peoplesphere\" \/>\n<meta property=\"og:description\" content=\"En raison du contexte actuel, de nombreux freelances \u00e9prouvent des difficult\u00e9s et sont amen\u00e9s \u00e0 revoir leur fa\u00e7on de travailler dans le futur, notamment en recourant \u00e0 de nouveaux canaux afin de trouver de nouvelles missions. C\u2019est ce qui ressort [&hellip;]\" \/>\n<meta property=\"og:url\" content=\"https:\/\/peoplesphere.be\/fr\/temps-difficiles-free-lances-grosse-incertitude-revision-a-baisse-tarifs-programme\/\" \/>\n<meta property=\"og:site_name\" content=\"Peoplesphere\" \/>\n<meta property=\"article:publisher\" content=\"https:\/\/www.facebook.com\/peoplesphere\" \/>\n<meta property=\"article:published_time\" content=\"2020-12-15T05:12:06+00:00\" \/>\n<meta property=\"article:modified_time\" content=\"2020-12-15T05:24:42+00:00\" \/>\n<meta property=\"og:image\" content=\"http:\/\/www.peoplesphere.be\/fr\/wp-content\/uploads\/2016\/07\/facebook-default-posting-1200x628px.jpg\" \/>\n<meta name=\"author\" content=\"Jean-Paul Erhard\" \/>\n<meta name=\"twitter:card\" content=\"summary_large_image\" \/>\n<meta name=\"twitter:creator\" content=\"@PeoplesphereMag\" \/>\n<meta name=\"twitter:site\" content=\"@PeoplesphereMag\" \/>\n<meta name=\"twitter:label1\" content=\"\u00c9crit par\" \/>\n\t<meta name=\"twitter:data1\" content=\"Jean-Paul Erhard\" \/>\n\t<meta name=\"twitter:label2\" content=\"Dur\u00e9e de lecture estim\u00e9e\" \/>\n\t<meta name=\"twitter:data2\" content=\"4 minutes\" \/>\n<script type=\"application\/ld+json\" class=\"yoast-schema-graph\">{\"@context\":\"https:\/\/schema.org\",\"@graph\":[{\"@type\":\"Article\",\"@id\":\"https:\/\/peoplesphere.be\/fr\/temps-difficiles-free-lances-grosse-incertitude-revision-a-baisse-tarifs-programme\/#article\",\"isPartOf\":{\"@id\":\"https:\/\/peoplesphere.be\/fr\/temps-difficiles-free-lances-grosse-incertitude-revision-a-baisse-tarifs-programme\/\"},\"author\":{\"name\":\"Jean-Paul Erhard\",\"@id\":\"https:\/\/peoplesphere.be\/fr\/#\/schema\/person\/7976225ff17988604334abb7b3536a7e\"},\"headline\":\"Des temps difficiles pour les free-lances : grosse incertitude et r\u00e9vision \u00e0 la baisse des tarifs au programme&#8230;\",\"datePublished\":\"2020-12-15T05:12:06+00:00\",\"dateModified\":\"2020-12-15T05:24:42+00:00\",\"mainEntityOfPage\":{\"@id\":\"https:\/\/peoplesphere.be\/fr\/temps-difficiles-free-lances-grosse-incertitude-revision-a-baisse-tarifs-programme\/\"},\"wordCount\":769,\"publisher\":{\"@id\":\"https:\/\/peoplesphere.be\/fr\/#organization\"},\"keywords\":[\"flexibilit\u00e9\",\"free-lances\",\"securex\"],\"articleSection\":[\"Actualit\u00e9s\",\"Digital\"],\"inLanguage\":\"fr-FR\"},{\"@type\":\"WebPage\",\"@id\":\"https:\/\/peoplesphere.be\/fr\/temps-difficiles-free-lances-grosse-incertitude-revision-a-baisse-tarifs-programme\/\",\"url\":\"https:\/\/peoplesphere.be\/fr\/temps-difficiles-free-lances-grosse-incertitude-revision-a-baisse-tarifs-programme\/\",\"name\":\"Des temps difficiles pour les free-lances : grosse incertitude et r\u00e9vision \u00e0 la baisse des tarifs au programme... - Peoplesphere\",\"isPartOf\":{\"@id\":\"https:\/\/peoplesphere.be\/fr\/#website\"},\"datePublished\":\"2020-12-15T05:12:06+00:00\",\"dateModified\":\"2020-12-15T05:24:42+00:00\",\"breadcrumb\":{\"@id\":\"https:\/\/peoplesphere.be\/fr\/temps-difficiles-free-lances-grosse-incertitude-revision-a-baisse-tarifs-programme\/#breadcrumb\"},\"inLanguage\":\"fr-FR\",\"potentialAction\":[{\"@type\":\"ReadAction\",\"target\":[\"https:\/\/peoplesphere.be\/fr\/temps-difficiles-free-lances-grosse-incertitude-revision-a-baisse-tarifs-programme\/\"]}]},{\"@type\":\"BreadcrumbList\",\"@id\":\"https:\/\/peoplesphere.be\/fr\/temps-difficiles-free-lances-grosse-incertitude-revision-a-baisse-tarifs-programme\/#breadcrumb\",\"itemListElement\":[{\"@type\":\"ListItem\",\"position\":1,\"name\":\"Accueil\",\"item\":\"https:\/\/peoplesphere.be\/fr\/\"},{\"@type\":\"ListItem\",\"position\":2,\"name\":\"Des temps difficiles pour les free-lances : grosse incertitude et r\u00e9vision \u00e0 la baisse des tarifs au programme&#8230;\"}]},{\"@type\":\"WebSite\",\"@id\":\"https:\/\/peoplesphere.be\/fr\/#website\",\"url\":\"https:\/\/peoplesphere.be\/fr\/\",\"name\":\"Peoplesphere\",\"description\":\"The People Managers Magazine\",\"publisher\":{\"@id\":\"https:\/\/peoplesphere.be\/fr\/#organization\"},\"potentialAction\":[{\"@type\":\"SearchAction\",\"target\":{\"@type\":\"EntryPoint\",\"urlTemplate\":\"https:\/\/peoplesphere.be\/fr\/?s={search_term_string}\"},\"query-input\":\"required name=search_term_string\"}],\"inLanguage\":\"fr-FR\"},{\"@type\":\"Organization\",\"@id\":\"https:\/\/peoplesphere.be\/fr\/#organization\",\"name\":\"Peoplesphere Company srl\",\"url\":\"https:\/\/peoplesphere.be\/fr\/\",\"logo\":{\"@type\":\"ImageObject\",\"inLanguage\":\"fr-FR\",\"@id\":\"https:\/\/peoplesphere.be\/fr\/#\/schema\/logo\/image\/\",\"url\":\"https:\/\/peoplesphere.be\/fr\/wp-content\/uploads\/2023\/07\/peoplesphere-lgo-new-generik.jpg\",\"contentUrl\":\"https:\/\/peoplesphere.be\/fr\/wp-content\/uploads\/2023\/07\/peoplesphere-lgo-new-generik.jpg\",\"width\":1031,\"height\":1479,\"caption\":\"Peoplesphere Company srl\"},\"image\":{\"@id\":\"https:\/\/peoplesphere.be\/fr\/#\/schema\/logo\/image\/\"},\"sameAs\":[\"https:\/\/www.facebook.com\/peoplesphere\",\"https:\/\/twitter.com\/PeoplesphereMag\",\"https:\/\/www.linkedin.com\/company\/7587361?trk\",\"http:\/\/youtube.com\/peoplesphere\"]},{\"@type\":\"Person\",\"@id\":\"https:\/\/peoplesphere.be\/fr\/#\/schema\/person\/7976225ff17988604334abb7b3536a7e\",\"name\":\"Jean-Paul Erhard\",\"image\":{\"@type\":\"ImageObject\",\"inLanguage\":\"fr-FR\",\"@id\":\"https:\/\/peoplesphere.be\/fr\/#\/schema\/person\/image\/\",\"url\":\"https:\/\/secure.gravatar.com\/avatar\/f941e681460179738071629a51574930?s=96&d=mm&r=g\",\"contentUrl\":\"https:\/\/secure.gravatar.com\/avatar\/f941e681460179738071629a51574930?s=96&d=mm&r=g\",\"caption\":\"Jean-Paul Erhard\"},\"url\":\"https:\/\/peoplesphere.be\/fr\/author\/jpe\/\"}]}<\/script>\n<!-- \/ Yoast SEO plugin. -->","yoast_head_json":{"title":"Des temps difficiles pour les free-lances : grosse incertitude et r\u00e9vision \u00e0 la baisse des tarifs au programme... - Peoplesphere","robots":{"index":"index","follow":"follow","max-snippet":"max-snippet:-1","max-image-preview":"max-image-preview:large","max-video-preview":"max-video-preview:-1"},"canonical":"https:\/\/peoplesphere.be\/fr\/temps-difficiles-free-lances-grosse-incertitude-revision-a-baisse-tarifs-programme\/","og_locale":"fr_FR","og_type":"article","og_title":"Des temps difficiles pour les free-lances : grosse incertitude et r\u00e9vision \u00e0 la baisse des tarifs au programme... - Peoplesphere","og_description":"En raison du contexte actuel, de nombreux freelances \u00e9prouvent des difficult\u00e9s et sont amen\u00e9s \u00e0 revoir leur fa\u00e7on de travailler dans le futur, notamment en recourant \u00e0 de nouveaux canaux afin de trouver de nouvelles missions. C\u2019est ce qui ressort [&hellip;]","og_url":"https:\/\/peoplesphere.be\/fr\/temps-difficiles-free-lances-grosse-incertitude-revision-a-baisse-tarifs-programme\/","og_site_name":"Peoplesphere","article_publisher":"https:\/\/www.facebook.com\/peoplesphere","article_published_time":"2020-12-15T05:12:06+00:00","article_modified_time":"2020-12-15T05:24:42+00:00","og_image":[{"url":"http:\/\/www.peoplesphere.be\/fr\/wp-content\/uploads\/2016\/07\/facebook-default-posting-1200x628px.jpg"}],"author":"Jean-Paul Erhard","twitter_card":"summary_large_image","twitter_creator":"@PeoplesphereMag","twitter_site":"@PeoplesphereMag","twitter_misc":{"\u00c9crit par":"Jean-Paul Erhard","Dur\u00e9e de lecture estim\u00e9e":"4 minutes"},"schema":{"@context":"https:\/\/schema.org","@graph":[{"@type":"Article","@id":"https:\/\/peoplesphere.be\/fr\/temps-difficiles-free-lances-grosse-incertitude-revision-a-baisse-tarifs-programme\/#article","isPartOf":{"@id":"https:\/\/peoplesphere.be\/fr\/temps-difficiles-free-lances-grosse-incertitude-revision-a-baisse-tarifs-programme\/"},"author":{"name":"Jean-Paul Erhard","@id":"https:\/\/peoplesphere.be\/fr\/#\/schema\/person\/7976225ff17988604334abb7b3536a7e"},"headline":"Des temps difficiles pour les free-lances : grosse incertitude et r\u00e9vision \u00e0 la baisse des tarifs au programme&#8230;","datePublished":"2020-12-15T05:12:06+00:00","dateModified":"2020-12-15T05:24:42+00:00","mainEntityOfPage":{"@id":"https:\/\/peoplesphere.be\/fr\/temps-difficiles-free-lances-grosse-incertitude-revision-a-baisse-tarifs-programme\/"},"wordCount":769,"publisher":{"@id":"https:\/\/peoplesphere.be\/fr\/#organization"},"keywords":["flexibilit\u00e9","free-lances","securex"],"articleSection":["Actualit\u00e9s","Digital"],"inLanguage":"fr-FR"},{"@type":"WebPage","@id":"https:\/\/peoplesphere.be\/fr\/temps-difficiles-free-lances-grosse-incertitude-revision-a-baisse-tarifs-programme\/","url":"https:\/\/peoplesphere.be\/fr\/temps-difficiles-free-lances-grosse-incertitude-revision-a-baisse-tarifs-programme\/","name":"Des temps difficiles pour les free-lances : grosse incertitude et r\u00e9vision \u00e0 la baisse des tarifs au programme... - Peoplesphere","isPartOf":{"@id":"https:\/\/peoplesphere.be\/fr\/#website"},"datePublished":"2020-12-15T05:12:06+00:00","dateModified":"2020-12-15T05:24:42+00:00","breadcrumb":{"@id":"https:\/\/peoplesphere.be\/fr\/temps-difficiles-free-lances-grosse-incertitude-revision-a-baisse-tarifs-programme\/#breadcrumb"},"inLanguage":"fr-FR","potentialAction":[{"@type":"ReadAction","target":["https:\/\/peoplesphere.be\/fr\/temps-difficiles-free-lances-grosse-incertitude-revision-a-baisse-tarifs-programme\/"]}]},{"@type":"BreadcrumbList","@id":"https:\/\/peoplesphere.be\/fr\/temps-difficiles-free-lances-grosse-incertitude-revision-a-baisse-tarifs-programme\/#breadcrumb","itemListElement":[{"@type":"ListItem","position":1,"name":"Accueil","item":"https:\/\/peoplesphere.be\/fr\/"},{"@type":"ListItem","position":2,"name":"Des temps difficiles pour les free-lances : grosse incertitude et r\u00e9vision \u00e0 la baisse des tarifs au programme&#8230;"}]},{"@type":"WebSite","@id":"https:\/\/peoplesphere.be\/fr\/#website","url":"https:\/\/peoplesphere.be\/fr\/","name":"Peoplesphere","description":"The People Managers Magazine","publisher":{"@id":"https:\/\/peoplesphere.be\/fr\/#organization"},"potentialAction":[{"@type":"SearchAction","target":{"@type":"EntryPoint","urlTemplate":"https:\/\/peoplesphere.be\/fr\/?s={search_term_string}"},"query-input":"required name=search_term_string"}],"inLanguage":"fr-FR"},{"@type":"Organization","@id":"https:\/\/peoplesphere.be\/fr\/#organization","name":"Peoplesphere Company srl","url":"https:\/\/peoplesphere.be\/fr\/","logo":{"@type":"ImageObject","inLanguage":"fr-FR","@id":"https:\/\/peoplesphere.be\/fr\/#\/schema\/logo\/image\/","url":"https:\/\/peoplesphere.be\/fr\/wp-content\/uploads\/2023\/07\/peoplesphere-lgo-new-generik.jpg","contentUrl":"https:\/\/peoplesphere.be\/fr\/wp-content\/uploads\/2023\/07\/peoplesphere-lgo-new-generik.jpg","width":1031,"height":1479,"caption":"Peoplesphere Company srl"},"image":{"@id":"https:\/\/peoplesphere.be\/fr\/#\/schema\/logo\/image\/"},"sameAs":["https:\/\/www.facebook.com\/peoplesphere","https:\/\/twitter.com\/PeoplesphereMag","https:\/\/www.linkedin.com\/company\/7587361?trk","http:\/\/youtube.com\/peoplesphere"]},{"@type":"Person","@id":"https:\/\/peoplesphere.be\/fr\/#\/schema\/person\/7976225ff17988604334abb7b3536a7e","name":"Jean-Paul Erhard","image":{"@type":"ImageObject","inLanguage":"fr-FR","@id":"https:\/\/peoplesphere.be\/fr\/#\/schema\/person\/image\/","url":"https:\/\/secure.gravatar.com\/avatar\/f941e681460179738071629a51574930?s=96&d=mm&r=g","contentUrl":"https:\/\/secure.gravatar.com\/avatar\/f941e681460179738071629a51574930?s=96&d=mm&r=g","caption":"Jean-Paul Erhard"},"url":"https:\/\/peoplesphere.be\/fr\/author\/jpe\/"}]}},"_links":{"self":[{"href":"https:\/\/peoplesphere.be\/fr\/wp-json\/wp\/v2\/posts\/10565"}],"collection":[{"href":"https:\/\/peoplesphere.be\/fr\/wp-json\/wp\/v2\/posts"}],"about":[{"href":"https:\/\/peoplesphere.be\/fr\/wp-json\/wp\/v2\/types\/post"}],"author":[{"embeddable":true,"href":"https:\/\/peoplesphere.be\/fr\/wp-json\/wp\/v2\/users\/2"}],"replies":[{"embeddable":true,"href":"https:\/\/peoplesphere.be\/fr\/wp-json\/wp\/v2\/comments?post=10565"}],"version-history":[{"count":2,"href":"https:\/\/peoplesphere.be\/fr\/wp-json\/wp\/v2\/posts\/10565\/revisions"}],"predecessor-version":[{"id":10567,"href":"https:\/\/peoplesphere.be\/fr\/wp-json\/wp\/v2\/posts\/10565\/revisions\/10567"}],"wp:attachment":[{"href":"https:\/\/peoplesphere.be\/fr\/wp-json\/wp\/v2\/media?parent=10565"}],"wp:term":[{"taxonomy":"category","embeddable":true,"href":"https:\/\/peoplesphere.be\/fr\/wp-json\/wp\/v2\/categories?post=10565"},{"taxonomy":"post_tag","embeddable":true,"href":"https:\/\/peoplesphere.be\/fr\/wp-json\/wp\/v2\/tags?post=10565"}],"curies":[{"name":"wp","href":"https:\/\/api.w.org\/{rel}","templated":true}]}}