









{"id":10648,"date":"2021-01-08T12:08:31","date_gmt":"2021-01-08T10:08:31","guid":{"rendered":"https:\/\/peoplesphere.be\/fr\/?p=10648"},"modified":"2021-01-08T12:08:31","modified_gmt":"2021-01-08T10:08:31","slug":"qa-quotient-dadaptabilite-nouvelle-priorite-recruteurs","status":"publish","type":"post","link":"https:\/\/peoplesphere.be\/fr\/qa-quotient-dadaptabilite-nouvelle-priorite-recruteurs\/","title":{"rendered":"QA pour Quotient d&rsquo;Adaptabilit\u00e9, la nouvelle priorit\u00e9 des recruteurs?"},"content":{"rendered":"<p>\u00c0 une p\u00e9riode o\u00f9 le changement est un mot-cl\u00e9 absolu, les responsables de recrutement attachent de plus en plus d\u2019importance au quotient d\u2019adaptabilit\u00e9 (QA) des travailleurs. Alors que le quotient intellectuel (QI) reste le param\u00e8tre qui pr\u00e9occupe le plus les managers belges (41%), le QA vient en deuxi\u00e8me position (32%), suivi du quotient \u00e9motionnel (QE) avec 27%. \u00ab\u00a0<em>Il existe une chose qui restera constante sur le march\u00e9 du travail du futur : le changement. La capacit\u00e9 \u00e0 y faire face sera donc cruciale\u00a0\u00bb,<\/em> d\u00e9clare Jo\u00ebl Poilvache, Directeur chez Robert Half.<!--more--><\/p>\n<p>Le QA (quotient d&rsquo;adaptabilit\u00e9) est la capacit\u00e9 \u00e0 faire face au changement et est mesur\u00e9 par la vitesse \u00e0 laquelle un employ\u00e9 peut se r\u00e9orienter et r\u00e9ussir ce qu\u2019il entreprend dans un climat de changement rapide et constant ; \u00eatre flexible pour ainsi dire. Le changement se d\u00e9finit, par exemple, par l&rsquo;innovation technologique, l&rsquo;incertitude \u00e9conomique ou des changements structurels impr\u00e9vus au sein d&rsquo;une entreprise en raison, par exemple, de la crise li\u00e9e \u00e0 la COVID-19. Il s&rsquo;agit donc d&rsquo;un changement ayant lieu \u00e0 la fois en interne ainsi qu\u2019en externe.<\/p>\n<p>Sur les 300 cadres belges interrog\u00e9s par Robert Half, 87% consid\u00e8rent qu&rsquo;un QA \u00e9lev\u00e9 est important chez les employ\u00e9s dans un climat tel que nous connaissons actuellement.<\/p>\n<p><em>\u00ab\u00a0L&rsquo;adaptabilit\u00e9, en tant que qualit\u00e9 chez les travailleurs, n&rsquo;est pas nouvelle mais au cours de la derni\u00e8re d\u00e9cennie, les changements sociaux ont rendu une telle capacit\u00e9 de plus en plus n\u00e9cessaire. La quatri\u00e8me r\u00e9volution industrielle a oblig\u00e9 les entreprises \u00e0 aller plus vite, \u00e0 augmenter le rythme. Le march\u00e9 du travail du futur sera donc caract\u00e9ris\u00e9 par une constante : le changement\u00a0\u00bb<\/em>, d\u00e9clare Jo\u00ebl Poilvache, Directeur chez Robert Half.<\/p>\n<p>Le QI, le score qui refl\u00e8te le niveau de capacit\u00e9 mentale\/intellectuelle d&rsquo;une personne, est toujours en haut de la liste des qualit\u00e9s que les managers recherchent chez leurs employ\u00e9s (41%). Pour beaucoup d&rsquo;entre eux, il \u00e9tait suivi par le QE, la capacit\u00e9 \u00e0 percevoir consciemment, \u00e0 contr\u00f4ler et \u00e0 exprimer efficacement des \u00e9motions. Cependant, ce dernier perd du terrain (27%) par rapport aux ann\u00e9es pr\u00e9c\u00e9dentes en raison de l&rsquo;importance croissante du QA (32%).<\/p>\n<p>Selon le secteur et la fonction, l&rsquo;importance d&rsquo;une bonne adaptabilit\u00e9 peut varier. Dans les fonctions li\u00e9es \u00e0 l\u2019informatique, par exemple, le QA est tr\u00e8s appr\u00e9ci\u00e9 car il joue un r\u00f4le de premier plan dans un climat de num\u00e9risation et a un impact sur tous les services d&rsquo;une entreprise. Un professionnel de l&rsquo;informatique qui poss\u00e8de \u00e9galement les comp\u00e9tences n\u00e9cessaires pour signaler et transf\u00e9rer des informations \u00e0 d&rsquo;autres services constitue une grande valeur ajout\u00e9e.<\/p>\n<p>Pour les profils financiers \u00e9galement, l&rsquo;importance du QA ne doit pas \u00eatre sous-estim\u00e9e. S&rsquo;ils peuvent \u00e9galement visualiser les donn\u00e9es qu&rsquo;ils fournissent et les communiquer \u00e0 leurs \u00e9quipes, les professionnels de la finance peuvent grandement accro\u00eetre leur efficacit\u00e9.<\/p>\n<p><strong><em>La crise du coronavirus comme catalyseur du QA<\/em><\/strong><\/p>\n<p>La crise du coronavirus a rendu le besoin de flexibilit\u00e9 tr\u00e8s concret. Par exemple, le travail \u00e0 domicile et les r\u00e9unions par visioconf\u00e9rence du jour au lendemain ont pris une grande place dans notre vie quotidienne. Lorsque le changement est aussi radical et soudain, une bonne capacit\u00e9 d&rsquo;adaptation est indispensable pour pouvoir tenir les r\u00eanes fermement.<\/p>\n<p>65% des personnes interrog\u00e9es consid\u00e8rent d\u2019ailleurs que le QA est plus important ou tout aussi important aujourd\u2019hui qu\u2019avant la p\u00e9riode de COVID-19. La mesure du Quotient d\u2019Adaptabilit\u00e9 d&rsquo;un candidat devient donc une part de plus en plus importante dans le processus de recrutement. En raison du rattrapage de ce dernier, le QI, le QA et le QE sont presque tous au m\u00eame niveau d\u2019importance. Les recruteurs se penchent donc de plus en plus sur la situation globale d&rsquo;un candidat et prennent en compte autant le QI que le QE et que le QA.<\/p>\n<p><em>\u00ab\u00a0La position d&rsquo;une entreprise par rapport \u00e0 ses concurrents influence souvent la mesure dans laquelle l&rsquo;accent est mis sur le QA. Si une entreprise a besoin de rattraper son retard, nous constatons qu&rsquo;elle va rechercher des profils qui, avec une bonne dose d&rsquo;adaptabilit\u00e9, peuvent \u00eatre \u00e0 la t\u00eate du changement en tant qu&rsquo;agent de changement\u00a0\u00bb.<\/em><\/p>\n<p><strong><em>Une arme \u00e0 double tranchant<\/em><\/strong><\/p>\n<p>Les employeurs qui attendent des travailleurs d\u2019\u00eatre capables de s\u2019adapter doivent, \u00e0 leur tour, \u00eatre ouverts \u00e0 l&rsquo;adaptation. En effet, les entreprises doivent fournir un cadre dans lequel les travailleurs ont l&rsquo;espace et les possibilit\u00e9s d&rsquo;\u00eatre flexibles. Les employeurs peuvent stimuler l&rsquo;adaptabilit\u00e9 de leurs employ\u00e9s, par exemple en modifiant de temps \u00e0 autre le contenu de leur travail, en r\u00e9organisant la composition des \u00e9quipes de temps en temps et en exp\u00e9rimentant de nouveaux logiciels pour atteindre certains objectifs. De cette fa\u00e7on, les deux parties peuvent cr\u00e9er ensemble un environnement de travail agile qui peut r\u00e9sister au changement. \u00ab\u00a0<em>Il est important de cr\u00e9er un climat dans lequel le changement n&rsquo;est pas un seuil, mais le cours normal des \u00e9v\u00e9nements. Il doit faire partie de la culture d&rsquo;entreprise. Un employeur qui attend de ses employ\u00e9s de faire preuve d&rsquo;agilit\u00e9 doit \u00e9galement rendre la pareille \u00e0 son personnel. Pensez aux horaires flexibles, aux changements d&rsquo;espaces de travail, au t\u00e9l\u00e9travail, etc.\u00a0\u00bb,<\/em> d\u00e9clare Jo\u00ebl Poilvache, directeur chez Robert Half.<\/p>\n<p><em>Source : en juillet 2020, Robert Half a command\u00e9 une enqu\u00eate aupr\u00e8s de 1 502 r\u00e9pondants via la collecte de donn\u00e9es en ligne, comprenant 300 entretiens en Belgique, 300 au Br\u00e9sil, 301 en France, 300 en Allemagne et 301 au Royaume-Uni. Parmi les personnes interrog\u00e9es figuraient des General Managers, des Chief Financial Officers (CFO) et des Chief Information Officers (CIO) qui ont la responsabilit\u00e9 du recrutement pour de petites (50-249 travailleurs), moyennes (250-499 travailleurs) et grandes (plus de 500 travailleurs) entreprises priv\u00e9es, cot\u00e9es et publiques dans les cinq pays.<\/em><\/p>\n","protected":false},"excerpt":{"rendered":"<p>\u00c0 une p\u00e9riode o\u00f9 le changement est un mot-cl\u00e9 absolu, les responsables de recrutement attachent de plus en plus d\u2019importance au quotient d\u2019adaptabilit\u00e9 (QA) des travailleurs. Alors que le quotient intellectuel (QI) reste le param\u00e8tre qui pr\u00e9occupe le plus les [&hellip;]<\/p>\n","protected":false},"author":2,"featured_media":0,"comment_status":"closed","ping_status":"open","sticky":false,"template":"","format":"standard","meta":[],"categories":[65,10],"tags":[3288,116,810,72,3162],"yoast_head":"<!-- This site is optimized with the Yoast SEO plugin v21.0 - https:\/\/yoast.com\/wordpress\/plugins\/seo\/ -->\n<title>QA pour Quotient d&#039;Adaptabilit\u00e9, la nouvelle priorit\u00e9 des recruteurs? - Peoplesphere<\/title>\n<meta name=\"robots\" content=\"index, follow, max-snippet:-1, max-image-preview:large, max-video-preview:-1\" \/>\n<link rel=\"canonical\" href=\"https:\/\/peoplesphere.be\/fr\/qa-quotient-dadaptabilite-nouvelle-priorite-recruteurs\/\" \/>\n<meta property=\"og:locale\" content=\"fr_FR\" \/>\n<meta property=\"og:type\" content=\"article\" \/>\n<meta property=\"og:title\" content=\"QA pour Quotient d&#039;Adaptabilit\u00e9, la nouvelle priorit\u00e9 des recruteurs? - Peoplesphere\" \/>\n<meta property=\"og:description\" content=\"\u00c0 une p\u00e9riode o\u00f9 le changement est un mot-cl\u00e9 absolu, les responsables de recrutement attachent de plus en plus d\u2019importance au quotient d\u2019adaptabilit\u00e9 (QA) des travailleurs. Alors que le quotient intellectuel (QI) reste le param\u00e8tre qui pr\u00e9occupe le plus les [&hellip;]\" \/>\n<meta property=\"og:url\" content=\"https:\/\/peoplesphere.be\/fr\/qa-quotient-dadaptabilite-nouvelle-priorite-recruteurs\/\" \/>\n<meta property=\"og:site_name\" content=\"Peoplesphere\" \/>\n<meta property=\"article:publisher\" content=\"https:\/\/www.facebook.com\/peoplesphere\" \/>\n<meta property=\"article:published_time\" content=\"2021-01-08T10:08:31+00:00\" \/>\n<meta property=\"og:image\" content=\"http:\/\/www.peoplesphere.be\/fr\/wp-content\/uploads\/2016\/07\/facebook-default-posting-1200x628px.jpg\" \/>\n<meta name=\"author\" content=\"Jean-Paul Erhard\" \/>\n<meta name=\"twitter:card\" content=\"summary_large_image\" \/>\n<meta name=\"twitter:creator\" content=\"@PeoplesphereMag\" \/>\n<meta name=\"twitter:site\" content=\"@PeoplesphereMag\" \/>\n<meta name=\"twitter:label1\" content=\"\u00c9crit par\" \/>\n\t<meta name=\"twitter:data1\" content=\"Jean-Paul Erhard\" \/>\n\t<meta name=\"twitter:label2\" content=\"Dur\u00e9e de lecture estim\u00e9e\" \/>\n\t<meta name=\"twitter:data2\" content=\"5 minutes\" \/>\n<script type=\"application\/ld+json\" class=\"yoast-schema-graph\">{\"@context\":\"https:\/\/schema.org\",\"@graph\":[{\"@type\":\"Article\",\"@id\":\"https:\/\/peoplesphere.be\/fr\/qa-quotient-dadaptabilite-nouvelle-priorite-recruteurs\/#article\",\"isPartOf\":{\"@id\":\"https:\/\/peoplesphere.be\/fr\/qa-quotient-dadaptabilite-nouvelle-priorite-recruteurs\/\"},\"author\":{\"name\":\"Jean-Paul Erhard\",\"@id\":\"https:\/\/peoplesphere.be\/fr\/#\/schema\/person\/7976225ff17988604334abb7b3536a7e\"},\"headline\":\"QA pour Quotient d&rsquo;Adaptabilit\u00e9, la nouvelle priorit\u00e9 des recruteurs?\",\"datePublished\":\"2021-01-08T10:08:31+00:00\",\"dateModified\":\"2021-01-08T10:08:31+00:00\",\"mainEntityOfPage\":{\"@id\":\"https:\/\/peoplesphere.be\/fr\/qa-quotient-dadaptabilite-nouvelle-priorite-recruteurs\/\"},\"wordCount\":980,\"publisher\":{\"@id\":\"https:\/\/peoplesphere.be\/fr\/#organization\"},\"keywords\":[\"AQ\",\"comp\u00e9tences\",\"gestion du changement\",\"recrutement\",\"Robert Half\"],\"articleSection\":[\"Actualit\u00e9s\",\"Digital\"],\"inLanguage\":\"fr-FR\"},{\"@type\":\"WebPage\",\"@id\":\"https:\/\/peoplesphere.be\/fr\/qa-quotient-dadaptabilite-nouvelle-priorite-recruteurs\/\",\"url\":\"https:\/\/peoplesphere.be\/fr\/qa-quotient-dadaptabilite-nouvelle-priorite-recruteurs\/\",\"name\":\"QA pour Quotient d'Adaptabilit\u00e9, la nouvelle priorit\u00e9 des recruteurs? - Peoplesphere\",\"isPartOf\":{\"@id\":\"https:\/\/peoplesphere.be\/fr\/#website\"},\"datePublished\":\"2021-01-08T10:08:31+00:00\",\"dateModified\":\"2021-01-08T10:08:31+00:00\",\"breadcrumb\":{\"@id\":\"https:\/\/peoplesphere.be\/fr\/qa-quotient-dadaptabilite-nouvelle-priorite-recruteurs\/#breadcrumb\"},\"inLanguage\":\"fr-FR\",\"potentialAction\":[{\"@type\":\"ReadAction\",\"target\":[\"https:\/\/peoplesphere.be\/fr\/qa-quotient-dadaptabilite-nouvelle-priorite-recruteurs\/\"]}]},{\"@type\":\"BreadcrumbList\",\"@id\":\"https:\/\/peoplesphere.be\/fr\/qa-quotient-dadaptabilite-nouvelle-priorite-recruteurs\/#breadcrumb\",\"itemListElement\":[{\"@type\":\"ListItem\",\"position\":1,\"name\":\"Accueil\",\"item\":\"https:\/\/peoplesphere.be\/fr\/\"},{\"@type\":\"ListItem\",\"position\":2,\"name\":\"QA pour Quotient d&rsquo;Adaptabilit\u00e9, la nouvelle priorit\u00e9 des recruteurs?\"}]},{\"@type\":\"WebSite\",\"@id\":\"https:\/\/peoplesphere.be\/fr\/#website\",\"url\":\"https:\/\/peoplesphere.be\/fr\/\",\"name\":\"Peoplesphere\",\"description\":\"The People Managers Magazine\",\"publisher\":{\"@id\":\"https:\/\/peoplesphere.be\/fr\/#organization\"},\"potentialAction\":[{\"@type\":\"SearchAction\",\"target\":{\"@type\":\"EntryPoint\",\"urlTemplate\":\"https:\/\/peoplesphere.be\/fr\/?s={search_term_string}\"},\"query-input\":\"required name=search_term_string\"}],\"inLanguage\":\"fr-FR\"},{\"@type\":\"Organization\",\"@id\":\"https:\/\/peoplesphere.be\/fr\/#organization\",\"name\":\"Peoplesphere Company srl\",\"url\":\"https:\/\/peoplesphere.be\/fr\/\",\"logo\":{\"@type\":\"ImageObject\",\"inLanguage\":\"fr-FR\",\"@id\":\"https:\/\/peoplesphere.be\/fr\/#\/schema\/logo\/image\/\",\"url\":\"https:\/\/peoplesphere.be\/fr\/wp-content\/uploads\/2023\/07\/peoplesphere-lgo-new-generik.jpg\",\"contentUrl\":\"https:\/\/peoplesphere.be\/fr\/wp-content\/uploads\/2023\/07\/peoplesphere-lgo-new-generik.jpg\",\"width\":1031,\"height\":1479,\"caption\":\"Peoplesphere Company srl\"},\"image\":{\"@id\":\"https:\/\/peoplesphere.be\/fr\/#\/schema\/logo\/image\/\"},\"sameAs\":[\"https:\/\/www.facebook.com\/peoplesphere\",\"https:\/\/twitter.com\/PeoplesphereMag\",\"https:\/\/www.linkedin.com\/company\/7587361?trk\",\"http:\/\/youtube.com\/peoplesphere\"]},{\"@type\":\"Person\",\"@id\":\"https:\/\/peoplesphere.be\/fr\/#\/schema\/person\/7976225ff17988604334abb7b3536a7e\",\"name\":\"Jean-Paul Erhard\",\"image\":{\"@type\":\"ImageObject\",\"inLanguage\":\"fr-FR\",\"@id\":\"https:\/\/peoplesphere.be\/fr\/#\/schema\/person\/image\/\",\"url\":\"https:\/\/secure.gravatar.com\/avatar\/f941e681460179738071629a51574930?s=96&d=mm&r=g\",\"contentUrl\":\"https:\/\/secure.gravatar.com\/avatar\/f941e681460179738071629a51574930?s=96&d=mm&r=g\",\"caption\":\"Jean-Paul Erhard\"},\"url\":\"https:\/\/peoplesphere.be\/fr\/author\/jpe\/\"}]}<\/script>\n<!-- \/ Yoast SEO plugin. -->","yoast_head_json":{"title":"QA pour Quotient d'Adaptabilit\u00e9, la nouvelle priorit\u00e9 des recruteurs? - Peoplesphere","robots":{"index":"index","follow":"follow","max-snippet":"max-snippet:-1","max-image-preview":"max-image-preview:large","max-video-preview":"max-video-preview:-1"},"canonical":"https:\/\/peoplesphere.be\/fr\/qa-quotient-dadaptabilite-nouvelle-priorite-recruteurs\/","og_locale":"fr_FR","og_type":"article","og_title":"QA pour Quotient d'Adaptabilit\u00e9, la nouvelle priorit\u00e9 des recruteurs? - Peoplesphere","og_description":"\u00c0 une p\u00e9riode o\u00f9 le changement est un mot-cl\u00e9 absolu, les responsables de recrutement attachent de plus en plus d\u2019importance au quotient d\u2019adaptabilit\u00e9 (QA) des travailleurs. Alors que le quotient intellectuel (QI) reste le param\u00e8tre qui pr\u00e9occupe le plus les [&hellip;]","og_url":"https:\/\/peoplesphere.be\/fr\/qa-quotient-dadaptabilite-nouvelle-priorite-recruteurs\/","og_site_name":"Peoplesphere","article_publisher":"https:\/\/www.facebook.com\/peoplesphere","article_published_time":"2021-01-08T10:08:31+00:00","og_image":[{"url":"http:\/\/www.peoplesphere.be\/fr\/wp-content\/uploads\/2016\/07\/facebook-default-posting-1200x628px.jpg"}],"author":"Jean-Paul Erhard","twitter_card":"summary_large_image","twitter_creator":"@PeoplesphereMag","twitter_site":"@PeoplesphereMag","twitter_misc":{"\u00c9crit par":"Jean-Paul Erhard","Dur\u00e9e de lecture estim\u00e9e":"5 minutes"},"schema":{"@context":"https:\/\/schema.org","@graph":[{"@type":"Article","@id":"https:\/\/peoplesphere.be\/fr\/qa-quotient-dadaptabilite-nouvelle-priorite-recruteurs\/#article","isPartOf":{"@id":"https:\/\/peoplesphere.be\/fr\/qa-quotient-dadaptabilite-nouvelle-priorite-recruteurs\/"},"author":{"name":"Jean-Paul Erhard","@id":"https:\/\/peoplesphere.be\/fr\/#\/schema\/person\/7976225ff17988604334abb7b3536a7e"},"headline":"QA pour Quotient d&rsquo;Adaptabilit\u00e9, la nouvelle priorit\u00e9 des recruteurs?","datePublished":"2021-01-08T10:08:31+00:00","dateModified":"2021-01-08T10:08:31+00:00","mainEntityOfPage":{"@id":"https:\/\/peoplesphere.be\/fr\/qa-quotient-dadaptabilite-nouvelle-priorite-recruteurs\/"},"wordCount":980,"publisher":{"@id":"https:\/\/peoplesphere.be\/fr\/#organization"},"keywords":["AQ","comp\u00e9tences","gestion du changement","recrutement","Robert Half"],"articleSection":["Actualit\u00e9s","Digital"],"inLanguage":"fr-FR"},{"@type":"WebPage","@id":"https:\/\/peoplesphere.be\/fr\/qa-quotient-dadaptabilite-nouvelle-priorite-recruteurs\/","url":"https:\/\/peoplesphere.be\/fr\/qa-quotient-dadaptabilite-nouvelle-priorite-recruteurs\/","name":"QA pour Quotient d'Adaptabilit\u00e9, la nouvelle priorit\u00e9 des recruteurs? - Peoplesphere","isPartOf":{"@id":"https:\/\/peoplesphere.be\/fr\/#website"},"datePublished":"2021-01-08T10:08:31+00:00","dateModified":"2021-01-08T10:08:31+00:00","breadcrumb":{"@id":"https:\/\/peoplesphere.be\/fr\/qa-quotient-dadaptabilite-nouvelle-priorite-recruteurs\/#breadcrumb"},"inLanguage":"fr-FR","potentialAction":[{"@type":"ReadAction","target":["https:\/\/peoplesphere.be\/fr\/qa-quotient-dadaptabilite-nouvelle-priorite-recruteurs\/"]}]},{"@type":"BreadcrumbList","@id":"https:\/\/peoplesphere.be\/fr\/qa-quotient-dadaptabilite-nouvelle-priorite-recruteurs\/#breadcrumb","itemListElement":[{"@type":"ListItem","position":1,"name":"Accueil","item":"https:\/\/peoplesphere.be\/fr\/"},{"@type":"ListItem","position":2,"name":"QA pour Quotient d&rsquo;Adaptabilit\u00e9, la nouvelle priorit\u00e9 des recruteurs?"}]},{"@type":"WebSite","@id":"https:\/\/peoplesphere.be\/fr\/#website","url":"https:\/\/peoplesphere.be\/fr\/","name":"Peoplesphere","description":"The People Managers Magazine","publisher":{"@id":"https:\/\/peoplesphere.be\/fr\/#organization"},"potentialAction":[{"@type":"SearchAction","target":{"@type":"EntryPoint","urlTemplate":"https:\/\/peoplesphere.be\/fr\/?s={search_term_string}"},"query-input":"required name=search_term_string"}],"inLanguage":"fr-FR"},{"@type":"Organization","@id":"https:\/\/peoplesphere.be\/fr\/#organization","name":"Peoplesphere Company srl","url":"https:\/\/peoplesphere.be\/fr\/","logo":{"@type":"ImageObject","inLanguage":"fr-FR","@id":"https:\/\/peoplesphere.be\/fr\/#\/schema\/logo\/image\/","url":"https:\/\/peoplesphere.be\/fr\/wp-content\/uploads\/2023\/07\/peoplesphere-lgo-new-generik.jpg","contentUrl":"https:\/\/peoplesphere.be\/fr\/wp-content\/uploads\/2023\/07\/peoplesphere-lgo-new-generik.jpg","width":1031,"height":1479,"caption":"Peoplesphere Company srl"},"image":{"@id":"https:\/\/peoplesphere.be\/fr\/#\/schema\/logo\/image\/"},"sameAs":["https:\/\/www.facebook.com\/peoplesphere","https:\/\/twitter.com\/PeoplesphereMag","https:\/\/www.linkedin.com\/company\/7587361?trk","http:\/\/youtube.com\/peoplesphere"]},{"@type":"Person","@id":"https:\/\/peoplesphere.be\/fr\/#\/schema\/person\/7976225ff17988604334abb7b3536a7e","name":"Jean-Paul Erhard","image":{"@type":"ImageObject","inLanguage":"fr-FR","@id":"https:\/\/peoplesphere.be\/fr\/#\/schema\/person\/image\/","url":"https:\/\/secure.gravatar.com\/avatar\/f941e681460179738071629a51574930?s=96&d=mm&r=g","contentUrl":"https:\/\/secure.gravatar.com\/avatar\/f941e681460179738071629a51574930?s=96&d=mm&r=g","caption":"Jean-Paul Erhard"},"url":"https:\/\/peoplesphere.be\/fr\/author\/jpe\/"}]}},"_links":{"self":[{"href":"https:\/\/peoplesphere.be\/fr\/wp-json\/wp\/v2\/posts\/10648"}],"collection":[{"href":"https:\/\/peoplesphere.be\/fr\/wp-json\/wp\/v2\/posts"}],"about":[{"href":"https:\/\/peoplesphere.be\/fr\/wp-json\/wp\/v2\/types\/post"}],"author":[{"embeddable":true,"href":"https:\/\/peoplesphere.be\/fr\/wp-json\/wp\/v2\/users\/2"}],"replies":[{"embeddable":true,"href":"https:\/\/peoplesphere.be\/fr\/wp-json\/wp\/v2\/comments?post=10648"}],"version-history":[{"count":1,"href":"https:\/\/peoplesphere.be\/fr\/wp-json\/wp\/v2\/posts\/10648\/revisions"}],"predecessor-version":[{"id":10649,"href":"https:\/\/peoplesphere.be\/fr\/wp-json\/wp\/v2\/posts\/10648\/revisions\/10649"}],"wp:attachment":[{"href":"https:\/\/peoplesphere.be\/fr\/wp-json\/wp\/v2\/media?parent=10648"}],"wp:term":[{"taxonomy":"category","embeddable":true,"href":"https:\/\/peoplesphere.be\/fr\/wp-json\/wp\/v2\/categories?post=10648"},{"taxonomy":"post_tag","embeddable":true,"href":"https:\/\/peoplesphere.be\/fr\/wp-json\/wp\/v2\/tags?post=10648"}],"curies":[{"name":"wp","href":"https:\/\/api.w.org\/{rel}","templated":true}]}}