









{"id":10682,"date":"2021-01-15T09:38:50","date_gmt":"2021-01-15T07:38:50","guid":{"rendered":"https:\/\/peoplesphere.be\/fr\/?p=10682"},"modified":"2021-01-15T09:41:09","modified_gmt":"2021-01-15T07:41:09","slug":"lecole-dadministration-publique-eap-recherche-chef-de-projet-certificat-de-management-public-m-f-x","status":"publish","type":"post","link":"https:\/\/peoplesphere.be\/fr\/lecole-dadministration-publique-eap-recherche-chef-de-projet-certificat-de-management-public-m-f-x\/","title":{"rendered":"L&rsquo;Ecole d&rsquo;Administration Publique (EAP) recherche un chef de projet pour le Certificat de management public (M\/F\/X)."},"content":{"rendered":"<p>L\u2019Ecole d\u2019Administration Publique (EAP) recherche 1 Attach\u00e9 Chef de projet pour le Certificat de management public (M\/F\/X) au sein de la Direction Relations Clients. La Direction Relations Clients accompagne les institutions clientes dans leur mission de formation, en collaboration avec les services de formations, les cellules strat\u00e9giques et les directions des ressources humaines. Elle d\u00e9veloppe \u00e9galement des services et des outils pour renforcer l\u2019efficacit\u00e9 et la r\u00e9ussite des programmes de formation pour ses apprenants et ses clients.<!--more--><\/p>\n<p><strong><em>Finalit\u00e9(s) de la fonction :<\/em><\/strong><br \/>\no Piloter le projet de mise en place du Certificat de management public (CMP) o Mettre en place et suivre le processus de s\u00e9lection des candidats<br \/>\no Assurer l\u2019ad\u00e9quation du programme de formation avec les besoins des<br \/>\nadministrations<br \/>\no Assurer la coordination du programme pour ces aspects p\u00e9dagogiques<\/p>\n<p><strong><em>Domaines principaux d\u2019activit\u00e9s :<\/em><\/strong><br \/>\n\uf0b7 Participer \u00e0 la mise en place et \u00e0 l\u2019organisation de la formation en vue du CMP<br \/>\n<em>o Formuler des conseils en termes p\u00e9dagogiques sur la conception du\u00a0programme et des processus de la formation<br \/>\no Veiller \u00e0 l\u2019atteinte des objectifs de la formation<\/em><br \/>\n\uf0b7 Mettre en place un contr\u00f4le qualit\u00e9 de la formation<br \/>\n\uf0b7 Rapporter de l\u2019\u00e9tat d\u2019avancement du projet, pr\u00e9parer les notes et courriers relatifs au projet pour les Gouvernements, le Conseil d\u2019administration et le Coll\u00e8ge scientifique, via la Direction g\u00e9n\u00e9rale et assurer le suivi des avis et d\u00e9cisions des organes de l\u2019Ecole.<br \/>\n\uf0b7 Assurer la communication et la coordination avec les parties prenantes du projet<br \/>\n\uf0b7 Garantir le respect du cahier des charges et le respect des accords avec les partenaires, garantir la qualit\u00e9 des prestations par les acteurs, Selor, les universit\u00e9s et les intervenants dans le CMP ; proposer des am\u00e9liorations le cas \u00e9ch\u00e9ant<br \/>\n\uf0b7 Participer \u00e0 la mise en place du processus de s\u00e9lection des candidats \u00e0 la formation<br \/>\n<em>o R\u00e9colter, analyser et synth\u00e9tiser les informations relatives \u00e0 la conception du concours<\/em><br \/>\n<em>o Mettre en place un comit\u00e9 d\u2019accompagnement de la mission de conception<\/em><br \/>\n\uf0b7 Suivre le processus de certification (\u00e9preuve finale \u00e0 l\u2019issue de la formation)<br \/>\n\uf0b7 En collaboration avec le collaborateur charg\u00e9 de la communication, assurer la communication sur le projet du CMP en interne (dans le secteur public) et en externe<br \/>\n\uf0b7 G\u00e9rer le pool de candidats mandataires : suivi administratif et informatif<br \/>\n\uf0b7 Proposer des pistes d\u2019am\u00e9lioration de la formation en termes de contenus et de\u00a0processus<\/p>\n<p><strong><em>Conditions d&rsquo;engagement et de r\u00e9mun\u00e9ration<\/em><\/strong><\/p>\n<p>L\u2019agent sera engag\u00e9 dans le cadre d\u2019un contrat\u00a0\u00e0 dur\u00e9e ind\u00e9termin\u00e9e.<br \/>\nIl b\u00e9n\u00e9ficiera du bar\u00e8me de r\u00e9mun\u00e9ration correspondant au grade A6\/1 (\u00e0 partir de 36.756,65 \u20ac annuel brut index\u00e9); avec possibilit\u00e9 de valoriser l\u2019anciennet\u00e9 acquise dans le secteur priv\u00e9 (maximum 6 ann\u00e9es) et dans le secteur public (toutes les ann\u00e9es sont prises en compte).<\/p>\n<p>Les membres du personnel b\u00e9n\u00e9ficient :<br \/>\n\uf0b7 de ch\u00e8ques-repas ;<br \/>\n\uf0b7 d\u2019une assurance hospitalisation ;<br \/>\n\uf0b7 d\u2019une prime de fin d\u2019ann\u00e9e et d\u2019un p\u00e9cule de vacances.<br \/>\nLes frais li\u00e9s aux parcours domicile\/lieu de travail effectu\u00e9s en transport en commun font l\u2019objet d\u2019un remboursement int\u00e9gral.<\/p>\n<p><strong><em>Comment postuler valablement ?<\/em><\/strong><\/p>\n<p>Pour \u00eatre recevables, les actes de candidature doivent :<\/p>\n<p>&#8211; r\u00e9pondre aux exigences communes et aux exigences reprises dans le profil de la fonction postul\u00e9e ;<br \/>\n&#8211; \u00eatre adress\u00e9s \u00e0 l\u2019Ecole d\u2019administration publique Wallonie-Bruxelles pour le 31 janvier 2021 au plus tard par mail \u00e0 l\u2019adresse <a href=\"mailto:job@eap-wb.be\">job@eap-wb.be<\/a> ;<br \/>\n&#8211; comprendre un CV \u00e0 jour ;<br \/>\n&#8211; comprendre une LETTRE DE MOTIVATION sp\u00e9cifique \u00e0 la fonction,\u00a0avec la r\u00e9f\u00e9rence : \u00ab CMP-DRC\u00bb;<br \/>\n&#8211; comprendre une COPIE DU DIPL\u00d4ME requis pour la fonction annex\u00e9e\u00a0au courriel de candidature ;<\/p>\n<p>Pour en savoir plus sur le traitement de vos donn\u00e9es \u00e0 caract\u00e8re personnel dans le cadre de nos appels \u00e0 candidatures, nous vous invitons \u00e0 consulter la charte RGPD pr\u00e9sente sur notre site www.eap-wb.be.<\/p>\n<p>Concernant les dossiers de candidature :<br \/>\ncontacter Gilles Marchal, RH \u2013 081\/32 66 66 ou <a href=\"mailto:job@eap-wb.be\">job@eap-wb.be<\/a><\/p>\n<p>Pour prendre connaissance de la fonction et des conditions de fa\u00e7on exhaustive: <a href=\"https:\/\/www.eap-wb.be\/offres-demploi\/\">https:\/\/www.eap-wb.be\/offres-demploi\/<\/a><\/p>\n","protected":false},"excerpt":{"rendered":"<p>L\u2019Ecole d\u2019Administration Publique (EAP) recherche 1 Attach\u00e9 Chef de projet pour le Certificat de management public (M\/F\/X) au sein de la Direction Relations Clients. La Direction Relations Clients accompagne les institutions clientes dans leur mission de formation, en collaboration avec [&hellip;]<\/p>\n","protected":false},"author":2,"featured_media":0,"comment_status":"closed","ping_status":"open","sticky":false,"template":"","format":"standard","meta":[],"categories":[10,88],"tags":[2383,3256,938,72],"yoast_head":"<!-- This site is optimized with the Yoast SEO plugin v21.0 - https:\/\/yoast.com\/wordpress\/plugins\/seo\/ -->\n<title>L&#039;Ecole d&#039;Administration Publique (EAP) recherche un chef de projet pour le Certificat de management public (M\/F\/X). - Peoplesphere<\/title>\n<meta name=\"robots\" content=\"index, follow, max-snippet:-1, max-image-preview:large, max-video-preview:-1\" \/>\n<link rel=\"canonical\" href=\"https:\/\/peoplesphere.be\/fr\/lecole-dadministration-publique-eap-recherche-chef-de-projet-certificat-de-management-public-m-f-x\/\" \/>\n<meta property=\"og:locale\" content=\"fr_FR\" \/>\n<meta property=\"og:type\" content=\"article\" \/>\n<meta property=\"og:title\" content=\"L&#039;Ecole d&#039;Administration Publique (EAP) recherche un chef de projet pour le Certificat de management public (M\/F\/X). - Peoplesphere\" \/>\n<meta property=\"og:description\" content=\"L\u2019Ecole d\u2019Administration Publique (EAP) recherche 1 Attach\u00e9 Chef de projet pour le Certificat de management public (M\/F\/X) au sein de la Direction Relations Clients. La Direction Relations Clients accompagne les institutions clientes dans leur mission de formation, en collaboration avec [&hellip;]\" \/>\n<meta property=\"og:url\" content=\"https:\/\/peoplesphere.be\/fr\/lecole-dadministration-publique-eap-recherche-chef-de-projet-certificat-de-management-public-m-f-x\/\" \/>\n<meta property=\"og:site_name\" content=\"Peoplesphere\" \/>\n<meta property=\"article:publisher\" content=\"https:\/\/www.facebook.com\/peoplesphere\" \/>\n<meta property=\"article:published_time\" content=\"2021-01-15T07:38:50+00:00\" \/>\n<meta property=\"article:modified_time\" content=\"2021-01-15T07:41:09+00:00\" \/>\n<meta property=\"og:image\" content=\"http:\/\/www.peoplesphere.be\/fr\/wp-content\/uploads\/2016\/07\/facebook-default-posting-1200x628px.jpg\" \/>\n<meta name=\"author\" content=\"Jean-Paul Erhard\" \/>\n<meta name=\"twitter:card\" content=\"summary_large_image\" \/>\n<meta name=\"twitter:creator\" content=\"@PeoplesphereMag\" \/>\n<meta name=\"twitter:site\" content=\"@PeoplesphereMag\" \/>\n<meta name=\"twitter:label1\" content=\"\u00c9crit par\" \/>\n\t<meta name=\"twitter:data1\" content=\"Jean-Paul Erhard\" \/>\n\t<meta name=\"twitter:label2\" content=\"Dur\u00e9e de lecture estim\u00e9e\" \/>\n\t<meta name=\"twitter:data2\" content=\"3 minutes\" \/>\n<script type=\"application\/ld+json\" class=\"yoast-schema-graph\">{\"@context\":\"https:\/\/schema.org\",\"@graph\":[{\"@type\":\"Article\",\"@id\":\"https:\/\/peoplesphere.be\/fr\/lecole-dadministration-publique-eap-recherche-chef-de-projet-certificat-de-management-public-m-f-x\/#article\",\"isPartOf\":{\"@id\":\"https:\/\/peoplesphere.be\/fr\/lecole-dadministration-publique-eap-recherche-chef-de-projet-certificat-de-management-public-m-f-x\/\"},\"author\":{\"name\":\"Jean-Paul Erhard\",\"@id\":\"https:\/\/peoplesphere.be\/fr\/#\/schema\/person\/7976225ff17988604334abb7b3536a7e\"},\"headline\":\"L&rsquo;Ecole d&rsquo;Administration Publique (EAP) recherche un chef de projet pour le Certificat de management public (M\/F\/X).\",\"datePublished\":\"2021-01-15T07:38:50+00:00\",\"dateModified\":\"2021-01-15T07:41:09+00:00\",\"mainEntityOfPage\":{\"@id\":\"https:\/\/peoplesphere.be\/fr\/lecole-dadministration-publique-eap-recherche-chef-de-projet-certificat-de-management-public-m-f-x\/\"},\"wordCount\":704,\"publisher\":{\"@id\":\"https:\/\/peoplesphere.be\/fr\/#organization\"},\"keywords\":[\"EAP\",\"management public\",\"offre d'emploi\",\"recrutement\"],\"articleSection\":[\"Digital\",\"Jobs\"],\"inLanguage\":\"fr-FR\"},{\"@type\":\"WebPage\",\"@id\":\"https:\/\/peoplesphere.be\/fr\/lecole-dadministration-publique-eap-recherche-chef-de-projet-certificat-de-management-public-m-f-x\/\",\"url\":\"https:\/\/peoplesphere.be\/fr\/lecole-dadministration-publique-eap-recherche-chef-de-projet-certificat-de-management-public-m-f-x\/\",\"name\":\"L'Ecole d'Administration Publique (EAP) recherche un chef de projet pour le Certificat de management public (M\/F\/X). - Peoplesphere\",\"isPartOf\":{\"@id\":\"https:\/\/peoplesphere.be\/fr\/#website\"},\"datePublished\":\"2021-01-15T07:38:50+00:00\",\"dateModified\":\"2021-01-15T07:41:09+00:00\",\"breadcrumb\":{\"@id\":\"https:\/\/peoplesphere.be\/fr\/lecole-dadministration-publique-eap-recherche-chef-de-projet-certificat-de-management-public-m-f-x\/#breadcrumb\"},\"inLanguage\":\"fr-FR\",\"potentialAction\":[{\"@type\":\"ReadAction\",\"target\":[\"https:\/\/peoplesphere.be\/fr\/lecole-dadministration-publique-eap-recherche-chef-de-projet-certificat-de-management-public-m-f-x\/\"]}]},{\"@type\":\"BreadcrumbList\",\"@id\":\"https:\/\/peoplesphere.be\/fr\/lecole-dadministration-publique-eap-recherche-chef-de-projet-certificat-de-management-public-m-f-x\/#breadcrumb\",\"itemListElement\":[{\"@type\":\"ListItem\",\"position\":1,\"name\":\"Accueil\",\"item\":\"https:\/\/peoplesphere.be\/fr\/\"},{\"@type\":\"ListItem\",\"position\":2,\"name\":\"L&rsquo;Ecole d&rsquo;Administration Publique (EAP) recherche un chef de projet pour le Certificat de management public (M\/F\/X).\"}]},{\"@type\":\"WebSite\",\"@id\":\"https:\/\/peoplesphere.be\/fr\/#website\",\"url\":\"https:\/\/peoplesphere.be\/fr\/\",\"name\":\"Peoplesphere\",\"description\":\"The People Managers Magazine\",\"publisher\":{\"@id\":\"https:\/\/peoplesphere.be\/fr\/#organization\"},\"potentialAction\":[{\"@type\":\"SearchAction\",\"target\":{\"@type\":\"EntryPoint\",\"urlTemplate\":\"https:\/\/peoplesphere.be\/fr\/?s={search_term_string}\"},\"query-input\":\"required name=search_term_string\"}],\"inLanguage\":\"fr-FR\"},{\"@type\":\"Organization\",\"@id\":\"https:\/\/peoplesphere.be\/fr\/#organization\",\"name\":\"Peoplesphere Company srl\",\"url\":\"https:\/\/peoplesphere.be\/fr\/\",\"logo\":{\"@type\":\"ImageObject\",\"inLanguage\":\"fr-FR\",\"@id\":\"https:\/\/peoplesphere.be\/fr\/#\/schema\/logo\/image\/\",\"url\":\"https:\/\/peoplesphere.be\/fr\/wp-content\/uploads\/2023\/07\/peoplesphere-lgo-new-generik.jpg\",\"contentUrl\":\"https:\/\/peoplesphere.be\/fr\/wp-content\/uploads\/2023\/07\/peoplesphere-lgo-new-generik.jpg\",\"width\":1031,\"height\":1479,\"caption\":\"Peoplesphere Company srl\"},\"image\":{\"@id\":\"https:\/\/peoplesphere.be\/fr\/#\/schema\/logo\/image\/\"},\"sameAs\":[\"https:\/\/www.facebook.com\/peoplesphere\",\"https:\/\/twitter.com\/PeoplesphereMag\",\"https:\/\/www.linkedin.com\/company\/7587361?trk\",\"http:\/\/youtube.com\/peoplesphere\"]},{\"@type\":\"Person\",\"@id\":\"https:\/\/peoplesphere.be\/fr\/#\/schema\/person\/7976225ff17988604334abb7b3536a7e\",\"name\":\"Jean-Paul Erhard\",\"image\":{\"@type\":\"ImageObject\",\"inLanguage\":\"fr-FR\",\"@id\":\"https:\/\/peoplesphere.be\/fr\/#\/schema\/person\/image\/\",\"url\":\"https:\/\/secure.gravatar.com\/avatar\/f941e681460179738071629a51574930?s=96&d=mm&r=g\",\"contentUrl\":\"https:\/\/secure.gravatar.com\/avatar\/f941e681460179738071629a51574930?s=96&d=mm&r=g\",\"caption\":\"Jean-Paul Erhard\"},\"url\":\"https:\/\/peoplesphere.be\/fr\/author\/jpe\/\"}]}<\/script>\n<!-- \/ Yoast SEO plugin. -->","yoast_head_json":{"title":"L'Ecole d'Administration Publique (EAP) recherche un chef de projet pour le Certificat de management public (M\/F\/X). - Peoplesphere","robots":{"index":"index","follow":"follow","max-snippet":"max-snippet:-1","max-image-preview":"max-image-preview:large","max-video-preview":"max-video-preview:-1"},"canonical":"https:\/\/peoplesphere.be\/fr\/lecole-dadministration-publique-eap-recherche-chef-de-projet-certificat-de-management-public-m-f-x\/","og_locale":"fr_FR","og_type":"article","og_title":"L'Ecole d'Administration Publique (EAP) recherche un chef de projet pour le Certificat de management public (M\/F\/X). - Peoplesphere","og_description":"L\u2019Ecole d\u2019Administration Publique (EAP) recherche 1 Attach\u00e9 Chef de projet pour le Certificat de management public (M\/F\/X) au sein de la Direction Relations Clients. La Direction Relations Clients accompagne les institutions clientes dans leur mission de formation, en collaboration avec [&hellip;]","og_url":"https:\/\/peoplesphere.be\/fr\/lecole-dadministration-publique-eap-recherche-chef-de-projet-certificat-de-management-public-m-f-x\/","og_site_name":"Peoplesphere","article_publisher":"https:\/\/www.facebook.com\/peoplesphere","article_published_time":"2021-01-15T07:38:50+00:00","article_modified_time":"2021-01-15T07:41:09+00:00","og_image":[{"url":"http:\/\/www.peoplesphere.be\/fr\/wp-content\/uploads\/2016\/07\/facebook-default-posting-1200x628px.jpg"}],"author":"Jean-Paul Erhard","twitter_card":"summary_large_image","twitter_creator":"@PeoplesphereMag","twitter_site":"@PeoplesphereMag","twitter_misc":{"\u00c9crit par":"Jean-Paul Erhard","Dur\u00e9e de lecture estim\u00e9e":"3 minutes"},"schema":{"@context":"https:\/\/schema.org","@graph":[{"@type":"Article","@id":"https:\/\/peoplesphere.be\/fr\/lecole-dadministration-publique-eap-recherche-chef-de-projet-certificat-de-management-public-m-f-x\/#article","isPartOf":{"@id":"https:\/\/peoplesphere.be\/fr\/lecole-dadministration-publique-eap-recherche-chef-de-projet-certificat-de-management-public-m-f-x\/"},"author":{"name":"Jean-Paul Erhard","@id":"https:\/\/peoplesphere.be\/fr\/#\/schema\/person\/7976225ff17988604334abb7b3536a7e"},"headline":"L&rsquo;Ecole d&rsquo;Administration Publique (EAP) recherche un chef de projet pour le Certificat de management public (M\/F\/X).","datePublished":"2021-01-15T07:38:50+00:00","dateModified":"2021-01-15T07:41:09+00:00","mainEntityOfPage":{"@id":"https:\/\/peoplesphere.be\/fr\/lecole-dadministration-publique-eap-recherche-chef-de-projet-certificat-de-management-public-m-f-x\/"},"wordCount":704,"publisher":{"@id":"https:\/\/peoplesphere.be\/fr\/#organization"},"keywords":["EAP","management public","offre d'emploi","recrutement"],"articleSection":["Digital","Jobs"],"inLanguage":"fr-FR"},{"@type":"WebPage","@id":"https:\/\/peoplesphere.be\/fr\/lecole-dadministration-publique-eap-recherche-chef-de-projet-certificat-de-management-public-m-f-x\/","url":"https:\/\/peoplesphere.be\/fr\/lecole-dadministration-publique-eap-recherche-chef-de-projet-certificat-de-management-public-m-f-x\/","name":"L'Ecole d'Administration Publique (EAP) recherche un chef de projet pour le Certificat de management public (M\/F\/X). - Peoplesphere","isPartOf":{"@id":"https:\/\/peoplesphere.be\/fr\/#website"},"datePublished":"2021-01-15T07:38:50+00:00","dateModified":"2021-01-15T07:41:09+00:00","breadcrumb":{"@id":"https:\/\/peoplesphere.be\/fr\/lecole-dadministration-publique-eap-recherche-chef-de-projet-certificat-de-management-public-m-f-x\/#breadcrumb"},"inLanguage":"fr-FR","potentialAction":[{"@type":"ReadAction","target":["https:\/\/peoplesphere.be\/fr\/lecole-dadministration-publique-eap-recherche-chef-de-projet-certificat-de-management-public-m-f-x\/"]}]},{"@type":"BreadcrumbList","@id":"https:\/\/peoplesphere.be\/fr\/lecole-dadministration-publique-eap-recherche-chef-de-projet-certificat-de-management-public-m-f-x\/#breadcrumb","itemListElement":[{"@type":"ListItem","position":1,"name":"Accueil","item":"https:\/\/peoplesphere.be\/fr\/"},{"@type":"ListItem","position":2,"name":"L&rsquo;Ecole d&rsquo;Administration Publique (EAP) recherche un chef de projet pour le Certificat de management public (M\/F\/X)."}]},{"@type":"WebSite","@id":"https:\/\/peoplesphere.be\/fr\/#website","url":"https:\/\/peoplesphere.be\/fr\/","name":"Peoplesphere","description":"The People Managers Magazine","publisher":{"@id":"https:\/\/peoplesphere.be\/fr\/#organization"},"potentialAction":[{"@type":"SearchAction","target":{"@type":"EntryPoint","urlTemplate":"https:\/\/peoplesphere.be\/fr\/?s={search_term_string}"},"query-input":"required name=search_term_string"}],"inLanguage":"fr-FR"},{"@type":"Organization","@id":"https:\/\/peoplesphere.be\/fr\/#organization","name":"Peoplesphere Company srl","url":"https:\/\/peoplesphere.be\/fr\/","logo":{"@type":"ImageObject","inLanguage":"fr-FR","@id":"https:\/\/peoplesphere.be\/fr\/#\/schema\/logo\/image\/","url":"https:\/\/peoplesphere.be\/fr\/wp-content\/uploads\/2023\/07\/peoplesphere-lgo-new-generik.jpg","contentUrl":"https:\/\/peoplesphere.be\/fr\/wp-content\/uploads\/2023\/07\/peoplesphere-lgo-new-generik.jpg","width":1031,"height":1479,"caption":"Peoplesphere Company srl"},"image":{"@id":"https:\/\/peoplesphere.be\/fr\/#\/schema\/logo\/image\/"},"sameAs":["https:\/\/www.facebook.com\/peoplesphere","https:\/\/twitter.com\/PeoplesphereMag","https:\/\/www.linkedin.com\/company\/7587361?trk","http:\/\/youtube.com\/peoplesphere"]},{"@type":"Person","@id":"https:\/\/peoplesphere.be\/fr\/#\/schema\/person\/7976225ff17988604334abb7b3536a7e","name":"Jean-Paul Erhard","image":{"@type":"ImageObject","inLanguage":"fr-FR","@id":"https:\/\/peoplesphere.be\/fr\/#\/schema\/person\/image\/","url":"https:\/\/secure.gravatar.com\/avatar\/f941e681460179738071629a51574930?s=96&d=mm&r=g","contentUrl":"https:\/\/secure.gravatar.com\/avatar\/f941e681460179738071629a51574930?s=96&d=mm&r=g","caption":"Jean-Paul Erhard"},"url":"https:\/\/peoplesphere.be\/fr\/author\/jpe\/"}]}},"_links":{"self":[{"href":"https:\/\/peoplesphere.be\/fr\/wp-json\/wp\/v2\/posts\/10682"}],"collection":[{"href":"https:\/\/peoplesphere.be\/fr\/wp-json\/wp\/v2\/posts"}],"about":[{"href":"https:\/\/peoplesphere.be\/fr\/wp-json\/wp\/v2\/types\/post"}],"author":[{"embeddable":true,"href":"https:\/\/peoplesphere.be\/fr\/wp-json\/wp\/v2\/users\/2"}],"replies":[{"embeddable":true,"href":"https:\/\/peoplesphere.be\/fr\/wp-json\/wp\/v2\/comments?post=10682"}],"version-history":[{"count":3,"href":"https:\/\/peoplesphere.be\/fr\/wp-json\/wp\/v2\/posts\/10682\/revisions"}],"predecessor-version":[{"id":10685,"href":"https:\/\/peoplesphere.be\/fr\/wp-json\/wp\/v2\/posts\/10682\/revisions\/10685"}],"wp:attachment":[{"href":"https:\/\/peoplesphere.be\/fr\/wp-json\/wp\/v2\/media?parent=10682"}],"wp:term":[{"taxonomy":"category","embeddable":true,"href":"https:\/\/peoplesphere.be\/fr\/wp-json\/wp\/v2\/categories?post=10682"},{"taxonomy":"post_tag","embeddable":true,"href":"https:\/\/peoplesphere.be\/fr\/wp-json\/wp\/v2\/tags?post=10682"}],"curies":[{"name":"wp","href":"https:\/\/api.w.org\/{rel}","templated":true}]}}