









{"id":10686,"date":"2021-01-15T14:16:45","date_gmt":"2021-01-15T12:16:45","guid":{"rendered":"https:\/\/peoplesphere.be\/fr\/?p=10686"},"modified":"2021-01-15T14:16:45","modified_gmt":"2021-01-15T12:16:45","slug":"teletravail-argument-de-plus-plus-essentiel-offres-marche-de-lemploi","status":"publish","type":"post","link":"https:\/\/peoplesphere.be\/fr\/teletravail-argument-de-plus-plus-essentiel-offres-marche-de-lemploi\/","title":{"rendered":"Le t\u00e9l\u00e9travail, un argument de plus en plus essentiel dans les offres sur le march\u00e9 de l&#8217;emploi."},"content":{"rendered":"<p>Maintenant que le confinement en Belgique a \u00e9t\u00e9 prolong\u00e9 jusqu&rsquo;au 1er mars, le travail \u00e0 domicile restera la r\u00e8gle pendant encore au moins un mois et demi. Indeed a examin\u00e9 comment les employeurs et les employ\u00e9s, ou les demandeurs d&#8217;emploi ont respectivement publi\u00e9 ou recherch\u00e9 des offres d\u2019emploi qui mentionnent explicitement le travail \u00e0 domicile.<!--more--><\/p>\n<p>Du c\u00f4t\u00e9 des employeurs, l&rsquo;impact est clair. La proportion d&rsquo;offres d&#8217;emploi sur Indeed qui mentionnent sp\u00e9cifiquement le travail \u00e0 domicile par rapport \u00e0 l&rsquo;ensemble des offres d&#8217;emploi est 2,5 fois plus \u00e9lev\u00e9e qu\u2019\u00e0 \u00e0 la mi-mars 2020, et m\u00eame 3 fois plus \u00e9lev\u00e9e qu&rsquo;en date du 1er janvier 2019. Fait remarquable : la croissance de ce type d\u2019offres d\u2019emplois a \u00e9t\u00e9 la plus forte entre la mi-mars et le 1er ao\u00fbt 2020, p\u00e9riode pendant laquelle elle a presque doubl\u00e9.<\/p>\n<p>Pour les personnes \u00e0 la recherche d&rsquo;un (nouvel) emploi sur Indeed, cette tendance est beaucoup moins forte mais toujours visible. La part des recherches d&#8217;emploi contenant des mots li\u00e9s au travail \u00e0 domicile, a augment\u00e9 de pr\u00e8s de 50% entre la mi-mars 2020 et janvier 2021. Il y a eu un pic \u00e0 la mi-octobre &#8211; mi-novembre,o\u00f9 cette part de recherches a bri\u00e8vement doubl\u00e9. Mais apr\u00e8s la mi-novembre, les chiffres sont retomb\u00e9s aux niveaux de d\u00e9but octobre.<\/p>\n<p><em>\u201cLes employeurs semblent comprendre que la tendance du travail \u00e0 domicile ne peut pas \u00eatre invers\u00e9e et le font savoir clairement dans leurs offres d&#8217;emploi. Du c\u00f4t\u00e9 des salari\u00e9s, la part des recherches de \u00ab\u00a0travail \u00e0 domicile\u00a0\u00bb a moins fortement augment\u00e9. Cette constatation confirme ce que notre \u00e9tude a d\u00e9j\u00e0 montr\u00e9. Seuls 12% des salari\u00e9s consid\u00e8rent le \u00ab\u00a0travail \u00e0 domicile\u00a0\u00bb comme un pr\u00e9r\u00e9quispour changer d&#8217;emploi. Et les personnes sans emploi n&rsquo;ont pas du tout mentionn\u00e9 le travail \u00e0 domicile comme un crit\u00e8re important\u00a0\u00bb<\/em>, d\u00e9clare Arjan Vissers, responsable de la strat\u00e9gie chez Indeed Benelux.<\/p>\n<p>&nbsp;<\/p>\n<p><em>Source: Indeed<\/em><\/p>\n","protected":false},"excerpt":{"rendered":"<p>Maintenant que le confinement en Belgique a \u00e9t\u00e9 prolong\u00e9 jusqu&rsquo;au 1er mars, le travail \u00e0 domicile restera la r\u00e8gle pendant encore au moins un mois et demi. Indeed a examin\u00e9 comment les employeurs et les employ\u00e9s, ou les demandeurs d&#8217;emploi [&hellip;]<\/p>\n","protected":false},"author":2,"featured_media":0,"comment_status":"closed","ping_status":"open","sticky":false,"template":"","format":"standard","meta":[],"categories":[65,10],"tags":[1326,105,72,219,1164],"yoast_head":"<!-- This site is optimized with the Yoast SEO plugin v21.0 - https:\/\/yoast.com\/wordpress\/plugins\/seo\/ -->\n<title>Le t\u00e9l\u00e9travail, un argument de plus en plus essentiel dans les offres sur le march\u00e9 de l&#039;emploi. - Peoplesphere<\/title>\n<meta name=\"robots\" content=\"index, follow, max-snippet:-1, max-image-preview:large, max-video-preview:-1\" \/>\n<link rel=\"canonical\" href=\"https:\/\/peoplesphere.be\/fr\/teletravail-argument-de-plus-plus-essentiel-offres-marche-de-lemploi\/\" \/>\n<meta property=\"og:locale\" content=\"fr_FR\" \/>\n<meta property=\"og:type\" content=\"article\" \/>\n<meta property=\"og:title\" content=\"Le t\u00e9l\u00e9travail, un argument de plus en plus essentiel dans les offres sur le march\u00e9 de l&#039;emploi. - Peoplesphere\" \/>\n<meta property=\"og:description\" content=\"Maintenant que le confinement en Belgique a \u00e9t\u00e9 prolong\u00e9 jusqu&rsquo;au 1er mars, le travail \u00e0 domicile restera la r\u00e8gle pendant encore au moins un mois et demi. Indeed a examin\u00e9 comment les employeurs et les employ\u00e9s, ou les demandeurs d&#8217;emploi [&hellip;]\" \/>\n<meta property=\"og:url\" content=\"https:\/\/peoplesphere.be\/fr\/teletravail-argument-de-plus-plus-essentiel-offres-marche-de-lemploi\/\" \/>\n<meta property=\"og:site_name\" content=\"Peoplesphere\" \/>\n<meta property=\"article:publisher\" content=\"https:\/\/www.facebook.com\/peoplesphere\" \/>\n<meta property=\"article:published_time\" content=\"2021-01-15T12:16:45+00:00\" \/>\n<meta property=\"og:image\" content=\"http:\/\/www.peoplesphere.be\/fr\/wp-content\/uploads\/2016\/07\/facebook-default-posting-1200x628px.jpg\" \/>\n<meta name=\"author\" content=\"Jean-Paul Erhard\" \/>\n<meta name=\"twitter:card\" content=\"summary_large_image\" \/>\n<meta name=\"twitter:creator\" content=\"@PeoplesphereMag\" \/>\n<meta name=\"twitter:site\" content=\"@PeoplesphereMag\" \/>\n<meta name=\"twitter:label1\" content=\"\u00c9crit par\" \/>\n\t<meta name=\"twitter:data1\" content=\"Jean-Paul Erhard\" \/>\n\t<meta name=\"twitter:label2\" content=\"Dur\u00e9e de lecture estim\u00e9e\" \/>\n\t<meta name=\"twitter:data2\" content=\"2 minutes\" \/>\n<script type=\"application\/ld+json\" class=\"yoast-schema-graph\">{\"@context\":\"https:\/\/schema.org\",\"@graph\":[{\"@type\":\"Article\",\"@id\":\"https:\/\/peoplesphere.be\/fr\/teletravail-argument-de-plus-plus-essentiel-offres-marche-de-lemploi\/#article\",\"isPartOf\":{\"@id\":\"https:\/\/peoplesphere.be\/fr\/teletravail-argument-de-plus-plus-essentiel-offres-marche-de-lemploi\/\"},\"author\":{\"name\":\"Jean-Paul Erhard\",\"@id\":\"https:\/\/peoplesphere.be\/fr\/#\/schema\/person\/7976225ff17988604334abb7b3536a7e\"},\"headline\":\"Le t\u00e9l\u00e9travail, un argument de plus en plus essentiel dans les offres sur le march\u00e9 de l&#8217;emploi.\",\"datePublished\":\"2021-01-15T12:16:45+00:00\",\"dateModified\":\"2021-01-15T12:16:45+00:00\",\"mainEntityOfPage\":{\"@id\":\"https:\/\/peoplesphere.be\/fr\/teletravail-argument-de-plus-plus-essentiel-offres-marche-de-lemploi\/\"},\"wordCount\":334,\"publisher\":{\"@id\":\"https:\/\/peoplesphere.be\/fr\/#organization\"},\"keywords\":[\"indeed\",\"offres d'emploi\",\"recrutement\",\"t\u00e9l\u00e9travail\",\"travail \u00e0 domicile\"],\"articleSection\":[\"Actualit\u00e9s\",\"Digital\"],\"inLanguage\":\"fr-FR\"},{\"@type\":\"WebPage\",\"@id\":\"https:\/\/peoplesphere.be\/fr\/teletravail-argument-de-plus-plus-essentiel-offres-marche-de-lemploi\/\",\"url\":\"https:\/\/peoplesphere.be\/fr\/teletravail-argument-de-plus-plus-essentiel-offres-marche-de-lemploi\/\",\"name\":\"Le t\u00e9l\u00e9travail, un argument de plus en plus essentiel dans les offres sur le march\u00e9 de l'emploi. - Peoplesphere\",\"isPartOf\":{\"@id\":\"https:\/\/peoplesphere.be\/fr\/#website\"},\"datePublished\":\"2021-01-15T12:16:45+00:00\",\"dateModified\":\"2021-01-15T12:16:45+00:00\",\"breadcrumb\":{\"@id\":\"https:\/\/peoplesphere.be\/fr\/teletravail-argument-de-plus-plus-essentiel-offres-marche-de-lemploi\/#breadcrumb\"},\"inLanguage\":\"fr-FR\",\"potentialAction\":[{\"@type\":\"ReadAction\",\"target\":[\"https:\/\/peoplesphere.be\/fr\/teletravail-argument-de-plus-plus-essentiel-offres-marche-de-lemploi\/\"]}]},{\"@type\":\"BreadcrumbList\",\"@id\":\"https:\/\/peoplesphere.be\/fr\/teletravail-argument-de-plus-plus-essentiel-offres-marche-de-lemploi\/#breadcrumb\",\"itemListElement\":[{\"@type\":\"ListItem\",\"position\":1,\"name\":\"Accueil\",\"item\":\"https:\/\/peoplesphere.be\/fr\/\"},{\"@type\":\"ListItem\",\"position\":2,\"name\":\"Le t\u00e9l\u00e9travail, un argument de plus en plus essentiel dans les offres sur le march\u00e9 de l&#8217;emploi.\"}]},{\"@type\":\"WebSite\",\"@id\":\"https:\/\/peoplesphere.be\/fr\/#website\",\"url\":\"https:\/\/peoplesphere.be\/fr\/\",\"name\":\"Peoplesphere\",\"description\":\"The People Managers Magazine\",\"publisher\":{\"@id\":\"https:\/\/peoplesphere.be\/fr\/#organization\"},\"potentialAction\":[{\"@type\":\"SearchAction\",\"target\":{\"@type\":\"EntryPoint\",\"urlTemplate\":\"https:\/\/peoplesphere.be\/fr\/?s={search_term_string}\"},\"query-input\":\"required name=search_term_string\"}],\"inLanguage\":\"fr-FR\"},{\"@type\":\"Organization\",\"@id\":\"https:\/\/peoplesphere.be\/fr\/#organization\",\"name\":\"Peoplesphere Company srl\",\"url\":\"https:\/\/peoplesphere.be\/fr\/\",\"logo\":{\"@type\":\"ImageObject\",\"inLanguage\":\"fr-FR\",\"@id\":\"https:\/\/peoplesphere.be\/fr\/#\/schema\/logo\/image\/\",\"url\":\"https:\/\/peoplesphere.be\/fr\/wp-content\/uploads\/2023\/07\/peoplesphere-lgo-new-generik.jpg\",\"contentUrl\":\"https:\/\/peoplesphere.be\/fr\/wp-content\/uploads\/2023\/07\/peoplesphere-lgo-new-generik.jpg\",\"width\":1031,\"height\":1479,\"caption\":\"Peoplesphere Company srl\"},\"image\":{\"@id\":\"https:\/\/peoplesphere.be\/fr\/#\/schema\/logo\/image\/\"},\"sameAs\":[\"https:\/\/www.facebook.com\/peoplesphere\",\"https:\/\/twitter.com\/PeoplesphereMag\",\"https:\/\/www.linkedin.com\/company\/7587361?trk\",\"http:\/\/youtube.com\/peoplesphere\"]},{\"@type\":\"Person\",\"@id\":\"https:\/\/peoplesphere.be\/fr\/#\/schema\/person\/7976225ff17988604334abb7b3536a7e\",\"name\":\"Jean-Paul Erhard\",\"image\":{\"@type\":\"ImageObject\",\"inLanguage\":\"fr-FR\",\"@id\":\"https:\/\/peoplesphere.be\/fr\/#\/schema\/person\/image\/\",\"url\":\"https:\/\/secure.gravatar.com\/avatar\/f941e681460179738071629a51574930?s=96&d=mm&r=g\",\"contentUrl\":\"https:\/\/secure.gravatar.com\/avatar\/f941e681460179738071629a51574930?s=96&d=mm&r=g\",\"caption\":\"Jean-Paul Erhard\"},\"url\":\"https:\/\/peoplesphere.be\/fr\/author\/jpe\/\"}]}<\/script>\n<!-- \/ Yoast SEO plugin. -->","yoast_head_json":{"title":"Le t\u00e9l\u00e9travail, un argument de plus en plus essentiel dans les offres sur le march\u00e9 de l'emploi. - Peoplesphere","robots":{"index":"index","follow":"follow","max-snippet":"max-snippet:-1","max-image-preview":"max-image-preview:large","max-video-preview":"max-video-preview:-1"},"canonical":"https:\/\/peoplesphere.be\/fr\/teletravail-argument-de-plus-plus-essentiel-offres-marche-de-lemploi\/","og_locale":"fr_FR","og_type":"article","og_title":"Le t\u00e9l\u00e9travail, un argument de plus en plus essentiel dans les offres sur le march\u00e9 de l'emploi. - Peoplesphere","og_description":"Maintenant que le confinement en Belgique a \u00e9t\u00e9 prolong\u00e9 jusqu&rsquo;au 1er mars, le travail \u00e0 domicile restera la r\u00e8gle pendant encore au moins un mois et demi. Indeed a examin\u00e9 comment les employeurs et les employ\u00e9s, ou les demandeurs d&#8217;emploi [&hellip;]","og_url":"https:\/\/peoplesphere.be\/fr\/teletravail-argument-de-plus-plus-essentiel-offres-marche-de-lemploi\/","og_site_name":"Peoplesphere","article_publisher":"https:\/\/www.facebook.com\/peoplesphere","article_published_time":"2021-01-15T12:16:45+00:00","og_image":[{"url":"http:\/\/www.peoplesphere.be\/fr\/wp-content\/uploads\/2016\/07\/facebook-default-posting-1200x628px.jpg"}],"author":"Jean-Paul Erhard","twitter_card":"summary_large_image","twitter_creator":"@PeoplesphereMag","twitter_site":"@PeoplesphereMag","twitter_misc":{"\u00c9crit par":"Jean-Paul Erhard","Dur\u00e9e de lecture estim\u00e9e":"2 minutes"},"schema":{"@context":"https:\/\/schema.org","@graph":[{"@type":"Article","@id":"https:\/\/peoplesphere.be\/fr\/teletravail-argument-de-plus-plus-essentiel-offres-marche-de-lemploi\/#article","isPartOf":{"@id":"https:\/\/peoplesphere.be\/fr\/teletravail-argument-de-plus-plus-essentiel-offres-marche-de-lemploi\/"},"author":{"name":"Jean-Paul Erhard","@id":"https:\/\/peoplesphere.be\/fr\/#\/schema\/person\/7976225ff17988604334abb7b3536a7e"},"headline":"Le t\u00e9l\u00e9travail, un argument de plus en plus essentiel dans les offres sur le march\u00e9 de l&#8217;emploi.","datePublished":"2021-01-15T12:16:45+00:00","dateModified":"2021-01-15T12:16:45+00:00","mainEntityOfPage":{"@id":"https:\/\/peoplesphere.be\/fr\/teletravail-argument-de-plus-plus-essentiel-offres-marche-de-lemploi\/"},"wordCount":334,"publisher":{"@id":"https:\/\/peoplesphere.be\/fr\/#organization"},"keywords":["indeed","offres d'emploi","recrutement","t\u00e9l\u00e9travail","travail \u00e0 domicile"],"articleSection":["Actualit\u00e9s","Digital"],"inLanguage":"fr-FR"},{"@type":"WebPage","@id":"https:\/\/peoplesphere.be\/fr\/teletravail-argument-de-plus-plus-essentiel-offres-marche-de-lemploi\/","url":"https:\/\/peoplesphere.be\/fr\/teletravail-argument-de-plus-plus-essentiel-offres-marche-de-lemploi\/","name":"Le t\u00e9l\u00e9travail, un argument de plus en plus essentiel dans les offres sur le march\u00e9 de l'emploi. - Peoplesphere","isPartOf":{"@id":"https:\/\/peoplesphere.be\/fr\/#website"},"datePublished":"2021-01-15T12:16:45+00:00","dateModified":"2021-01-15T12:16:45+00:00","breadcrumb":{"@id":"https:\/\/peoplesphere.be\/fr\/teletravail-argument-de-plus-plus-essentiel-offres-marche-de-lemploi\/#breadcrumb"},"inLanguage":"fr-FR","potentialAction":[{"@type":"ReadAction","target":["https:\/\/peoplesphere.be\/fr\/teletravail-argument-de-plus-plus-essentiel-offres-marche-de-lemploi\/"]}]},{"@type":"BreadcrumbList","@id":"https:\/\/peoplesphere.be\/fr\/teletravail-argument-de-plus-plus-essentiel-offres-marche-de-lemploi\/#breadcrumb","itemListElement":[{"@type":"ListItem","position":1,"name":"Accueil","item":"https:\/\/peoplesphere.be\/fr\/"},{"@type":"ListItem","position":2,"name":"Le t\u00e9l\u00e9travail, un argument de plus en plus essentiel dans les offres sur le march\u00e9 de l&#8217;emploi."}]},{"@type":"WebSite","@id":"https:\/\/peoplesphere.be\/fr\/#website","url":"https:\/\/peoplesphere.be\/fr\/","name":"Peoplesphere","description":"The People Managers Magazine","publisher":{"@id":"https:\/\/peoplesphere.be\/fr\/#organization"},"potentialAction":[{"@type":"SearchAction","target":{"@type":"EntryPoint","urlTemplate":"https:\/\/peoplesphere.be\/fr\/?s={search_term_string}"},"query-input":"required name=search_term_string"}],"inLanguage":"fr-FR"},{"@type":"Organization","@id":"https:\/\/peoplesphere.be\/fr\/#organization","name":"Peoplesphere Company srl","url":"https:\/\/peoplesphere.be\/fr\/","logo":{"@type":"ImageObject","inLanguage":"fr-FR","@id":"https:\/\/peoplesphere.be\/fr\/#\/schema\/logo\/image\/","url":"https:\/\/peoplesphere.be\/fr\/wp-content\/uploads\/2023\/07\/peoplesphere-lgo-new-generik.jpg","contentUrl":"https:\/\/peoplesphere.be\/fr\/wp-content\/uploads\/2023\/07\/peoplesphere-lgo-new-generik.jpg","width":1031,"height":1479,"caption":"Peoplesphere Company srl"},"image":{"@id":"https:\/\/peoplesphere.be\/fr\/#\/schema\/logo\/image\/"},"sameAs":["https:\/\/www.facebook.com\/peoplesphere","https:\/\/twitter.com\/PeoplesphereMag","https:\/\/www.linkedin.com\/company\/7587361?trk","http:\/\/youtube.com\/peoplesphere"]},{"@type":"Person","@id":"https:\/\/peoplesphere.be\/fr\/#\/schema\/person\/7976225ff17988604334abb7b3536a7e","name":"Jean-Paul Erhard","image":{"@type":"ImageObject","inLanguage":"fr-FR","@id":"https:\/\/peoplesphere.be\/fr\/#\/schema\/person\/image\/","url":"https:\/\/secure.gravatar.com\/avatar\/f941e681460179738071629a51574930?s=96&d=mm&r=g","contentUrl":"https:\/\/secure.gravatar.com\/avatar\/f941e681460179738071629a51574930?s=96&d=mm&r=g","caption":"Jean-Paul Erhard"},"url":"https:\/\/peoplesphere.be\/fr\/author\/jpe\/"}]}},"_links":{"self":[{"href":"https:\/\/peoplesphere.be\/fr\/wp-json\/wp\/v2\/posts\/10686"}],"collection":[{"href":"https:\/\/peoplesphere.be\/fr\/wp-json\/wp\/v2\/posts"}],"about":[{"href":"https:\/\/peoplesphere.be\/fr\/wp-json\/wp\/v2\/types\/post"}],"author":[{"embeddable":true,"href":"https:\/\/peoplesphere.be\/fr\/wp-json\/wp\/v2\/users\/2"}],"replies":[{"embeddable":true,"href":"https:\/\/peoplesphere.be\/fr\/wp-json\/wp\/v2\/comments?post=10686"}],"version-history":[{"count":1,"href":"https:\/\/peoplesphere.be\/fr\/wp-json\/wp\/v2\/posts\/10686\/revisions"}],"predecessor-version":[{"id":10687,"href":"https:\/\/peoplesphere.be\/fr\/wp-json\/wp\/v2\/posts\/10686\/revisions\/10687"}],"wp:attachment":[{"href":"https:\/\/peoplesphere.be\/fr\/wp-json\/wp\/v2\/media?parent=10686"}],"wp:term":[{"taxonomy":"category","embeddable":true,"href":"https:\/\/peoplesphere.be\/fr\/wp-json\/wp\/v2\/categories?post=10686"},{"taxonomy":"post_tag","embeddable":true,"href":"https:\/\/peoplesphere.be\/fr\/wp-json\/wp\/v2\/tags?post=10686"}],"curies":[{"name":"wp","href":"https:\/\/api.w.org\/{rel}","templated":true}]}}