









{"id":10691,"date":"2021-01-18T09:23:54","date_gmt":"2021-01-18T07:23:54","guid":{"rendered":"https:\/\/peoplesphere.be\/fr\/?p=10691"},"modified":"2021-01-18T09:23:54","modified_gmt":"2021-01-18T07:23:54","slug":"deuxieme-vague-de-crise-sanitaire-rude-lactivite-economique-independants-cas-beaucoup-nombreux-a-demander-droit-passerelle","status":"publish","type":"post","link":"https:\/\/peoplesphere.be\/fr\/deuxieme-vague-de-crise-sanitaire-rude-lactivite-economique-independants-cas-beaucoup-nombreux-a-demander-droit-passerelle\/","title":{"rendered":"La deuxi\u00e8me vague de la crise sanitaire moins rude pour l&rsquo;activit\u00e9 \u00e9conomique? Les ind\u00e9pendants sont en tout cas beaucoup moins nombreux \u00e0 demander le droit passerelle."},"content":{"rendered":"<p>En moyenne, environ 26.400 ind\u00e9pendants ont fait appel \u00e0 cette mesure de soutien aupr\u00e8s d\u2019Acerta ces trois derniers mois, ce qui repr\u00e9sente 70 % de demandes en moins pour le droit passerelle par rapport \u00e0 la premi\u00e8re vague. En d\u00e9cembre 2020, 12,5% des ind\u00e9pendants belges en activit\u00e9 principale ont profit\u00e9 de l\u2019aide propos\u00e9e par le gouvernement sous la forme d\u2019un droit passerelle pour la crise du coronavirus. La moyenne des trois derniers mois s\u2019\u00e9l\u00e8ve donc \u00e0 13,7%. Le nombre de demandes a baiss\u00e9 de 71 % par rapport au nombre de demandes introduites pendant la premi\u00e8re vague, constate Acerta sur base des chiffres relatifs \u00e0 plus de 190.000 ind\u00e9pendants en activit\u00e9 principale. <!--more--><\/p>\n<p>Concr\u00e8tement, un plus grand nombre de secteurs sont rest\u00e9s ouverts au cours de la deuxi\u00e8me vague, bien que le nombre de dossiers \u00e0 traiter reste consid\u00e9rablement \u00e9lev\u00e9 sur une base mensuelle.. Il n&rsquo;y a donc pas eu de deuxi\u00e8me pic des demandes de droit passerelle marqu\u00e9 pendant le deuxi\u00e8me confinement.<\/p>\n<p>Lors du premier confinement, lorsque tout le monde \u00e9tait encore sous le coup de la surprise face au coronavirus, le gouvernement avait rapidement propos\u00e9 de l\u2019aide aux entreprises et aux ind\u00e9pendants. Une petite moiti\u00e9 des ind\u00e9pendants avait ainsi joui de son droit passerelle coronavirus en mars, avril et mai. Cela a port\u00e9 le nombre moyen de demandes \u00e0 90.400 dossiers par mois. Ensuite, les choses ont \u00e9volu\u00e9 rapidement : de juin \u00e0 septembre, alors que les mesures se sont assouplies et que les conditions d\u2019octroi du droit passerelle se sont multipli\u00e9es, un peu moins d\u2019un ind\u00e9pendant sur dix a fait appel \u00e0 ce droit.<\/p>\n<p>Quand la deuxi\u00e8me vague du virus est arriv\u00e9e dans notre pays, on aurait pu s\u2019attendre \u00e0 ce que le nombre de demandes de droit passerelle augmente fortement. Pourtant, il n\u2019y a pas vraiment eu de pic : d\u2019octobre \u00e0 d\u00e9cembre 2020, ce sont en moyenne 13,7% des ind\u00e9pendants qui ont introduit une demande de droit passerelle chaque mois. C\u2019est plus de 70% de moins que lors de la premi\u00e8re vague.<\/p>\n<p>Nadine Morren, Directrice Service \u00e0 la Client\u00e8le chez Acerta, d\u00e9clare : <em>\u00ab\u00a0Cela s\u2019explique par le fait que de plus nombreux secteurs sont ouverts pendant la deuxi\u00e8me vague et c\u2019est une bonne nouvelle. Les conditions d\u2019octroi du droit passerelle ont \u00e9t\u00e9 modifi\u00e9es par les pouvoirs public, par cons\u00e9quent moins d\u2019ind\u00e9pendants pouvaient en b\u00e9n\u00e9ficier que lors de la premi\u00e8re vague. Les dossiers sont g\u00e9n\u00e9ralement complexes et requi\u00e8rent un temps de traitement consid\u00e9rable. Presque toutes les demandes de droit passerelle entraient dans le cadre des secteurs soumis \u00e0 l\u2019obligation de fermeture comme l\u2019Horeca, les salons de coiffure et le secteur \u00e9v\u00e9nementiel. En ce qui concerne le droit passerelle de red\u00e9marrage, seuls les secteurs ayant \u00e9t\u00e9 forc\u00e9s de fermer pendant la 1\u00e8re vague, comme les magasins de v\u00eatements et les jardineries, peuvent encore y recourir en 2020. Il y a donc encore des demandes qui continuent \u00e0 arriver, il y a \u00e9galement des ind\u00e9pendants qui ont introduit leur demande mais qui n\u2019y ont pas droit. Les chiffres peuvent donc encore l\u00e9g\u00e8rement \u00e9voluer.\u00a0\u00bb<\/em><\/p>\n<p><em><strong>R\u00e8gles relatives au droit passerelle modifi\u00e9es en 2021<\/strong><\/em><\/p>\n<p>En 2021, la possibilit\u00e9 de demander le droit passerelle de crise a \u00e9t\u00e9 prolong\u00e9e, mais de nouvelles r\u00e8gles ont \u00e9t\u00e9 mises en place.\u00a0Le gouvernement pr\u00e9voit une aide pour les ind\u00e9pendants des secteurs dont la fermeture est obligatoire et pour les ind\u00e9pendants qui d\u00e9pendent de ces secteurs. Cette r\u00e8gle reste d\u2019application jusqu\u2019au 28 f\u00e9vrier 2021. \u00c0 partir du 1er mars 2021, seuls les ind\u00e9pendants qui font l\u2019objet d\u2019une fermeture forc\u00e9e et qui cessent compl\u00e8tement leurs activit\u00e9s pourront b\u00e9n\u00e9ficier du droit passerelle de crise. Par exemple, les \u00e9tablissements de restauration vendant des repas \u00e0 emporter ne pourront plus b\u00e9n\u00e9ficier de cette mesure de soutien, mais pourront \u00e9ventuellement b\u00e9n\u00e9ficier de la mesure de soutien pour baisse substantielle du chiffre d\u2019affaires.<\/p>\n<p>Les ind\u00e9pendants qui subissent une baisse importante de leur chiffre d\u2019affaires, m\u00eame si leur entreprise reste ouverte, peuvent \u00e9galement compter sur une aide \u00e0 partir du 1er janvier 2021. Si le chiffre d\u2019affaires du mois calendrier pr\u00e9c\u00e9dant le mois pendant lequel l\u2019ind\u00e9pendant introduit sa demande est 40 % inf\u00e9rieur au chiffre d\u2019affaires du m\u00eame mois en 2019, l\u2019ind\u00e9pendant aura droit \u00e0 une allocation de transition de crise. Ce pilier remplace l\u2019allocation de relance.<\/p>\n<p>Si les ind\u00e9pendants doivent interrompre leur activit\u00e9 pendant au moins sept jours calendrier cons\u00e9cutifs en raison d\u2019une quarantaine obligatoire, ils ont droit au droit passerelle de crise. M\u00eame chose si un ind\u00e9pendant ne peut pas travailler pendant sept jours parce qu\u2019il doit garder un ou plusieurs enfant(s) de moins de 18 ans ne pouvant pas se rendre \u00e0 la garderie ou \u00e0 l\u2019\u00e9cole, ou parce qu\u2019il doit s\u2019occuper d\u2019un enfant atteint de handicap ne pouvant pas b\u00e9n\u00e9ficier de la garde ou des soins habituels en raison des mesures li\u00e9es au coronavirus.<\/p>\n<p>&nbsp;<\/p>\n<p><em>Source : l\u2019analyse et les conclusions sont bas\u00e9es sur les donn\u00e9es de 190.000 ind\u00e9pendants en activit\u00e9 principale. Les donn\u00e9es en question concernent le nombre de demandes de droit passerelle corona enregistr\u00e9es jusqu\u2019au 10 janvier 2021 inclus.<\/em><\/p>\n","protected":false},"excerpt":{"rendered":"<p>En moyenne, environ 26.400 ind\u00e9pendants ont fait appel \u00e0 cette mesure de soutien aupr\u00e8s d\u2019Acerta ces trois derniers mois, ce qui repr\u00e9sente 70 % de demandes en moins pour le droit passerelle par rapport \u00e0 la premi\u00e8re vague. En d\u00e9cembre [&hellip;]<\/p>\n","protected":false},"author":2,"featured_media":0,"comment_status":"closed","ping_status":"open","sticky":false,"template":"","format":"standard","meta":[],"categories":[65,10],"tags":[271,2947,2480,978],"yoast_head":"<!-- This site is optimized with the Yoast SEO plugin v21.0 - https:\/\/yoast.com\/wordpress\/plugins\/seo\/ -->\n<title>La deuxi\u00e8me vague de la crise sanitaire moins rude pour l&#039;activit\u00e9 \u00e9conomique? Les ind\u00e9pendants sont en tout cas beaucoup moins nombreux \u00e0 demander le droit passerelle. - Peoplesphere<\/title>\n<meta name=\"robots\" content=\"index, follow, max-snippet:-1, max-image-preview:large, max-video-preview:-1\" \/>\n<link rel=\"canonical\" href=\"https:\/\/peoplesphere.be\/fr\/deuxieme-vague-de-crise-sanitaire-rude-lactivite-economique-independants-cas-beaucoup-nombreux-a-demander-droit-passerelle\/\" \/>\n<meta property=\"og:locale\" content=\"fr_FR\" \/>\n<meta property=\"og:type\" content=\"article\" \/>\n<meta property=\"og:title\" content=\"La deuxi\u00e8me vague de la crise sanitaire moins rude pour l&#039;activit\u00e9 \u00e9conomique? Les ind\u00e9pendants sont en tout cas beaucoup moins nombreux \u00e0 demander le droit passerelle. - Peoplesphere\" \/>\n<meta property=\"og:description\" content=\"En moyenne, environ 26.400 ind\u00e9pendants ont fait appel \u00e0 cette mesure de soutien aupr\u00e8s d\u2019Acerta ces trois derniers mois, ce qui repr\u00e9sente 70 % de demandes en moins pour le droit passerelle par rapport \u00e0 la premi\u00e8re vague. En d\u00e9cembre [&hellip;]\" \/>\n<meta property=\"og:url\" content=\"https:\/\/peoplesphere.be\/fr\/deuxieme-vague-de-crise-sanitaire-rude-lactivite-economique-independants-cas-beaucoup-nombreux-a-demander-droit-passerelle\/\" \/>\n<meta property=\"og:site_name\" content=\"Peoplesphere\" \/>\n<meta property=\"article:publisher\" content=\"https:\/\/www.facebook.com\/peoplesphere\" \/>\n<meta property=\"article:published_time\" content=\"2021-01-18T07:23:54+00:00\" \/>\n<meta property=\"og:image\" content=\"http:\/\/www.peoplesphere.be\/fr\/wp-content\/uploads\/2016\/07\/facebook-default-posting-1200x628px.jpg\" \/>\n<meta name=\"author\" content=\"Jean-Paul Erhard\" \/>\n<meta name=\"twitter:card\" content=\"summary_large_image\" \/>\n<meta name=\"twitter:creator\" content=\"@PeoplesphereMag\" \/>\n<meta name=\"twitter:site\" content=\"@PeoplesphereMag\" \/>\n<meta name=\"twitter:label1\" content=\"\u00c9crit par\" \/>\n\t<meta name=\"twitter:data1\" content=\"Jean-Paul Erhard\" \/>\n\t<meta name=\"twitter:label2\" content=\"Dur\u00e9e de lecture estim\u00e9e\" \/>\n\t<meta name=\"twitter:data2\" content=\"5 minutes\" \/>\n<script type=\"application\/ld+json\" class=\"yoast-schema-graph\">{\"@context\":\"https:\/\/schema.org\",\"@graph\":[{\"@type\":\"Article\",\"@id\":\"https:\/\/peoplesphere.be\/fr\/deuxieme-vague-de-crise-sanitaire-rude-lactivite-economique-independants-cas-beaucoup-nombreux-a-demander-droit-passerelle\/#article\",\"isPartOf\":{\"@id\":\"https:\/\/peoplesphere.be\/fr\/deuxieme-vague-de-crise-sanitaire-rude-lactivite-economique-independants-cas-beaucoup-nombreux-a-demander-droit-passerelle\/\"},\"author\":{\"name\":\"Jean-Paul Erhard\",\"@id\":\"https:\/\/peoplesphere.be\/fr\/#\/schema\/person\/7976225ff17988604334abb7b3536a7e\"},\"headline\":\"La deuxi\u00e8me vague de la crise sanitaire moins rude pour l&rsquo;activit\u00e9 \u00e9conomique? Les ind\u00e9pendants sont en tout cas beaucoup moins nombreux \u00e0 demander le droit passerelle.\",\"datePublished\":\"2021-01-18T07:23:54+00:00\",\"dateModified\":\"2021-01-18T07:23:54+00:00\",\"mainEntityOfPage\":{\"@id\":\"https:\/\/peoplesphere.be\/fr\/deuxieme-vague-de-crise-sanitaire-rude-lactivite-economique-independants-cas-beaucoup-nombreux-a-demander-droit-passerelle\/\"},\"wordCount\":931,\"publisher\":{\"@id\":\"https:\/\/peoplesphere.be\/fr\/#organization\"},\"keywords\":[\"acerta\",\"coronavirus\",\"droit passerelle\",\"travailleurs ind\u00e9pendants\"],\"articleSection\":[\"Actualit\u00e9s\",\"Digital\"],\"inLanguage\":\"fr-FR\"},{\"@type\":\"WebPage\",\"@id\":\"https:\/\/peoplesphere.be\/fr\/deuxieme-vague-de-crise-sanitaire-rude-lactivite-economique-independants-cas-beaucoup-nombreux-a-demander-droit-passerelle\/\",\"url\":\"https:\/\/peoplesphere.be\/fr\/deuxieme-vague-de-crise-sanitaire-rude-lactivite-economique-independants-cas-beaucoup-nombreux-a-demander-droit-passerelle\/\",\"name\":\"La deuxi\u00e8me vague de la crise sanitaire moins rude pour l'activit\u00e9 \u00e9conomique? Les ind\u00e9pendants sont en tout cas beaucoup moins nombreux \u00e0 demander le droit passerelle. - Peoplesphere\",\"isPartOf\":{\"@id\":\"https:\/\/peoplesphere.be\/fr\/#website\"},\"datePublished\":\"2021-01-18T07:23:54+00:00\",\"dateModified\":\"2021-01-18T07:23:54+00:00\",\"breadcrumb\":{\"@id\":\"https:\/\/peoplesphere.be\/fr\/deuxieme-vague-de-crise-sanitaire-rude-lactivite-economique-independants-cas-beaucoup-nombreux-a-demander-droit-passerelle\/#breadcrumb\"},\"inLanguage\":\"fr-FR\",\"potentialAction\":[{\"@type\":\"ReadAction\",\"target\":[\"https:\/\/peoplesphere.be\/fr\/deuxieme-vague-de-crise-sanitaire-rude-lactivite-economique-independants-cas-beaucoup-nombreux-a-demander-droit-passerelle\/\"]}]},{\"@type\":\"BreadcrumbList\",\"@id\":\"https:\/\/peoplesphere.be\/fr\/deuxieme-vague-de-crise-sanitaire-rude-lactivite-economique-independants-cas-beaucoup-nombreux-a-demander-droit-passerelle\/#breadcrumb\",\"itemListElement\":[{\"@type\":\"ListItem\",\"position\":1,\"name\":\"Accueil\",\"item\":\"https:\/\/peoplesphere.be\/fr\/\"},{\"@type\":\"ListItem\",\"position\":2,\"name\":\"La deuxi\u00e8me vague de la crise sanitaire moins rude pour l&rsquo;activit\u00e9 \u00e9conomique? Les ind\u00e9pendants sont en tout cas beaucoup moins nombreux \u00e0 demander le droit passerelle.\"}]},{\"@type\":\"WebSite\",\"@id\":\"https:\/\/peoplesphere.be\/fr\/#website\",\"url\":\"https:\/\/peoplesphere.be\/fr\/\",\"name\":\"Peoplesphere\",\"description\":\"The People Managers Magazine\",\"publisher\":{\"@id\":\"https:\/\/peoplesphere.be\/fr\/#organization\"},\"potentialAction\":[{\"@type\":\"SearchAction\",\"target\":{\"@type\":\"EntryPoint\",\"urlTemplate\":\"https:\/\/peoplesphere.be\/fr\/?s={search_term_string}\"},\"query-input\":\"required name=search_term_string\"}],\"inLanguage\":\"fr-FR\"},{\"@type\":\"Organization\",\"@id\":\"https:\/\/peoplesphere.be\/fr\/#organization\",\"name\":\"Peoplesphere Company srl\",\"url\":\"https:\/\/peoplesphere.be\/fr\/\",\"logo\":{\"@type\":\"ImageObject\",\"inLanguage\":\"fr-FR\",\"@id\":\"https:\/\/peoplesphere.be\/fr\/#\/schema\/logo\/image\/\",\"url\":\"https:\/\/peoplesphere.be\/fr\/wp-content\/uploads\/2023\/07\/peoplesphere-lgo-new-generik.jpg\",\"contentUrl\":\"https:\/\/peoplesphere.be\/fr\/wp-content\/uploads\/2023\/07\/peoplesphere-lgo-new-generik.jpg\",\"width\":1031,\"height\":1479,\"caption\":\"Peoplesphere Company srl\"},\"image\":{\"@id\":\"https:\/\/peoplesphere.be\/fr\/#\/schema\/logo\/image\/\"},\"sameAs\":[\"https:\/\/www.facebook.com\/peoplesphere\",\"https:\/\/twitter.com\/PeoplesphereMag\",\"https:\/\/www.linkedin.com\/company\/7587361?trk\",\"http:\/\/youtube.com\/peoplesphere\"]},{\"@type\":\"Person\",\"@id\":\"https:\/\/peoplesphere.be\/fr\/#\/schema\/person\/7976225ff17988604334abb7b3536a7e\",\"name\":\"Jean-Paul Erhard\",\"image\":{\"@type\":\"ImageObject\",\"inLanguage\":\"fr-FR\",\"@id\":\"https:\/\/peoplesphere.be\/fr\/#\/schema\/person\/image\/\",\"url\":\"https:\/\/secure.gravatar.com\/avatar\/f941e681460179738071629a51574930?s=96&d=mm&r=g\",\"contentUrl\":\"https:\/\/secure.gravatar.com\/avatar\/f941e681460179738071629a51574930?s=96&d=mm&r=g\",\"caption\":\"Jean-Paul Erhard\"},\"url\":\"https:\/\/peoplesphere.be\/fr\/author\/jpe\/\"}]}<\/script>\n<!-- \/ Yoast SEO plugin. -->","yoast_head_json":{"title":"La deuxi\u00e8me vague de la crise sanitaire moins rude pour l'activit\u00e9 \u00e9conomique? Les ind\u00e9pendants sont en tout cas beaucoup moins nombreux \u00e0 demander le droit passerelle. - Peoplesphere","robots":{"index":"index","follow":"follow","max-snippet":"max-snippet:-1","max-image-preview":"max-image-preview:large","max-video-preview":"max-video-preview:-1"},"canonical":"https:\/\/peoplesphere.be\/fr\/deuxieme-vague-de-crise-sanitaire-rude-lactivite-economique-independants-cas-beaucoup-nombreux-a-demander-droit-passerelle\/","og_locale":"fr_FR","og_type":"article","og_title":"La deuxi\u00e8me vague de la crise sanitaire moins rude pour l'activit\u00e9 \u00e9conomique? Les ind\u00e9pendants sont en tout cas beaucoup moins nombreux \u00e0 demander le droit passerelle. - Peoplesphere","og_description":"En moyenne, environ 26.400 ind\u00e9pendants ont fait appel \u00e0 cette mesure de soutien aupr\u00e8s d\u2019Acerta ces trois derniers mois, ce qui repr\u00e9sente 70 % de demandes en moins pour le droit passerelle par rapport \u00e0 la premi\u00e8re vague. En d\u00e9cembre [&hellip;]","og_url":"https:\/\/peoplesphere.be\/fr\/deuxieme-vague-de-crise-sanitaire-rude-lactivite-economique-independants-cas-beaucoup-nombreux-a-demander-droit-passerelle\/","og_site_name":"Peoplesphere","article_publisher":"https:\/\/www.facebook.com\/peoplesphere","article_published_time":"2021-01-18T07:23:54+00:00","og_image":[{"url":"http:\/\/www.peoplesphere.be\/fr\/wp-content\/uploads\/2016\/07\/facebook-default-posting-1200x628px.jpg"}],"author":"Jean-Paul Erhard","twitter_card":"summary_large_image","twitter_creator":"@PeoplesphereMag","twitter_site":"@PeoplesphereMag","twitter_misc":{"\u00c9crit par":"Jean-Paul Erhard","Dur\u00e9e de lecture estim\u00e9e":"5 minutes"},"schema":{"@context":"https:\/\/schema.org","@graph":[{"@type":"Article","@id":"https:\/\/peoplesphere.be\/fr\/deuxieme-vague-de-crise-sanitaire-rude-lactivite-economique-independants-cas-beaucoup-nombreux-a-demander-droit-passerelle\/#article","isPartOf":{"@id":"https:\/\/peoplesphere.be\/fr\/deuxieme-vague-de-crise-sanitaire-rude-lactivite-economique-independants-cas-beaucoup-nombreux-a-demander-droit-passerelle\/"},"author":{"name":"Jean-Paul Erhard","@id":"https:\/\/peoplesphere.be\/fr\/#\/schema\/person\/7976225ff17988604334abb7b3536a7e"},"headline":"La deuxi\u00e8me vague de la crise sanitaire moins rude pour l&rsquo;activit\u00e9 \u00e9conomique? Les ind\u00e9pendants sont en tout cas beaucoup moins nombreux \u00e0 demander le droit passerelle.","datePublished":"2021-01-18T07:23:54+00:00","dateModified":"2021-01-18T07:23:54+00:00","mainEntityOfPage":{"@id":"https:\/\/peoplesphere.be\/fr\/deuxieme-vague-de-crise-sanitaire-rude-lactivite-economique-independants-cas-beaucoup-nombreux-a-demander-droit-passerelle\/"},"wordCount":931,"publisher":{"@id":"https:\/\/peoplesphere.be\/fr\/#organization"},"keywords":["acerta","coronavirus","droit passerelle","travailleurs ind\u00e9pendants"],"articleSection":["Actualit\u00e9s","Digital"],"inLanguage":"fr-FR"},{"@type":"WebPage","@id":"https:\/\/peoplesphere.be\/fr\/deuxieme-vague-de-crise-sanitaire-rude-lactivite-economique-independants-cas-beaucoup-nombreux-a-demander-droit-passerelle\/","url":"https:\/\/peoplesphere.be\/fr\/deuxieme-vague-de-crise-sanitaire-rude-lactivite-economique-independants-cas-beaucoup-nombreux-a-demander-droit-passerelle\/","name":"La deuxi\u00e8me vague de la crise sanitaire moins rude pour l'activit\u00e9 \u00e9conomique? Les ind\u00e9pendants sont en tout cas beaucoup moins nombreux \u00e0 demander le droit passerelle. - Peoplesphere","isPartOf":{"@id":"https:\/\/peoplesphere.be\/fr\/#website"},"datePublished":"2021-01-18T07:23:54+00:00","dateModified":"2021-01-18T07:23:54+00:00","breadcrumb":{"@id":"https:\/\/peoplesphere.be\/fr\/deuxieme-vague-de-crise-sanitaire-rude-lactivite-economique-independants-cas-beaucoup-nombreux-a-demander-droit-passerelle\/#breadcrumb"},"inLanguage":"fr-FR","potentialAction":[{"@type":"ReadAction","target":["https:\/\/peoplesphere.be\/fr\/deuxieme-vague-de-crise-sanitaire-rude-lactivite-economique-independants-cas-beaucoup-nombreux-a-demander-droit-passerelle\/"]}]},{"@type":"BreadcrumbList","@id":"https:\/\/peoplesphere.be\/fr\/deuxieme-vague-de-crise-sanitaire-rude-lactivite-economique-independants-cas-beaucoup-nombreux-a-demander-droit-passerelle\/#breadcrumb","itemListElement":[{"@type":"ListItem","position":1,"name":"Accueil","item":"https:\/\/peoplesphere.be\/fr\/"},{"@type":"ListItem","position":2,"name":"La deuxi\u00e8me vague de la crise sanitaire moins rude pour l&rsquo;activit\u00e9 \u00e9conomique? Les ind\u00e9pendants sont en tout cas beaucoup moins nombreux \u00e0 demander le droit passerelle."}]},{"@type":"WebSite","@id":"https:\/\/peoplesphere.be\/fr\/#website","url":"https:\/\/peoplesphere.be\/fr\/","name":"Peoplesphere","description":"The People Managers Magazine","publisher":{"@id":"https:\/\/peoplesphere.be\/fr\/#organization"},"potentialAction":[{"@type":"SearchAction","target":{"@type":"EntryPoint","urlTemplate":"https:\/\/peoplesphere.be\/fr\/?s={search_term_string}"},"query-input":"required name=search_term_string"}],"inLanguage":"fr-FR"},{"@type":"Organization","@id":"https:\/\/peoplesphere.be\/fr\/#organization","name":"Peoplesphere Company srl","url":"https:\/\/peoplesphere.be\/fr\/","logo":{"@type":"ImageObject","inLanguage":"fr-FR","@id":"https:\/\/peoplesphere.be\/fr\/#\/schema\/logo\/image\/","url":"https:\/\/peoplesphere.be\/fr\/wp-content\/uploads\/2023\/07\/peoplesphere-lgo-new-generik.jpg","contentUrl":"https:\/\/peoplesphere.be\/fr\/wp-content\/uploads\/2023\/07\/peoplesphere-lgo-new-generik.jpg","width":1031,"height":1479,"caption":"Peoplesphere Company srl"},"image":{"@id":"https:\/\/peoplesphere.be\/fr\/#\/schema\/logo\/image\/"},"sameAs":["https:\/\/www.facebook.com\/peoplesphere","https:\/\/twitter.com\/PeoplesphereMag","https:\/\/www.linkedin.com\/company\/7587361?trk","http:\/\/youtube.com\/peoplesphere"]},{"@type":"Person","@id":"https:\/\/peoplesphere.be\/fr\/#\/schema\/person\/7976225ff17988604334abb7b3536a7e","name":"Jean-Paul Erhard","image":{"@type":"ImageObject","inLanguage":"fr-FR","@id":"https:\/\/peoplesphere.be\/fr\/#\/schema\/person\/image\/","url":"https:\/\/secure.gravatar.com\/avatar\/f941e681460179738071629a51574930?s=96&d=mm&r=g","contentUrl":"https:\/\/secure.gravatar.com\/avatar\/f941e681460179738071629a51574930?s=96&d=mm&r=g","caption":"Jean-Paul Erhard"},"url":"https:\/\/peoplesphere.be\/fr\/author\/jpe\/"}]}},"_links":{"self":[{"href":"https:\/\/peoplesphere.be\/fr\/wp-json\/wp\/v2\/posts\/10691"}],"collection":[{"href":"https:\/\/peoplesphere.be\/fr\/wp-json\/wp\/v2\/posts"}],"about":[{"href":"https:\/\/peoplesphere.be\/fr\/wp-json\/wp\/v2\/types\/post"}],"author":[{"embeddable":true,"href":"https:\/\/peoplesphere.be\/fr\/wp-json\/wp\/v2\/users\/2"}],"replies":[{"embeddable":true,"href":"https:\/\/peoplesphere.be\/fr\/wp-json\/wp\/v2\/comments?post=10691"}],"version-history":[{"count":1,"href":"https:\/\/peoplesphere.be\/fr\/wp-json\/wp\/v2\/posts\/10691\/revisions"}],"predecessor-version":[{"id":10692,"href":"https:\/\/peoplesphere.be\/fr\/wp-json\/wp\/v2\/posts\/10691\/revisions\/10692"}],"wp:attachment":[{"href":"https:\/\/peoplesphere.be\/fr\/wp-json\/wp\/v2\/media?parent=10691"}],"wp:term":[{"taxonomy":"category","embeddable":true,"href":"https:\/\/peoplesphere.be\/fr\/wp-json\/wp\/v2\/categories?post=10691"},{"taxonomy":"post_tag","embeddable":true,"href":"https:\/\/peoplesphere.be\/fr\/wp-json\/wp\/v2\/tags?post=10691"}],"curies":[{"name":"wp","href":"https:\/\/api.w.org\/{rel}","templated":true}]}}