









{"id":10693,"date":"2021-01-18T10:54:02","date_gmt":"2021-01-18T08:54:02","guid":{"rendered":"https:\/\/peoplesphere.be\/fr\/?p=10693"},"modified":"2021-01-18T10:54:02","modified_gmt":"2021-01-18T08:54:02","slug":"blue-monday-garder-motivation-lutter-contre-charge-mentale-liee-a-crise","status":"publish","type":"post","link":"https:\/\/peoplesphere.be\/fr\/blue-monday-garder-motivation-lutter-contre-charge-mentale-liee-a-crise\/","title":{"rendered":"Blue Monday : comment garder la motivation pour lutter contre la charge mentale li\u00e9e \u00e0 la crise?"},"content":{"rendered":"<p>Un Blue Monday encore plus sombre cette ann\u00e9e, c&rsquo;est un fait.\u00a04 employeurs sur 10 sont pr\u00e9occup\u00e9s par le maintien d&rsquo;une bonne sant\u00e9 mentale au sein de leur personnel. C&rsquo;est la conclusion d&rsquo;une \u00e9tude r\u00e9cente command\u00e9e par l\u2019agence de recrutement Robert Half. Depuis la pand\u00e9mie, 38% des entreprises belges investissent davantage dans des programmes visant \u00e0 soutenir le bien-\u00eatre mental de leurs employ\u00e9s.<!--more--><\/p>\n<p><em>\u00ab\u00a0La fronti\u00e8re entre vie professionnelle et vie priv\u00e9e s\u2019est estomp\u00e9e et le travail est devenu une part encore plus importante de notre journ\u00e9e. Il est donc crucial que l&rsquo;environnement professionnel se penche activement sur les choses qui peuvent nous rendre plus heureux\u00a0\u00bb<\/em>, d\u00e9clare Jo\u00ebl Poilvache, Directeur chez Robert Half. Robert Half propose 3 solutions pour y parvenir.<\/p>\n<p>Les traditionnels pics de bonheur \u00e0 l\u2019approche des p\u00e9riodes de vacances ont disparu en 2020 et, dans l&rsquo;ensemble, le score hebdomadaire du bonheur a baiss\u00e9 de 4 points en 2020 par rapport \u00e0 2019. Cette baisse de 4 points implique une perte de 1.000 \u00e0 1.200 euros par employ\u00e9, en termes de productivit\u00e9 r\u00e9duite et de risque accru de d\u00e9mission. Les implications financi\u00e8res sont tr\u00e8s r\u00e9elles.<\/p>\n<p>Il n&rsquo;est pas surprenant de voir que 40% des employeurs interrog\u00e9s dans le cadre de la r\u00e9cente \u00e9tude de Robert Half ont d\u00e9clar\u00e9 qu&rsquo;ils consid\u00e9raient une charge de travail excessive &#8211; souvent une cons\u00e9quence directe de la pand\u00e9mie &#8211; comme une difficult\u00e9 et une menace pour retenir les bons employ\u00e9s. Pour y parvenir, 38% d&rsquo;entre eux ont lanc\u00e9 des programmes visant \u00e0 soutenir le bien-\u00eatre mental de leurs travailleurs.<\/p>\n<p><em>\u00ab\u00a0Le plus grand d\u00e9fi en ce d\u00e9but d&rsquo;ann\u00e9e 2021 est que beaucoup d&rsquo;entre nous se sentent \u00e9puis\u00e9s par la pand\u00e9mie. Apr\u00e8s quasiment une ann\u00e9e de travail \u00e0 domicile et de bulles sociales, nous avons maintenant aussi pass\u00e9 les vacances de fa\u00e7on limit\u00e9e. Les \u00e9v\u00e9nements de 2020 suscitent un sentiment g\u00e9n\u00e9ralis\u00e9 de frustration, de tristesse et d&rsquo;insatisfaction. Le d\u00e9fi devient alors : comment retrouver une \u00e9nergie positive ? O\u00f9 pouvons-nous trouver notre bonheur ? En particulier dans notre vie professionnelle\u00a0\u00bb,<\/em> d\u00e9clare Jo\u00ebl Poilvache, Directeur de Robert Half.<\/p>\n<p><em><strong>\u00c9vitez l\u2019isolement en mettant les gens en relation<\/strong><\/em><\/p>\n<p>Les coll\u00e8gues se trouvant de plus en plus \u00e9loign\u00e9s les uns des autres en raison du travail \u00e0 domicile et d&rsquo;autres restrictions, Robert Half affirme que la premi\u00e8re \u00e9tape pour vaincre le sentiment du \u00ab\u00a0Blue Monday\u00a0\u00bb est de renouer les liens sociaux avec les autres. \u00ab\u00a0<em>Si nous r\u00e9tablissons les liens avec nos coll\u00e8gues, m\u00eame \u00e0 distance, cela rend le travail plus facile et plus agr\u00e9able. Vous pouvez y parvenir, par exemple, en faisant en sorte que les membres de l&rsquo;\u00e9quipe qui s&rsquo;entendent bien travaillent davantage ensemble. Le fait d&rsquo;\u00eatre vraiment \u00e0 l&rsquo;\u00e9coute des d\u00e9fis de chacun stimule la confiance, la compr\u00e9hension et d&rsquo;autres \u00e9motions positives. Cela permet de contrebalancer plus facilement les exp\u00e9riences n\u00e9gatives du travail et de soulager le stress de nos situations. Ce sont des principes qui s&rsquo;appliquent dans toute situation de travail, pand\u00e9mie ou pas\u00a0\u00bb<\/em>.<\/p>\n<p><em><strong>Cr\u00e9er un espace pour les projets qui tiennent les employ\u00e9s motiv\u00e9s<\/strong><\/em><\/p>\n<p>En temps de crise, l&rsquo;accent est plus que jamais mis sur le travail n\u00e9cessaire, sur ce qu&rsquo;il faut faire pour que l&rsquo;entreprise continue \u00e0 bien fonctionner. Il n&rsquo;y a souvent pas de place pour les projets qui motivent les gens. <em>\u00ab\u00a0Le fait de donner aux employ\u00e9s la possibilit\u00e9 de se concentrer sur des projets qui leur font ressortir la passion pour leur travail a un effet motivant. Mais aussi, donnez \u00e0 ceux qui ne sont pas s\u00fbrs de ce qu&rsquo;ils aiment le plus dans leur travail, la libert\u00e9 de le d\u00e9couvrir au sein de leurs projets quotidiens. Parlez \u00e0 vos employ\u00e9s de leurs points forts et de leurs passions au lieu de vous contenter d&rsquo;examiner leur efficacit\u00e9. Apprenez-en plus sur leurs int\u00e9r\u00eats et laissez-les d\u00e9velopper des projets autour de ceux-ci autant que possible\u00a0\u00bb.<\/em><\/p>\n<p><em><strong>Pas seulement les probl\u00e8mes, mais aussi les r\u00e9alisations m\u00e9ritent l\u2019attention<\/strong><\/em><\/p>\n<p>Beaucoup d&rsquo;entre nous ont plus tendance \u00e0 se concentrer sur les probl\u00e8mes que sur les r\u00e9alisations. Cela provient d&rsquo;un \u00e9tat d\u2019esprit n\u00e9gatif, et \u00e0 ce stade du cycle de la pand\u00e9mie, cela peut aggraver une mauvaise situation. Pour contrecarrer cela, nous devrions tous faire un effort pour c\u00e9l\u00e9brer les r\u00e9alisations en parlant de ce que les membres de l&rsquo;\u00e9quipe font bien ou en pr\u00eatant une attention particuli\u00e8re aux efforts d&rsquo;un membre de l&rsquo;\u00e9quipe.\u00a0Bien s\u00fbr, les probl\u00e8mes doivent \u00eatre r\u00e9gl\u00e9s. Il y a un temps et un lieu pour les probl\u00e8mes, tout comme il y a un temps et un lieu pour c\u00e9l\u00e9brer les r\u00e9alisations. Pourtant, pour de nombreuses entreprises, le moment et le lieu de la c\u00e9l\u00e9bration r\u00e9alisations viennent plus tard. Et lorsqu&rsquo;elle arrive plus tard, il est souvent trop tard. Passer \u00e0 autre chose sans reconna\u00eetre la victoire peut donner aux membres de l&rsquo;\u00e9quipe un sentiment d&rsquo;abandon et de col\u00e8re, ce qui peut conduire \u00e0 l&rsquo;\u00e9puisement professionnel.\u00a0<em>\u00ab\u00a0Concentrons-nous sur une histoire de croissance, plut\u00f4t que sur une histoire de survie. Il est plus important que jamais aujourd&rsquo;hui d&rsquo;\u00e9tablir des liens avec les \u00e9quipes et de disposer d&rsquo;un espace pour suivre nos passions au travail. Il s&rsquo;agit de red\u00e9couvrir ce qui nous rend heureux au travail et de c\u00e9l\u00e9brer les r\u00e9alisations, grandes ou petites. Mais surtout, reconna\u00eetre que ce moment, aussi terrible soit-il, ne durera pas \u00e9ternellement, et que le blues ne doit pas durer toute l&rsquo;ann\u00e9e\u00a0\u00bb,<\/em> conclut Jo\u00ebl Poilvache.<\/p>\n<p><em>Source : en juillet 2020, Robert Half a command\u00e9 une \u00e9tude r\u00e9alis\u00e9e aupr\u00e8s de 1.502 r\u00e9pondants par le biais d&rsquo;une collecte de donn\u00e9es en ligne, comprenant 300 entretiens en Belgique, 300 au Br\u00e9sil, 301 en France, 300 en Allemagne et 301 au Royaume-Uni. Les r\u00e9pondants comprenaient des Directeurs G\u00e9n\u00e9raux, des Directeurs Financiers et des CIO ayant des responsabilit\u00e9s en mati\u00e8re de recrutement dans des petites (50-249 employ\u00e9s), moyennes (250-499) et grandes (plus de 500 employ\u00e9s) entreprises priv\u00e9es, cot\u00e9es en bourse et publiques dans les cinq pays.<\/em><\/p>\n","protected":false},"excerpt":{"rendered":"<p>Un Blue Monday encore plus sombre cette ann\u00e9e, c&rsquo;est un fait.\u00a04 employeurs sur 10 sont pr\u00e9occup\u00e9s par le maintien d&rsquo;une bonne sant\u00e9 mentale au sein de leur personnel. C&rsquo;est la conclusion d&rsquo;une \u00e9tude r\u00e9cente command\u00e9e par l\u2019agence de recrutement Robert [&hellip;]<\/p>\n","protected":false},"author":2,"featured_media":0,"comment_status":"closed","ping_status":"open","sticky":false,"template":"","format":"standard","meta":[],"categories":[65,10],"tags":[96,2395,2947,3162,838],"yoast_head":"<!-- This site is optimized with the Yoast SEO plugin v21.0 - https:\/\/yoast.com\/wordpress\/plugins\/seo\/ -->\n<title>Blue Monday : comment garder la motivation pour lutter contre la charge mentale li\u00e9e \u00e0 la crise? - Peoplesphere<\/title>\n<meta name=\"robots\" content=\"index, follow, max-snippet:-1, max-image-preview:large, max-video-preview:-1\" \/>\n<link rel=\"canonical\" href=\"https:\/\/peoplesphere.be\/fr\/blue-monday-garder-motivation-lutter-contre-charge-mentale-liee-a-crise\/\" \/>\n<meta property=\"og:locale\" content=\"fr_FR\" \/>\n<meta property=\"og:type\" content=\"article\" \/>\n<meta property=\"og:title\" content=\"Blue Monday : comment garder la motivation pour lutter contre la charge mentale li\u00e9e \u00e0 la crise? - Peoplesphere\" \/>\n<meta property=\"og:description\" content=\"Un Blue Monday encore plus sombre cette ann\u00e9e, c&rsquo;est un fait.\u00a04 employeurs sur 10 sont pr\u00e9occup\u00e9s par le maintien d&rsquo;une bonne sant\u00e9 mentale au sein de leur personnel. C&rsquo;est la conclusion d&rsquo;une \u00e9tude r\u00e9cente command\u00e9e par l\u2019agence de recrutement Robert [&hellip;]\" \/>\n<meta property=\"og:url\" content=\"https:\/\/peoplesphere.be\/fr\/blue-monday-garder-motivation-lutter-contre-charge-mentale-liee-a-crise\/\" \/>\n<meta property=\"og:site_name\" content=\"Peoplesphere\" \/>\n<meta property=\"article:publisher\" content=\"https:\/\/www.facebook.com\/peoplesphere\" \/>\n<meta property=\"article:published_time\" content=\"2021-01-18T08:54:02+00:00\" \/>\n<meta property=\"og:image\" content=\"http:\/\/www.peoplesphere.be\/fr\/wp-content\/uploads\/2016\/07\/facebook-default-posting-1200x628px.jpg\" \/>\n<meta name=\"author\" content=\"Jean-Paul Erhard\" \/>\n<meta name=\"twitter:card\" content=\"summary_large_image\" \/>\n<meta name=\"twitter:creator\" content=\"@PeoplesphereMag\" \/>\n<meta name=\"twitter:site\" content=\"@PeoplesphereMag\" \/>\n<meta name=\"twitter:label1\" content=\"\u00c9crit par\" \/>\n\t<meta name=\"twitter:data1\" content=\"Jean-Paul Erhard\" \/>\n\t<meta name=\"twitter:label2\" content=\"Dur\u00e9e de lecture estim\u00e9e\" \/>\n\t<meta name=\"twitter:data2\" content=\"5 minutes\" \/>\n<script type=\"application\/ld+json\" class=\"yoast-schema-graph\">{\"@context\":\"https:\/\/schema.org\",\"@graph\":[{\"@type\":\"Article\",\"@id\":\"https:\/\/peoplesphere.be\/fr\/blue-monday-garder-motivation-lutter-contre-charge-mentale-liee-a-crise\/#article\",\"isPartOf\":{\"@id\":\"https:\/\/peoplesphere.be\/fr\/blue-monday-garder-motivation-lutter-contre-charge-mentale-liee-a-crise\/\"},\"author\":{\"name\":\"Jean-Paul Erhard\",\"@id\":\"https:\/\/peoplesphere.be\/fr\/#\/schema\/person\/7976225ff17988604334abb7b3536a7e\"},\"headline\":\"Blue Monday : comment garder la motivation pour lutter contre la charge mentale li\u00e9e \u00e0 la crise?\",\"datePublished\":\"2021-01-18T08:54:02+00:00\",\"dateModified\":\"2021-01-18T08:54:02+00:00\",\"mainEntityOfPage\":{\"@id\":\"https:\/\/peoplesphere.be\/fr\/blue-monday-garder-motivation-lutter-contre-charge-mentale-liee-a-crise\/\"},\"wordCount\":1069,\"publisher\":{\"@id\":\"https:\/\/peoplesphere.be\/fr\/#organization\"},\"keywords\":[\"bien-\u00eatre\",\"Blue Monday\",\"coronavirus\",\"Robert Half\",\"sant\u00e9 mentale\"],\"articleSection\":[\"Actualit\u00e9s\",\"Digital\"],\"inLanguage\":\"fr-FR\"},{\"@type\":\"WebPage\",\"@id\":\"https:\/\/peoplesphere.be\/fr\/blue-monday-garder-motivation-lutter-contre-charge-mentale-liee-a-crise\/\",\"url\":\"https:\/\/peoplesphere.be\/fr\/blue-monday-garder-motivation-lutter-contre-charge-mentale-liee-a-crise\/\",\"name\":\"Blue Monday : comment garder la motivation pour lutter contre la charge mentale li\u00e9e \u00e0 la crise? - Peoplesphere\",\"isPartOf\":{\"@id\":\"https:\/\/peoplesphere.be\/fr\/#website\"},\"datePublished\":\"2021-01-18T08:54:02+00:00\",\"dateModified\":\"2021-01-18T08:54:02+00:00\",\"breadcrumb\":{\"@id\":\"https:\/\/peoplesphere.be\/fr\/blue-monday-garder-motivation-lutter-contre-charge-mentale-liee-a-crise\/#breadcrumb\"},\"inLanguage\":\"fr-FR\",\"potentialAction\":[{\"@type\":\"ReadAction\",\"target\":[\"https:\/\/peoplesphere.be\/fr\/blue-monday-garder-motivation-lutter-contre-charge-mentale-liee-a-crise\/\"]}]},{\"@type\":\"BreadcrumbList\",\"@id\":\"https:\/\/peoplesphere.be\/fr\/blue-monday-garder-motivation-lutter-contre-charge-mentale-liee-a-crise\/#breadcrumb\",\"itemListElement\":[{\"@type\":\"ListItem\",\"position\":1,\"name\":\"Accueil\",\"item\":\"https:\/\/peoplesphere.be\/fr\/\"},{\"@type\":\"ListItem\",\"position\":2,\"name\":\"Blue Monday : comment garder la motivation pour lutter contre la charge mentale li\u00e9e \u00e0 la crise?\"}]},{\"@type\":\"WebSite\",\"@id\":\"https:\/\/peoplesphere.be\/fr\/#website\",\"url\":\"https:\/\/peoplesphere.be\/fr\/\",\"name\":\"Peoplesphere\",\"description\":\"The People Managers Magazine\",\"publisher\":{\"@id\":\"https:\/\/peoplesphere.be\/fr\/#organization\"},\"potentialAction\":[{\"@type\":\"SearchAction\",\"target\":{\"@type\":\"EntryPoint\",\"urlTemplate\":\"https:\/\/peoplesphere.be\/fr\/?s={search_term_string}\"},\"query-input\":\"required name=search_term_string\"}],\"inLanguage\":\"fr-FR\"},{\"@type\":\"Organization\",\"@id\":\"https:\/\/peoplesphere.be\/fr\/#organization\",\"name\":\"Peoplesphere Company srl\",\"url\":\"https:\/\/peoplesphere.be\/fr\/\",\"logo\":{\"@type\":\"ImageObject\",\"inLanguage\":\"fr-FR\",\"@id\":\"https:\/\/peoplesphere.be\/fr\/#\/schema\/logo\/image\/\",\"url\":\"https:\/\/peoplesphere.be\/fr\/wp-content\/uploads\/2023\/07\/peoplesphere-lgo-new-generik.jpg\",\"contentUrl\":\"https:\/\/peoplesphere.be\/fr\/wp-content\/uploads\/2023\/07\/peoplesphere-lgo-new-generik.jpg\",\"width\":1031,\"height\":1479,\"caption\":\"Peoplesphere Company srl\"},\"image\":{\"@id\":\"https:\/\/peoplesphere.be\/fr\/#\/schema\/logo\/image\/\"},\"sameAs\":[\"https:\/\/www.facebook.com\/peoplesphere\",\"https:\/\/twitter.com\/PeoplesphereMag\",\"https:\/\/www.linkedin.com\/company\/7587361?trk\",\"http:\/\/youtube.com\/peoplesphere\"]},{\"@type\":\"Person\",\"@id\":\"https:\/\/peoplesphere.be\/fr\/#\/schema\/person\/7976225ff17988604334abb7b3536a7e\",\"name\":\"Jean-Paul Erhard\",\"image\":{\"@type\":\"ImageObject\",\"inLanguage\":\"fr-FR\",\"@id\":\"https:\/\/peoplesphere.be\/fr\/#\/schema\/person\/image\/\",\"url\":\"https:\/\/secure.gravatar.com\/avatar\/f941e681460179738071629a51574930?s=96&d=mm&r=g\",\"contentUrl\":\"https:\/\/secure.gravatar.com\/avatar\/f941e681460179738071629a51574930?s=96&d=mm&r=g\",\"caption\":\"Jean-Paul Erhard\"},\"url\":\"https:\/\/peoplesphere.be\/fr\/author\/jpe\/\"}]}<\/script>\n<!-- \/ Yoast SEO plugin. -->","yoast_head_json":{"title":"Blue Monday : comment garder la motivation pour lutter contre la charge mentale li\u00e9e \u00e0 la crise? - Peoplesphere","robots":{"index":"index","follow":"follow","max-snippet":"max-snippet:-1","max-image-preview":"max-image-preview:large","max-video-preview":"max-video-preview:-1"},"canonical":"https:\/\/peoplesphere.be\/fr\/blue-monday-garder-motivation-lutter-contre-charge-mentale-liee-a-crise\/","og_locale":"fr_FR","og_type":"article","og_title":"Blue Monday : comment garder la motivation pour lutter contre la charge mentale li\u00e9e \u00e0 la crise? - Peoplesphere","og_description":"Un Blue Monday encore plus sombre cette ann\u00e9e, c&rsquo;est un fait.\u00a04 employeurs sur 10 sont pr\u00e9occup\u00e9s par le maintien d&rsquo;une bonne sant\u00e9 mentale au sein de leur personnel. C&rsquo;est la conclusion d&rsquo;une \u00e9tude r\u00e9cente command\u00e9e par l\u2019agence de recrutement Robert [&hellip;]","og_url":"https:\/\/peoplesphere.be\/fr\/blue-monday-garder-motivation-lutter-contre-charge-mentale-liee-a-crise\/","og_site_name":"Peoplesphere","article_publisher":"https:\/\/www.facebook.com\/peoplesphere","article_published_time":"2021-01-18T08:54:02+00:00","og_image":[{"url":"http:\/\/www.peoplesphere.be\/fr\/wp-content\/uploads\/2016\/07\/facebook-default-posting-1200x628px.jpg"}],"author":"Jean-Paul Erhard","twitter_card":"summary_large_image","twitter_creator":"@PeoplesphereMag","twitter_site":"@PeoplesphereMag","twitter_misc":{"\u00c9crit par":"Jean-Paul Erhard","Dur\u00e9e de lecture estim\u00e9e":"5 minutes"},"schema":{"@context":"https:\/\/schema.org","@graph":[{"@type":"Article","@id":"https:\/\/peoplesphere.be\/fr\/blue-monday-garder-motivation-lutter-contre-charge-mentale-liee-a-crise\/#article","isPartOf":{"@id":"https:\/\/peoplesphere.be\/fr\/blue-monday-garder-motivation-lutter-contre-charge-mentale-liee-a-crise\/"},"author":{"name":"Jean-Paul Erhard","@id":"https:\/\/peoplesphere.be\/fr\/#\/schema\/person\/7976225ff17988604334abb7b3536a7e"},"headline":"Blue Monday : comment garder la motivation pour lutter contre la charge mentale li\u00e9e \u00e0 la crise?","datePublished":"2021-01-18T08:54:02+00:00","dateModified":"2021-01-18T08:54:02+00:00","mainEntityOfPage":{"@id":"https:\/\/peoplesphere.be\/fr\/blue-monday-garder-motivation-lutter-contre-charge-mentale-liee-a-crise\/"},"wordCount":1069,"publisher":{"@id":"https:\/\/peoplesphere.be\/fr\/#organization"},"keywords":["bien-\u00eatre","Blue Monday","coronavirus","Robert Half","sant\u00e9 mentale"],"articleSection":["Actualit\u00e9s","Digital"],"inLanguage":"fr-FR"},{"@type":"WebPage","@id":"https:\/\/peoplesphere.be\/fr\/blue-monday-garder-motivation-lutter-contre-charge-mentale-liee-a-crise\/","url":"https:\/\/peoplesphere.be\/fr\/blue-monday-garder-motivation-lutter-contre-charge-mentale-liee-a-crise\/","name":"Blue Monday : comment garder la motivation pour lutter contre la charge mentale li\u00e9e \u00e0 la crise? - Peoplesphere","isPartOf":{"@id":"https:\/\/peoplesphere.be\/fr\/#website"},"datePublished":"2021-01-18T08:54:02+00:00","dateModified":"2021-01-18T08:54:02+00:00","breadcrumb":{"@id":"https:\/\/peoplesphere.be\/fr\/blue-monday-garder-motivation-lutter-contre-charge-mentale-liee-a-crise\/#breadcrumb"},"inLanguage":"fr-FR","potentialAction":[{"@type":"ReadAction","target":["https:\/\/peoplesphere.be\/fr\/blue-monday-garder-motivation-lutter-contre-charge-mentale-liee-a-crise\/"]}]},{"@type":"BreadcrumbList","@id":"https:\/\/peoplesphere.be\/fr\/blue-monday-garder-motivation-lutter-contre-charge-mentale-liee-a-crise\/#breadcrumb","itemListElement":[{"@type":"ListItem","position":1,"name":"Accueil","item":"https:\/\/peoplesphere.be\/fr\/"},{"@type":"ListItem","position":2,"name":"Blue Monday : comment garder la motivation pour lutter contre la charge mentale li\u00e9e \u00e0 la crise?"}]},{"@type":"WebSite","@id":"https:\/\/peoplesphere.be\/fr\/#website","url":"https:\/\/peoplesphere.be\/fr\/","name":"Peoplesphere","description":"The People Managers Magazine","publisher":{"@id":"https:\/\/peoplesphere.be\/fr\/#organization"},"potentialAction":[{"@type":"SearchAction","target":{"@type":"EntryPoint","urlTemplate":"https:\/\/peoplesphere.be\/fr\/?s={search_term_string}"},"query-input":"required name=search_term_string"}],"inLanguage":"fr-FR"},{"@type":"Organization","@id":"https:\/\/peoplesphere.be\/fr\/#organization","name":"Peoplesphere Company srl","url":"https:\/\/peoplesphere.be\/fr\/","logo":{"@type":"ImageObject","inLanguage":"fr-FR","@id":"https:\/\/peoplesphere.be\/fr\/#\/schema\/logo\/image\/","url":"https:\/\/peoplesphere.be\/fr\/wp-content\/uploads\/2023\/07\/peoplesphere-lgo-new-generik.jpg","contentUrl":"https:\/\/peoplesphere.be\/fr\/wp-content\/uploads\/2023\/07\/peoplesphere-lgo-new-generik.jpg","width":1031,"height":1479,"caption":"Peoplesphere Company srl"},"image":{"@id":"https:\/\/peoplesphere.be\/fr\/#\/schema\/logo\/image\/"},"sameAs":["https:\/\/www.facebook.com\/peoplesphere","https:\/\/twitter.com\/PeoplesphereMag","https:\/\/www.linkedin.com\/company\/7587361?trk","http:\/\/youtube.com\/peoplesphere"]},{"@type":"Person","@id":"https:\/\/peoplesphere.be\/fr\/#\/schema\/person\/7976225ff17988604334abb7b3536a7e","name":"Jean-Paul Erhard","image":{"@type":"ImageObject","inLanguage":"fr-FR","@id":"https:\/\/peoplesphere.be\/fr\/#\/schema\/person\/image\/","url":"https:\/\/secure.gravatar.com\/avatar\/f941e681460179738071629a51574930?s=96&d=mm&r=g","contentUrl":"https:\/\/secure.gravatar.com\/avatar\/f941e681460179738071629a51574930?s=96&d=mm&r=g","caption":"Jean-Paul Erhard"},"url":"https:\/\/peoplesphere.be\/fr\/author\/jpe\/"}]}},"_links":{"self":[{"href":"https:\/\/peoplesphere.be\/fr\/wp-json\/wp\/v2\/posts\/10693"}],"collection":[{"href":"https:\/\/peoplesphere.be\/fr\/wp-json\/wp\/v2\/posts"}],"about":[{"href":"https:\/\/peoplesphere.be\/fr\/wp-json\/wp\/v2\/types\/post"}],"author":[{"embeddable":true,"href":"https:\/\/peoplesphere.be\/fr\/wp-json\/wp\/v2\/users\/2"}],"replies":[{"embeddable":true,"href":"https:\/\/peoplesphere.be\/fr\/wp-json\/wp\/v2\/comments?post=10693"}],"version-history":[{"count":1,"href":"https:\/\/peoplesphere.be\/fr\/wp-json\/wp\/v2\/posts\/10693\/revisions"}],"predecessor-version":[{"id":10694,"href":"https:\/\/peoplesphere.be\/fr\/wp-json\/wp\/v2\/posts\/10693\/revisions\/10694"}],"wp:attachment":[{"href":"https:\/\/peoplesphere.be\/fr\/wp-json\/wp\/v2\/media?parent=10693"}],"wp:term":[{"taxonomy":"category","embeddable":true,"href":"https:\/\/peoplesphere.be\/fr\/wp-json\/wp\/v2\/categories?post=10693"},{"taxonomy":"post_tag","embeddable":true,"href":"https:\/\/peoplesphere.be\/fr\/wp-json\/wp\/v2\/tags?post=10693"}],"curies":[{"name":"wp","href":"https:\/\/api.w.org\/{rel}","templated":true}]}}