









{"id":10712,"date":"2021-01-24T11:02:52","date_gmt":"2021-01-24T09:02:52","guid":{"rendered":"https:\/\/peoplesphere.be\/fr\/?p=10712"},"modified":"2021-01-24T11:02:52","modified_gmt":"2021-01-24T09:02:52","slug":"politique-volontariste-gouvernement-matiere-degalite-genres-etre-mise-oeuvre-aujourdhui","status":"publish","type":"post","link":"https:\/\/peoplesphere.be\/fr\/politique-volontariste-gouvernement-matiere-degalite-genres-etre-mise-oeuvre-aujourdhui\/","title":{"rendered":"La politique volontariste du gouvernement en mati\u00e8re d&rsquo;\u00e9galit\u00e9 des genres doit \u00eatre mise en oeuvre d\u00e8s aujourd&rsquo;hui."},"content":{"rendered":"<p>L&rsquo;accord de gouvernement pr\u00e9voit que le gouvernement m\u00e8nera une politique active en mati\u00e8re d&rsquo;\u00e9galit\u00e9 des genres et une politique volontariste qui s&rsquo;attaquera aux d\u00e9s\u00e9quilibres structurels et historiques. Sur proposition du Premier ministre Alexander De Croo et de la secr\u00e9taire d\u2019\u00c9tat \u00e0 l\u2019\u00c9galit\u00e9 des genres Sarah Schlitz, le Conseil des ministres a marqu\u00e9 son accord sur la mise en \u0153uvre du gender mainstreaming au niveau f\u00e9d\u00e9ral.<!--more--><\/p>\n<p>L&rsquo;accord de gouvernement pr\u00e9voit en outre que son monitoring sera renforc\u00e9 et que l&rsquo;\u00e9galit\u00e9 des genres est une valeur fondamentale que le gouvernement mettra en \u0153uvre activement dans la politique int\u00e9rieure et promouvra au maximum dans les forums internationaux.<\/p>\n<p>Dans ce cadre, le Conseil des ministres s\u2019engage \u00e0 mettre en \u0153uvre le gender mainstreaming en tant qu\u2019approche destin\u00e9e \u00e0 renforcer concr\u00e8tement l\u2019\u00e9galit\u00e9 des hommes et des femmes dans la soci\u00e9t\u00e9. Cela sous-entend que le Conseil des ministres :<\/p>\n<ul>\n<li>veille \u00e0 ce que \u00e0 tous les membres du gouvernement, dans leur domaine strat\u00e9gique respectif, tiennent effectivement compte de la dimension de genre lors de l\u2019\u00e9laboration et l\u2019ex\u00e9cution de leur politique et associent de fa\u00e7on optimale la secr\u00e9taire d\u2019\u00c9tat \u00e0 l\u2019\u00c9galit\u00e9 des genres, en sa qualit\u00e9 de point central de coordination et de suivi<\/li>\n<li>s\u2019engage \u00e0 ce que chaque membre du gouvernement d\u00e9signe une personne de sa cellule strat\u00e9gique pour le-la repr\u00e9senter au sein du groupe interd\u00e9partemental de coordination (GIC) et ce, dans les dix jours qui suivent la d\u00e9cision du Conseil des ministres<\/li>\n<li>s\u2019engage \u00e0 ce que les coordinateurs\/coordinatrices gender mainstreaming d\u00e9sign\u00e9-e-s au sein des cellules strat\u00e9giques et des administrations suivent la formation gender mainstreaming organis\u00e9e par l\u2019Institut pour l\u2019\u00e9galit\u00e9 des femmes et des hommes<\/li>\n<li>adoptera un Plan f\u00e9d\u00e9ral gender mainstreaming \u00e9labor\u00e9 au sein du GIC, avec la collaboration de la soci\u00e9t\u00e9 civile<\/li>\n<li>s\u2019engage \u00e0 progresser dans la mise en \u0153uvre des dispositions de la loi dans l\u2019ensemble des administrations f\u00e9d\u00e9rales<\/li>\n<li>s\u2019engage \u00e0 accorder une attention particuli\u00e8re \u00e0 la r\u00e9alisation de l\u2019analyse d\u2019impact de la r\u00e9glementation (AIR)<\/li>\n<li>demande en outre \u00e0 tous les ministres et secr\u00e9taires d\u2019\u00c9tat d\u2019inviter la secr\u00e9taire d\u2019\u00c9tat \u00e0 l\u2019\u00c9galit\u00e9 des genres \u00e0 participer aux concertations au sein du Conseil des ministres concernant les politiques mentionn\u00e9es dans le Plan f\u00e9d\u00e9ral gender mainstreaming, ainsi que d\u2019inviter son cabinet aux r\u00e9unions inter-cabinets en pr\u00e9paration des gouvernements, et de consulter l\u2019Institut pour l\u2019\u00e9galit\u00e9 des femmes et des hommes dans le cadre de l\u2019int\u00e9gration de la dimension de genre dans ces politiques<\/li>\n<li>charge la secr\u00e9taire d\u2019\u00c9tat \u00e0 l\u2019\u00c9galit\u00e9 des genres et ses services d\u2019assurer la mise en \u0153uvre de cette note et plus globalement de la Loi gender mainstreaming du 12 janvier 2007. La secr\u00e9taire d\u2019\u00c9tat rendra r\u00e9guli\u00e8rement compte de l\u2019avanc\u00e9e du dossier aupr\u00e8s du Conseil.<\/li>\n<\/ul>\n","protected":false},"excerpt":{"rendered":"<p>L&rsquo;accord de gouvernement pr\u00e9voit que le gouvernement m\u00e8nera une politique active en mati\u00e8re d&rsquo;\u00e9galit\u00e9 des genres et une politique volontariste qui s&rsquo;attaquera aux d\u00e9s\u00e9quilibres structurels et historiques. Sur proposition du Premier ministre Alexander De Croo et de la secr\u00e9taire d\u2019\u00c9tat [&hellip;]<\/p>\n","protected":false},"author":2,"featured_media":0,"comment_status":"closed","ping_status":"open","sticky":false,"template":"","format":"standard","meta":[],"categories":[65,10],"tags":[3300,292,3301,267],"yoast_head":"<!-- This site is optimized with the Yoast SEO plugin v21.0 - https:\/\/yoast.com\/wordpress\/plugins\/seo\/ -->\n<title>La politique volontariste du gouvernement en mati\u00e8re d&#039;\u00e9galit\u00e9 des genres doit \u00eatre mise en oeuvre d\u00e8s aujourd&#039;hui. - Peoplesphere<\/title>\n<meta name=\"robots\" content=\"index, follow, max-snippet:-1, max-image-preview:large, max-video-preview:-1\" \/>\n<link rel=\"canonical\" href=\"https:\/\/peoplesphere.be\/fr\/politique-volontariste-gouvernement-matiere-degalite-genres-etre-mise-oeuvre-aujourdhui\/\" \/>\n<meta property=\"og:locale\" content=\"fr_FR\" \/>\n<meta property=\"og:type\" content=\"article\" \/>\n<meta property=\"og:title\" content=\"La politique volontariste du gouvernement en mati\u00e8re d&#039;\u00e9galit\u00e9 des genres doit \u00eatre mise en oeuvre d\u00e8s aujourd&#039;hui. - Peoplesphere\" \/>\n<meta property=\"og:description\" content=\"L&rsquo;accord de gouvernement pr\u00e9voit que le gouvernement m\u00e8nera une politique active en mati\u00e8re d&rsquo;\u00e9galit\u00e9 des genres et une politique volontariste qui s&rsquo;attaquera aux d\u00e9s\u00e9quilibres structurels et historiques. Sur proposition du Premier ministre Alexander De Croo et de la secr\u00e9taire d\u2019\u00c9tat [&hellip;]\" \/>\n<meta property=\"og:url\" content=\"https:\/\/peoplesphere.be\/fr\/politique-volontariste-gouvernement-matiere-degalite-genres-etre-mise-oeuvre-aujourdhui\/\" \/>\n<meta property=\"og:site_name\" content=\"Peoplesphere\" \/>\n<meta property=\"article:publisher\" content=\"https:\/\/www.facebook.com\/peoplesphere\" \/>\n<meta property=\"article:published_time\" content=\"2021-01-24T09:02:52+00:00\" \/>\n<meta property=\"og:image\" content=\"http:\/\/www.peoplesphere.be\/fr\/wp-content\/uploads\/2016\/07\/facebook-default-posting-1200x628px.jpg\" \/>\n<meta name=\"author\" content=\"Jean-Paul Erhard\" \/>\n<meta name=\"twitter:card\" content=\"summary_large_image\" \/>\n<meta name=\"twitter:creator\" content=\"@PeoplesphereMag\" \/>\n<meta name=\"twitter:site\" content=\"@PeoplesphereMag\" \/>\n<meta name=\"twitter:label1\" content=\"\u00c9crit par\" \/>\n\t<meta name=\"twitter:data1\" content=\"Jean-Paul Erhard\" \/>\n\t<meta name=\"twitter:label2\" content=\"Dur\u00e9e de lecture estim\u00e9e\" \/>\n\t<meta name=\"twitter:data2\" content=\"3 minutes\" \/>\n<script type=\"application\/ld+json\" class=\"yoast-schema-graph\">{\"@context\":\"https:\/\/schema.org\",\"@graph\":[{\"@type\":\"Article\",\"@id\":\"https:\/\/peoplesphere.be\/fr\/politique-volontariste-gouvernement-matiere-degalite-genres-etre-mise-oeuvre-aujourdhui\/#article\",\"isPartOf\":{\"@id\":\"https:\/\/peoplesphere.be\/fr\/politique-volontariste-gouvernement-matiere-degalite-genres-etre-mise-oeuvre-aujourdhui\/\"},\"author\":{\"name\":\"Jean-Paul Erhard\",\"@id\":\"https:\/\/peoplesphere.be\/fr\/#\/schema\/person\/7976225ff17988604334abb7b3536a7e\"},\"headline\":\"La politique volontariste du gouvernement en mati\u00e8re d&rsquo;\u00e9galit\u00e9 des genres doit \u00eatre mise en oeuvre d\u00e8s aujourd&rsquo;hui.\",\"datePublished\":\"2021-01-24T09:02:52+00:00\",\"dateModified\":\"2021-01-24T09:02:52+00:00\",\"mainEntityOfPage\":{\"@id\":\"https:\/\/peoplesphere.be\/fr\/politique-volontariste-gouvernement-matiere-degalite-genres-etre-mise-oeuvre-aujourdhui\/\"},\"wordCount\":523,\"publisher\":{\"@id\":\"https:\/\/peoplesphere.be\/fr\/#organization\"},\"keywords\":[\"Alexander DeCroo\",\"\u00e9galit\u00e9 des genres\",\"Sarah Schlitz\",\"secteur public\"],\"articleSection\":[\"Actualit\u00e9s\",\"Digital\"],\"inLanguage\":\"fr-FR\"},{\"@type\":\"WebPage\",\"@id\":\"https:\/\/peoplesphere.be\/fr\/politique-volontariste-gouvernement-matiere-degalite-genres-etre-mise-oeuvre-aujourdhui\/\",\"url\":\"https:\/\/peoplesphere.be\/fr\/politique-volontariste-gouvernement-matiere-degalite-genres-etre-mise-oeuvre-aujourdhui\/\",\"name\":\"La politique volontariste du gouvernement en mati\u00e8re d'\u00e9galit\u00e9 des genres doit \u00eatre mise en oeuvre d\u00e8s aujourd'hui. - Peoplesphere\",\"isPartOf\":{\"@id\":\"https:\/\/peoplesphere.be\/fr\/#website\"},\"datePublished\":\"2021-01-24T09:02:52+00:00\",\"dateModified\":\"2021-01-24T09:02:52+00:00\",\"breadcrumb\":{\"@id\":\"https:\/\/peoplesphere.be\/fr\/politique-volontariste-gouvernement-matiere-degalite-genres-etre-mise-oeuvre-aujourdhui\/#breadcrumb\"},\"inLanguage\":\"fr-FR\",\"potentialAction\":[{\"@type\":\"ReadAction\",\"target\":[\"https:\/\/peoplesphere.be\/fr\/politique-volontariste-gouvernement-matiere-degalite-genres-etre-mise-oeuvre-aujourdhui\/\"]}]},{\"@type\":\"BreadcrumbList\",\"@id\":\"https:\/\/peoplesphere.be\/fr\/politique-volontariste-gouvernement-matiere-degalite-genres-etre-mise-oeuvre-aujourdhui\/#breadcrumb\",\"itemListElement\":[{\"@type\":\"ListItem\",\"position\":1,\"name\":\"Accueil\",\"item\":\"https:\/\/peoplesphere.be\/fr\/\"},{\"@type\":\"ListItem\",\"position\":2,\"name\":\"La politique volontariste du gouvernement en mati\u00e8re d&rsquo;\u00e9galit\u00e9 des genres doit \u00eatre mise en oeuvre d\u00e8s aujourd&rsquo;hui.\"}]},{\"@type\":\"WebSite\",\"@id\":\"https:\/\/peoplesphere.be\/fr\/#website\",\"url\":\"https:\/\/peoplesphere.be\/fr\/\",\"name\":\"Peoplesphere\",\"description\":\"The People Managers Magazine\",\"publisher\":{\"@id\":\"https:\/\/peoplesphere.be\/fr\/#organization\"},\"potentialAction\":[{\"@type\":\"SearchAction\",\"target\":{\"@type\":\"EntryPoint\",\"urlTemplate\":\"https:\/\/peoplesphere.be\/fr\/?s={search_term_string}\"},\"query-input\":\"required name=search_term_string\"}],\"inLanguage\":\"fr-FR\"},{\"@type\":\"Organization\",\"@id\":\"https:\/\/peoplesphere.be\/fr\/#organization\",\"name\":\"Peoplesphere Company srl\",\"url\":\"https:\/\/peoplesphere.be\/fr\/\",\"logo\":{\"@type\":\"ImageObject\",\"inLanguage\":\"fr-FR\",\"@id\":\"https:\/\/peoplesphere.be\/fr\/#\/schema\/logo\/image\/\",\"url\":\"https:\/\/peoplesphere.be\/fr\/wp-content\/uploads\/2023\/07\/peoplesphere-lgo-new-generik.jpg\",\"contentUrl\":\"https:\/\/peoplesphere.be\/fr\/wp-content\/uploads\/2023\/07\/peoplesphere-lgo-new-generik.jpg\",\"width\":1031,\"height\":1479,\"caption\":\"Peoplesphere Company srl\"},\"image\":{\"@id\":\"https:\/\/peoplesphere.be\/fr\/#\/schema\/logo\/image\/\"},\"sameAs\":[\"https:\/\/www.facebook.com\/peoplesphere\",\"https:\/\/twitter.com\/PeoplesphereMag\",\"https:\/\/www.linkedin.com\/company\/7587361?trk\",\"http:\/\/youtube.com\/peoplesphere\"]},{\"@type\":\"Person\",\"@id\":\"https:\/\/peoplesphere.be\/fr\/#\/schema\/person\/7976225ff17988604334abb7b3536a7e\",\"name\":\"Jean-Paul Erhard\",\"image\":{\"@type\":\"ImageObject\",\"inLanguage\":\"fr-FR\",\"@id\":\"https:\/\/peoplesphere.be\/fr\/#\/schema\/person\/image\/\",\"url\":\"https:\/\/secure.gravatar.com\/avatar\/f941e681460179738071629a51574930?s=96&d=mm&r=g\",\"contentUrl\":\"https:\/\/secure.gravatar.com\/avatar\/f941e681460179738071629a51574930?s=96&d=mm&r=g\",\"caption\":\"Jean-Paul Erhard\"},\"url\":\"https:\/\/peoplesphere.be\/fr\/author\/jpe\/\"}]}<\/script>\n<!-- \/ Yoast SEO plugin. -->","yoast_head_json":{"title":"La politique volontariste du gouvernement en mati\u00e8re d'\u00e9galit\u00e9 des genres doit \u00eatre mise en oeuvre d\u00e8s aujourd'hui. - Peoplesphere","robots":{"index":"index","follow":"follow","max-snippet":"max-snippet:-1","max-image-preview":"max-image-preview:large","max-video-preview":"max-video-preview:-1"},"canonical":"https:\/\/peoplesphere.be\/fr\/politique-volontariste-gouvernement-matiere-degalite-genres-etre-mise-oeuvre-aujourdhui\/","og_locale":"fr_FR","og_type":"article","og_title":"La politique volontariste du gouvernement en mati\u00e8re d'\u00e9galit\u00e9 des genres doit \u00eatre mise en oeuvre d\u00e8s aujourd'hui. - Peoplesphere","og_description":"L&rsquo;accord de gouvernement pr\u00e9voit que le gouvernement m\u00e8nera une politique active en mati\u00e8re d&rsquo;\u00e9galit\u00e9 des genres et une politique volontariste qui s&rsquo;attaquera aux d\u00e9s\u00e9quilibres structurels et historiques. Sur proposition du Premier ministre Alexander De Croo et de la secr\u00e9taire d\u2019\u00c9tat [&hellip;]","og_url":"https:\/\/peoplesphere.be\/fr\/politique-volontariste-gouvernement-matiere-degalite-genres-etre-mise-oeuvre-aujourdhui\/","og_site_name":"Peoplesphere","article_publisher":"https:\/\/www.facebook.com\/peoplesphere","article_published_time":"2021-01-24T09:02:52+00:00","og_image":[{"url":"http:\/\/www.peoplesphere.be\/fr\/wp-content\/uploads\/2016\/07\/facebook-default-posting-1200x628px.jpg"}],"author":"Jean-Paul Erhard","twitter_card":"summary_large_image","twitter_creator":"@PeoplesphereMag","twitter_site":"@PeoplesphereMag","twitter_misc":{"\u00c9crit par":"Jean-Paul Erhard","Dur\u00e9e de lecture estim\u00e9e":"3 minutes"},"schema":{"@context":"https:\/\/schema.org","@graph":[{"@type":"Article","@id":"https:\/\/peoplesphere.be\/fr\/politique-volontariste-gouvernement-matiere-degalite-genres-etre-mise-oeuvre-aujourdhui\/#article","isPartOf":{"@id":"https:\/\/peoplesphere.be\/fr\/politique-volontariste-gouvernement-matiere-degalite-genres-etre-mise-oeuvre-aujourdhui\/"},"author":{"name":"Jean-Paul Erhard","@id":"https:\/\/peoplesphere.be\/fr\/#\/schema\/person\/7976225ff17988604334abb7b3536a7e"},"headline":"La politique volontariste du gouvernement en mati\u00e8re d&rsquo;\u00e9galit\u00e9 des genres doit \u00eatre mise en oeuvre d\u00e8s aujourd&rsquo;hui.","datePublished":"2021-01-24T09:02:52+00:00","dateModified":"2021-01-24T09:02:52+00:00","mainEntityOfPage":{"@id":"https:\/\/peoplesphere.be\/fr\/politique-volontariste-gouvernement-matiere-degalite-genres-etre-mise-oeuvre-aujourdhui\/"},"wordCount":523,"publisher":{"@id":"https:\/\/peoplesphere.be\/fr\/#organization"},"keywords":["Alexander DeCroo","\u00e9galit\u00e9 des genres","Sarah Schlitz","secteur public"],"articleSection":["Actualit\u00e9s","Digital"],"inLanguage":"fr-FR"},{"@type":"WebPage","@id":"https:\/\/peoplesphere.be\/fr\/politique-volontariste-gouvernement-matiere-degalite-genres-etre-mise-oeuvre-aujourdhui\/","url":"https:\/\/peoplesphere.be\/fr\/politique-volontariste-gouvernement-matiere-degalite-genres-etre-mise-oeuvre-aujourdhui\/","name":"La politique volontariste du gouvernement en mati\u00e8re d'\u00e9galit\u00e9 des genres doit \u00eatre mise en oeuvre d\u00e8s aujourd'hui. - Peoplesphere","isPartOf":{"@id":"https:\/\/peoplesphere.be\/fr\/#website"},"datePublished":"2021-01-24T09:02:52+00:00","dateModified":"2021-01-24T09:02:52+00:00","breadcrumb":{"@id":"https:\/\/peoplesphere.be\/fr\/politique-volontariste-gouvernement-matiere-degalite-genres-etre-mise-oeuvre-aujourdhui\/#breadcrumb"},"inLanguage":"fr-FR","potentialAction":[{"@type":"ReadAction","target":["https:\/\/peoplesphere.be\/fr\/politique-volontariste-gouvernement-matiere-degalite-genres-etre-mise-oeuvre-aujourdhui\/"]}]},{"@type":"BreadcrumbList","@id":"https:\/\/peoplesphere.be\/fr\/politique-volontariste-gouvernement-matiere-degalite-genres-etre-mise-oeuvre-aujourdhui\/#breadcrumb","itemListElement":[{"@type":"ListItem","position":1,"name":"Accueil","item":"https:\/\/peoplesphere.be\/fr\/"},{"@type":"ListItem","position":2,"name":"La politique volontariste du gouvernement en mati\u00e8re d&rsquo;\u00e9galit\u00e9 des genres doit \u00eatre mise en oeuvre d\u00e8s aujourd&rsquo;hui."}]},{"@type":"WebSite","@id":"https:\/\/peoplesphere.be\/fr\/#website","url":"https:\/\/peoplesphere.be\/fr\/","name":"Peoplesphere","description":"The People Managers Magazine","publisher":{"@id":"https:\/\/peoplesphere.be\/fr\/#organization"},"potentialAction":[{"@type":"SearchAction","target":{"@type":"EntryPoint","urlTemplate":"https:\/\/peoplesphere.be\/fr\/?s={search_term_string}"},"query-input":"required name=search_term_string"}],"inLanguage":"fr-FR"},{"@type":"Organization","@id":"https:\/\/peoplesphere.be\/fr\/#organization","name":"Peoplesphere Company srl","url":"https:\/\/peoplesphere.be\/fr\/","logo":{"@type":"ImageObject","inLanguage":"fr-FR","@id":"https:\/\/peoplesphere.be\/fr\/#\/schema\/logo\/image\/","url":"https:\/\/peoplesphere.be\/fr\/wp-content\/uploads\/2023\/07\/peoplesphere-lgo-new-generik.jpg","contentUrl":"https:\/\/peoplesphere.be\/fr\/wp-content\/uploads\/2023\/07\/peoplesphere-lgo-new-generik.jpg","width":1031,"height":1479,"caption":"Peoplesphere Company srl"},"image":{"@id":"https:\/\/peoplesphere.be\/fr\/#\/schema\/logo\/image\/"},"sameAs":["https:\/\/www.facebook.com\/peoplesphere","https:\/\/twitter.com\/PeoplesphereMag","https:\/\/www.linkedin.com\/company\/7587361?trk","http:\/\/youtube.com\/peoplesphere"]},{"@type":"Person","@id":"https:\/\/peoplesphere.be\/fr\/#\/schema\/person\/7976225ff17988604334abb7b3536a7e","name":"Jean-Paul Erhard","image":{"@type":"ImageObject","inLanguage":"fr-FR","@id":"https:\/\/peoplesphere.be\/fr\/#\/schema\/person\/image\/","url":"https:\/\/secure.gravatar.com\/avatar\/f941e681460179738071629a51574930?s=96&d=mm&r=g","contentUrl":"https:\/\/secure.gravatar.com\/avatar\/f941e681460179738071629a51574930?s=96&d=mm&r=g","caption":"Jean-Paul Erhard"},"url":"https:\/\/peoplesphere.be\/fr\/author\/jpe\/"}]}},"_links":{"self":[{"href":"https:\/\/peoplesphere.be\/fr\/wp-json\/wp\/v2\/posts\/10712"}],"collection":[{"href":"https:\/\/peoplesphere.be\/fr\/wp-json\/wp\/v2\/posts"}],"about":[{"href":"https:\/\/peoplesphere.be\/fr\/wp-json\/wp\/v2\/types\/post"}],"author":[{"embeddable":true,"href":"https:\/\/peoplesphere.be\/fr\/wp-json\/wp\/v2\/users\/2"}],"replies":[{"embeddable":true,"href":"https:\/\/peoplesphere.be\/fr\/wp-json\/wp\/v2\/comments?post=10712"}],"version-history":[{"count":1,"href":"https:\/\/peoplesphere.be\/fr\/wp-json\/wp\/v2\/posts\/10712\/revisions"}],"predecessor-version":[{"id":10713,"href":"https:\/\/peoplesphere.be\/fr\/wp-json\/wp\/v2\/posts\/10712\/revisions\/10713"}],"wp:attachment":[{"href":"https:\/\/peoplesphere.be\/fr\/wp-json\/wp\/v2\/media?parent=10712"}],"wp:term":[{"taxonomy":"category","embeddable":true,"href":"https:\/\/peoplesphere.be\/fr\/wp-json\/wp\/v2\/categories?post=10712"},{"taxonomy":"post_tag","embeddable":true,"href":"https:\/\/peoplesphere.be\/fr\/wp-json\/wp\/v2\/tags?post=10712"}],"curies":[{"name":"wp","href":"https:\/\/api.w.org\/{rel}","templated":true}]}}