









{"id":10719,"date":"2021-01-26T08:50:09","date_gmt":"2021-01-26T06:50:09","guid":{"rendered":"https:\/\/peoplesphere.be\/fr\/?p=10719"},"modified":"2021-01-27T10:39:57","modified_gmt":"2021-01-27T08:39:57","slug":"medecine-de-travail-se-voit-confier-de-nouvelles-taches-cadre-de-lutte-contre-pandemie","status":"publish","type":"post","link":"https:\/\/peoplesphere.be\/fr\/medecine-de-travail-se-voit-confier-de-nouvelles-taches-cadre-de-lutte-contre-pandemie\/","title":{"rendered":"La m\u00e9decine du travail se voit confier de nouvelles t\u00e2ches dans le cadre de la lutte contre la pand\u00e9mie."},"content":{"rendered":"<p>Le 21 janvier 2021, l\u2019arr\u00eat\u00e9 royal du 5 janvier 2021 concernant le r\u00f4le du conseiller en pr\u00e9vention-m\u00e9decin du travail dans le cadre de la lutte contre le coronavirus COVID-19 a \u00e9t\u00e9 publi\u00e9 au Moniteur belge.\u00a0Il s\u2019agit d\u2019un arr\u00eat\u00e9 royal temporaire : il sera abrog\u00e9 ult\u00e9rieurement, lorsque la pand\u00e9mie aura diminu\u00e9 et sera suffisamment ma\u00eetris\u00e9e. Pour cette raison, il n\u2019est pas int\u00e9gr\u00e9 dans le code du bien-\u00eatre au travail.<!--more--><\/p>\n<p>De nouvelles t\u00e2ches sp\u00e9cifiques sont attribu\u00e9es au m\u00e9decin du travail afin de lutter contre le covid-19 dans les entreprises et les institutions, \u00e0 savoir :<\/p>\n<ul>\n<li>Identifier les contacts \u00e0 haut risque dans les entreprises,<\/li>\n<li>D\u00e9livrer des certificats de quarantaine pour ces contacts \u00e0 haut risque,<\/li>\n<li>Envoyer certains travailleurs subir un test covid-19, suivant la strat\u00e9gie de test pr\u00e9vue par les autorit\u00e9s comp\u00e9tentes. S\u2019il l\u2019estime plus opportun et \u00e0 condition d\u2019utiliser les \u00e9quipements de protection individuelle et le mat\u00e9riel de test appropri\u00e9s, le m\u00e9decin du travail peut r\u00e9aliser lui-m\u00eame le test covid-19 (ou le faire via un infirmier, sous sa responsabilit\u00e9).<\/li>\n<\/ul>\n<p>Ces tests peuvent \u00eatre effectu\u00e9s aupr\u00e8s des travailleurs suivants :<\/p>\n<ul>\n<li>Les travailleurs identifi\u00e9s comme contacts \u00e0 haut risque,<\/li>\n<li>Les travailleurs pour lesquels le m\u00e9decin du travail estime qu\u2019un test est n\u00e9cessaire pour contr\u00f4ler une \u00e9pid\u00e9mie imminente dans l\u2019entreprise (dans le cadre de la gestion de clusters),<\/li>\n<li>Les travailleurs qui ne r\u00e9sident g\u00e9n\u00e9ralement pas en Belgique et qui n\u2019y travaillent que pour une dur\u00e9e limit\u00e9e, et dont au moins l\u2019un d\u2019entre eux pr\u00e9sente des sympt\u00f4mes ou a \u00e9t\u00e9 test\u00e9 positif au covid-19 (dans le cadre de la gestion de clusters),<\/li>\n<li>Les travailleurs qui doivent faire un d\u00e9placement professionnel \u00e0 l\u2019\u00e9tranger, n\u00e9cessitant un test covid-19 n\u00e9gatif,<\/li>\n<li>Les travailleurs dans certaines circonstances sp\u00e9cifiques, suivant la d\u00e9cision de l&rsquo;autorit\u00e9 comp\u00e9tente et en accord avec le Service Public F\u00e9d\u00e9ral Emploi, Travail et Concertation sociale.<\/li>\n<\/ul>\n<p><strong><em>R\u00e9organisation de la surveillance de la sant\u00e9<\/em><\/strong><\/p>\n<p>Pendant la crise sanitaire, les t\u00e2ches suppl\u00e9mentaires du m\u00e9decin du travail li\u00e9es au covid-19 sont prioritaires par rapport \u00e0 ses t\u00e2ches et missions habituelles dans le cadre de la surveillance de la sant\u00e9. En cons\u00e9quence, le m\u00e9decin du travail peut d\u00e9cider quelles missions et t\u00e2ches de surveillance de la sant\u00e9 devront ensuite \u00eatre effectu\u00e9es en premier lieu, dans quel ordre et pour quels travailleurs (en particulier, les plus vuln\u00e9rables).<\/p>\n<p>De plus, certaines consultations peuvent avoir lieu \u00e0 distance (par vid\u00e9o ou par t\u00e9l\u00e9phone). Le m\u00e9decin du travail devra l\u2019indiquer sur le formulaire d\u2019\u00e9valuation de sant\u00e9.<\/p>\n<p>Les t\u00e9l\u00e9consultations sont autoris\u00e9es pour :<\/p>\n<ul>\n<li>L\u2019examen de reprise du travail,<\/li>\n<li>L\u2019examen dans le cadre de la protection de la maternit\u00e9,<\/li>\n<li>La consultation spontan\u00e9e,<\/li>\n<li>La visite de pr\u00e9-reprise du travail,<\/li>\n<li>Les questionnaires m\u00e9dicaux en tant qu\u2019actes m\u00e9dicaux suppl\u00e9mentaires, ex\u00e9cut\u00e9s par le m\u00e9decin du travail ou sous sa responsabilit\u00e9.<\/li>\n<\/ul>\n<p>Il y a une exception \u00e0 ces adaptations de la surveillance de la sant\u00e9 : les \u00e9valuations de sant\u00e9 pr\u00e9alables doivent toujours \u00eatre r\u00e9alis\u00e9es prioritairement par rapport aux autres examens de surveillance de la sant\u00e9, et elles doivent toujours \u00eatre effectu\u00e9es par un examen physique du travailleur (donc pas via une t\u00e9l\u00e9consultation).<\/p>\n<p><strong><em>Tarification et contr\u00f4le par l\u2019Inspection<\/em><\/strong><\/p>\n<p>Les cons\u00e9quences des nouvelles t\u00e2ches du m\u00e9decin du travail sur la tarification des services externes de pr\u00e9vention et de protection au travail, ainsi que le contr\u00f4le par les m\u00e9decins-inspecteurs sociaux du Contr\u00f4le du Bien-\u00eatre au travail, sont \u00e9galement d\u00e9termin\u00e9s dans l\u2019arr\u00eat\u00e9 royal.<\/p>\n<p><em>Source : SPF Emploi<\/em><\/p>\n","protected":false},"excerpt":{"rendered":"<p>Le 21 janvier 2021, l\u2019arr\u00eat\u00e9 royal du 5 janvier 2021 concernant le r\u00f4le du conseiller en pr\u00e9vention-m\u00e9decin du travail dans le cadre de la lutte contre le coronavirus COVID-19 a \u00e9t\u00e9 publi\u00e9 au Moniteur belge.\u00a0Il s\u2019agit d\u2019un arr\u00eat\u00e9 royal temporaire [&hellip;]<\/p>\n","protected":false},"author":2,"featured_media":0,"comment_status":"closed","ping_status":"open","sticky":false,"template":"","format":"standard","meta":[],"categories":[65,10],"tags":[2947,840,3302],"yoast_head":"<!-- This site is optimized with the Yoast SEO plugin v21.0 - https:\/\/yoast.com\/wordpress\/plugins\/seo\/ -->\n<title>La m\u00e9decine du travail se voit confier de nouvelles t\u00e2ches dans le cadre de la lutte contre la pand\u00e9mie. - Peoplesphere<\/title>\n<meta name=\"robots\" content=\"index, follow, max-snippet:-1, max-image-preview:large, max-video-preview:-1\" \/>\n<link rel=\"canonical\" href=\"https:\/\/peoplesphere.be\/fr\/medecine-de-travail-se-voit-confier-de-nouvelles-taches-cadre-de-lutte-contre-pandemie\/\" \/>\n<meta property=\"og:locale\" content=\"fr_FR\" \/>\n<meta property=\"og:type\" content=\"article\" \/>\n<meta property=\"og:title\" content=\"La m\u00e9decine du travail se voit confier de nouvelles t\u00e2ches dans le cadre de la lutte contre la pand\u00e9mie. - Peoplesphere\" \/>\n<meta property=\"og:description\" content=\"Le 21 janvier 2021, l\u2019arr\u00eat\u00e9 royal du 5 janvier 2021 concernant le r\u00f4le du conseiller en pr\u00e9vention-m\u00e9decin du travail dans le cadre de la lutte contre le coronavirus COVID-19 a \u00e9t\u00e9 publi\u00e9 au Moniteur belge.\u00a0Il s\u2019agit d\u2019un arr\u00eat\u00e9 royal temporaire [&hellip;]\" \/>\n<meta property=\"og:url\" content=\"https:\/\/peoplesphere.be\/fr\/medecine-de-travail-se-voit-confier-de-nouvelles-taches-cadre-de-lutte-contre-pandemie\/\" \/>\n<meta property=\"og:site_name\" content=\"Peoplesphere\" \/>\n<meta property=\"article:publisher\" content=\"https:\/\/www.facebook.com\/peoplesphere\" \/>\n<meta property=\"article:published_time\" content=\"2021-01-26T06:50:09+00:00\" \/>\n<meta property=\"article:modified_time\" content=\"2021-01-27T08:39:57+00:00\" \/>\n<meta property=\"og:image\" content=\"http:\/\/www.peoplesphere.be\/fr\/wp-content\/uploads\/2016\/07\/facebook-default-posting-1200x628px.jpg\" \/>\n<meta name=\"author\" content=\"Jean-Paul Erhard\" \/>\n<meta name=\"twitter:card\" content=\"summary_large_image\" \/>\n<meta name=\"twitter:creator\" content=\"@PeoplesphereMag\" \/>\n<meta name=\"twitter:site\" content=\"@PeoplesphereMag\" \/>\n<meta name=\"twitter:label1\" content=\"\u00c9crit par\" \/>\n\t<meta name=\"twitter:data1\" content=\"Jean-Paul Erhard\" \/>\n\t<meta name=\"twitter:label2\" content=\"Dur\u00e9e de lecture estim\u00e9e\" \/>\n\t<meta name=\"twitter:data2\" content=\"3 minutes\" \/>\n<script type=\"application\/ld+json\" class=\"yoast-schema-graph\">{\"@context\":\"https:\/\/schema.org\",\"@graph\":[{\"@type\":\"Article\",\"@id\":\"https:\/\/peoplesphere.be\/fr\/medecine-de-travail-se-voit-confier-de-nouvelles-taches-cadre-de-lutte-contre-pandemie\/#article\",\"isPartOf\":{\"@id\":\"https:\/\/peoplesphere.be\/fr\/medecine-de-travail-se-voit-confier-de-nouvelles-taches-cadre-de-lutte-contre-pandemie\/\"},\"author\":{\"name\":\"Jean-Paul Erhard\",\"@id\":\"https:\/\/peoplesphere.be\/fr\/#\/schema\/person\/7976225ff17988604334abb7b3536a7e\"},\"headline\":\"La m\u00e9decine du travail se voit confier de nouvelles t\u00e2ches dans le cadre de la lutte contre la pand\u00e9mie.\",\"datePublished\":\"2021-01-26T06:50:09+00:00\",\"dateModified\":\"2021-01-27T08:39:57+00:00\",\"mainEntityOfPage\":{\"@id\":\"https:\/\/peoplesphere.be\/fr\/medecine-de-travail-se-voit-confier-de-nouvelles-taches-cadre-de-lutte-contre-pandemie\/\"},\"wordCount\":666,\"publisher\":{\"@id\":\"https:\/\/peoplesphere.be\/fr\/#organization\"},\"keywords\":[\"coronavirus\",\"m\u00e9decine du travail\",\"SPF emplo\"],\"articleSection\":[\"Actualit\u00e9s\",\"Digital\"],\"inLanguage\":\"fr-FR\"},{\"@type\":\"WebPage\",\"@id\":\"https:\/\/peoplesphere.be\/fr\/medecine-de-travail-se-voit-confier-de-nouvelles-taches-cadre-de-lutte-contre-pandemie\/\",\"url\":\"https:\/\/peoplesphere.be\/fr\/medecine-de-travail-se-voit-confier-de-nouvelles-taches-cadre-de-lutte-contre-pandemie\/\",\"name\":\"La m\u00e9decine du travail se voit confier de nouvelles t\u00e2ches dans le cadre de la lutte contre la pand\u00e9mie. - Peoplesphere\",\"isPartOf\":{\"@id\":\"https:\/\/peoplesphere.be\/fr\/#website\"},\"datePublished\":\"2021-01-26T06:50:09+00:00\",\"dateModified\":\"2021-01-27T08:39:57+00:00\",\"breadcrumb\":{\"@id\":\"https:\/\/peoplesphere.be\/fr\/medecine-de-travail-se-voit-confier-de-nouvelles-taches-cadre-de-lutte-contre-pandemie\/#breadcrumb\"},\"inLanguage\":\"fr-FR\",\"potentialAction\":[{\"@type\":\"ReadAction\",\"target\":[\"https:\/\/peoplesphere.be\/fr\/medecine-de-travail-se-voit-confier-de-nouvelles-taches-cadre-de-lutte-contre-pandemie\/\"]}]},{\"@type\":\"BreadcrumbList\",\"@id\":\"https:\/\/peoplesphere.be\/fr\/medecine-de-travail-se-voit-confier-de-nouvelles-taches-cadre-de-lutte-contre-pandemie\/#breadcrumb\",\"itemListElement\":[{\"@type\":\"ListItem\",\"position\":1,\"name\":\"Accueil\",\"item\":\"https:\/\/peoplesphere.be\/fr\/\"},{\"@type\":\"ListItem\",\"position\":2,\"name\":\"La m\u00e9decine du travail se voit confier de nouvelles t\u00e2ches dans le cadre de la lutte contre la pand\u00e9mie.\"}]},{\"@type\":\"WebSite\",\"@id\":\"https:\/\/peoplesphere.be\/fr\/#website\",\"url\":\"https:\/\/peoplesphere.be\/fr\/\",\"name\":\"Peoplesphere\",\"description\":\"The People Managers Magazine\",\"publisher\":{\"@id\":\"https:\/\/peoplesphere.be\/fr\/#organization\"},\"potentialAction\":[{\"@type\":\"SearchAction\",\"target\":{\"@type\":\"EntryPoint\",\"urlTemplate\":\"https:\/\/peoplesphere.be\/fr\/?s={search_term_string}\"},\"query-input\":\"required name=search_term_string\"}],\"inLanguage\":\"fr-FR\"},{\"@type\":\"Organization\",\"@id\":\"https:\/\/peoplesphere.be\/fr\/#organization\",\"name\":\"Peoplesphere Company srl\",\"url\":\"https:\/\/peoplesphere.be\/fr\/\",\"logo\":{\"@type\":\"ImageObject\",\"inLanguage\":\"fr-FR\",\"@id\":\"https:\/\/peoplesphere.be\/fr\/#\/schema\/logo\/image\/\",\"url\":\"https:\/\/peoplesphere.be\/fr\/wp-content\/uploads\/2023\/07\/peoplesphere-lgo-new-generik.jpg\",\"contentUrl\":\"https:\/\/peoplesphere.be\/fr\/wp-content\/uploads\/2023\/07\/peoplesphere-lgo-new-generik.jpg\",\"width\":1031,\"height\":1479,\"caption\":\"Peoplesphere Company srl\"},\"image\":{\"@id\":\"https:\/\/peoplesphere.be\/fr\/#\/schema\/logo\/image\/\"},\"sameAs\":[\"https:\/\/www.facebook.com\/peoplesphere\",\"https:\/\/twitter.com\/PeoplesphereMag\",\"https:\/\/www.linkedin.com\/company\/7587361?trk\",\"http:\/\/youtube.com\/peoplesphere\"]},{\"@type\":\"Person\",\"@id\":\"https:\/\/peoplesphere.be\/fr\/#\/schema\/person\/7976225ff17988604334abb7b3536a7e\",\"name\":\"Jean-Paul Erhard\",\"image\":{\"@type\":\"ImageObject\",\"inLanguage\":\"fr-FR\",\"@id\":\"https:\/\/peoplesphere.be\/fr\/#\/schema\/person\/image\/\",\"url\":\"https:\/\/secure.gravatar.com\/avatar\/f941e681460179738071629a51574930?s=96&d=mm&r=g\",\"contentUrl\":\"https:\/\/secure.gravatar.com\/avatar\/f941e681460179738071629a51574930?s=96&d=mm&r=g\",\"caption\":\"Jean-Paul Erhard\"},\"url\":\"https:\/\/peoplesphere.be\/fr\/author\/jpe\/\"}]}<\/script>\n<!-- \/ Yoast SEO plugin. -->","yoast_head_json":{"title":"La m\u00e9decine du travail se voit confier de nouvelles t\u00e2ches dans le cadre de la lutte contre la pand\u00e9mie. - Peoplesphere","robots":{"index":"index","follow":"follow","max-snippet":"max-snippet:-1","max-image-preview":"max-image-preview:large","max-video-preview":"max-video-preview:-1"},"canonical":"https:\/\/peoplesphere.be\/fr\/medecine-de-travail-se-voit-confier-de-nouvelles-taches-cadre-de-lutte-contre-pandemie\/","og_locale":"fr_FR","og_type":"article","og_title":"La m\u00e9decine du travail se voit confier de nouvelles t\u00e2ches dans le cadre de la lutte contre la pand\u00e9mie. - Peoplesphere","og_description":"Le 21 janvier 2021, l\u2019arr\u00eat\u00e9 royal du 5 janvier 2021 concernant le r\u00f4le du conseiller en pr\u00e9vention-m\u00e9decin du travail dans le cadre de la lutte contre le coronavirus COVID-19 a \u00e9t\u00e9 publi\u00e9 au Moniteur belge.\u00a0Il s\u2019agit d\u2019un arr\u00eat\u00e9 royal temporaire [&hellip;]","og_url":"https:\/\/peoplesphere.be\/fr\/medecine-de-travail-se-voit-confier-de-nouvelles-taches-cadre-de-lutte-contre-pandemie\/","og_site_name":"Peoplesphere","article_publisher":"https:\/\/www.facebook.com\/peoplesphere","article_published_time":"2021-01-26T06:50:09+00:00","article_modified_time":"2021-01-27T08:39:57+00:00","og_image":[{"url":"http:\/\/www.peoplesphere.be\/fr\/wp-content\/uploads\/2016\/07\/facebook-default-posting-1200x628px.jpg"}],"author":"Jean-Paul Erhard","twitter_card":"summary_large_image","twitter_creator":"@PeoplesphereMag","twitter_site":"@PeoplesphereMag","twitter_misc":{"\u00c9crit par":"Jean-Paul Erhard","Dur\u00e9e de lecture estim\u00e9e":"3 minutes"},"schema":{"@context":"https:\/\/schema.org","@graph":[{"@type":"Article","@id":"https:\/\/peoplesphere.be\/fr\/medecine-de-travail-se-voit-confier-de-nouvelles-taches-cadre-de-lutte-contre-pandemie\/#article","isPartOf":{"@id":"https:\/\/peoplesphere.be\/fr\/medecine-de-travail-se-voit-confier-de-nouvelles-taches-cadre-de-lutte-contre-pandemie\/"},"author":{"name":"Jean-Paul Erhard","@id":"https:\/\/peoplesphere.be\/fr\/#\/schema\/person\/7976225ff17988604334abb7b3536a7e"},"headline":"La m\u00e9decine du travail se voit confier de nouvelles t\u00e2ches dans le cadre de la lutte contre la pand\u00e9mie.","datePublished":"2021-01-26T06:50:09+00:00","dateModified":"2021-01-27T08:39:57+00:00","mainEntityOfPage":{"@id":"https:\/\/peoplesphere.be\/fr\/medecine-de-travail-se-voit-confier-de-nouvelles-taches-cadre-de-lutte-contre-pandemie\/"},"wordCount":666,"publisher":{"@id":"https:\/\/peoplesphere.be\/fr\/#organization"},"keywords":["coronavirus","m\u00e9decine du travail","SPF emplo"],"articleSection":["Actualit\u00e9s","Digital"],"inLanguage":"fr-FR"},{"@type":"WebPage","@id":"https:\/\/peoplesphere.be\/fr\/medecine-de-travail-se-voit-confier-de-nouvelles-taches-cadre-de-lutte-contre-pandemie\/","url":"https:\/\/peoplesphere.be\/fr\/medecine-de-travail-se-voit-confier-de-nouvelles-taches-cadre-de-lutte-contre-pandemie\/","name":"La m\u00e9decine du travail se voit confier de nouvelles t\u00e2ches dans le cadre de la lutte contre la pand\u00e9mie. - Peoplesphere","isPartOf":{"@id":"https:\/\/peoplesphere.be\/fr\/#website"},"datePublished":"2021-01-26T06:50:09+00:00","dateModified":"2021-01-27T08:39:57+00:00","breadcrumb":{"@id":"https:\/\/peoplesphere.be\/fr\/medecine-de-travail-se-voit-confier-de-nouvelles-taches-cadre-de-lutte-contre-pandemie\/#breadcrumb"},"inLanguage":"fr-FR","potentialAction":[{"@type":"ReadAction","target":["https:\/\/peoplesphere.be\/fr\/medecine-de-travail-se-voit-confier-de-nouvelles-taches-cadre-de-lutte-contre-pandemie\/"]}]},{"@type":"BreadcrumbList","@id":"https:\/\/peoplesphere.be\/fr\/medecine-de-travail-se-voit-confier-de-nouvelles-taches-cadre-de-lutte-contre-pandemie\/#breadcrumb","itemListElement":[{"@type":"ListItem","position":1,"name":"Accueil","item":"https:\/\/peoplesphere.be\/fr\/"},{"@type":"ListItem","position":2,"name":"La m\u00e9decine du travail se voit confier de nouvelles t\u00e2ches dans le cadre de la lutte contre la pand\u00e9mie."}]},{"@type":"WebSite","@id":"https:\/\/peoplesphere.be\/fr\/#website","url":"https:\/\/peoplesphere.be\/fr\/","name":"Peoplesphere","description":"The People Managers Magazine","publisher":{"@id":"https:\/\/peoplesphere.be\/fr\/#organization"},"potentialAction":[{"@type":"SearchAction","target":{"@type":"EntryPoint","urlTemplate":"https:\/\/peoplesphere.be\/fr\/?s={search_term_string}"},"query-input":"required name=search_term_string"}],"inLanguage":"fr-FR"},{"@type":"Organization","@id":"https:\/\/peoplesphere.be\/fr\/#organization","name":"Peoplesphere Company srl","url":"https:\/\/peoplesphere.be\/fr\/","logo":{"@type":"ImageObject","inLanguage":"fr-FR","@id":"https:\/\/peoplesphere.be\/fr\/#\/schema\/logo\/image\/","url":"https:\/\/peoplesphere.be\/fr\/wp-content\/uploads\/2023\/07\/peoplesphere-lgo-new-generik.jpg","contentUrl":"https:\/\/peoplesphere.be\/fr\/wp-content\/uploads\/2023\/07\/peoplesphere-lgo-new-generik.jpg","width":1031,"height":1479,"caption":"Peoplesphere Company srl"},"image":{"@id":"https:\/\/peoplesphere.be\/fr\/#\/schema\/logo\/image\/"},"sameAs":["https:\/\/www.facebook.com\/peoplesphere","https:\/\/twitter.com\/PeoplesphereMag","https:\/\/www.linkedin.com\/company\/7587361?trk","http:\/\/youtube.com\/peoplesphere"]},{"@type":"Person","@id":"https:\/\/peoplesphere.be\/fr\/#\/schema\/person\/7976225ff17988604334abb7b3536a7e","name":"Jean-Paul Erhard","image":{"@type":"ImageObject","inLanguage":"fr-FR","@id":"https:\/\/peoplesphere.be\/fr\/#\/schema\/person\/image\/","url":"https:\/\/secure.gravatar.com\/avatar\/f941e681460179738071629a51574930?s=96&d=mm&r=g","contentUrl":"https:\/\/secure.gravatar.com\/avatar\/f941e681460179738071629a51574930?s=96&d=mm&r=g","caption":"Jean-Paul Erhard"},"url":"https:\/\/peoplesphere.be\/fr\/author\/jpe\/"}]}},"_links":{"self":[{"href":"https:\/\/peoplesphere.be\/fr\/wp-json\/wp\/v2\/posts\/10719"}],"collection":[{"href":"https:\/\/peoplesphere.be\/fr\/wp-json\/wp\/v2\/posts"}],"about":[{"href":"https:\/\/peoplesphere.be\/fr\/wp-json\/wp\/v2\/types\/post"}],"author":[{"embeddable":true,"href":"https:\/\/peoplesphere.be\/fr\/wp-json\/wp\/v2\/users\/2"}],"replies":[{"embeddable":true,"href":"https:\/\/peoplesphere.be\/fr\/wp-json\/wp\/v2\/comments?post=10719"}],"version-history":[{"count":2,"href":"https:\/\/peoplesphere.be\/fr\/wp-json\/wp\/v2\/posts\/10719\/revisions"}],"predecessor-version":[{"id":10727,"href":"https:\/\/peoplesphere.be\/fr\/wp-json\/wp\/v2\/posts\/10719\/revisions\/10727"}],"wp:attachment":[{"href":"https:\/\/peoplesphere.be\/fr\/wp-json\/wp\/v2\/media?parent=10719"}],"wp:term":[{"taxonomy":"category","embeddable":true,"href":"https:\/\/peoplesphere.be\/fr\/wp-json\/wp\/v2\/categories?post=10719"},{"taxonomy":"post_tag","embeddable":true,"href":"https:\/\/peoplesphere.be\/fr\/wp-json\/wp\/v2\/tags?post=10719"}],"curies":[{"name":"wp","href":"https:\/\/api.w.org\/{rel}","templated":true}]}}