









{"id":10798,"date":"2021-02-10T18:35:45","date_gmt":"2021-02-10T16:35:45","guid":{"rendered":"https:\/\/peoplesphere.be\/fr\/?p=10798"},"modified":"2021-02-10T18:37:25","modified_gmt":"2021-02-10T16:37:25","slug":"taux-de-chomage-de-zone-ocee-naugmente-plus-malgre-pandemie-sauf-concerne-jeunes-travailleurs","status":"publish","type":"post","link":"https:\/\/peoplesphere.be\/fr\/taux-de-chomage-de-zone-ocee-naugmente-plus-malgre-pandemie-sauf-concerne-jeunes-travailleurs\/","title":{"rendered":"Le taux de ch\u00f4mage de la zone OCDE n&rsquo;augmente plus malgr\u00e9 la pand\u00e9mie, sauf en ce qui concerne les jeunes travailleurs."},"content":{"rendered":"<p>Le taux de ch\u00f4mage de la zone OCDE \u00e9tait stable \u00e0 6.9% en d\u00e9cembre 2020, et restait 1.7 points de pourcentage au-dessus du niveau observ\u00e9 en f\u00e9vrier 2020, avant que la pand\u00e9mie de COVID-19 ne touche le march\u00e9 du travail. Malgr\u00e9 la stabilit\u00e9 des taux de ch\u00f4mage globaux de la zone OCDE et de la zone euro, en d\u00e9cembre, le taux de ch\u00f4mage des jeunes (15-24 ans) de l\u2019OCDE \u00e9tait en l\u00e9g\u00e8re hausse, \u00e0 14.4% (contre 14.2% en novembre). Dans la zone euro, le taux de ch\u00f4mage des jeunes augmentait \u00e0 18.5% (contre 18.1% en novembre), la seconde hausse mensuelle cons\u00e9cutive.<!--more--><\/p>\n<p>En d\u00e9cembre, le taux de ch\u00f4mage \u00e9tait stable \u00e9galement dans la zone euro, \u00e0 8.3% (1.1 points de pourcentage au-dessus de son niveau de f\u00e9vrier 2020), avec des baisses de 0.2 point de pourcentage ou plus en Belgique, en Lituanie, au Portugal et en Slov\u00e9nie et des hausses de 0.2 points de pourcentage ou plus en Autriche, en Finlande, en Italie et au Luxembourg.<\/p>\n<p>Aux \u00c9tats-Unis, o\u00f9 le nombre de personnes en mise-\u00e0-pied temporaire a \u00e9t\u00e9 relativement stable depuis octobre, le taux de ch\u00f4mage \u00e9tait inchang\u00e9 \u00e0 6.7%, plus \u00e9lev\u00e9 de 3.2 points de pourcentage qu\u2019en f\u00e9vrier 2020. Au Canada, il augmentait de 0.2 point de pourcentage (\u00e0 8.8%). Des donn\u00e9es plus r\u00e9centes pour le mois de janvier 2021 montrent que le taux de ch\u00f4mage \u00e9tait en baisse de 0.4 point de pourcentage aux \u00c9tats-Unis (\u00e0 6.3%), tandis qu\u2019il continuait d\u2019augmenter (de 0.6 point de pourcentage, \u00e0 9.4%) au Canada (\u00e0 8.6%). En d\u00e9cembre, le taux de ch\u00f4mage \u00e9tait inchang\u00e9 au Japon, \u00e0 2.9% (0.5 point de pourcentage au-dessus de son niveau d\u2019avant la pand\u00e9mie). Il augmentait de 0.5 point de pourcentage en Cor\u00e9e (\u00e0 4.6%), tandis qu\u2019il continuait de baisser en Australie (\u00e0 6.6% en d\u00e9cembre, contre 6.8% en novembre), en Colombie (\u00e0 14.6%, contre 15.3%) et au Mexique (\u00e0 4.2%, contre 4.5%).<\/p>\n<p>Plus g\u00e9n\u00e9ralement, il convient de noter que les statistiques du ch\u00f4mage ne rendent pas compte de la totalit\u00e9 du sous-emploi caus\u00e9 par le Covid-19, \u00e9tant donn\u00e9 que certaines personnes \u00ab pas en emploi \u00bb peuvent \u00eatre compt\u00e9es comme \u00e9tant \u00ab hors de la population active \u00bb parce qu\u2019en raison de la pand\u00e9mie, elles n\u2019\u00e9taient pas en mesure de chercher un emploi activement ou bien n\u2019\u00e9taient pas disponibles pour travailler.<\/p>\n<p><em>Source: OCDE<\/em><\/p>\n","protected":false},"excerpt":{"rendered":"<p>Le taux de ch\u00f4mage de la zone OCDE \u00e9tait stable \u00e0 6.9% en d\u00e9cembre 2020, et restait 1.7 points de pourcentage au-dessus du niveau observ\u00e9 en f\u00e9vrier 2020, avant que la pand\u00e9mie de COVID-19 ne touche le march\u00e9 du travail. [&hellip;]<\/p>\n","protected":false},"author":2,"featured_media":0,"comment_status":"closed","ping_status":"open","sticky":false,"template":"","format":"standard","meta":[],"categories":[65,10],"tags":[772,703],"yoast_head":"<!-- This site is optimized with the Yoast SEO plugin v21.0 - https:\/\/yoast.com\/wordpress\/plugins\/seo\/ -->\n<title>Le taux de ch\u00f4mage de la zone OCDE n&#039;augmente plus malgr\u00e9 la pand\u00e9mie, sauf en ce qui concerne les jeunes travailleurs. - Peoplesphere<\/title>\n<meta name=\"robots\" content=\"index, follow, max-snippet:-1, max-image-preview:large, max-video-preview:-1\" \/>\n<link rel=\"canonical\" href=\"https:\/\/peoplesphere.be\/fr\/taux-de-chomage-de-zone-ocee-naugmente-plus-malgre-pandemie-sauf-concerne-jeunes-travailleurs\/\" \/>\n<meta property=\"og:locale\" content=\"fr_FR\" \/>\n<meta property=\"og:type\" content=\"article\" \/>\n<meta property=\"og:title\" content=\"Le taux de ch\u00f4mage de la zone OCDE n&#039;augmente plus malgr\u00e9 la pand\u00e9mie, sauf en ce qui concerne les jeunes travailleurs. - Peoplesphere\" \/>\n<meta property=\"og:description\" content=\"Le taux de ch\u00f4mage de la zone OCDE \u00e9tait stable \u00e0 6.9% en d\u00e9cembre 2020, et restait 1.7 points de pourcentage au-dessus du niveau observ\u00e9 en f\u00e9vrier 2020, avant que la pand\u00e9mie de COVID-19 ne touche le march\u00e9 du travail. [&hellip;]\" \/>\n<meta property=\"og:url\" content=\"https:\/\/peoplesphere.be\/fr\/taux-de-chomage-de-zone-ocee-naugmente-plus-malgre-pandemie-sauf-concerne-jeunes-travailleurs\/\" \/>\n<meta property=\"og:site_name\" content=\"Peoplesphere\" \/>\n<meta property=\"article:publisher\" content=\"https:\/\/www.facebook.com\/peoplesphere\" \/>\n<meta property=\"article:published_time\" content=\"2021-02-10T16:35:45+00:00\" \/>\n<meta property=\"article:modified_time\" content=\"2021-02-10T16:37:25+00:00\" \/>\n<meta property=\"og:image\" content=\"http:\/\/www.peoplesphere.be\/fr\/wp-content\/uploads\/2016\/07\/facebook-default-posting-1200x628px.jpg\" \/>\n<meta name=\"author\" content=\"Jean-Paul Erhard\" \/>\n<meta name=\"twitter:card\" content=\"summary_large_image\" \/>\n<meta name=\"twitter:creator\" content=\"@PeoplesphereMag\" \/>\n<meta name=\"twitter:site\" content=\"@PeoplesphereMag\" \/>\n<meta name=\"twitter:label1\" content=\"\u00c9crit par\" \/>\n\t<meta name=\"twitter:data1\" content=\"Jean-Paul Erhard\" \/>\n\t<meta name=\"twitter:label2\" content=\"Dur\u00e9e de lecture estim\u00e9e\" \/>\n\t<meta name=\"twitter:data2\" content=\"2 minutes\" \/>\n<script type=\"application\/ld+json\" class=\"yoast-schema-graph\">{\"@context\":\"https:\/\/schema.org\",\"@graph\":[{\"@type\":\"Article\",\"@id\":\"https:\/\/peoplesphere.be\/fr\/taux-de-chomage-de-zone-ocee-naugmente-plus-malgre-pandemie-sauf-concerne-jeunes-travailleurs\/#article\",\"isPartOf\":{\"@id\":\"https:\/\/peoplesphere.be\/fr\/taux-de-chomage-de-zone-ocee-naugmente-plus-malgre-pandemie-sauf-concerne-jeunes-travailleurs\/\"},\"author\":{\"name\":\"Jean-Paul Erhard\",\"@id\":\"https:\/\/peoplesphere.be\/fr\/#\/schema\/person\/7976225ff17988604334abb7b3536a7e\"},\"headline\":\"Le taux de ch\u00f4mage de la zone OCDE n&rsquo;augmente plus malgr\u00e9 la pand\u00e9mie, sauf en ce qui concerne les jeunes travailleurs.\",\"datePublished\":\"2021-02-10T16:35:45+00:00\",\"dateModified\":\"2021-02-10T16:37:25+00:00\",\"mainEntityOfPage\":{\"@id\":\"https:\/\/peoplesphere.be\/fr\/taux-de-chomage-de-zone-ocee-naugmente-plus-malgre-pandemie-sauf-concerne-jeunes-travailleurs\/\"},\"wordCount\":397,\"publisher\":{\"@id\":\"https:\/\/peoplesphere.be\/fr\/#organization\"},\"keywords\":[\"OCDE\",\"taux de ch\u00f4mage\"],\"articleSection\":[\"Actualit\u00e9s\",\"Digital\"],\"inLanguage\":\"fr-FR\"},{\"@type\":\"WebPage\",\"@id\":\"https:\/\/peoplesphere.be\/fr\/taux-de-chomage-de-zone-ocee-naugmente-plus-malgre-pandemie-sauf-concerne-jeunes-travailleurs\/\",\"url\":\"https:\/\/peoplesphere.be\/fr\/taux-de-chomage-de-zone-ocee-naugmente-plus-malgre-pandemie-sauf-concerne-jeunes-travailleurs\/\",\"name\":\"Le taux de ch\u00f4mage de la zone OCDE n'augmente plus malgr\u00e9 la pand\u00e9mie, sauf en ce qui concerne les jeunes travailleurs. - Peoplesphere\",\"isPartOf\":{\"@id\":\"https:\/\/peoplesphere.be\/fr\/#website\"},\"datePublished\":\"2021-02-10T16:35:45+00:00\",\"dateModified\":\"2021-02-10T16:37:25+00:00\",\"breadcrumb\":{\"@id\":\"https:\/\/peoplesphere.be\/fr\/taux-de-chomage-de-zone-ocee-naugmente-plus-malgre-pandemie-sauf-concerne-jeunes-travailleurs\/#breadcrumb\"},\"inLanguage\":\"fr-FR\",\"potentialAction\":[{\"@type\":\"ReadAction\",\"target\":[\"https:\/\/peoplesphere.be\/fr\/taux-de-chomage-de-zone-ocee-naugmente-plus-malgre-pandemie-sauf-concerne-jeunes-travailleurs\/\"]}]},{\"@type\":\"BreadcrumbList\",\"@id\":\"https:\/\/peoplesphere.be\/fr\/taux-de-chomage-de-zone-ocee-naugmente-plus-malgre-pandemie-sauf-concerne-jeunes-travailleurs\/#breadcrumb\",\"itemListElement\":[{\"@type\":\"ListItem\",\"position\":1,\"name\":\"Accueil\",\"item\":\"https:\/\/peoplesphere.be\/fr\/\"},{\"@type\":\"ListItem\",\"position\":2,\"name\":\"Le taux de ch\u00f4mage de la zone OCDE n&rsquo;augmente plus malgr\u00e9 la pand\u00e9mie, sauf en ce qui concerne les jeunes travailleurs.\"}]},{\"@type\":\"WebSite\",\"@id\":\"https:\/\/peoplesphere.be\/fr\/#website\",\"url\":\"https:\/\/peoplesphere.be\/fr\/\",\"name\":\"Peoplesphere\",\"description\":\"The People Managers Magazine\",\"publisher\":{\"@id\":\"https:\/\/peoplesphere.be\/fr\/#organization\"},\"potentialAction\":[{\"@type\":\"SearchAction\",\"target\":{\"@type\":\"EntryPoint\",\"urlTemplate\":\"https:\/\/peoplesphere.be\/fr\/?s={search_term_string}\"},\"query-input\":\"required name=search_term_string\"}],\"inLanguage\":\"fr-FR\"},{\"@type\":\"Organization\",\"@id\":\"https:\/\/peoplesphere.be\/fr\/#organization\",\"name\":\"Peoplesphere Company srl\",\"url\":\"https:\/\/peoplesphere.be\/fr\/\",\"logo\":{\"@type\":\"ImageObject\",\"inLanguage\":\"fr-FR\",\"@id\":\"https:\/\/peoplesphere.be\/fr\/#\/schema\/logo\/image\/\",\"url\":\"https:\/\/peoplesphere.be\/fr\/wp-content\/uploads\/2023\/07\/peoplesphere-lgo-new-generik.jpg\",\"contentUrl\":\"https:\/\/peoplesphere.be\/fr\/wp-content\/uploads\/2023\/07\/peoplesphere-lgo-new-generik.jpg\",\"width\":1031,\"height\":1479,\"caption\":\"Peoplesphere Company srl\"},\"image\":{\"@id\":\"https:\/\/peoplesphere.be\/fr\/#\/schema\/logo\/image\/\"},\"sameAs\":[\"https:\/\/www.facebook.com\/peoplesphere\",\"https:\/\/twitter.com\/PeoplesphereMag\",\"https:\/\/www.linkedin.com\/company\/7587361?trk\",\"http:\/\/youtube.com\/peoplesphere\"]},{\"@type\":\"Person\",\"@id\":\"https:\/\/peoplesphere.be\/fr\/#\/schema\/person\/7976225ff17988604334abb7b3536a7e\",\"name\":\"Jean-Paul Erhard\",\"image\":{\"@type\":\"ImageObject\",\"inLanguage\":\"fr-FR\",\"@id\":\"https:\/\/peoplesphere.be\/fr\/#\/schema\/person\/image\/\",\"url\":\"https:\/\/secure.gravatar.com\/avatar\/f941e681460179738071629a51574930?s=96&d=mm&r=g\",\"contentUrl\":\"https:\/\/secure.gravatar.com\/avatar\/f941e681460179738071629a51574930?s=96&d=mm&r=g\",\"caption\":\"Jean-Paul Erhard\"},\"url\":\"https:\/\/peoplesphere.be\/fr\/author\/jpe\/\"}]}<\/script>\n<!-- \/ Yoast SEO plugin. -->","yoast_head_json":{"title":"Le taux de ch\u00f4mage de la zone OCDE n'augmente plus malgr\u00e9 la pand\u00e9mie, sauf en ce qui concerne les jeunes travailleurs. - Peoplesphere","robots":{"index":"index","follow":"follow","max-snippet":"max-snippet:-1","max-image-preview":"max-image-preview:large","max-video-preview":"max-video-preview:-1"},"canonical":"https:\/\/peoplesphere.be\/fr\/taux-de-chomage-de-zone-ocee-naugmente-plus-malgre-pandemie-sauf-concerne-jeunes-travailleurs\/","og_locale":"fr_FR","og_type":"article","og_title":"Le taux de ch\u00f4mage de la zone OCDE n'augmente plus malgr\u00e9 la pand\u00e9mie, sauf en ce qui concerne les jeunes travailleurs. - Peoplesphere","og_description":"Le taux de ch\u00f4mage de la zone OCDE \u00e9tait stable \u00e0 6.9% en d\u00e9cembre 2020, et restait 1.7 points de pourcentage au-dessus du niveau observ\u00e9 en f\u00e9vrier 2020, avant que la pand\u00e9mie de COVID-19 ne touche le march\u00e9 du travail. [&hellip;]","og_url":"https:\/\/peoplesphere.be\/fr\/taux-de-chomage-de-zone-ocee-naugmente-plus-malgre-pandemie-sauf-concerne-jeunes-travailleurs\/","og_site_name":"Peoplesphere","article_publisher":"https:\/\/www.facebook.com\/peoplesphere","article_published_time":"2021-02-10T16:35:45+00:00","article_modified_time":"2021-02-10T16:37:25+00:00","og_image":[{"url":"http:\/\/www.peoplesphere.be\/fr\/wp-content\/uploads\/2016\/07\/facebook-default-posting-1200x628px.jpg"}],"author":"Jean-Paul Erhard","twitter_card":"summary_large_image","twitter_creator":"@PeoplesphereMag","twitter_site":"@PeoplesphereMag","twitter_misc":{"\u00c9crit par":"Jean-Paul Erhard","Dur\u00e9e de lecture estim\u00e9e":"2 minutes"},"schema":{"@context":"https:\/\/schema.org","@graph":[{"@type":"Article","@id":"https:\/\/peoplesphere.be\/fr\/taux-de-chomage-de-zone-ocee-naugmente-plus-malgre-pandemie-sauf-concerne-jeunes-travailleurs\/#article","isPartOf":{"@id":"https:\/\/peoplesphere.be\/fr\/taux-de-chomage-de-zone-ocee-naugmente-plus-malgre-pandemie-sauf-concerne-jeunes-travailleurs\/"},"author":{"name":"Jean-Paul Erhard","@id":"https:\/\/peoplesphere.be\/fr\/#\/schema\/person\/7976225ff17988604334abb7b3536a7e"},"headline":"Le taux de ch\u00f4mage de la zone OCDE n&rsquo;augmente plus malgr\u00e9 la pand\u00e9mie, sauf en ce qui concerne les jeunes travailleurs.","datePublished":"2021-02-10T16:35:45+00:00","dateModified":"2021-02-10T16:37:25+00:00","mainEntityOfPage":{"@id":"https:\/\/peoplesphere.be\/fr\/taux-de-chomage-de-zone-ocee-naugmente-plus-malgre-pandemie-sauf-concerne-jeunes-travailleurs\/"},"wordCount":397,"publisher":{"@id":"https:\/\/peoplesphere.be\/fr\/#organization"},"keywords":["OCDE","taux de ch\u00f4mage"],"articleSection":["Actualit\u00e9s","Digital"],"inLanguage":"fr-FR"},{"@type":"WebPage","@id":"https:\/\/peoplesphere.be\/fr\/taux-de-chomage-de-zone-ocee-naugmente-plus-malgre-pandemie-sauf-concerne-jeunes-travailleurs\/","url":"https:\/\/peoplesphere.be\/fr\/taux-de-chomage-de-zone-ocee-naugmente-plus-malgre-pandemie-sauf-concerne-jeunes-travailleurs\/","name":"Le taux de ch\u00f4mage de la zone OCDE n'augmente plus malgr\u00e9 la pand\u00e9mie, sauf en ce qui concerne les jeunes travailleurs. - Peoplesphere","isPartOf":{"@id":"https:\/\/peoplesphere.be\/fr\/#website"},"datePublished":"2021-02-10T16:35:45+00:00","dateModified":"2021-02-10T16:37:25+00:00","breadcrumb":{"@id":"https:\/\/peoplesphere.be\/fr\/taux-de-chomage-de-zone-ocee-naugmente-plus-malgre-pandemie-sauf-concerne-jeunes-travailleurs\/#breadcrumb"},"inLanguage":"fr-FR","potentialAction":[{"@type":"ReadAction","target":["https:\/\/peoplesphere.be\/fr\/taux-de-chomage-de-zone-ocee-naugmente-plus-malgre-pandemie-sauf-concerne-jeunes-travailleurs\/"]}]},{"@type":"BreadcrumbList","@id":"https:\/\/peoplesphere.be\/fr\/taux-de-chomage-de-zone-ocee-naugmente-plus-malgre-pandemie-sauf-concerne-jeunes-travailleurs\/#breadcrumb","itemListElement":[{"@type":"ListItem","position":1,"name":"Accueil","item":"https:\/\/peoplesphere.be\/fr\/"},{"@type":"ListItem","position":2,"name":"Le taux de ch\u00f4mage de la zone OCDE n&rsquo;augmente plus malgr\u00e9 la pand\u00e9mie, sauf en ce qui concerne les jeunes travailleurs."}]},{"@type":"WebSite","@id":"https:\/\/peoplesphere.be\/fr\/#website","url":"https:\/\/peoplesphere.be\/fr\/","name":"Peoplesphere","description":"The People Managers Magazine","publisher":{"@id":"https:\/\/peoplesphere.be\/fr\/#organization"},"potentialAction":[{"@type":"SearchAction","target":{"@type":"EntryPoint","urlTemplate":"https:\/\/peoplesphere.be\/fr\/?s={search_term_string}"},"query-input":"required name=search_term_string"}],"inLanguage":"fr-FR"},{"@type":"Organization","@id":"https:\/\/peoplesphere.be\/fr\/#organization","name":"Peoplesphere Company srl","url":"https:\/\/peoplesphere.be\/fr\/","logo":{"@type":"ImageObject","inLanguage":"fr-FR","@id":"https:\/\/peoplesphere.be\/fr\/#\/schema\/logo\/image\/","url":"https:\/\/peoplesphere.be\/fr\/wp-content\/uploads\/2023\/07\/peoplesphere-lgo-new-generik.jpg","contentUrl":"https:\/\/peoplesphere.be\/fr\/wp-content\/uploads\/2023\/07\/peoplesphere-lgo-new-generik.jpg","width":1031,"height":1479,"caption":"Peoplesphere Company srl"},"image":{"@id":"https:\/\/peoplesphere.be\/fr\/#\/schema\/logo\/image\/"},"sameAs":["https:\/\/www.facebook.com\/peoplesphere","https:\/\/twitter.com\/PeoplesphereMag","https:\/\/www.linkedin.com\/company\/7587361?trk","http:\/\/youtube.com\/peoplesphere"]},{"@type":"Person","@id":"https:\/\/peoplesphere.be\/fr\/#\/schema\/person\/7976225ff17988604334abb7b3536a7e","name":"Jean-Paul Erhard","image":{"@type":"ImageObject","inLanguage":"fr-FR","@id":"https:\/\/peoplesphere.be\/fr\/#\/schema\/person\/image\/","url":"https:\/\/secure.gravatar.com\/avatar\/f941e681460179738071629a51574930?s=96&d=mm&r=g","contentUrl":"https:\/\/secure.gravatar.com\/avatar\/f941e681460179738071629a51574930?s=96&d=mm&r=g","caption":"Jean-Paul Erhard"},"url":"https:\/\/peoplesphere.be\/fr\/author\/jpe\/"}]}},"_links":{"self":[{"href":"https:\/\/peoplesphere.be\/fr\/wp-json\/wp\/v2\/posts\/10798"}],"collection":[{"href":"https:\/\/peoplesphere.be\/fr\/wp-json\/wp\/v2\/posts"}],"about":[{"href":"https:\/\/peoplesphere.be\/fr\/wp-json\/wp\/v2\/types\/post"}],"author":[{"embeddable":true,"href":"https:\/\/peoplesphere.be\/fr\/wp-json\/wp\/v2\/users\/2"}],"replies":[{"embeddable":true,"href":"https:\/\/peoplesphere.be\/fr\/wp-json\/wp\/v2\/comments?post=10798"}],"version-history":[{"count":2,"href":"https:\/\/peoplesphere.be\/fr\/wp-json\/wp\/v2\/posts\/10798\/revisions"}],"predecessor-version":[{"id":10800,"href":"https:\/\/peoplesphere.be\/fr\/wp-json\/wp\/v2\/posts\/10798\/revisions\/10800"}],"wp:attachment":[{"href":"https:\/\/peoplesphere.be\/fr\/wp-json\/wp\/v2\/media?parent=10798"}],"wp:term":[{"taxonomy":"category","embeddable":true,"href":"https:\/\/peoplesphere.be\/fr\/wp-json\/wp\/v2\/categories?post=10798"},{"taxonomy":"post_tag","embeddable":true,"href":"https:\/\/peoplesphere.be\/fr\/wp-json\/wp\/v2\/tags?post=10798"}],"curies":[{"name":"wp","href":"https:\/\/api.w.org\/{rel}","templated":true}]}}