









{"id":10853,"date":"2021-02-24T08:17:51","date_gmt":"2021-02-24T06:17:51","guid":{"rendered":"https:\/\/peoplesphere.be\/fr\/?p=10853"},"modified":"2021-02-28T16:40:49","modified_gmt":"2021-02-28T14:40:49","slug":"croissance-rapide-de-leconomie-digitale-de-plateformes-appelle-a-evolution-coherente-de-reglementation","status":"publish","type":"post","link":"https:\/\/peoplesphere.be\/fr\/croissance-rapide-de-leconomie-digitale-de-plateformes-appelle-a-evolution-coherente-de-reglementation\/","title":{"rendered":"La croissance rapide de l&rsquo;\u00e9conomie digitale et de ses plateformes appelle \u00e0 une \u00e9volution coh\u00e9rente de la r\u00e9glementation."},"content":{"rendered":"<p>Le d\u00e9veloppement des plateformes num\u00e9riques de travail constitue \u00e0 la fois une opportunit\u00e9 et un d\u00e9fi pour les travailleurs et pour les entreprises, tout en n\u00e9cessitant une concertation politique internationale.\u00a0Ces dix derni\u00e8res ann\u00e9es, les plateformes num\u00e9riques de travail ont \u00e9t\u00e9 multipli\u00e9es par cinq \u00e0 travers le monde, affirme la nouvelle \u00e9dition du rapport Emploi et questions sociales dans le monde 2021 publi\u00e9 par l\u2019Organisation internationale du Travail (OIT).<!--more--><\/p>\n<p>Une telle croissance souligne la n\u00e9cessit\u00e9 d\u2019une concertation politique au niveau international et d\u2019une coop\u00e9ration dans le domaine de la r\u00e9glementation afin d\u2019offrir des possibilit\u00e9s d\u2019emplois d\u00e9cents et de favoriser le d\u00e9veloppement d\u2019entreprises durables de mani\u00e8re plus importante.<\/p>\n<p>Selon le rapport Emploi et questions sociales dans le monde 2021: Le r\u00f4le des <a href=\"https:\/\/peoplesphere.be\/fr\/mefions-cliches-travail-freelance-plateformes-collaboratives-offrent-jobs-hautement-qualifies-bien-remuneres\/\">plateformes num\u00e9riques<\/a> dans la transformation du monde du travail , les plateformes num\u00e9riques de travail offrent de nouvelles possibilit\u00e9s d\u2019emploi, y compris pour les femmes, les personnes en situation de handicap, les jeunes et les personnes marginalis\u00e9es au sein du march\u00e9 du travail classique. Ces plateformes permettent \u00e9galement aux entreprises d\u2019acc\u00e9der \u00e0 une main d\u2019\u0153uvre abondante et flexible aux comp\u00e9tences diverses, tout en augmentant la base de leur client\u00e8le.<\/p>\n<p>Le rapport se penche sur deux types de plateformes num\u00e9riques de travail: les plateformes en ligne, o\u00f9 les t\u00e2ches sont effectu\u00e9es en ligne et \u00e0 distance par les travailleurs, et les plateformes g\u00e9olocalis\u00e9es, o\u00f9 les t\u00e2ches sont accomplies \u00e0 un endroit physique bien pr\u00e9cis par des personnes, comme les chauffeurs de taxi et les livreurs. Le rapport s&rsquo;appuie sur les r\u00e9sultats d&rsquo;enqu\u00eates et d&rsquo;entretiens men\u00e9s aupr\u00e8s de quelque 12.000 travailleurs et repr\u00e9sentants de 85 entreprises du monde entier dans de nombreux secteurs.<\/p>\n<p><em><strong>Nouveaux d\u00e9fis pour les travailleurs et les entreprises<\/strong><\/em><\/p>\n<p>Les d\u00e9fis auxquels doivent faire face les travailleurs de ces plateformes concernent aussi bien les conditions de travail, la r\u00e9gularit\u00e9 du travail et des revenus que l\u2019absence d\u2019acc\u00e8s \u00e0 la protection sociale et aux droits \u00e0 la libert\u00e9 syndicale et \u00e0 la n\u00e9gociation collective. Les horaires de travail peuvent souvent s\u2019av\u00e9rer longs et impr\u00e9visibles. La moiti\u00e9 des travailleurs des plateformes en ligne gagnent moins de 2 dollars des Etats-Unis de l\u2019heure. En outre, certaines plateformes pratiquent des \u00e9carts de salaires bas\u00e9s sur le genre. La pand\u00e9mie de COVID-19 n\u2019a fait qu\u2019exposer encore un peu plus plusieurs de ces difficult\u00e9s, souligne le rapport.<\/p>\n<p>Par ailleurs, de nombreuses entreprises font face \u00e0 des probl\u00e8mes li\u00e9s \u00e0 une concurrence d\u00e9loyale, \u00e0 une absence de transparence sur les donn\u00e9es et les prix ainsi qu\u2019\u00e0 des commissions \u00e9lev\u00e9es. De leur c\u00f4t\u00e9, les petites et moyennes entreprises (PME) rencontrent \u00e9galement des probl\u00e8mes d\u2019acc\u00e8s au financement et aux infrastructures num\u00e9riques.<\/p>\n<p>Les nouvelles possibilit\u00e9s cr\u00e9\u00e9es par les plateformes num\u00e9riques de travail effacent un peu plus la fronti\u00e8re bien d\u00e9finie auparavant entre salari\u00e9 et travailleur ind\u00e9pendant. Les conditions de travail d\u00e9pendent en grande partie des modalit\u00e9s du contrat de service qui, en r\u00e8gle g\u00e9n\u00e9rale, sont souvent d\u00e9termin\u00e9es de mani\u00e8re unilat\u00e9rale. Il existe \u00e9galement une tendance croissante \u00e0 ce que ce soit les algorithmes qui remplacent l\u2019\u00eatre humain pour r\u00e9partir et \u00e9valuer le travail, ainsi que pour s\u2019occuper de la gestion et du suivi des travailleurs.<\/p>\n<p>Etant donn\u00e9 que les plateformes exercent leurs op\u00e9rations dans des cadres juridiques multiples, des politiques coh\u00e9rentes et coordonn\u00e9es sont n\u00e9cessaires pour s\u2019assurer qu\u2019elles offrent bien des possibilit\u00e9s d\u2019emplois d\u00e9cents et qu\u2019elles favorisent bien le d\u00e9veloppement d\u2019entreprises durables, indique encore le rapport.<\/p>\n<p><em>\u00ab\u00a0Les plateformes num\u00e9riques de travail ouvrent des possibilit\u00e9s qui n\u2019existaient pas auparavant, notamment pour les femmes, pour les jeunes, pour les personnes en situation de handicap ainsi que pour les populations marginalis\u00e9es \u00e0 travers le monde. Cela doit \u00eatre accueilli favorablement. Les nouveaux d\u00e9fis qu\u2019elles soul\u00e8vent peuvent \u00eatre relev\u00e9s par le dialogue social au niveau international afin que les travailleurs, les employeurs et les gouvernements puissent b\u00e9n\u00e9ficier de ces avanc\u00e9es pleinement et de mani\u00e8re \u00e9gale. Tous les travailleurs, quel que soit leur statut professionnel, doivent \u00eatre en mesure d\u2019exercer leurs droits fondamentaux au travail\u00a0\u00bb<\/em>, affirme Guy Ryder, Directeur g\u00e9n\u00e9ral de l\u2019OIT.<\/p>\n<p><strong><em>Fracture num\u00e9rique<\/em><\/strong><\/p>\n<p>Les co\u00fbts et les b\u00e9n\u00e9fices des plateformes num\u00e9riques ne sont pas r\u00e9partis de mani\u00e8re \u00e9gale \u00e0 travers le monde. En effet, 96 pour cent des investissements dans ce genre de plateformes ont lieu en Asie, en Am\u00e9rique du Nord et en Europe. 70 pour cent des revenus se concentrent dans seulement deux pays, les Etats-Unis et la Chine.<\/p>\n<p>Sur les plateformes en ligne, les t\u00e2ches sont sous-trait\u00e9es par des entreprises qui se situent dans les pays du Nord et qui sont effectu\u00e9es par des travailleurs se trouvant dans les pays du Sud qui sont moins bien r\u00e9mun\u00e9r\u00e9s que leurs homologues des pays d\u00e9velopp\u00e9s. Cette croissance in\u00e9gale de l\u2019\u00e9conomie digitale perp\u00e9tue ainsi la fracture num\u00e9rique et risque d\u2019aggraver les in\u00e9galit\u00e9s.<\/p>\n<p><strong><em>Un moyen d\u2019aller de l\u2019avant<\/em><\/strong><\/p>\n<p>Nombreux sont les gouvernements, les entreprises et les organisations de travailleurs, y compris les syndicats, qui ont commenc\u00e9 \u00e0 s\u2019attaquer \u00e0 ces difficult\u00e9s m\u00eame si les r\u00e9ponses apport\u00e9es sont diff\u00e9rentes, Cela conduit \u00e0 une forme d\u2019incertitude pour l\u2019ensemble des parties prenantes.<\/p>\n<p>Compte tenu du fait que les plateformes num\u00e9riques de travail exercent leurs activit\u00e9s dans des cadres juridiques multiples, des consultations politiques au niveau international s\u2019av\u00e8rent n\u00e9cessaires afin de s\u2019assurer d\u2019un niveau de certitude sur le plan de la r\u00e9glementation et de la bonne application des normes internationales du travail, estime le rapport.<\/p>\n<p>Les auteurs appellent donc \u00e0 une coop\u00e9ration internationale en mati\u00e8re de dialogue social et de r\u00e9glementation entre les plateformes num\u00e9riques de travail, les travailleurs et les gouvernements qui devrait aboutir, au fur et \u00e0 mesure, \u00e0 une approche plus efficace et plus uniforme vers les objectifs suivants:<\/p>\n<ul>\n<li>L\u2019existence d\u2019un statut professionnel bien d\u00e9fini qui corresponde aux syst\u00e8mes de classification en place au niveau national.<\/li>\n<li>La transparence et la reconnaissance de la responsabilit\u00e9 des algorithmes \u00e0 la fois pour les travailleurs et pour les entreprises.<\/li>\n<li>La possibilit\u00e9 pour les travailleurs ind\u00e9pendants exer\u00e7ant leur activit\u00e9 sur une plateforme de disposer du droit \u00e0 la n\u00e9gociation collective.<\/li>\n<li>La possibilit\u00e9 pour tous les travailleurs, y compris ceux des plateformes, de b\u00e9n\u00e9ficier de prestations ad\u00e9quates en mati\u00e8re de s\u00e9curit\u00e9 sociale, \u00e0 travers l\u2019extension et l\u2019adaptation des cadres politiques et juridiques si n\u00e9cessaire.<\/li>\n<li>La possibilit\u00e9 pour les travailleurs des plateformes d\u2019avoir acc\u00e8s, s\u2019ils le d\u00e9sirent, aux tribunaux de la juridiction dans laquelle ils se situent.<\/li>\n<\/ul>\n<p>Pour consulter la synth\u00e8se vid\u00e9o du nouveau rapport de l&rsquo;OIT, cliquez ici :<\/p>\n<p><iframe loading=\"lazy\" title=\"Le r\u00f4le des plateformes de travail num\u00e9rique dans la transformation du monde du travail\" width=\"500\" height=\"375\" src=\"https:\/\/www.youtube.com\/embed\/SYs1vQwOqmA?feature=oembed\" frameborder=\"0\" allow=\"accelerometer; autoplay; clipboard-write; encrypted-media; gyroscope; picture-in-picture\" allowfullscreen><\/iframe><\/p>\n<p><em>Source : OIT &#8211; Organisation Internationale du Travail &#8211; Emploi et questions sociales dans le monde 2021<\/em><\/p>\n","protected":false},"excerpt":{"rendered":"<p>Le d\u00e9veloppement des plateformes num\u00e9riques de travail constitue \u00e0 la fois une opportunit\u00e9 et un d\u00e9fi pour les travailleurs et pour les entreprises, tout en n\u00e9cessitant une concertation politique internationale.\u00a0Ces dix derni\u00e8res ann\u00e9es, les plateformes num\u00e9riques de travail ont \u00e9t\u00e9 [&hellip;]<\/p>\n","protected":false},"author":2,"featured_media":0,"comment_status":"closed","ping_status":"open","sticky":false,"template":"","format":"standard","meta":[],"categories":[65,10],"tags":[557,1011,584,1022,833,370],"yoast_head":"<!-- This site is optimized with the Yoast SEO plugin v21.0 - https:\/\/yoast.com\/wordpress\/plugins\/seo\/ -->\n<title>La croissance rapide de l&#039;\u00e9conomie digitale et de ses plateformes appelle \u00e0 une \u00e9volution coh\u00e9rente de la r\u00e9glementation. - Peoplesphere<\/title>\n<meta name=\"robots\" content=\"index, follow, max-snippet:-1, max-image-preview:large, max-video-preview:-1\" \/>\n<link rel=\"canonical\" href=\"https:\/\/peoplesphere.be\/fr\/croissance-rapide-de-leconomie-digitale-de-plateformes-appelle-a-evolution-coherente-de-reglementation\/\" \/>\n<meta property=\"og:locale\" content=\"fr_FR\" \/>\n<meta property=\"og:type\" content=\"article\" \/>\n<meta property=\"og:title\" content=\"La croissance rapide de l&#039;\u00e9conomie digitale et de ses plateformes appelle \u00e0 une \u00e9volution coh\u00e9rente de la r\u00e9glementation. - Peoplesphere\" \/>\n<meta property=\"og:description\" content=\"Le d\u00e9veloppement des plateformes num\u00e9riques de travail constitue \u00e0 la fois une opportunit\u00e9 et un d\u00e9fi pour les travailleurs et pour les entreprises, tout en n\u00e9cessitant une concertation politique internationale.\u00a0Ces dix derni\u00e8res ann\u00e9es, les plateformes num\u00e9riques de travail ont \u00e9t\u00e9 [&hellip;]\" \/>\n<meta property=\"og:url\" content=\"https:\/\/peoplesphere.be\/fr\/croissance-rapide-de-leconomie-digitale-de-plateformes-appelle-a-evolution-coherente-de-reglementation\/\" \/>\n<meta property=\"og:site_name\" content=\"Peoplesphere\" \/>\n<meta property=\"article:publisher\" content=\"https:\/\/www.facebook.com\/peoplesphere\" \/>\n<meta property=\"article:published_time\" content=\"2021-02-24T06:17:51+00:00\" \/>\n<meta property=\"article:modified_time\" content=\"2021-02-28T14:40:49+00:00\" \/>\n<meta property=\"og:image\" content=\"http:\/\/www.peoplesphere.be\/fr\/wp-content\/uploads\/2016\/07\/facebook-default-posting-1200x628px.jpg\" \/>\n<meta name=\"author\" content=\"Jean-Paul Erhard\" \/>\n<meta name=\"twitter:card\" content=\"summary_large_image\" \/>\n<meta name=\"twitter:creator\" content=\"@PeoplesphereMag\" \/>\n<meta name=\"twitter:site\" content=\"@PeoplesphereMag\" \/>\n<meta name=\"twitter:label1\" content=\"\u00c9crit par\" \/>\n\t<meta name=\"twitter:data1\" content=\"Jean-Paul Erhard\" \/>\n\t<meta name=\"twitter:label2\" content=\"Dur\u00e9e de lecture estim\u00e9e\" \/>\n\t<meta name=\"twitter:data2\" content=\"6 minutes\" \/>\n<script type=\"application\/ld+json\" class=\"yoast-schema-graph\">{\"@context\":\"https:\/\/schema.org\",\"@graph\":[{\"@type\":\"Article\",\"@id\":\"https:\/\/peoplesphere.be\/fr\/croissance-rapide-de-leconomie-digitale-de-plateformes-appelle-a-evolution-coherente-de-reglementation\/#article\",\"isPartOf\":{\"@id\":\"https:\/\/peoplesphere.be\/fr\/croissance-rapide-de-leconomie-digitale-de-plateformes-appelle-a-evolution-coherente-de-reglementation\/\"},\"author\":{\"name\":\"Jean-Paul Erhard\",\"@id\":\"https:\/\/peoplesphere.be\/fr\/#\/schema\/person\/7976225ff17988604334abb7b3536a7e\"},\"headline\":\"La croissance rapide de l&rsquo;\u00e9conomie digitale et de ses plateformes appelle \u00e0 une \u00e9volution coh\u00e9rente de la r\u00e9glementation.\",\"datePublished\":\"2021-02-24T06:17:51+00:00\",\"dateModified\":\"2021-02-28T14:40:49+00:00\",\"mainEntityOfPage\":{\"@id\":\"https:\/\/peoplesphere.be\/fr\/croissance-rapide-de-leconomie-digitale-de-plateformes-appelle-a-evolution-coherente-de-reglementation\/\"},\"wordCount\":1246,\"publisher\":{\"@id\":\"https:\/\/peoplesphere.be\/fr\/#organization\"},\"keywords\":[\"droit social\",\"gig economy\",\"OIT\",\"pr\u00e9carit\u00e9\",\"transformation digitale\",\"travail flexible\"],\"articleSection\":[\"Actualit\u00e9s\",\"Digital\"],\"inLanguage\":\"fr-FR\"},{\"@type\":\"WebPage\",\"@id\":\"https:\/\/peoplesphere.be\/fr\/croissance-rapide-de-leconomie-digitale-de-plateformes-appelle-a-evolution-coherente-de-reglementation\/\",\"url\":\"https:\/\/peoplesphere.be\/fr\/croissance-rapide-de-leconomie-digitale-de-plateformes-appelle-a-evolution-coherente-de-reglementation\/\",\"name\":\"La croissance rapide de l'\u00e9conomie digitale et de ses plateformes appelle \u00e0 une \u00e9volution coh\u00e9rente de la r\u00e9glementation. - Peoplesphere\",\"isPartOf\":{\"@id\":\"https:\/\/peoplesphere.be\/fr\/#website\"},\"datePublished\":\"2021-02-24T06:17:51+00:00\",\"dateModified\":\"2021-02-28T14:40:49+00:00\",\"breadcrumb\":{\"@id\":\"https:\/\/peoplesphere.be\/fr\/croissance-rapide-de-leconomie-digitale-de-plateformes-appelle-a-evolution-coherente-de-reglementation\/#breadcrumb\"},\"inLanguage\":\"fr-FR\",\"potentialAction\":[{\"@type\":\"ReadAction\",\"target\":[\"https:\/\/peoplesphere.be\/fr\/croissance-rapide-de-leconomie-digitale-de-plateformes-appelle-a-evolution-coherente-de-reglementation\/\"]}]},{\"@type\":\"BreadcrumbList\",\"@id\":\"https:\/\/peoplesphere.be\/fr\/croissance-rapide-de-leconomie-digitale-de-plateformes-appelle-a-evolution-coherente-de-reglementation\/#breadcrumb\",\"itemListElement\":[{\"@type\":\"ListItem\",\"position\":1,\"name\":\"Accueil\",\"item\":\"https:\/\/peoplesphere.be\/fr\/\"},{\"@type\":\"ListItem\",\"position\":2,\"name\":\"La croissance rapide de l&rsquo;\u00e9conomie digitale et de ses plateformes appelle \u00e0 une \u00e9volution coh\u00e9rente de la r\u00e9glementation.\"}]},{\"@type\":\"WebSite\",\"@id\":\"https:\/\/peoplesphere.be\/fr\/#website\",\"url\":\"https:\/\/peoplesphere.be\/fr\/\",\"name\":\"Peoplesphere\",\"description\":\"The People Managers Magazine\",\"publisher\":{\"@id\":\"https:\/\/peoplesphere.be\/fr\/#organization\"},\"potentialAction\":[{\"@type\":\"SearchAction\",\"target\":{\"@type\":\"EntryPoint\",\"urlTemplate\":\"https:\/\/peoplesphere.be\/fr\/?s={search_term_string}\"},\"query-input\":\"required name=search_term_string\"}],\"inLanguage\":\"fr-FR\"},{\"@type\":\"Organization\",\"@id\":\"https:\/\/peoplesphere.be\/fr\/#organization\",\"name\":\"Peoplesphere Company srl\",\"url\":\"https:\/\/peoplesphere.be\/fr\/\",\"logo\":{\"@type\":\"ImageObject\",\"inLanguage\":\"fr-FR\",\"@id\":\"https:\/\/peoplesphere.be\/fr\/#\/schema\/logo\/image\/\",\"url\":\"https:\/\/peoplesphere.be\/fr\/wp-content\/uploads\/2023\/07\/peoplesphere-lgo-new-generik.jpg\",\"contentUrl\":\"https:\/\/peoplesphere.be\/fr\/wp-content\/uploads\/2023\/07\/peoplesphere-lgo-new-generik.jpg\",\"width\":1031,\"height\":1479,\"caption\":\"Peoplesphere Company srl\"},\"image\":{\"@id\":\"https:\/\/peoplesphere.be\/fr\/#\/schema\/logo\/image\/\"},\"sameAs\":[\"https:\/\/www.facebook.com\/peoplesphere\",\"https:\/\/twitter.com\/PeoplesphereMag\",\"https:\/\/www.linkedin.com\/company\/7587361?trk\",\"http:\/\/youtube.com\/peoplesphere\"]},{\"@type\":\"Person\",\"@id\":\"https:\/\/peoplesphere.be\/fr\/#\/schema\/person\/7976225ff17988604334abb7b3536a7e\",\"name\":\"Jean-Paul Erhard\",\"image\":{\"@type\":\"ImageObject\",\"inLanguage\":\"fr-FR\",\"@id\":\"https:\/\/peoplesphere.be\/fr\/#\/schema\/person\/image\/\",\"url\":\"https:\/\/secure.gravatar.com\/avatar\/f941e681460179738071629a51574930?s=96&d=mm&r=g\",\"contentUrl\":\"https:\/\/secure.gravatar.com\/avatar\/f941e681460179738071629a51574930?s=96&d=mm&r=g\",\"caption\":\"Jean-Paul Erhard\"},\"url\":\"https:\/\/peoplesphere.be\/fr\/author\/jpe\/\"}]}<\/script>\n<!-- \/ Yoast SEO plugin. -->","yoast_head_json":{"title":"La croissance rapide de l'\u00e9conomie digitale et de ses plateformes appelle \u00e0 une \u00e9volution coh\u00e9rente de la r\u00e9glementation. - Peoplesphere","robots":{"index":"index","follow":"follow","max-snippet":"max-snippet:-1","max-image-preview":"max-image-preview:large","max-video-preview":"max-video-preview:-1"},"canonical":"https:\/\/peoplesphere.be\/fr\/croissance-rapide-de-leconomie-digitale-de-plateformes-appelle-a-evolution-coherente-de-reglementation\/","og_locale":"fr_FR","og_type":"article","og_title":"La croissance rapide de l'\u00e9conomie digitale et de ses plateformes appelle \u00e0 une \u00e9volution coh\u00e9rente de la r\u00e9glementation. - Peoplesphere","og_description":"Le d\u00e9veloppement des plateformes num\u00e9riques de travail constitue \u00e0 la fois une opportunit\u00e9 et un d\u00e9fi pour les travailleurs et pour les entreprises, tout en n\u00e9cessitant une concertation politique internationale.\u00a0Ces dix derni\u00e8res ann\u00e9es, les plateformes num\u00e9riques de travail ont \u00e9t\u00e9 [&hellip;]","og_url":"https:\/\/peoplesphere.be\/fr\/croissance-rapide-de-leconomie-digitale-de-plateformes-appelle-a-evolution-coherente-de-reglementation\/","og_site_name":"Peoplesphere","article_publisher":"https:\/\/www.facebook.com\/peoplesphere","article_published_time":"2021-02-24T06:17:51+00:00","article_modified_time":"2021-02-28T14:40:49+00:00","og_image":[{"url":"http:\/\/www.peoplesphere.be\/fr\/wp-content\/uploads\/2016\/07\/facebook-default-posting-1200x628px.jpg"}],"author":"Jean-Paul Erhard","twitter_card":"summary_large_image","twitter_creator":"@PeoplesphereMag","twitter_site":"@PeoplesphereMag","twitter_misc":{"\u00c9crit par":"Jean-Paul Erhard","Dur\u00e9e de lecture estim\u00e9e":"6 minutes"},"schema":{"@context":"https:\/\/schema.org","@graph":[{"@type":"Article","@id":"https:\/\/peoplesphere.be\/fr\/croissance-rapide-de-leconomie-digitale-de-plateformes-appelle-a-evolution-coherente-de-reglementation\/#article","isPartOf":{"@id":"https:\/\/peoplesphere.be\/fr\/croissance-rapide-de-leconomie-digitale-de-plateformes-appelle-a-evolution-coherente-de-reglementation\/"},"author":{"name":"Jean-Paul Erhard","@id":"https:\/\/peoplesphere.be\/fr\/#\/schema\/person\/7976225ff17988604334abb7b3536a7e"},"headline":"La croissance rapide de l&rsquo;\u00e9conomie digitale et de ses plateformes appelle \u00e0 une \u00e9volution coh\u00e9rente de la r\u00e9glementation.","datePublished":"2021-02-24T06:17:51+00:00","dateModified":"2021-02-28T14:40:49+00:00","mainEntityOfPage":{"@id":"https:\/\/peoplesphere.be\/fr\/croissance-rapide-de-leconomie-digitale-de-plateformes-appelle-a-evolution-coherente-de-reglementation\/"},"wordCount":1246,"publisher":{"@id":"https:\/\/peoplesphere.be\/fr\/#organization"},"keywords":["droit social","gig economy","OIT","pr\u00e9carit\u00e9","transformation digitale","travail flexible"],"articleSection":["Actualit\u00e9s","Digital"],"inLanguage":"fr-FR"},{"@type":"WebPage","@id":"https:\/\/peoplesphere.be\/fr\/croissance-rapide-de-leconomie-digitale-de-plateformes-appelle-a-evolution-coherente-de-reglementation\/","url":"https:\/\/peoplesphere.be\/fr\/croissance-rapide-de-leconomie-digitale-de-plateformes-appelle-a-evolution-coherente-de-reglementation\/","name":"La croissance rapide de l'\u00e9conomie digitale et de ses plateformes appelle \u00e0 une \u00e9volution coh\u00e9rente de la r\u00e9glementation. - Peoplesphere","isPartOf":{"@id":"https:\/\/peoplesphere.be\/fr\/#website"},"datePublished":"2021-02-24T06:17:51+00:00","dateModified":"2021-02-28T14:40:49+00:00","breadcrumb":{"@id":"https:\/\/peoplesphere.be\/fr\/croissance-rapide-de-leconomie-digitale-de-plateformes-appelle-a-evolution-coherente-de-reglementation\/#breadcrumb"},"inLanguage":"fr-FR","potentialAction":[{"@type":"ReadAction","target":["https:\/\/peoplesphere.be\/fr\/croissance-rapide-de-leconomie-digitale-de-plateformes-appelle-a-evolution-coherente-de-reglementation\/"]}]},{"@type":"BreadcrumbList","@id":"https:\/\/peoplesphere.be\/fr\/croissance-rapide-de-leconomie-digitale-de-plateformes-appelle-a-evolution-coherente-de-reglementation\/#breadcrumb","itemListElement":[{"@type":"ListItem","position":1,"name":"Accueil","item":"https:\/\/peoplesphere.be\/fr\/"},{"@type":"ListItem","position":2,"name":"La croissance rapide de l&rsquo;\u00e9conomie digitale et de ses plateformes appelle \u00e0 une \u00e9volution coh\u00e9rente de la r\u00e9glementation."}]},{"@type":"WebSite","@id":"https:\/\/peoplesphere.be\/fr\/#website","url":"https:\/\/peoplesphere.be\/fr\/","name":"Peoplesphere","description":"The People Managers Magazine","publisher":{"@id":"https:\/\/peoplesphere.be\/fr\/#organization"},"potentialAction":[{"@type":"SearchAction","target":{"@type":"EntryPoint","urlTemplate":"https:\/\/peoplesphere.be\/fr\/?s={search_term_string}"},"query-input":"required name=search_term_string"}],"inLanguage":"fr-FR"},{"@type":"Organization","@id":"https:\/\/peoplesphere.be\/fr\/#organization","name":"Peoplesphere Company srl","url":"https:\/\/peoplesphere.be\/fr\/","logo":{"@type":"ImageObject","inLanguage":"fr-FR","@id":"https:\/\/peoplesphere.be\/fr\/#\/schema\/logo\/image\/","url":"https:\/\/peoplesphere.be\/fr\/wp-content\/uploads\/2023\/07\/peoplesphere-lgo-new-generik.jpg","contentUrl":"https:\/\/peoplesphere.be\/fr\/wp-content\/uploads\/2023\/07\/peoplesphere-lgo-new-generik.jpg","width":1031,"height":1479,"caption":"Peoplesphere Company srl"},"image":{"@id":"https:\/\/peoplesphere.be\/fr\/#\/schema\/logo\/image\/"},"sameAs":["https:\/\/www.facebook.com\/peoplesphere","https:\/\/twitter.com\/PeoplesphereMag","https:\/\/www.linkedin.com\/company\/7587361?trk","http:\/\/youtube.com\/peoplesphere"]},{"@type":"Person","@id":"https:\/\/peoplesphere.be\/fr\/#\/schema\/person\/7976225ff17988604334abb7b3536a7e","name":"Jean-Paul Erhard","image":{"@type":"ImageObject","inLanguage":"fr-FR","@id":"https:\/\/peoplesphere.be\/fr\/#\/schema\/person\/image\/","url":"https:\/\/secure.gravatar.com\/avatar\/f941e681460179738071629a51574930?s=96&d=mm&r=g","contentUrl":"https:\/\/secure.gravatar.com\/avatar\/f941e681460179738071629a51574930?s=96&d=mm&r=g","caption":"Jean-Paul Erhard"},"url":"https:\/\/peoplesphere.be\/fr\/author\/jpe\/"}]}},"_links":{"self":[{"href":"https:\/\/peoplesphere.be\/fr\/wp-json\/wp\/v2\/posts\/10853"}],"collection":[{"href":"https:\/\/peoplesphere.be\/fr\/wp-json\/wp\/v2\/posts"}],"about":[{"href":"https:\/\/peoplesphere.be\/fr\/wp-json\/wp\/v2\/types\/post"}],"author":[{"embeddable":true,"href":"https:\/\/peoplesphere.be\/fr\/wp-json\/wp\/v2\/users\/2"}],"replies":[{"embeddable":true,"href":"https:\/\/peoplesphere.be\/fr\/wp-json\/wp\/v2\/comments?post=10853"}],"version-history":[{"count":3,"href":"https:\/\/peoplesphere.be\/fr\/wp-json\/wp\/v2\/posts\/10853\/revisions"}],"predecessor-version":[{"id":10878,"href":"https:\/\/peoplesphere.be\/fr\/wp-json\/wp\/v2\/posts\/10853\/revisions\/10878"}],"wp:attachment":[{"href":"https:\/\/peoplesphere.be\/fr\/wp-json\/wp\/v2\/media?parent=10853"}],"wp:term":[{"taxonomy":"category","embeddable":true,"href":"https:\/\/peoplesphere.be\/fr\/wp-json\/wp\/v2\/categories?post=10853"},{"taxonomy":"post_tag","embeddable":true,"href":"https:\/\/peoplesphere.be\/fr\/wp-json\/wp\/v2\/tags?post=10853"}],"curies":[{"name":"wp","href":"https:\/\/api.w.org\/{rel}","templated":true}]}}