









{"id":10855,"date":"2021-02-24T16:38:57","date_gmt":"2021-02-24T14:38:57","guid":{"rendered":"https:\/\/peoplesphere.be\/fr\/?p=10855"},"modified":"2023-11-06T07:39:04","modified_gmt":"2023-11-06T05:39:04","slug":"rh-expertise-webinar-utiliser-diversite-linclusion-se-demarquer-tant-quemployeur","status":"publish","type":"post","link":"https:\/\/peoplesphere.be\/fr\/rh-expertise-webinar-utiliser-diversite-linclusion-se-demarquer-tant-quemployeur\/","title":{"rendered":"RH Expertise Webinar : Utiliser la diversit\u00e9 et l\u2019inclusion pour se d\u00e9marquer en tant qu&#8217;employeur"},"content":{"rendered":"<p>Pour attirer, retenir et d\u00e9velopper les meilleurs talents, les organisations doivent aujourd&rsquo;hui relever de nombreux d\u00e9fis. Embrasser la diversit\u00e9 et soutenir un environnement de travail inclusif sont apparus comme de nouveaux imp\u00e9ratifs strat\u00e9giques. Dans ce webinar, nous vous expliquerons ce que vous pouvez faire en tant que professionnel pour exploiter pleinement leur potentiel.<!--more--><\/p>\n<p>Vous souhaitez int\u00e9grer la valeur ajout\u00e9e de la diversit\u00e9 et de l&rsquo;inclusion \u00e0 la strat\u00e9gie de votre entreprise ? <a href=\"https:\/\/app.livestorm.co\/stepstone\/la-diversite-et-linclusion-pour-se-demarquer?type=detailed\">(Re)d\u00e9couvrez notre webinar d\u00e8s maintenant !<\/a><\/p>\n<p>Pour vous connecter :<br \/>\n<iframe loading=\"lazy\" title=\"La diversit\u00e9 et l\u2019inclusion pour se d\u00e9marquer | StepStone\" src=\"https:\/\/app.livestorm.co\/p\/3a9ef4c3-69e7-4397-abc1-273e91013f2a\/form\" width=\"100%\" height=\"360\" frameborder=\"0\"><\/iframe><\/p>\n<p>A cette occasion, l&rsquo;\u00e9quipe StepStone a invit\u00e9 Elke Jeurissen, experte en leadership inclusif, et Taha Riani, expert en marketing inclusif. Ces deux experts ont partag\u00e9 une s\u00e9rie de conseils applicables imm\u00e9diatement et des cas pratiques int\u00e9ressants.<\/p>\n<p>Les derni\u00e8res recherches de StepStone d\u00e9montrent que, au-del\u00e0 d\u2019un effet de mode, la diversit\u00e9 et l&rsquo;inclusion sont des sujets essentiels pour les employ\u00e9s. En effet, un pourcentage impressionnant de 92% trouverait motivant que leur employeur promeuve activement l\u2019\u00e9galit\u00e9 des chances en mati\u00e8re de carri\u00e8re. De plus, huit personnes sur dix trouveraient \u00e9galement motivant que leur direction s\u2019engage en faveur d\u2019une plus grande diversit\u00e9 au sein de l\u2019entreprise.<\/p>\n<p>En conclusion, <a href=\"https:\/\/peoplesphere.be\/fr\/diversite-linclusion-travail-plus-importantes-employe\u00b7e\u00b7s-belges-leurs-collegues-europeens\/\">l&rsquo;attention port\u00e9e \u00e0 la diversit\u00e9 et \u00e0 l&rsquo;inclusion<\/a> peut \u00eatre attrayante pour tous les employ\u00e9\u00b7e\u00b7s potentiel\u00b7le\u00b7s.<\/p>\n<p>Vous souhaitez int\u00e9grer la valeur ajout\u00e9e de la diversit\u00e9 et de l&rsquo;inclusion \u00e0 la strat\u00e9gie de votre entreprise ? (Re)d\u00e9couvrez notre webinar d\u00e8s maintenant !<br \/>\nNe manquez pas les conseils suivants :<br \/>\n&#8211; \u00c0 quoi ressemble un lieu de travail diversifi\u00e9 et inclusif ?<br \/>\n&#8211; Pourquoi vos candidat\u00b7e\u00b7s s&rsquo;y int\u00e9ressent-ils\/elles ?<br \/>\n&#8211; Cinq cl\u00e9s d&rsquo;action pour une culture inclusive, par notre invit\u00e9e Elke Jeurissen<br \/>\n&#8211; Comment traduire une culture d&rsquo;entreprise diversifi\u00e9e dans vos efforts de recrutement, par notre invit\u00e9 Taha Riani<\/p>\n","protected":false},"excerpt":{"rendered":"<p>Pour attirer, retenir et d\u00e9velopper les meilleurs talents, les organisations doivent aujourd&rsquo;hui relever de nombreux d\u00e9fis. Embrasser la diversit\u00e9 et soutenir un environnement de travail inclusif sont apparus comme de nouveaux imp\u00e9ratifs strat\u00e9giques. Dans ce webinar, nous vous expliquerons ce [&hellip;]<\/p>\n","protected":false},"author":2,"featured_media":10856,"comment_status":"closed","ping_status":"open","sticky":false,"template":"","format":"standard","meta":[],"categories":[65,10],"tags":[169,544,72,2319],"yoast_head":"<!-- This site is optimized with the Yoast SEO plugin v21.0 - https:\/\/yoast.com\/wordpress\/plugins\/seo\/ -->\n<title>RH Expertise Webinar : Utiliser la diversit\u00e9 et l\u2019inclusion pour se d\u00e9marquer en tant qu&#039;employeur - Peoplesphere<\/title>\n<meta name=\"robots\" content=\"index, follow, max-snippet:-1, max-image-preview:large, max-video-preview:-1\" \/>\n<link rel=\"canonical\" href=\"https:\/\/peoplesphere.be\/fr\/rh-expertise-webinar-utiliser-diversite-linclusion-se-demarquer-tant-quemployeur\/\" \/>\n<meta property=\"og:locale\" content=\"fr_FR\" \/>\n<meta property=\"og:type\" content=\"article\" \/>\n<meta property=\"og:title\" content=\"RH Expertise Webinar : Utiliser la diversit\u00e9 et l\u2019inclusion pour se d\u00e9marquer en tant qu&#039;employeur - Peoplesphere\" \/>\n<meta property=\"og:description\" content=\"Pour attirer, retenir et d\u00e9velopper les meilleurs talents, les organisations doivent aujourd&rsquo;hui relever de nombreux d\u00e9fis. Embrasser la diversit\u00e9 et soutenir un environnement de travail inclusif sont apparus comme de nouveaux imp\u00e9ratifs strat\u00e9giques. Dans ce webinar, nous vous expliquerons ce [&hellip;]\" \/>\n<meta property=\"og:url\" content=\"https:\/\/peoplesphere.be\/fr\/rh-expertise-webinar-utiliser-diversite-linclusion-se-demarquer-tant-quemployeur\/\" \/>\n<meta property=\"og:site_name\" content=\"Peoplesphere\" \/>\n<meta property=\"article:publisher\" content=\"https:\/\/www.facebook.com\/peoplesphere\" \/>\n<meta property=\"article:published_time\" content=\"2021-02-24T14:38:57+00:00\" \/>\n<meta property=\"article:modified_time\" content=\"2023-11-06T05:39:04+00:00\" \/>\n<meta property=\"og:image\" content=\"https:\/\/peoplesphere.be\/fr\/wp-content\/uploads\/2021\/02\/Capture-d\u2019\u00e9cran-2021-02-24-\u00e0-15.27.31.png\" \/>\n\t<meta property=\"og:image:width\" content=\"664\" \/>\n\t<meta property=\"og:image:height\" content=\"316\" \/>\n\t<meta property=\"og:image:type\" content=\"image\/png\" \/>\n<meta name=\"author\" content=\"Jean-Paul Erhard\" \/>\n<meta name=\"twitter:card\" content=\"summary_large_image\" \/>\n<meta name=\"twitter:creator\" content=\"@PeoplesphereMag\" \/>\n<meta name=\"twitter:site\" content=\"@PeoplesphereMag\" \/>\n<meta name=\"twitter:label1\" content=\"\u00c9crit par\" \/>\n\t<meta name=\"twitter:data1\" content=\"Jean-Paul Erhard\" \/>\n\t<meta name=\"twitter:label2\" content=\"Dur\u00e9e de lecture estim\u00e9e\" \/>\n\t<meta name=\"twitter:data2\" content=\"2 minutes\" \/>\n<script type=\"application\/ld+json\" class=\"yoast-schema-graph\">{\"@context\":\"https:\/\/schema.org\",\"@graph\":[{\"@type\":\"Article\",\"@id\":\"https:\/\/peoplesphere.be\/fr\/rh-expertise-webinar-utiliser-diversite-linclusion-se-demarquer-tant-quemployeur\/#article\",\"isPartOf\":{\"@id\":\"https:\/\/peoplesphere.be\/fr\/rh-expertise-webinar-utiliser-diversite-linclusion-se-demarquer-tant-quemployeur\/\"},\"author\":{\"name\":\"Jean-Paul Erhard\",\"@id\":\"https:\/\/peoplesphere.be\/fr\/#\/schema\/person\/7976225ff17988604334abb7b3536a7e\"},\"headline\":\"RH Expertise Webinar : Utiliser la diversit\u00e9 et l\u2019inclusion pour se d\u00e9marquer en tant qu&#8217;employeur\",\"datePublished\":\"2021-02-24T14:38:57+00:00\",\"dateModified\":\"2023-11-06T05:39:04+00:00\",\"mainEntityOfPage\":{\"@id\":\"https:\/\/peoplesphere.be\/fr\/rh-expertise-webinar-utiliser-diversite-linclusion-se-demarquer-tant-quemployeur\/\"},\"wordCount\":328,\"publisher\":{\"@id\":\"https:\/\/peoplesphere.be\/fr\/#organization\"},\"keywords\":[\"diversit\u00e9\",\"inclusion\",\"recrutement\",\"Stepstone\"],\"articleSection\":[\"Actualit\u00e9s\",\"Digital\"],\"inLanguage\":\"fr-FR\"},{\"@type\":\"WebPage\",\"@id\":\"https:\/\/peoplesphere.be\/fr\/rh-expertise-webinar-utiliser-diversite-linclusion-se-demarquer-tant-quemployeur\/\",\"url\":\"https:\/\/peoplesphere.be\/fr\/rh-expertise-webinar-utiliser-diversite-linclusion-se-demarquer-tant-quemployeur\/\",\"name\":\"RH Expertise Webinar : Utiliser la diversit\u00e9 et l\u2019inclusion pour se d\u00e9marquer en tant qu'employeur - Peoplesphere\",\"isPartOf\":{\"@id\":\"https:\/\/peoplesphere.be\/fr\/#website\"},\"datePublished\":\"2021-02-24T14:38:57+00:00\",\"dateModified\":\"2023-11-06T05:39:04+00:00\",\"breadcrumb\":{\"@id\":\"https:\/\/peoplesphere.be\/fr\/rh-expertise-webinar-utiliser-diversite-linclusion-se-demarquer-tant-quemployeur\/#breadcrumb\"},\"inLanguage\":\"fr-FR\",\"potentialAction\":[{\"@type\":\"ReadAction\",\"target\":[\"https:\/\/peoplesphere.be\/fr\/rh-expertise-webinar-utiliser-diversite-linclusion-se-demarquer-tant-quemployeur\/\"]}]},{\"@type\":\"BreadcrumbList\",\"@id\":\"https:\/\/peoplesphere.be\/fr\/rh-expertise-webinar-utiliser-diversite-linclusion-se-demarquer-tant-quemployeur\/#breadcrumb\",\"itemListElement\":[{\"@type\":\"ListItem\",\"position\":1,\"name\":\"Accueil\",\"item\":\"https:\/\/peoplesphere.be\/fr\/\"},{\"@type\":\"ListItem\",\"position\":2,\"name\":\"RH Expertise Webinar : Utiliser la diversit\u00e9 et l\u2019inclusion pour se d\u00e9marquer en tant qu&#8217;employeur\"}]},{\"@type\":\"WebSite\",\"@id\":\"https:\/\/peoplesphere.be\/fr\/#website\",\"url\":\"https:\/\/peoplesphere.be\/fr\/\",\"name\":\"Peoplesphere\",\"description\":\"The People Managers Magazine\",\"publisher\":{\"@id\":\"https:\/\/peoplesphere.be\/fr\/#organization\"},\"potentialAction\":[{\"@type\":\"SearchAction\",\"target\":{\"@type\":\"EntryPoint\",\"urlTemplate\":\"https:\/\/peoplesphere.be\/fr\/?s={search_term_string}\"},\"query-input\":\"required name=search_term_string\"}],\"inLanguage\":\"fr-FR\"},{\"@type\":\"Organization\",\"@id\":\"https:\/\/peoplesphere.be\/fr\/#organization\",\"name\":\"Peoplesphere Company srl\",\"url\":\"https:\/\/peoplesphere.be\/fr\/\",\"logo\":{\"@type\":\"ImageObject\",\"inLanguage\":\"fr-FR\",\"@id\":\"https:\/\/peoplesphere.be\/fr\/#\/schema\/logo\/image\/\",\"url\":\"https:\/\/peoplesphere.be\/fr\/wp-content\/uploads\/2023\/07\/peoplesphere-lgo-new-generik.jpg\",\"contentUrl\":\"https:\/\/peoplesphere.be\/fr\/wp-content\/uploads\/2023\/07\/peoplesphere-lgo-new-generik.jpg\",\"width\":1031,\"height\":1479,\"caption\":\"Peoplesphere Company srl\"},\"image\":{\"@id\":\"https:\/\/peoplesphere.be\/fr\/#\/schema\/logo\/image\/\"},\"sameAs\":[\"https:\/\/www.facebook.com\/peoplesphere\",\"https:\/\/twitter.com\/PeoplesphereMag\",\"https:\/\/www.linkedin.com\/company\/7587361?trk\",\"http:\/\/youtube.com\/peoplesphere\"]},{\"@type\":\"Person\",\"@id\":\"https:\/\/peoplesphere.be\/fr\/#\/schema\/person\/7976225ff17988604334abb7b3536a7e\",\"name\":\"Jean-Paul Erhard\",\"image\":{\"@type\":\"ImageObject\",\"inLanguage\":\"fr-FR\",\"@id\":\"https:\/\/peoplesphere.be\/fr\/#\/schema\/person\/image\/\",\"url\":\"https:\/\/secure.gravatar.com\/avatar\/f941e681460179738071629a51574930?s=96&d=mm&r=g\",\"contentUrl\":\"https:\/\/secure.gravatar.com\/avatar\/f941e681460179738071629a51574930?s=96&d=mm&r=g\",\"caption\":\"Jean-Paul Erhard\"},\"url\":\"https:\/\/peoplesphere.be\/fr\/author\/jpe\/\"}]}<\/script>\n<!-- \/ Yoast SEO plugin. -->","yoast_head_json":{"title":"RH Expertise Webinar : Utiliser la diversit\u00e9 et l\u2019inclusion pour se d\u00e9marquer en tant qu'employeur - Peoplesphere","robots":{"index":"index","follow":"follow","max-snippet":"max-snippet:-1","max-image-preview":"max-image-preview:large","max-video-preview":"max-video-preview:-1"},"canonical":"https:\/\/peoplesphere.be\/fr\/rh-expertise-webinar-utiliser-diversite-linclusion-se-demarquer-tant-quemployeur\/","og_locale":"fr_FR","og_type":"article","og_title":"RH Expertise Webinar : Utiliser la diversit\u00e9 et l\u2019inclusion pour se d\u00e9marquer en tant qu'employeur - Peoplesphere","og_description":"Pour attirer, retenir et d\u00e9velopper les meilleurs talents, les organisations doivent aujourd&rsquo;hui relever de nombreux d\u00e9fis. Embrasser la diversit\u00e9 et soutenir un environnement de travail inclusif sont apparus comme de nouveaux imp\u00e9ratifs strat\u00e9giques. Dans ce webinar, nous vous expliquerons ce [&hellip;]","og_url":"https:\/\/peoplesphere.be\/fr\/rh-expertise-webinar-utiliser-diversite-linclusion-se-demarquer-tant-quemployeur\/","og_site_name":"Peoplesphere","article_publisher":"https:\/\/www.facebook.com\/peoplesphere","article_published_time":"2021-02-24T14:38:57+00:00","article_modified_time":"2023-11-06T05:39:04+00:00","og_image":[{"width":664,"height":316,"url":"https:\/\/peoplesphere.be\/fr\/wp-content\/uploads\/2021\/02\/Capture-d\u2019\u00e9cran-2021-02-24-\u00e0-15.27.31.png","type":"image\/png"}],"author":"Jean-Paul Erhard","twitter_card":"summary_large_image","twitter_creator":"@PeoplesphereMag","twitter_site":"@PeoplesphereMag","twitter_misc":{"\u00c9crit par":"Jean-Paul Erhard","Dur\u00e9e de lecture estim\u00e9e":"2 minutes"},"schema":{"@context":"https:\/\/schema.org","@graph":[{"@type":"Article","@id":"https:\/\/peoplesphere.be\/fr\/rh-expertise-webinar-utiliser-diversite-linclusion-se-demarquer-tant-quemployeur\/#article","isPartOf":{"@id":"https:\/\/peoplesphere.be\/fr\/rh-expertise-webinar-utiliser-diversite-linclusion-se-demarquer-tant-quemployeur\/"},"author":{"name":"Jean-Paul Erhard","@id":"https:\/\/peoplesphere.be\/fr\/#\/schema\/person\/7976225ff17988604334abb7b3536a7e"},"headline":"RH Expertise Webinar : Utiliser la diversit\u00e9 et l\u2019inclusion pour se d\u00e9marquer en tant qu&#8217;employeur","datePublished":"2021-02-24T14:38:57+00:00","dateModified":"2023-11-06T05:39:04+00:00","mainEntityOfPage":{"@id":"https:\/\/peoplesphere.be\/fr\/rh-expertise-webinar-utiliser-diversite-linclusion-se-demarquer-tant-quemployeur\/"},"wordCount":328,"publisher":{"@id":"https:\/\/peoplesphere.be\/fr\/#organization"},"keywords":["diversit\u00e9","inclusion","recrutement","Stepstone"],"articleSection":["Actualit\u00e9s","Digital"],"inLanguage":"fr-FR"},{"@type":"WebPage","@id":"https:\/\/peoplesphere.be\/fr\/rh-expertise-webinar-utiliser-diversite-linclusion-se-demarquer-tant-quemployeur\/","url":"https:\/\/peoplesphere.be\/fr\/rh-expertise-webinar-utiliser-diversite-linclusion-se-demarquer-tant-quemployeur\/","name":"RH Expertise Webinar : Utiliser la diversit\u00e9 et l\u2019inclusion pour se d\u00e9marquer en tant qu'employeur - Peoplesphere","isPartOf":{"@id":"https:\/\/peoplesphere.be\/fr\/#website"},"datePublished":"2021-02-24T14:38:57+00:00","dateModified":"2023-11-06T05:39:04+00:00","breadcrumb":{"@id":"https:\/\/peoplesphere.be\/fr\/rh-expertise-webinar-utiliser-diversite-linclusion-se-demarquer-tant-quemployeur\/#breadcrumb"},"inLanguage":"fr-FR","potentialAction":[{"@type":"ReadAction","target":["https:\/\/peoplesphere.be\/fr\/rh-expertise-webinar-utiliser-diversite-linclusion-se-demarquer-tant-quemployeur\/"]}]},{"@type":"BreadcrumbList","@id":"https:\/\/peoplesphere.be\/fr\/rh-expertise-webinar-utiliser-diversite-linclusion-se-demarquer-tant-quemployeur\/#breadcrumb","itemListElement":[{"@type":"ListItem","position":1,"name":"Accueil","item":"https:\/\/peoplesphere.be\/fr\/"},{"@type":"ListItem","position":2,"name":"RH Expertise Webinar : Utiliser la diversit\u00e9 et l\u2019inclusion pour se d\u00e9marquer en tant qu&#8217;employeur"}]},{"@type":"WebSite","@id":"https:\/\/peoplesphere.be\/fr\/#website","url":"https:\/\/peoplesphere.be\/fr\/","name":"Peoplesphere","description":"The People Managers Magazine","publisher":{"@id":"https:\/\/peoplesphere.be\/fr\/#organization"},"potentialAction":[{"@type":"SearchAction","target":{"@type":"EntryPoint","urlTemplate":"https:\/\/peoplesphere.be\/fr\/?s={search_term_string}"},"query-input":"required name=search_term_string"}],"inLanguage":"fr-FR"},{"@type":"Organization","@id":"https:\/\/peoplesphere.be\/fr\/#organization","name":"Peoplesphere Company srl","url":"https:\/\/peoplesphere.be\/fr\/","logo":{"@type":"ImageObject","inLanguage":"fr-FR","@id":"https:\/\/peoplesphere.be\/fr\/#\/schema\/logo\/image\/","url":"https:\/\/peoplesphere.be\/fr\/wp-content\/uploads\/2023\/07\/peoplesphere-lgo-new-generik.jpg","contentUrl":"https:\/\/peoplesphere.be\/fr\/wp-content\/uploads\/2023\/07\/peoplesphere-lgo-new-generik.jpg","width":1031,"height":1479,"caption":"Peoplesphere Company srl"},"image":{"@id":"https:\/\/peoplesphere.be\/fr\/#\/schema\/logo\/image\/"},"sameAs":["https:\/\/www.facebook.com\/peoplesphere","https:\/\/twitter.com\/PeoplesphereMag","https:\/\/www.linkedin.com\/company\/7587361?trk","http:\/\/youtube.com\/peoplesphere"]},{"@type":"Person","@id":"https:\/\/peoplesphere.be\/fr\/#\/schema\/person\/7976225ff17988604334abb7b3536a7e","name":"Jean-Paul Erhard","image":{"@type":"ImageObject","inLanguage":"fr-FR","@id":"https:\/\/peoplesphere.be\/fr\/#\/schema\/person\/image\/","url":"https:\/\/secure.gravatar.com\/avatar\/f941e681460179738071629a51574930?s=96&d=mm&r=g","contentUrl":"https:\/\/secure.gravatar.com\/avatar\/f941e681460179738071629a51574930?s=96&d=mm&r=g","caption":"Jean-Paul Erhard"},"url":"https:\/\/peoplesphere.be\/fr\/author\/jpe\/"}]}},"_links":{"self":[{"href":"https:\/\/peoplesphere.be\/fr\/wp-json\/wp\/v2\/posts\/10855"}],"collection":[{"href":"https:\/\/peoplesphere.be\/fr\/wp-json\/wp\/v2\/posts"}],"about":[{"href":"https:\/\/peoplesphere.be\/fr\/wp-json\/wp\/v2\/types\/post"}],"author":[{"embeddable":true,"href":"https:\/\/peoplesphere.be\/fr\/wp-json\/wp\/v2\/users\/2"}],"replies":[{"embeddable":true,"href":"https:\/\/peoplesphere.be\/fr\/wp-json\/wp\/v2\/comments?post=10855"}],"version-history":[{"count":5,"href":"https:\/\/peoplesphere.be\/fr\/wp-json\/wp\/v2\/posts\/10855\/revisions"}],"predecessor-version":[{"id":10871,"href":"https:\/\/peoplesphere.be\/fr\/wp-json\/wp\/v2\/posts\/10855\/revisions\/10871"}],"wp:featuredmedia":[{"embeddable":true,"href":"https:\/\/peoplesphere.be\/fr\/wp-json\/wp\/v2\/media\/10856"}],"wp:attachment":[{"href":"https:\/\/peoplesphere.be\/fr\/wp-json\/wp\/v2\/media?parent=10855"}],"wp:term":[{"taxonomy":"category","embeddable":true,"href":"https:\/\/peoplesphere.be\/fr\/wp-json\/wp\/v2\/categories?post=10855"},{"taxonomy":"post_tag","embeddable":true,"href":"https:\/\/peoplesphere.be\/fr\/wp-json\/wp\/v2\/tags?post=10855"}],"curies":[{"name":"wp","href":"https:\/\/api.w.org\/{rel}","templated":true}]}}