









{"id":10895,"date":"2021-03-03T09:00:27","date_gmt":"2021-03-03T07:00:27","guid":{"rendered":"https:\/\/peoplesphere.be\/fr\/?p=10895"},"modified":"2021-03-03T09:00:27","modified_gmt":"2021-03-03T07:00:27","slug":"wallonie-jeunes-trinquent-face-a-marche-de-lemploi-convalescence","status":"publish","type":"post","link":"https:\/\/peoplesphere.be\/fr\/wallonie-jeunes-trinquent-face-a-marche-de-lemploi-convalescence\/","title":{"rendered":"En Wallonie aussi, ce sont les jeunes qui &lsquo;trinquent&rsquo; face \u00e0 un march\u00e9 de l&#8217;emploi en convalescence."},"content":{"rendered":"<p>Fin f\u00e9vrier 2021, la Wallonie d\u00e9nombre 208.953 demandeurs d\u2019emploi inoccup\u00e9s (D.E.I.), ce qui repr\u00e9sente une augmentation de 4,1% par rapport \u00e0 l\u2019ann\u00e9e pass\u00e9e. Deux constats ce mois-ci : d\u2019une part, les jeunes sont actuellement les plus touch\u00e9s avec + 6,1% pour les moins de 25 ans et d\u2019autre part, la dur\u00e9e d\u2019inoccupation s\u2019allonge. <a href=\"https:\/\/peoplesphere.be\/fr\/jeunes-principales-victimes-de-crise-region-de-bruxelles-capitale-taux-de-chomage-depasse-16\/\">Une situation comparable \u00e0 ce que l&rsquo;on observe \u00e0 Bruxelles.<\/a><!--more--><\/p>\n<p>Fin f\u00e9vrier 2021, la Wallonie compte 135.365 demandeurs d\u2019emploi (DE) demandeurs d\u2019allocations (dont 1.582 en Communaut\u00e9 germanophone) et 31.760 jeunes en stage d\u2019insertion professionnelle (dont 175 en Communaut\u00e9 germanophone). Le nombre de demandeurs d\u2019emploi inoccup\u00e9s (DEI) en Wallonie comprend \u00e9galement 30.293 demandeurs d\u2019emploi inscrits obligatoirement et 11.535 demandeurs d\u2019emploi inscrits librement, soit un total de 208.953 DEI \u00e0 fin f\u00e9vrier 2021.<\/p>\n<p>Le taux de la demande d\u2019emploi est de 13,1% de la population active wallonne. Ce dernier \u00e9tait de 12,6% un an auparavant et connait donc une augmentation de +0,5 point de pourcentage.<\/p>\n<p>Parmi ces 208.953 DEI wallons :<br \/>\n&#8211; 54 % sont des hommes ;<br \/>\n&#8211; 19 % sont \u00e2g\u00e9s de moins de 25 ans, 26 % ont 50 ans et plus ;<br \/>\n&#8211; 45 % sont au plus dipl\u00f4m\u00e9s de l\u2019enseignement secondaire du 2\u00e8me degr\u00e9 ;<br \/>\n&#8211; 25 % sont inoccup\u00e9s depuis moins de six mois et 40 % depuis deux ans et plus.<\/p>\n<p>La demande d\u2019emploi compte 2.827 personnes de moins qu\u2019il y a un mois (- 1,3%). Une diminution des effectifs s\u2019observe habituellement entre la fin janvier et la fin f\u00e9vrier. Bien que marqu\u00e9e par les effets de la crise, cette ann\u00e9e ne fait pas exception.<\/p>\n<p><strong><em>8.216 demandeurs d\u2019emploi de plus qu\u2019en f\u00e9vrier 2020<\/em><\/strong><\/p>\n<p>Entre fin f\u00e9vrier 2020 &#8211; juste avant le d\u00e9marrage de la crise actuelle &#8211; et cette fin f\u00e9vrier 2021, le nombre de DEI enregistre une hausse nette de 8.216 personnes (soit +4,1%).<\/p>\n<p>Cette augmentation est la r\u00e9sultante d\u2019\u00e9volutions variables selon le profil socio-d\u00e9mographique des personnes et leur cat\u00e9gorie administrative. A cet \u00e9gard, les \u00e9volutions de f\u00e9vrier 2020 \u00e0 f\u00e9vrier 2021 concernent tant les jeunes en stage d\u2019insertion (+13,6%) que les demandeurs d\u2019allocations (+5,3%).<\/p>\n<p>De m\u00eame, si la demande d\u2019emploi s\u2019oriente \u00e0 la hausse \u00e0 un an d\u2019\u00e9cart parmi toutes les classes d\u2019\u00e2ge, la croissance la plus marqu\u00e9e (+6,1%) concerne les jeunes de moins de 25 ans.<\/p>\n<p>La dur\u00e9e d\u2019inoccupation demeure la variable la plus contrast\u00e9e. Fin f\u00e9vrier 2021, le nombre de personnes inoccup\u00e9es depuis un an \u00e0 moins de deux ans a cr\u00fb de 32,6% \u00e0 un an d\u2019\u00e9cart. Mais la tendance est \u00e0 la baisse pour les plus courtes dur\u00e9es: -13,3% par rapport \u00e0 f\u00e9vrier 2020 pour les personnes inoccup\u00e9es depuis moins de six mois, et -2,9% parmi celles inoccup\u00e9es depuis six mois \u00e0 moins d\u2019un an. Le march\u00e9 de l\u2019emploi \u00e9tant moins dynamique en cette p\u00e9riode de crise sanitaire, ce sont les contrats temporaires et de courtes dur\u00e9es qui sont les plus impact\u00e9s. L\u2019augmentation de la cat\u00e9gorie d\u2019inoccupation d\u2019un an \u00e0 moins de deux ans et la diminution pour les plus courtes dur\u00e9es peut donc s\u2019expliquer par un effet de vases communicants entre cat\u00e9gories.<\/p>\n<p><strong><em>Nombre d\u2019offres d\u2019emploi diffus\u00e9es<\/em><\/strong><\/p>\n<p>En f\u00e9vrier 2021, le Forem a diffus\u00e9 29.903 offres d\u2019emploi (celles \u00e9manant d\u2019autres SPE non comprises). Quatre offres diffus\u00e9es sur dix durant le mois \u00e9coul\u00e9 concernent l\u2019un des cinq secteurs d\u2019activit\u00e9s suivants : la sant\u00e9 et l\u2019action sociale ; la construction ; le commerce de gros et de d\u00e9tail ; l\u2019immobilier, la location et les services aux entreprises ainsi que les transports, l\u2019entreposage et les communications.<\/p>\n<p>En outre, durant le mois \u00e9coul\u00e9, 9.518 offres re\u00e7ues d\u2019un autre SPE ont fait l\u2019objet d\u2019une diffusion via le site du Forem.<\/p>\n","protected":false},"excerpt":{"rendered":"<p>Fin f\u00e9vrier 2021, la Wallonie d\u00e9nombre 208.953 demandeurs d\u2019emploi inoccup\u00e9s (D.E.I.), ce qui repr\u00e9sente une augmentation de 4,1% par rapport \u00e0 l\u2019ann\u00e9e pass\u00e9e. Deux constats ce mois-ci : d\u2019une part, les jeunes sont actuellement les plus touch\u00e9s avec + 6,1% [&hellip;]<\/p>\n","protected":false},"author":2,"featured_media":10896,"comment_status":"closed","ping_status":"open","sticky":false,"template":"","format":"standard","meta":[],"categories":[65,10],"tags":[92,11,331],"yoast_head":"<!-- This site is optimized with the Yoast SEO plugin v21.0 - https:\/\/yoast.com\/wordpress\/plugins\/seo\/ -->\n<title>En Wallonie aussi, ce sont les jeunes qui &#039;trinquent&#039; face \u00e0 un march\u00e9 de l&#039;emploi en convalescence. - Peoplesphere<\/title>\n<meta name=\"robots\" content=\"index, follow, max-snippet:-1, max-image-preview:large, max-video-preview:-1\" \/>\n<link rel=\"canonical\" href=\"https:\/\/peoplesphere.be\/fr\/wallonie-jeunes-trinquent-face-a-marche-de-lemploi-convalescence\/\" \/>\n<meta property=\"og:locale\" content=\"fr_FR\" \/>\n<meta property=\"og:type\" content=\"article\" \/>\n<meta property=\"og:title\" content=\"En Wallonie aussi, ce sont les jeunes qui &#039;trinquent&#039; face \u00e0 un march\u00e9 de l&#039;emploi en convalescence. - Peoplesphere\" \/>\n<meta property=\"og:description\" content=\"Fin f\u00e9vrier 2021, la Wallonie d\u00e9nombre 208.953 demandeurs d\u2019emploi inoccup\u00e9s (D.E.I.), ce qui repr\u00e9sente une augmentation de 4,1% par rapport \u00e0 l\u2019ann\u00e9e pass\u00e9e. Deux constats ce mois-ci : d\u2019une part, les jeunes sont actuellement les plus touch\u00e9s avec + 6,1% [&hellip;]\" \/>\n<meta property=\"og:url\" content=\"https:\/\/peoplesphere.be\/fr\/wallonie-jeunes-trinquent-face-a-marche-de-lemploi-convalescence\/\" \/>\n<meta property=\"og:site_name\" content=\"Peoplesphere\" \/>\n<meta property=\"article:publisher\" content=\"https:\/\/www.facebook.com\/peoplesphere\" \/>\n<meta property=\"article:published_time\" content=\"2021-03-03T07:00:27+00:00\" \/>\n<meta property=\"og:image\" content=\"https:\/\/peoplesphere.be\/fr\/wp-content\/uploads\/2021\/03\/frank-mckenna-QROrwAt_WY8-unsplash.jpg\" \/>\n\t<meta property=\"og:image:width\" content=\"1134\" \/>\n\t<meta property=\"og:image:height\" content=\"755\" \/>\n\t<meta property=\"og:image:type\" content=\"image\/jpeg\" \/>\n<meta name=\"author\" content=\"Jean-Paul Erhard\" \/>\n<meta name=\"twitter:card\" content=\"summary_large_image\" \/>\n<meta name=\"twitter:creator\" content=\"@PeoplesphereMag\" \/>\n<meta name=\"twitter:site\" content=\"@PeoplesphereMag\" \/>\n<meta name=\"twitter:label1\" content=\"\u00c9crit par\" \/>\n\t<meta name=\"twitter:data1\" content=\"Jean-Paul Erhard\" \/>\n\t<meta name=\"twitter:label2\" content=\"Dur\u00e9e de lecture estim\u00e9e\" \/>\n\t<meta name=\"twitter:data2\" content=\"3 minutes\" \/>\n<script type=\"application\/ld+json\" class=\"yoast-schema-graph\">{\"@context\":\"https:\/\/schema.org\",\"@graph\":[{\"@type\":\"Article\",\"@id\":\"https:\/\/peoplesphere.be\/fr\/wallonie-jeunes-trinquent-face-a-marche-de-lemploi-convalescence\/#article\",\"isPartOf\":{\"@id\":\"https:\/\/peoplesphere.be\/fr\/wallonie-jeunes-trinquent-face-a-marche-de-lemploi-convalescence\/\"},\"author\":{\"name\":\"Jean-Paul Erhard\",\"@id\":\"https:\/\/peoplesphere.be\/fr\/#\/schema\/person\/7976225ff17988604334abb7b3536a7e\"},\"headline\":\"En Wallonie aussi, ce sont les jeunes qui &lsquo;trinquent&rsquo; face \u00e0 un march\u00e9 de l&#8217;emploi en convalescence.\",\"datePublished\":\"2021-03-03T07:00:27+00:00\",\"dateModified\":\"2021-03-03T07:00:27+00:00\",\"mainEntityOfPage\":{\"@id\":\"https:\/\/peoplesphere.be\/fr\/wallonie-jeunes-trinquent-face-a-marche-de-lemploi-convalescence\/\"},\"wordCount\":637,\"publisher\":{\"@id\":\"https:\/\/peoplesphere.be\/fr\/#organization\"},\"keywords\":[\"ch\u00f4mage\",\"emploi\",\"forem\"],\"articleSection\":[\"Actualit\u00e9s\",\"Digital\"],\"inLanguage\":\"fr-FR\"},{\"@type\":\"WebPage\",\"@id\":\"https:\/\/peoplesphere.be\/fr\/wallonie-jeunes-trinquent-face-a-marche-de-lemploi-convalescence\/\",\"url\":\"https:\/\/peoplesphere.be\/fr\/wallonie-jeunes-trinquent-face-a-marche-de-lemploi-convalescence\/\",\"name\":\"En Wallonie aussi, ce sont les jeunes qui 'trinquent' face \u00e0 un march\u00e9 de l'emploi en convalescence. - Peoplesphere\",\"isPartOf\":{\"@id\":\"https:\/\/peoplesphere.be\/fr\/#website\"},\"datePublished\":\"2021-03-03T07:00:27+00:00\",\"dateModified\":\"2021-03-03T07:00:27+00:00\",\"breadcrumb\":{\"@id\":\"https:\/\/peoplesphere.be\/fr\/wallonie-jeunes-trinquent-face-a-marche-de-lemploi-convalescence\/#breadcrumb\"},\"inLanguage\":\"fr-FR\",\"potentialAction\":[{\"@type\":\"ReadAction\",\"target\":[\"https:\/\/peoplesphere.be\/fr\/wallonie-jeunes-trinquent-face-a-marche-de-lemploi-convalescence\/\"]}]},{\"@type\":\"BreadcrumbList\",\"@id\":\"https:\/\/peoplesphere.be\/fr\/wallonie-jeunes-trinquent-face-a-marche-de-lemploi-convalescence\/#breadcrumb\",\"itemListElement\":[{\"@type\":\"ListItem\",\"position\":1,\"name\":\"Accueil\",\"item\":\"https:\/\/peoplesphere.be\/fr\/\"},{\"@type\":\"ListItem\",\"position\":2,\"name\":\"En Wallonie aussi, ce sont les jeunes qui &lsquo;trinquent&rsquo; face \u00e0 un march\u00e9 de l&#8217;emploi en convalescence.\"}]},{\"@type\":\"WebSite\",\"@id\":\"https:\/\/peoplesphere.be\/fr\/#website\",\"url\":\"https:\/\/peoplesphere.be\/fr\/\",\"name\":\"Peoplesphere\",\"description\":\"The People Managers Magazine\",\"publisher\":{\"@id\":\"https:\/\/peoplesphere.be\/fr\/#organization\"},\"potentialAction\":[{\"@type\":\"SearchAction\",\"target\":{\"@type\":\"EntryPoint\",\"urlTemplate\":\"https:\/\/peoplesphere.be\/fr\/?s={search_term_string}\"},\"query-input\":\"required name=search_term_string\"}],\"inLanguage\":\"fr-FR\"},{\"@type\":\"Organization\",\"@id\":\"https:\/\/peoplesphere.be\/fr\/#organization\",\"name\":\"Peoplesphere Company srl\",\"url\":\"https:\/\/peoplesphere.be\/fr\/\",\"logo\":{\"@type\":\"ImageObject\",\"inLanguage\":\"fr-FR\",\"@id\":\"https:\/\/peoplesphere.be\/fr\/#\/schema\/logo\/image\/\",\"url\":\"https:\/\/peoplesphere.be\/fr\/wp-content\/uploads\/2023\/07\/peoplesphere-lgo-new-generik.jpg\",\"contentUrl\":\"https:\/\/peoplesphere.be\/fr\/wp-content\/uploads\/2023\/07\/peoplesphere-lgo-new-generik.jpg\",\"width\":1031,\"height\":1479,\"caption\":\"Peoplesphere Company srl\"},\"image\":{\"@id\":\"https:\/\/peoplesphere.be\/fr\/#\/schema\/logo\/image\/\"},\"sameAs\":[\"https:\/\/www.facebook.com\/peoplesphere\",\"https:\/\/twitter.com\/PeoplesphereMag\",\"https:\/\/www.linkedin.com\/company\/7587361?trk\",\"http:\/\/youtube.com\/peoplesphere\"]},{\"@type\":\"Person\",\"@id\":\"https:\/\/peoplesphere.be\/fr\/#\/schema\/person\/7976225ff17988604334abb7b3536a7e\",\"name\":\"Jean-Paul Erhard\",\"image\":{\"@type\":\"ImageObject\",\"inLanguage\":\"fr-FR\",\"@id\":\"https:\/\/peoplesphere.be\/fr\/#\/schema\/person\/image\/\",\"url\":\"https:\/\/secure.gravatar.com\/avatar\/f941e681460179738071629a51574930?s=96&d=mm&r=g\",\"contentUrl\":\"https:\/\/secure.gravatar.com\/avatar\/f941e681460179738071629a51574930?s=96&d=mm&r=g\",\"caption\":\"Jean-Paul Erhard\"},\"url\":\"https:\/\/peoplesphere.be\/fr\/author\/jpe\/\"}]}<\/script>\n<!-- \/ Yoast SEO plugin. -->","yoast_head_json":{"title":"En Wallonie aussi, ce sont les jeunes qui 'trinquent' face \u00e0 un march\u00e9 de l'emploi en convalescence. - Peoplesphere","robots":{"index":"index","follow":"follow","max-snippet":"max-snippet:-1","max-image-preview":"max-image-preview:large","max-video-preview":"max-video-preview:-1"},"canonical":"https:\/\/peoplesphere.be\/fr\/wallonie-jeunes-trinquent-face-a-marche-de-lemploi-convalescence\/","og_locale":"fr_FR","og_type":"article","og_title":"En Wallonie aussi, ce sont les jeunes qui 'trinquent' face \u00e0 un march\u00e9 de l'emploi en convalescence. - Peoplesphere","og_description":"Fin f\u00e9vrier 2021, la Wallonie d\u00e9nombre 208.953 demandeurs d\u2019emploi inoccup\u00e9s (D.E.I.), ce qui repr\u00e9sente une augmentation de 4,1% par rapport \u00e0 l\u2019ann\u00e9e pass\u00e9e. Deux constats ce mois-ci : d\u2019une part, les jeunes sont actuellement les plus touch\u00e9s avec + 6,1% [&hellip;]","og_url":"https:\/\/peoplesphere.be\/fr\/wallonie-jeunes-trinquent-face-a-marche-de-lemploi-convalescence\/","og_site_name":"Peoplesphere","article_publisher":"https:\/\/www.facebook.com\/peoplesphere","article_published_time":"2021-03-03T07:00:27+00:00","og_image":[{"width":1134,"height":755,"url":"https:\/\/peoplesphere.be\/fr\/wp-content\/uploads\/2021\/03\/frank-mckenna-QROrwAt_WY8-unsplash.jpg","type":"image\/jpeg"}],"author":"Jean-Paul Erhard","twitter_card":"summary_large_image","twitter_creator":"@PeoplesphereMag","twitter_site":"@PeoplesphereMag","twitter_misc":{"\u00c9crit par":"Jean-Paul Erhard","Dur\u00e9e de lecture estim\u00e9e":"3 minutes"},"schema":{"@context":"https:\/\/schema.org","@graph":[{"@type":"Article","@id":"https:\/\/peoplesphere.be\/fr\/wallonie-jeunes-trinquent-face-a-marche-de-lemploi-convalescence\/#article","isPartOf":{"@id":"https:\/\/peoplesphere.be\/fr\/wallonie-jeunes-trinquent-face-a-marche-de-lemploi-convalescence\/"},"author":{"name":"Jean-Paul Erhard","@id":"https:\/\/peoplesphere.be\/fr\/#\/schema\/person\/7976225ff17988604334abb7b3536a7e"},"headline":"En Wallonie aussi, ce sont les jeunes qui &lsquo;trinquent&rsquo; face \u00e0 un march\u00e9 de l&#8217;emploi en convalescence.","datePublished":"2021-03-03T07:00:27+00:00","dateModified":"2021-03-03T07:00:27+00:00","mainEntityOfPage":{"@id":"https:\/\/peoplesphere.be\/fr\/wallonie-jeunes-trinquent-face-a-marche-de-lemploi-convalescence\/"},"wordCount":637,"publisher":{"@id":"https:\/\/peoplesphere.be\/fr\/#organization"},"keywords":["ch\u00f4mage","emploi","forem"],"articleSection":["Actualit\u00e9s","Digital"],"inLanguage":"fr-FR"},{"@type":"WebPage","@id":"https:\/\/peoplesphere.be\/fr\/wallonie-jeunes-trinquent-face-a-marche-de-lemploi-convalescence\/","url":"https:\/\/peoplesphere.be\/fr\/wallonie-jeunes-trinquent-face-a-marche-de-lemploi-convalescence\/","name":"En Wallonie aussi, ce sont les jeunes qui 'trinquent' face \u00e0 un march\u00e9 de l'emploi en convalescence. - Peoplesphere","isPartOf":{"@id":"https:\/\/peoplesphere.be\/fr\/#website"},"datePublished":"2021-03-03T07:00:27+00:00","dateModified":"2021-03-03T07:00:27+00:00","breadcrumb":{"@id":"https:\/\/peoplesphere.be\/fr\/wallonie-jeunes-trinquent-face-a-marche-de-lemploi-convalescence\/#breadcrumb"},"inLanguage":"fr-FR","potentialAction":[{"@type":"ReadAction","target":["https:\/\/peoplesphere.be\/fr\/wallonie-jeunes-trinquent-face-a-marche-de-lemploi-convalescence\/"]}]},{"@type":"BreadcrumbList","@id":"https:\/\/peoplesphere.be\/fr\/wallonie-jeunes-trinquent-face-a-marche-de-lemploi-convalescence\/#breadcrumb","itemListElement":[{"@type":"ListItem","position":1,"name":"Accueil","item":"https:\/\/peoplesphere.be\/fr\/"},{"@type":"ListItem","position":2,"name":"En Wallonie aussi, ce sont les jeunes qui &lsquo;trinquent&rsquo; face \u00e0 un march\u00e9 de l&#8217;emploi en convalescence."}]},{"@type":"WebSite","@id":"https:\/\/peoplesphere.be\/fr\/#website","url":"https:\/\/peoplesphere.be\/fr\/","name":"Peoplesphere","description":"The People Managers Magazine","publisher":{"@id":"https:\/\/peoplesphere.be\/fr\/#organization"},"potentialAction":[{"@type":"SearchAction","target":{"@type":"EntryPoint","urlTemplate":"https:\/\/peoplesphere.be\/fr\/?s={search_term_string}"},"query-input":"required name=search_term_string"}],"inLanguage":"fr-FR"},{"@type":"Organization","@id":"https:\/\/peoplesphere.be\/fr\/#organization","name":"Peoplesphere Company srl","url":"https:\/\/peoplesphere.be\/fr\/","logo":{"@type":"ImageObject","inLanguage":"fr-FR","@id":"https:\/\/peoplesphere.be\/fr\/#\/schema\/logo\/image\/","url":"https:\/\/peoplesphere.be\/fr\/wp-content\/uploads\/2023\/07\/peoplesphere-lgo-new-generik.jpg","contentUrl":"https:\/\/peoplesphere.be\/fr\/wp-content\/uploads\/2023\/07\/peoplesphere-lgo-new-generik.jpg","width":1031,"height":1479,"caption":"Peoplesphere Company srl"},"image":{"@id":"https:\/\/peoplesphere.be\/fr\/#\/schema\/logo\/image\/"},"sameAs":["https:\/\/www.facebook.com\/peoplesphere","https:\/\/twitter.com\/PeoplesphereMag","https:\/\/www.linkedin.com\/company\/7587361?trk","http:\/\/youtube.com\/peoplesphere"]},{"@type":"Person","@id":"https:\/\/peoplesphere.be\/fr\/#\/schema\/person\/7976225ff17988604334abb7b3536a7e","name":"Jean-Paul Erhard","image":{"@type":"ImageObject","inLanguage":"fr-FR","@id":"https:\/\/peoplesphere.be\/fr\/#\/schema\/person\/image\/","url":"https:\/\/secure.gravatar.com\/avatar\/f941e681460179738071629a51574930?s=96&d=mm&r=g","contentUrl":"https:\/\/secure.gravatar.com\/avatar\/f941e681460179738071629a51574930?s=96&d=mm&r=g","caption":"Jean-Paul Erhard"},"url":"https:\/\/peoplesphere.be\/fr\/author\/jpe\/"}]}},"_links":{"self":[{"href":"https:\/\/peoplesphere.be\/fr\/wp-json\/wp\/v2\/posts\/10895"}],"collection":[{"href":"https:\/\/peoplesphere.be\/fr\/wp-json\/wp\/v2\/posts"}],"about":[{"href":"https:\/\/peoplesphere.be\/fr\/wp-json\/wp\/v2\/types\/post"}],"author":[{"embeddable":true,"href":"https:\/\/peoplesphere.be\/fr\/wp-json\/wp\/v2\/users\/2"}],"replies":[{"embeddable":true,"href":"https:\/\/peoplesphere.be\/fr\/wp-json\/wp\/v2\/comments?post=10895"}],"version-history":[{"count":1,"href":"https:\/\/peoplesphere.be\/fr\/wp-json\/wp\/v2\/posts\/10895\/revisions"}],"predecessor-version":[{"id":10897,"href":"https:\/\/peoplesphere.be\/fr\/wp-json\/wp\/v2\/posts\/10895\/revisions\/10897"}],"wp:featuredmedia":[{"embeddable":true,"href":"https:\/\/peoplesphere.be\/fr\/wp-json\/wp\/v2\/media\/10896"}],"wp:attachment":[{"href":"https:\/\/peoplesphere.be\/fr\/wp-json\/wp\/v2\/media?parent=10895"}],"wp:term":[{"taxonomy":"category","embeddable":true,"href":"https:\/\/peoplesphere.be\/fr\/wp-json\/wp\/v2\/categories?post=10895"},{"taxonomy":"post_tag","embeddable":true,"href":"https:\/\/peoplesphere.be\/fr\/wp-json\/wp\/v2\/tags?post=10895"}],"curies":[{"name":"wp","href":"https:\/\/api.w.org\/{rel}","templated":true}]}}