









{"id":10901,"date":"2021-03-03T15:26:35","date_gmt":"2021-03-03T13:26:35","guid":{"rendered":"https:\/\/peoplesphere.be\/fr\/?p=10901"},"modified":"2021-03-03T15:26:35","modified_gmt":"2021-03-03T13:26:35","slug":"indemnite-forfaitaire-de-teletravail-nouveaux-montants-acceptes-fisc-1er-mars","status":"publish","type":"post","link":"https:\/\/peoplesphere.be\/fr\/indemnite-forfaitaire-de-teletravail-nouveaux-montants-acceptes-fisc-1er-mars\/","title":{"rendered":"Indemnit\u00e9 forfaitaire de t\u00e9l\u00e9travail : les nouveaux montants accept\u00e9s par le fisc depuis le 1er mars."},"content":{"rendered":"<p>Une circulaire pr\u00e9cise depuis le 1er mars les r\u00e8gles en mati\u00e8re d\u2019indemnit\u00e9 forfaitaire de t\u00e9l\u00e9travail, d\u2019achat ou de mise \u00e0 disposition de meubles, rapporte L\u2019Echo mercredi. Cette circulaire fixe les r\u00e8gles d\u2019octroi d\u2019indemnit\u00e9s pour les frais qui peuvent \u00eatre accord\u00e9es aux salari\u00e9s en franchise d\u2019imp\u00f4t, \u00e0 partir du 1er mars.<!--more--><\/p>\n<p>L\u2019employeur peut accorder aux salari\u00e9s qui travaillent \u00e0 domicile sur une base structurelle et r\u00e9guli\u00e8re (soit au moins cinq jours ouvrables par mois) une indemnit\u00e9 mensuelle de frais de bureau non imposable qui peut atteindre 129,48 euros.<\/p>\n<p>Au 2e trimestre 2021, le montant de l\u2019indemnit\u00e9 sera temporairement port\u00e9 \u00e0 144,31 euros pour les salari\u00e9s (m\u00eame s\u2019ils sont \u00e0 temps partiel) et les chefs d\u2019entreprise, afin de mieux refl\u00e9ter les co\u00fbts r\u00e9els encourus.<\/p>\n<p>La circulaire pr\u00e9cise que l\u2019achat d\u2019une chaise de bureau ergonomique, d\u2019une lampe de bureau ou d\u2019un deuxi\u00e8me \u00e9cran, par exemple, peut faire l\u2019objet d\u2019un remboursement distinct, \u00e0 condition que l\u2019employ\u00e9 b\u00e9n\u00e9ficie de tels \u00e9quipements lorsqu\u2019il travaille dans les locaux de l\u2019entreprise.<\/p>\n<p>L\u2019employeur peut \u00e9galement mettre du mobilier de bureau \u00e0 disposition. Dans ce cas, il ne s\u2019agit pas d\u2019un avantage imposable.<\/p>\n<p>Enfin, outre ces remboursements, l\u2019employeur peut octroyer une allocation de 20 euros par mois pour l\u2019utilisation du PC et de la connexion internet du salari\u00e9, et 5 euros pour des accessoires (imprimante), pour un maximum de 10 euros au total. Ces montants peuvent \u00eatre combin\u00e9s avec l\u2019indemnit\u00e9 forfaitaire.<\/p>\n<p><em>Source: Belga &#8211; RTBF<\/em><\/p>\n","protected":false},"excerpt":{"rendered":"<p>Une circulaire pr\u00e9cise depuis le 1er mars les r\u00e8gles en mati\u00e8re d\u2019indemnit\u00e9 forfaitaire de t\u00e9l\u00e9travail, d\u2019achat ou de mise \u00e0 disposition de meubles, rapporte L\u2019Echo mercredi. Cette circulaire fixe les r\u00e8gles d\u2019octroi d\u2019indemnit\u00e9s pour les frais qui peuvent \u00eatre accord\u00e9es [&hellip;]<\/p>\n","protected":false},"author":2,"featured_media":0,"comment_status":"closed","ping_status":"open","sticky":false,"template":"","format":"standard","meta":[],"categories":[65,10],"tags":[98,705,219],"yoast_head":"<!-- This site is optimized with the Yoast SEO plugin v21.0 - https:\/\/yoast.com\/wordpress\/plugins\/seo\/ -->\n<title>Indemnit\u00e9 forfaitaire de t\u00e9l\u00e9travail : les nouveaux montants accept\u00e9s par le fisc depuis le 1er mars. - Peoplesphere<\/title>\n<meta name=\"robots\" content=\"index, follow, max-snippet:-1, max-image-preview:large, max-video-preview:-1\" \/>\n<link rel=\"canonical\" href=\"https:\/\/peoplesphere.be\/fr\/indemnite-forfaitaire-de-teletravail-nouveaux-montants-acceptes-fisc-1er-mars\/\" \/>\n<meta property=\"og:locale\" content=\"fr_FR\" \/>\n<meta property=\"og:type\" content=\"article\" \/>\n<meta property=\"og:title\" content=\"Indemnit\u00e9 forfaitaire de t\u00e9l\u00e9travail : les nouveaux montants accept\u00e9s par le fisc depuis le 1er mars. - Peoplesphere\" \/>\n<meta property=\"og:description\" content=\"Une circulaire pr\u00e9cise depuis le 1er mars les r\u00e8gles en mati\u00e8re d\u2019indemnit\u00e9 forfaitaire de t\u00e9l\u00e9travail, d\u2019achat ou de mise \u00e0 disposition de meubles, rapporte L\u2019Echo mercredi. Cette circulaire fixe les r\u00e8gles d\u2019octroi d\u2019indemnit\u00e9s pour les frais qui peuvent \u00eatre accord\u00e9es [&hellip;]\" \/>\n<meta property=\"og:url\" content=\"https:\/\/peoplesphere.be\/fr\/indemnite-forfaitaire-de-teletravail-nouveaux-montants-acceptes-fisc-1er-mars\/\" \/>\n<meta property=\"og:site_name\" content=\"Peoplesphere\" \/>\n<meta property=\"article:publisher\" content=\"https:\/\/www.facebook.com\/peoplesphere\" \/>\n<meta property=\"article:published_time\" content=\"2021-03-03T13:26:35+00:00\" \/>\n<meta property=\"og:image\" content=\"http:\/\/www.peoplesphere.be\/fr\/wp-content\/uploads\/2016\/07\/facebook-default-posting-1200x628px.jpg\" \/>\n<meta name=\"author\" content=\"Jean-Paul Erhard\" \/>\n<meta name=\"twitter:card\" content=\"summary_large_image\" \/>\n<meta name=\"twitter:creator\" content=\"@PeoplesphereMag\" \/>\n<meta name=\"twitter:site\" content=\"@PeoplesphereMag\" \/>\n<meta name=\"twitter:label1\" content=\"\u00c9crit par\" \/>\n\t<meta name=\"twitter:data1\" content=\"Jean-Paul Erhard\" \/>\n\t<meta name=\"twitter:label2\" content=\"Dur\u00e9e de lecture estim\u00e9e\" \/>\n\t<meta name=\"twitter:data2\" content=\"1 minute\" \/>\n<script type=\"application\/ld+json\" class=\"yoast-schema-graph\">{\"@context\":\"https:\/\/schema.org\",\"@graph\":[{\"@type\":\"Article\",\"@id\":\"https:\/\/peoplesphere.be\/fr\/indemnite-forfaitaire-de-teletravail-nouveaux-montants-acceptes-fisc-1er-mars\/#article\",\"isPartOf\":{\"@id\":\"https:\/\/peoplesphere.be\/fr\/indemnite-forfaitaire-de-teletravail-nouveaux-montants-acceptes-fisc-1er-mars\/\"},\"author\":{\"name\":\"Jean-Paul Erhard\",\"@id\":\"https:\/\/peoplesphere.be\/fr\/#\/schema\/person\/7976225ff17988604334abb7b3536a7e\"},\"headline\":\"Indemnit\u00e9 forfaitaire de t\u00e9l\u00e9travail : les nouveaux montants accept\u00e9s par le fisc depuis le 1er mars.\",\"datePublished\":\"2021-03-03T13:26:35+00:00\",\"dateModified\":\"2021-03-03T13:26:35+00:00\",\"mainEntityOfPage\":{\"@id\":\"https:\/\/peoplesphere.be\/fr\/indemnite-forfaitaire-de-teletravail-nouveaux-montants-acceptes-fisc-1er-mars\/\"},\"wordCount\":288,\"publisher\":{\"@id\":\"https:\/\/peoplesphere.be\/fr\/#organization\"},\"keywords\":[\"fiscalit\u00e9\",\"indemnit\u00e9\",\"t\u00e9l\u00e9travail\"],\"articleSection\":[\"Actualit\u00e9s\",\"Digital\"],\"inLanguage\":\"fr-FR\"},{\"@type\":\"WebPage\",\"@id\":\"https:\/\/peoplesphere.be\/fr\/indemnite-forfaitaire-de-teletravail-nouveaux-montants-acceptes-fisc-1er-mars\/\",\"url\":\"https:\/\/peoplesphere.be\/fr\/indemnite-forfaitaire-de-teletravail-nouveaux-montants-acceptes-fisc-1er-mars\/\",\"name\":\"Indemnit\u00e9 forfaitaire de t\u00e9l\u00e9travail : les nouveaux montants accept\u00e9s par le fisc depuis le 1er mars. - Peoplesphere\",\"isPartOf\":{\"@id\":\"https:\/\/peoplesphere.be\/fr\/#website\"},\"datePublished\":\"2021-03-03T13:26:35+00:00\",\"dateModified\":\"2021-03-03T13:26:35+00:00\",\"breadcrumb\":{\"@id\":\"https:\/\/peoplesphere.be\/fr\/indemnite-forfaitaire-de-teletravail-nouveaux-montants-acceptes-fisc-1er-mars\/#breadcrumb\"},\"inLanguage\":\"fr-FR\",\"potentialAction\":[{\"@type\":\"ReadAction\",\"target\":[\"https:\/\/peoplesphere.be\/fr\/indemnite-forfaitaire-de-teletravail-nouveaux-montants-acceptes-fisc-1er-mars\/\"]}]},{\"@type\":\"BreadcrumbList\",\"@id\":\"https:\/\/peoplesphere.be\/fr\/indemnite-forfaitaire-de-teletravail-nouveaux-montants-acceptes-fisc-1er-mars\/#breadcrumb\",\"itemListElement\":[{\"@type\":\"ListItem\",\"position\":1,\"name\":\"Accueil\",\"item\":\"https:\/\/peoplesphere.be\/fr\/\"},{\"@type\":\"ListItem\",\"position\":2,\"name\":\"Indemnit\u00e9 forfaitaire de t\u00e9l\u00e9travail : les nouveaux montants accept\u00e9s par le fisc depuis le 1er mars.\"}]},{\"@type\":\"WebSite\",\"@id\":\"https:\/\/peoplesphere.be\/fr\/#website\",\"url\":\"https:\/\/peoplesphere.be\/fr\/\",\"name\":\"Peoplesphere\",\"description\":\"The People Managers Magazine\",\"publisher\":{\"@id\":\"https:\/\/peoplesphere.be\/fr\/#organization\"},\"potentialAction\":[{\"@type\":\"SearchAction\",\"target\":{\"@type\":\"EntryPoint\",\"urlTemplate\":\"https:\/\/peoplesphere.be\/fr\/?s={search_term_string}\"},\"query-input\":\"required name=search_term_string\"}],\"inLanguage\":\"fr-FR\"},{\"@type\":\"Organization\",\"@id\":\"https:\/\/peoplesphere.be\/fr\/#organization\",\"name\":\"Peoplesphere Company srl\",\"url\":\"https:\/\/peoplesphere.be\/fr\/\",\"logo\":{\"@type\":\"ImageObject\",\"inLanguage\":\"fr-FR\",\"@id\":\"https:\/\/peoplesphere.be\/fr\/#\/schema\/logo\/image\/\",\"url\":\"https:\/\/peoplesphere.be\/fr\/wp-content\/uploads\/2023\/07\/peoplesphere-lgo-new-generik.jpg\",\"contentUrl\":\"https:\/\/peoplesphere.be\/fr\/wp-content\/uploads\/2023\/07\/peoplesphere-lgo-new-generik.jpg\",\"width\":1031,\"height\":1479,\"caption\":\"Peoplesphere Company srl\"},\"image\":{\"@id\":\"https:\/\/peoplesphere.be\/fr\/#\/schema\/logo\/image\/\"},\"sameAs\":[\"https:\/\/www.facebook.com\/peoplesphere\",\"https:\/\/twitter.com\/PeoplesphereMag\",\"https:\/\/www.linkedin.com\/company\/7587361?trk\",\"http:\/\/youtube.com\/peoplesphere\"]},{\"@type\":\"Person\",\"@id\":\"https:\/\/peoplesphere.be\/fr\/#\/schema\/person\/7976225ff17988604334abb7b3536a7e\",\"name\":\"Jean-Paul Erhard\",\"image\":{\"@type\":\"ImageObject\",\"inLanguage\":\"fr-FR\",\"@id\":\"https:\/\/peoplesphere.be\/fr\/#\/schema\/person\/image\/\",\"url\":\"https:\/\/secure.gravatar.com\/avatar\/f941e681460179738071629a51574930?s=96&d=mm&r=g\",\"contentUrl\":\"https:\/\/secure.gravatar.com\/avatar\/f941e681460179738071629a51574930?s=96&d=mm&r=g\",\"caption\":\"Jean-Paul Erhard\"},\"url\":\"https:\/\/peoplesphere.be\/fr\/author\/jpe\/\"}]}<\/script>\n<!-- \/ Yoast SEO plugin. -->","yoast_head_json":{"title":"Indemnit\u00e9 forfaitaire de t\u00e9l\u00e9travail : les nouveaux montants accept\u00e9s par le fisc depuis le 1er mars. - Peoplesphere","robots":{"index":"index","follow":"follow","max-snippet":"max-snippet:-1","max-image-preview":"max-image-preview:large","max-video-preview":"max-video-preview:-1"},"canonical":"https:\/\/peoplesphere.be\/fr\/indemnite-forfaitaire-de-teletravail-nouveaux-montants-acceptes-fisc-1er-mars\/","og_locale":"fr_FR","og_type":"article","og_title":"Indemnit\u00e9 forfaitaire de t\u00e9l\u00e9travail : les nouveaux montants accept\u00e9s par le fisc depuis le 1er mars. - Peoplesphere","og_description":"Une circulaire pr\u00e9cise depuis le 1er mars les r\u00e8gles en mati\u00e8re d\u2019indemnit\u00e9 forfaitaire de t\u00e9l\u00e9travail, d\u2019achat ou de mise \u00e0 disposition de meubles, rapporte L\u2019Echo mercredi. Cette circulaire fixe les r\u00e8gles d\u2019octroi d\u2019indemnit\u00e9s pour les frais qui peuvent \u00eatre accord\u00e9es [&hellip;]","og_url":"https:\/\/peoplesphere.be\/fr\/indemnite-forfaitaire-de-teletravail-nouveaux-montants-acceptes-fisc-1er-mars\/","og_site_name":"Peoplesphere","article_publisher":"https:\/\/www.facebook.com\/peoplesphere","article_published_time":"2021-03-03T13:26:35+00:00","og_image":[{"url":"http:\/\/www.peoplesphere.be\/fr\/wp-content\/uploads\/2016\/07\/facebook-default-posting-1200x628px.jpg"}],"author":"Jean-Paul Erhard","twitter_card":"summary_large_image","twitter_creator":"@PeoplesphereMag","twitter_site":"@PeoplesphereMag","twitter_misc":{"\u00c9crit par":"Jean-Paul Erhard","Dur\u00e9e de lecture estim\u00e9e":"1 minute"},"schema":{"@context":"https:\/\/schema.org","@graph":[{"@type":"Article","@id":"https:\/\/peoplesphere.be\/fr\/indemnite-forfaitaire-de-teletravail-nouveaux-montants-acceptes-fisc-1er-mars\/#article","isPartOf":{"@id":"https:\/\/peoplesphere.be\/fr\/indemnite-forfaitaire-de-teletravail-nouveaux-montants-acceptes-fisc-1er-mars\/"},"author":{"name":"Jean-Paul Erhard","@id":"https:\/\/peoplesphere.be\/fr\/#\/schema\/person\/7976225ff17988604334abb7b3536a7e"},"headline":"Indemnit\u00e9 forfaitaire de t\u00e9l\u00e9travail : les nouveaux montants accept\u00e9s par le fisc depuis le 1er mars.","datePublished":"2021-03-03T13:26:35+00:00","dateModified":"2021-03-03T13:26:35+00:00","mainEntityOfPage":{"@id":"https:\/\/peoplesphere.be\/fr\/indemnite-forfaitaire-de-teletravail-nouveaux-montants-acceptes-fisc-1er-mars\/"},"wordCount":288,"publisher":{"@id":"https:\/\/peoplesphere.be\/fr\/#organization"},"keywords":["fiscalit\u00e9","indemnit\u00e9","t\u00e9l\u00e9travail"],"articleSection":["Actualit\u00e9s","Digital"],"inLanguage":"fr-FR"},{"@type":"WebPage","@id":"https:\/\/peoplesphere.be\/fr\/indemnite-forfaitaire-de-teletravail-nouveaux-montants-acceptes-fisc-1er-mars\/","url":"https:\/\/peoplesphere.be\/fr\/indemnite-forfaitaire-de-teletravail-nouveaux-montants-acceptes-fisc-1er-mars\/","name":"Indemnit\u00e9 forfaitaire de t\u00e9l\u00e9travail : les nouveaux montants accept\u00e9s par le fisc depuis le 1er mars. - Peoplesphere","isPartOf":{"@id":"https:\/\/peoplesphere.be\/fr\/#website"},"datePublished":"2021-03-03T13:26:35+00:00","dateModified":"2021-03-03T13:26:35+00:00","breadcrumb":{"@id":"https:\/\/peoplesphere.be\/fr\/indemnite-forfaitaire-de-teletravail-nouveaux-montants-acceptes-fisc-1er-mars\/#breadcrumb"},"inLanguage":"fr-FR","potentialAction":[{"@type":"ReadAction","target":["https:\/\/peoplesphere.be\/fr\/indemnite-forfaitaire-de-teletravail-nouveaux-montants-acceptes-fisc-1er-mars\/"]}]},{"@type":"BreadcrumbList","@id":"https:\/\/peoplesphere.be\/fr\/indemnite-forfaitaire-de-teletravail-nouveaux-montants-acceptes-fisc-1er-mars\/#breadcrumb","itemListElement":[{"@type":"ListItem","position":1,"name":"Accueil","item":"https:\/\/peoplesphere.be\/fr\/"},{"@type":"ListItem","position":2,"name":"Indemnit\u00e9 forfaitaire de t\u00e9l\u00e9travail : les nouveaux montants accept\u00e9s par le fisc depuis le 1er mars."}]},{"@type":"WebSite","@id":"https:\/\/peoplesphere.be\/fr\/#website","url":"https:\/\/peoplesphere.be\/fr\/","name":"Peoplesphere","description":"The People Managers Magazine","publisher":{"@id":"https:\/\/peoplesphere.be\/fr\/#organization"},"potentialAction":[{"@type":"SearchAction","target":{"@type":"EntryPoint","urlTemplate":"https:\/\/peoplesphere.be\/fr\/?s={search_term_string}"},"query-input":"required name=search_term_string"}],"inLanguage":"fr-FR"},{"@type":"Organization","@id":"https:\/\/peoplesphere.be\/fr\/#organization","name":"Peoplesphere Company srl","url":"https:\/\/peoplesphere.be\/fr\/","logo":{"@type":"ImageObject","inLanguage":"fr-FR","@id":"https:\/\/peoplesphere.be\/fr\/#\/schema\/logo\/image\/","url":"https:\/\/peoplesphere.be\/fr\/wp-content\/uploads\/2023\/07\/peoplesphere-lgo-new-generik.jpg","contentUrl":"https:\/\/peoplesphere.be\/fr\/wp-content\/uploads\/2023\/07\/peoplesphere-lgo-new-generik.jpg","width":1031,"height":1479,"caption":"Peoplesphere Company srl"},"image":{"@id":"https:\/\/peoplesphere.be\/fr\/#\/schema\/logo\/image\/"},"sameAs":["https:\/\/www.facebook.com\/peoplesphere","https:\/\/twitter.com\/PeoplesphereMag","https:\/\/www.linkedin.com\/company\/7587361?trk","http:\/\/youtube.com\/peoplesphere"]},{"@type":"Person","@id":"https:\/\/peoplesphere.be\/fr\/#\/schema\/person\/7976225ff17988604334abb7b3536a7e","name":"Jean-Paul Erhard","image":{"@type":"ImageObject","inLanguage":"fr-FR","@id":"https:\/\/peoplesphere.be\/fr\/#\/schema\/person\/image\/","url":"https:\/\/secure.gravatar.com\/avatar\/f941e681460179738071629a51574930?s=96&d=mm&r=g","contentUrl":"https:\/\/secure.gravatar.com\/avatar\/f941e681460179738071629a51574930?s=96&d=mm&r=g","caption":"Jean-Paul Erhard"},"url":"https:\/\/peoplesphere.be\/fr\/author\/jpe\/"}]}},"_links":{"self":[{"href":"https:\/\/peoplesphere.be\/fr\/wp-json\/wp\/v2\/posts\/10901"}],"collection":[{"href":"https:\/\/peoplesphere.be\/fr\/wp-json\/wp\/v2\/posts"}],"about":[{"href":"https:\/\/peoplesphere.be\/fr\/wp-json\/wp\/v2\/types\/post"}],"author":[{"embeddable":true,"href":"https:\/\/peoplesphere.be\/fr\/wp-json\/wp\/v2\/users\/2"}],"replies":[{"embeddable":true,"href":"https:\/\/peoplesphere.be\/fr\/wp-json\/wp\/v2\/comments?post=10901"}],"version-history":[{"count":1,"href":"https:\/\/peoplesphere.be\/fr\/wp-json\/wp\/v2\/posts\/10901\/revisions"}],"predecessor-version":[{"id":10902,"href":"https:\/\/peoplesphere.be\/fr\/wp-json\/wp\/v2\/posts\/10901\/revisions\/10902"}],"wp:attachment":[{"href":"https:\/\/peoplesphere.be\/fr\/wp-json\/wp\/v2\/media?parent=10901"}],"wp:term":[{"taxonomy":"category","embeddable":true,"href":"https:\/\/peoplesphere.be\/fr\/wp-json\/wp\/v2\/categories?post=10901"},{"taxonomy":"post_tag","embeddable":true,"href":"https:\/\/peoplesphere.be\/fr\/wp-json\/wp\/v2\/tags?post=10901"}],"curies":[{"name":"wp","href":"https:\/\/api.w.org\/{rel}","templated":true}]}}