









{"id":10914,"date":"2021-03-05T10:17:54","date_gmt":"2021-03-05T08:17:54","guid":{"rendered":"https:\/\/peoplesphere.be\/fr\/?p=10914"},"modified":"2021-03-05T10:17:54","modified_gmt":"2021-03-05T08:17:54","slug":"teletravail-impact-reconnaissance-feedback-valoriser-travail-collaborateurs-plus-important-jamais","status":"publish","type":"post","link":"https:\/\/peoplesphere.be\/fr\/teletravail-impact-reconnaissance-feedback-valoriser-travail-collaborateurs-plus-important-jamais\/","title":{"rendered":"Le t\u00e9l\u00e9travail et son impact sur la reconnaissance et le feedback: valoriser le travail des collaborateurs est plus important que jamais."},"content":{"rendered":"<p>\u201cVoir son travail valoris\u00e9 n&rsquo;a jamais \u00e9t\u00e9 aussi important qu&rsquo;en cette p\u00e9riode de pand\u00e9mie\u201d&#8230;\u00a0Plus qu\u2019un quart des employ\u00e9s (27,9%) re\u00e7oit moins de compliments quant \u00e0 ses performances professionnelles qu&rsquo;avant la crise du coronavirus. Pr\u00e8s de 3 employ\u00e9s sur 10 (28,7%) se sentent aussi moins valoris\u00e9s dans le cadre de leur boulot. Pourtant, cette valorisation rev\u00eat encore plus d&rsquo;importance en ces p\u00e9riodes de t\u00e9l\u00e9travail: elle motive davantage et rend plus productif. C&rsquo;est ce qui ressort d&rsquo;une enqu\u00eate r\u00e9alis\u00e9e par Protime, le sp\u00e9cialiste de la gestion du temps et du personnel, dans le cadre de l&rsquo;Employee Appreciation Day, qui a lieu ce vendredi.<!--more--><\/p>\n<p>Nous aimons tous recevoir des compliments pour nos performances professionnelles. Mais pour de nombreux employ\u00e9s, il est moins probable que cela arrive durant cette p\u00e9riode de pand\u00e9mie et de t\u00e9l\u00e9travail. Ainsi, 27,9% des employ\u00e9s indiquent qu&rsquo;ils re\u00e7oivent moins de compliments pour la qualit\u00e9 de leur travail qu&rsquo;avant le d\u00e9but de la crise. Plus de six personnes interrog\u00e9es sur dix (62,9%) indiquent en recevoir \u00e0 peu pr\u00e8s autant tandis que 9,2% des t\u00e9l\u00e9travailleurs disent \u00eatre plus souvent compliment\u00e9s quant \u00e0 leurs performances qu&rsquo;avant la crise.<\/p>\n<p>Toutes les semaines, pr\u00e8s d&rsquo;un tiers des t\u00e9l\u00e9travailleurs (37,3%) re\u00e7oivent une ou plusieurs remarques positives quant \u00e0 leur travail. Sur l&rsquo;ensemble des r\u00e9pondants, les trois-quarts (76,6%) se voient compliment\u00e9s au moins une fois par mois. Pour le dernier quart des t\u00e9l\u00e9travailleurs (23,4%), cette situation tient de l&rsquo;imaginaire: ils ne profitent jamais d&rsquo;un quelconque commentaire valorisant. De fa\u00e7on g\u00e9n\u00e9rale, les personnes interrog\u00e9es pr\u00e9f\u00e8rent recevoir encouragements ou f\u00e9licitations d&rsquo;un sup\u00e9rieur hi\u00e9rarchique (47,4%), d&rsquo;un coll\u00e8gue (28,6%) ou de clients (17,5%). Pour 6,5% des r\u00e9pondants, de telles appr\u00e9ciations positives quant au travail effectu\u00e9 n&rsquo;ont pas lieu d&rsquo;\u00eatre.<\/p>\n<p><em>\u00ab\u00a0Teams, Zoom et d&rsquo;autres technologies peuvent quelque peu compenser l&rsquo;absence de contacts informels au bureau, mais pas les remplacer. C&rsquo;est souvent \u00e0 ces moments-l\u00e0, autour de la machine \u00e0 caf\u00e9 ou pendant la pause de midi, que les gens mentionnent ce qui s&rsquo;est bien pass\u00e9. L&rsquo;absence de ces retours d&rsquo;information constructifs de la part de coll\u00e8gues et de sup\u00e9rieurs peut susciter le sentiment d&rsquo;\u00eatre moins appr\u00e9ci\u00e9 au travail, ce qui peut entra\u00eener une augmentation du stress et des plaintes pour &lsquo;burn-out&rsquo; professionnel\u00a0\u00bb<\/em>, d\u00e9clare Lode Godderis, professeur de m\u00e9decine du travail \u00e0 la KU Leuven. <em>\u00ab\u00a0Le fait que nous nous sentions moins appr\u00e9ci\u00e9s est \u00e9galement li\u00e9 \u00e0 un cadre de r\u00e9f\u00e9rence nettement plus flou, \u2018Est-ce que je travaille bien, est-ce que je fais correctement ce que l&rsquo;on attend de moi?\u2019.\u00a0\u00bb<\/em><\/p>\n<p>On n&rsquo;est donc pas surpris que pr\u00e8s de deux r\u00e9pondants sur trois (64,1%) aient soulign\u00e9 que les contacts informels avec leurs coll\u00e8gues leur manquaient. 45,6% des personnes interrog\u00e9es consid\u00e8rent m\u00eame que les liens avec leurs coll\u00e8gues sont moins forts qu&rsquo;avant le d\u00e9but de la crise sanitaire. Exactement le m\u00eame nombre de r\u00e9pondants (45,6%) indiquent que rien n\u2019a chang\u00e9 tandis que 8,8% indiquent avoir observ\u00e9 un renforcement des liens avec leurs coll\u00e8gues au cours des 12 derniers mois.<\/p>\n<p><strong><em>Augmenter la motivation et la productivit\u00e9<\/em><\/strong><\/p>\n<p><a href=\"https:\/\/peoplesphere.be\/fr\/progres-a-faire-matiere-de-reconnaissance-pres-dun-travailleur-trois-nest-jamais-complimente-travail\/\">L&rsquo;impact d&rsquo;une appr\u00e9ciation positive sur les performances professionnelles ne doit pas \u00eatre sous-estim\u00e9.<\/a> L&rsquo;enqu\u00eate montre qu\u2019un peu plus de six r\u00e9pondants sur dix (60,3%) se sentent appr\u00e9ci\u00e9s au travail. En revanche, pr\u00e8s d\u2019un tiers (33%) ne ressent pas cette appr\u00e9ciation. Les 6,7% restants ne peuvent pas r\u00e9pondre \u00e0 cette question.<\/p>\n<p>Sophie Henrion, porte-parole de Protime: <em>\u00ab\u00a0Cette appr\u00e9ciation pourrait \u00eatre franchement am\u00e9lior\u00e9e. En cette p\u00e9riode o\u00f9 le t\u00e9l\u00e9travail pr\u00e9domine, il est clair que les employ\u00e9s veulent \u00eatre coach\u00e9s de fa\u00e7on continue et il est important et plus efficace de souligner quotidiennement ce qui va bien. Ce devrait \u00eatre ancr\u00e9 dans la culture de chaque entreprise. L&rsquo;enqu\u00eate montre une corr\u00e9lation directe entre l&rsquo;appr\u00e9ciation et la motivation. En outre, cette approche aide les entreprises \u00e0 conserver leurs talents.\u00a0\u00bb<\/em><\/p>\n<p>Plus de deux r\u00e9pondants sur trois (68,8%) indiquent que les personnes qui sont appr\u00e9ci\u00e9es sont de facto plus motiv\u00e9es. En outre, le fait de se sentir valoris\u00e9 pour ses performances professionnelles stimule l&rsquo;implication dans le travail: selon 61,3% des r\u00e9pondants, cela les rend plus productifs.<\/p>\n<p>&nbsp;<\/p>\n<p><em>Source &amp; M\u00e9thodologie: l\u2019enqu\u00eate en ligne a \u00e9t\u00e9 r\u00e9alis\u00e9e entre le 17 f\u00e9vrier et le 1 mars 2021 par l\u2019agence iVOX pour le compte de Protime. 1.000 travailleurs belges francophones qui, depuis le d\u00e9but de la pand\u00e9mie, travaillent souvent ou constamment depuis leur domicile, ont \u00e9t\u00e9 interrog\u00e9s. L\u2019enqu\u00eate est repr\u00e9sentative du sexe, de l\u2019\u00e2ge et du dipl\u00f4me. La marge d\u2019erreur maximale est de 3,02%<\/em><\/p>\n","protected":false},"excerpt":{"rendered":"<p>\u201cVoir son travail valoris\u00e9 n&rsquo;a jamais \u00e9t\u00e9 aussi important qu&rsquo;en cette p\u00e9riode de pand\u00e9mie\u201d&#8230;\u00a0Plus qu\u2019un quart des employ\u00e9s (27,9%) re\u00e7oit moins de compliments quant \u00e0 ses performances professionnelles qu&rsquo;avant la crise du coronavirus. Pr\u00e8s de 3 employ\u00e9s sur 10 (28,7%) [&hellip;]<\/p>\n","protected":false},"author":2,"featured_media":0,"comment_status":"closed","ping_status":"open","sticky":false,"template":"","format":"standard","meta":[],"categories":[65,10],"tags":[2998,593,90,2370,652,219],"yoast_head":"<!-- This site is optimized with the Yoast SEO plugin v21.0 - https:\/\/yoast.com\/wordpress\/plugins\/seo\/ -->\n<title>Le t\u00e9l\u00e9travail et son impact sur la reconnaissance et le feedback: valoriser le travail des collaborateurs est plus important que jamais. - Peoplesphere<\/title>\n<meta name=\"robots\" content=\"index, follow, max-snippet:-1, max-image-preview:large, max-video-preview:-1\" \/>\n<link rel=\"canonical\" href=\"https:\/\/peoplesphere.be\/fr\/teletravail-impact-reconnaissance-feedback-valoriser-travail-collaborateurs-plus-important-jamais\/\" \/>\n<meta property=\"og:locale\" content=\"fr_FR\" \/>\n<meta property=\"og:type\" content=\"article\" \/>\n<meta property=\"og:title\" content=\"Le t\u00e9l\u00e9travail et son impact sur la reconnaissance et le feedback: valoriser le travail des collaborateurs est plus important que jamais. - Peoplesphere\" \/>\n<meta property=\"og:description\" content=\"\u201cVoir son travail valoris\u00e9 n&rsquo;a jamais \u00e9t\u00e9 aussi important qu&rsquo;en cette p\u00e9riode de pand\u00e9mie\u201d&#8230;\u00a0Plus qu\u2019un quart des employ\u00e9s (27,9%) re\u00e7oit moins de compliments quant \u00e0 ses performances professionnelles qu&rsquo;avant la crise du coronavirus. Pr\u00e8s de 3 employ\u00e9s sur 10 (28,7%) [&hellip;]\" \/>\n<meta property=\"og:url\" content=\"https:\/\/peoplesphere.be\/fr\/teletravail-impact-reconnaissance-feedback-valoriser-travail-collaborateurs-plus-important-jamais\/\" \/>\n<meta property=\"og:site_name\" content=\"Peoplesphere\" \/>\n<meta property=\"article:publisher\" content=\"https:\/\/www.facebook.com\/peoplesphere\" \/>\n<meta property=\"article:published_time\" content=\"2021-03-05T08:17:54+00:00\" \/>\n<meta property=\"og:image\" content=\"http:\/\/www.peoplesphere.be\/fr\/wp-content\/uploads\/2016\/07\/facebook-default-posting-1200x628px.jpg\" \/>\n<meta name=\"author\" content=\"Jean-Paul Erhard\" \/>\n<meta name=\"twitter:card\" content=\"summary_large_image\" \/>\n<meta name=\"twitter:creator\" content=\"@PeoplesphereMag\" \/>\n<meta name=\"twitter:site\" content=\"@PeoplesphereMag\" \/>\n<meta name=\"twitter:label1\" content=\"\u00c9crit par\" \/>\n\t<meta name=\"twitter:data1\" content=\"Jean-Paul Erhard\" \/>\n\t<meta name=\"twitter:label2\" content=\"Dur\u00e9e de lecture estim\u00e9e\" \/>\n\t<meta name=\"twitter:data2\" content=\"4 minutes\" \/>\n<script type=\"application\/ld+json\" class=\"yoast-schema-graph\">{\"@context\":\"https:\/\/schema.org\",\"@graph\":[{\"@type\":\"Article\",\"@id\":\"https:\/\/peoplesphere.be\/fr\/teletravail-impact-reconnaissance-feedback-valoriser-travail-collaborateurs-plus-important-jamais\/#article\",\"isPartOf\":{\"@id\":\"https:\/\/peoplesphere.be\/fr\/teletravail-impact-reconnaissance-feedback-valoriser-travail-collaborateurs-plus-important-jamais\/\"},\"author\":{\"name\":\"Jean-Paul Erhard\",\"@id\":\"https:\/\/peoplesphere.be\/fr\/#\/schema\/person\/7976225ff17988604334abb7b3536a7e\"},\"headline\":\"Le t\u00e9l\u00e9travail et son impact sur la reconnaissance et le feedback: valoriser le travail des collaborateurs est plus important que jamais.\",\"datePublished\":\"2021-03-05T08:17:54+00:00\",\"dateModified\":\"2021-03-05T08:17:54+00:00\",\"mainEntityOfPage\":{\"@id\":\"https:\/\/peoplesphere.be\/fr\/teletravail-impact-reconnaissance-feedback-valoriser-travail-collaborateurs-plus-important-jamais\/\"},\"wordCount\":827,\"publisher\":{\"@id\":\"https:\/\/peoplesphere.be\/fr\/#organization\"},\"keywords\":[\"covid-19\",\"feedback\",\"motivation\",\"protime\",\"reconnaissance\",\"t\u00e9l\u00e9travail\"],\"articleSection\":[\"Actualit\u00e9s\",\"Digital\"],\"inLanguage\":\"fr-FR\"},{\"@type\":\"WebPage\",\"@id\":\"https:\/\/peoplesphere.be\/fr\/teletravail-impact-reconnaissance-feedback-valoriser-travail-collaborateurs-plus-important-jamais\/\",\"url\":\"https:\/\/peoplesphere.be\/fr\/teletravail-impact-reconnaissance-feedback-valoriser-travail-collaborateurs-plus-important-jamais\/\",\"name\":\"Le t\u00e9l\u00e9travail et son impact sur la reconnaissance et le feedback: valoriser le travail des collaborateurs est plus important que jamais. - Peoplesphere\",\"isPartOf\":{\"@id\":\"https:\/\/peoplesphere.be\/fr\/#website\"},\"datePublished\":\"2021-03-05T08:17:54+00:00\",\"dateModified\":\"2021-03-05T08:17:54+00:00\",\"breadcrumb\":{\"@id\":\"https:\/\/peoplesphere.be\/fr\/teletravail-impact-reconnaissance-feedback-valoriser-travail-collaborateurs-plus-important-jamais\/#breadcrumb\"},\"inLanguage\":\"fr-FR\",\"potentialAction\":[{\"@type\":\"ReadAction\",\"target\":[\"https:\/\/peoplesphere.be\/fr\/teletravail-impact-reconnaissance-feedback-valoriser-travail-collaborateurs-plus-important-jamais\/\"]}]},{\"@type\":\"BreadcrumbList\",\"@id\":\"https:\/\/peoplesphere.be\/fr\/teletravail-impact-reconnaissance-feedback-valoriser-travail-collaborateurs-plus-important-jamais\/#breadcrumb\",\"itemListElement\":[{\"@type\":\"ListItem\",\"position\":1,\"name\":\"Accueil\",\"item\":\"https:\/\/peoplesphere.be\/fr\/\"},{\"@type\":\"ListItem\",\"position\":2,\"name\":\"Le t\u00e9l\u00e9travail et son impact sur la reconnaissance et le feedback: valoriser le travail des collaborateurs est plus important que jamais.\"}]},{\"@type\":\"WebSite\",\"@id\":\"https:\/\/peoplesphere.be\/fr\/#website\",\"url\":\"https:\/\/peoplesphere.be\/fr\/\",\"name\":\"Peoplesphere\",\"description\":\"The People Managers Magazine\",\"publisher\":{\"@id\":\"https:\/\/peoplesphere.be\/fr\/#organization\"},\"potentialAction\":[{\"@type\":\"SearchAction\",\"target\":{\"@type\":\"EntryPoint\",\"urlTemplate\":\"https:\/\/peoplesphere.be\/fr\/?s={search_term_string}\"},\"query-input\":\"required name=search_term_string\"}],\"inLanguage\":\"fr-FR\"},{\"@type\":\"Organization\",\"@id\":\"https:\/\/peoplesphere.be\/fr\/#organization\",\"name\":\"Peoplesphere Company srl\",\"url\":\"https:\/\/peoplesphere.be\/fr\/\",\"logo\":{\"@type\":\"ImageObject\",\"inLanguage\":\"fr-FR\",\"@id\":\"https:\/\/peoplesphere.be\/fr\/#\/schema\/logo\/image\/\",\"url\":\"https:\/\/peoplesphere.be\/fr\/wp-content\/uploads\/2023\/07\/peoplesphere-lgo-new-generik.jpg\",\"contentUrl\":\"https:\/\/peoplesphere.be\/fr\/wp-content\/uploads\/2023\/07\/peoplesphere-lgo-new-generik.jpg\",\"width\":1031,\"height\":1479,\"caption\":\"Peoplesphere Company srl\"},\"image\":{\"@id\":\"https:\/\/peoplesphere.be\/fr\/#\/schema\/logo\/image\/\"},\"sameAs\":[\"https:\/\/www.facebook.com\/peoplesphere\",\"https:\/\/twitter.com\/PeoplesphereMag\",\"https:\/\/www.linkedin.com\/company\/7587361?trk\",\"http:\/\/youtube.com\/peoplesphere\"]},{\"@type\":\"Person\",\"@id\":\"https:\/\/peoplesphere.be\/fr\/#\/schema\/person\/7976225ff17988604334abb7b3536a7e\",\"name\":\"Jean-Paul Erhard\",\"image\":{\"@type\":\"ImageObject\",\"inLanguage\":\"fr-FR\",\"@id\":\"https:\/\/peoplesphere.be\/fr\/#\/schema\/person\/image\/\",\"url\":\"https:\/\/secure.gravatar.com\/avatar\/f941e681460179738071629a51574930?s=96&d=mm&r=g\",\"contentUrl\":\"https:\/\/secure.gravatar.com\/avatar\/f941e681460179738071629a51574930?s=96&d=mm&r=g\",\"caption\":\"Jean-Paul Erhard\"},\"url\":\"https:\/\/peoplesphere.be\/fr\/author\/jpe\/\"}]}<\/script>\n<!-- \/ Yoast SEO plugin. -->","yoast_head_json":{"title":"Le t\u00e9l\u00e9travail et son impact sur la reconnaissance et le feedback: valoriser le travail des collaborateurs est plus important que jamais. - Peoplesphere","robots":{"index":"index","follow":"follow","max-snippet":"max-snippet:-1","max-image-preview":"max-image-preview:large","max-video-preview":"max-video-preview:-1"},"canonical":"https:\/\/peoplesphere.be\/fr\/teletravail-impact-reconnaissance-feedback-valoriser-travail-collaborateurs-plus-important-jamais\/","og_locale":"fr_FR","og_type":"article","og_title":"Le t\u00e9l\u00e9travail et son impact sur la reconnaissance et le feedback: valoriser le travail des collaborateurs est plus important que jamais. - Peoplesphere","og_description":"\u201cVoir son travail valoris\u00e9 n&rsquo;a jamais \u00e9t\u00e9 aussi important qu&rsquo;en cette p\u00e9riode de pand\u00e9mie\u201d&#8230;\u00a0Plus qu\u2019un quart des employ\u00e9s (27,9%) re\u00e7oit moins de compliments quant \u00e0 ses performances professionnelles qu&rsquo;avant la crise du coronavirus. Pr\u00e8s de 3 employ\u00e9s sur 10 (28,7%) [&hellip;]","og_url":"https:\/\/peoplesphere.be\/fr\/teletravail-impact-reconnaissance-feedback-valoriser-travail-collaborateurs-plus-important-jamais\/","og_site_name":"Peoplesphere","article_publisher":"https:\/\/www.facebook.com\/peoplesphere","article_published_time":"2021-03-05T08:17:54+00:00","og_image":[{"url":"http:\/\/www.peoplesphere.be\/fr\/wp-content\/uploads\/2016\/07\/facebook-default-posting-1200x628px.jpg"}],"author":"Jean-Paul Erhard","twitter_card":"summary_large_image","twitter_creator":"@PeoplesphereMag","twitter_site":"@PeoplesphereMag","twitter_misc":{"\u00c9crit par":"Jean-Paul Erhard","Dur\u00e9e de lecture estim\u00e9e":"4 minutes"},"schema":{"@context":"https:\/\/schema.org","@graph":[{"@type":"Article","@id":"https:\/\/peoplesphere.be\/fr\/teletravail-impact-reconnaissance-feedback-valoriser-travail-collaborateurs-plus-important-jamais\/#article","isPartOf":{"@id":"https:\/\/peoplesphere.be\/fr\/teletravail-impact-reconnaissance-feedback-valoriser-travail-collaborateurs-plus-important-jamais\/"},"author":{"name":"Jean-Paul Erhard","@id":"https:\/\/peoplesphere.be\/fr\/#\/schema\/person\/7976225ff17988604334abb7b3536a7e"},"headline":"Le t\u00e9l\u00e9travail et son impact sur la reconnaissance et le feedback: valoriser le travail des collaborateurs est plus important que jamais.","datePublished":"2021-03-05T08:17:54+00:00","dateModified":"2021-03-05T08:17:54+00:00","mainEntityOfPage":{"@id":"https:\/\/peoplesphere.be\/fr\/teletravail-impact-reconnaissance-feedback-valoriser-travail-collaborateurs-plus-important-jamais\/"},"wordCount":827,"publisher":{"@id":"https:\/\/peoplesphere.be\/fr\/#organization"},"keywords":["covid-19","feedback","motivation","protime","reconnaissance","t\u00e9l\u00e9travail"],"articleSection":["Actualit\u00e9s","Digital"],"inLanguage":"fr-FR"},{"@type":"WebPage","@id":"https:\/\/peoplesphere.be\/fr\/teletravail-impact-reconnaissance-feedback-valoriser-travail-collaborateurs-plus-important-jamais\/","url":"https:\/\/peoplesphere.be\/fr\/teletravail-impact-reconnaissance-feedback-valoriser-travail-collaborateurs-plus-important-jamais\/","name":"Le t\u00e9l\u00e9travail et son impact sur la reconnaissance et le feedback: valoriser le travail des collaborateurs est plus important que jamais. - Peoplesphere","isPartOf":{"@id":"https:\/\/peoplesphere.be\/fr\/#website"},"datePublished":"2021-03-05T08:17:54+00:00","dateModified":"2021-03-05T08:17:54+00:00","breadcrumb":{"@id":"https:\/\/peoplesphere.be\/fr\/teletravail-impact-reconnaissance-feedback-valoriser-travail-collaborateurs-plus-important-jamais\/#breadcrumb"},"inLanguage":"fr-FR","potentialAction":[{"@type":"ReadAction","target":["https:\/\/peoplesphere.be\/fr\/teletravail-impact-reconnaissance-feedback-valoriser-travail-collaborateurs-plus-important-jamais\/"]}]},{"@type":"BreadcrumbList","@id":"https:\/\/peoplesphere.be\/fr\/teletravail-impact-reconnaissance-feedback-valoriser-travail-collaborateurs-plus-important-jamais\/#breadcrumb","itemListElement":[{"@type":"ListItem","position":1,"name":"Accueil","item":"https:\/\/peoplesphere.be\/fr\/"},{"@type":"ListItem","position":2,"name":"Le t\u00e9l\u00e9travail et son impact sur la reconnaissance et le feedback: valoriser le travail des collaborateurs est plus important que jamais."}]},{"@type":"WebSite","@id":"https:\/\/peoplesphere.be\/fr\/#website","url":"https:\/\/peoplesphere.be\/fr\/","name":"Peoplesphere","description":"The People Managers Magazine","publisher":{"@id":"https:\/\/peoplesphere.be\/fr\/#organization"},"potentialAction":[{"@type":"SearchAction","target":{"@type":"EntryPoint","urlTemplate":"https:\/\/peoplesphere.be\/fr\/?s={search_term_string}"},"query-input":"required name=search_term_string"}],"inLanguage":"fr-FR"},{"@type":"Organization","@id":"https:\/\/peoplesphere.be\/fr\/#organization","name":"Peoplesphere Company srl","url":"https:\/\/peoplesphere.be\/fr\/","logo":{"@type":"ImageObject","inLanguage":"fr-FR","@id":"https:\/\/peoplesphere.be\/fr\/#\/schema\/logo\/image\/","url":"https:\/\/peoplesphere.be\/fr\/wp-content\/uploads\/2023\/07\/peoplesphere-lgo-new-generik.jpg","contentUrl":"https:\/\/peoplesphere.be\/fr\/wp-content\/uploads\/2023\/07\/peoplesphere-lgo-new-generik.jpg","width":1031,"height":1479,"caption":"Peoplesphere Company srl"},"image":{"@id":"https:\/\/peoplesphere.be\/fr\/#\/schema\/logo\/image\/"},"sameAs":["https:\/\/www.facebook.com\/peoplesphere","https:\/\/twitter.com\/PeoplesphereMag","https:\/\/www.linkedin.com\/company\/7587361?trk","http:\/\/youtube.com\/peoplesphere"]},{"@type":"Person","@id":"https:\/\/peoplesphere.be\/fr\/#\/schema\/person\/7976225ff17988604334abb7b3536a7e","name":"Jean-Paul Erhard","image":{"@type":"ImageObject","inLanguage":"fr-FR","@id":"https:\/\/peoplesphere.be\/fr\/#\/schema\/person\/image\/","url":"https:\/\/secure.gravatar.com\/avatar\/f941e681460179738071629a51574930?s=96&d=mm&r=g","contentUrl":"https:\/\/secure.gravatar.com\/avatar\/f941e681460179738071629a51574930?s=96&d=mm&r=g","caption":"Jean-Paul Erhard"},"url":"https:\/\/peoplesphere.be\/fr\/author\/jpe\/"}]}},"_links":{"self":[{"href":"https:\/\/peoplesphere.be\/fr\/wp-json\/wp\/v2\/posts\/10914"}],"collection":[{"href":"https:\/\/peoplesphere.be\/fr\/wp-json\/wp\/v2\/posts"}],"about":[{"href":"https:\/\/peoplesphere.be\/fr\/wp-json\/wp\/v2\/types\/post"}],"author":[{"embeddable":true,"href":"https:\/\/peoplesphere.be\/fr\/wp-json\/wp\/v2\/users\/2"}],"replies":[{"embeddable":true,"href":"https:\/\/peoplesphere.be\/fr\/wp-json\/wp\/v2\/comments?post=10914"}],"version-history":[{"count":1,"href":"https:\/\/peoplesphere.be\/fr\/wp-json\/wp\/v2\/posts\/10914\/revisions"}],"predecessor-version":[{"id":10915,"href":"https:\/\/peoplesphere.be\/fr\/wp-json\/wp\/v2\/posts\/10914\/revisions\/10915"}],"wp:attachment":[{"href":"https:\/\/peoplesphere.be\/fr\/wp-json\/wp\/v2\/media?parent=10914"}],"wp:term":[{"taxonomy":"category","embeddable":true,"href":"https:\/\/peoplesphere.be\/fr\/wp-json\/wp\/v2\/categories?post=10914"},{"taxonomy":"post_tag","embeddable":true,"href":"https:\/\/peoplesphere.be\/fr\/wp-json\/wp\/v2\/tags?post=10914"}],"curies":[{"name":"wp","href":"https:\/\/api.w.org\/{rel}","templated":true}]}}