









{"id":11010,"date":"2021-03-16T10:07:43","date_gmt":"2021-03-16T08:07:43","guid":{"rendered":"https:\/\/peoplesphere.be\/fr\/?p=11010"},"modified":"2021-03-16T10:07:43","modified_gmt":"2021-03-16T08:07:43","slug":"chomage-temporaire-absenteisme-jeunes-durement-touches-crise-coronavirus","status":"publish","type":"post","link":"https:\/\/peoplesphere.be\/fr\/chomage-temporaire-absenteisme-jeunes-durement-touches-crise-coronavirus\/","title":{"rendered":"Ch\u00f4mage temporaire et absent\u00e9\u00efsme: les jeunes durement touch\u00e9s par la crise du coronavirus."},"content":{"rendered":"<p>Les travailleurs de moins de 25 ans sont les plus durement touch\u00e9s par la crise du coronavirus. En f\u00e9vrier, les jeunes ont \u00e9t\u00e9 au ch\u00f4mage temporaire pendant 5,6% des jours travaill\u00e9s. Ils \u00e9taient \u00e9galement les plus susceptibles de rester \u00e0 la maison l&rsquo;ann\u00e9e derni\u00e8re, avec une moyenne de 7,99% de ch\u00f4mage temporaire par rapport au nombre total de jours \u00e0 travailler. Les jeunes salari\u00e9s sont plus susceptibles de travailler dans les secteurs o\u00f9 l&rsquo;incidence du ch\u00f4mage temporaire est la plus \u00e9lev\u00e9e.<!--more--><\/p>\n<p>Durant le mois de f\u00e9vrier 2021, les jeunes de moins de 25 ans est le groupe d\u2019\u00e2ge \u00e0 avoir prest\u00e9 le moins de jour. Ceci est d\u00fb au ch\u00f4mage temporaire, qui, \u00e9galement en f\u00e9vrier, est <a href=\"https:\/\/peoplesphere.be\/fr\/bruxelles-voit-taux-de-chomage-jeunes-repasser-a-27-nombre-doffres-demploi-baisse\/\">plus \u00e9lev\u00e9 chez les moins de 25 ans que dans tous les autres groupes d&rsquo;\u00e2ge : 5,6%.<\/a> Ceci est une constante depuis le d\u00e9but de cette crise, les jeunes de moins de 25 ans ont \u00e9t\u00e9 en moyenne 40% du temps en plus en ch\u00f4mage temporaire que la moyenne des Belges.<\/p>\n<p>D&rsquo;une mani\u00e8re g\u00e9n\u00e9rale, plus l&rsquo;\u00e2ge est bas, plus le ch\u00f4mage temporaire est \u00e9lev\u00e9 (\u00e0 l&rsquo;exception des plus de 60 ans). Les plus de 60 ans sont la deuxi\u00e8me cat\u00e9gorie d\u2019\u00e2ge a le plus subir le ch\u00f4mage temporaire (4,22%) mais loin derri\u00e8re les plus jeunes travailleurs. Dans la tranche d&rsquo;\u00e2ge 25-29 ans, ce chiffre tombe \u00e0 4,08%.<\/p>\n<p>De m\u00eame, au plus fort de la crise, en avril dernier, les moins de 25 ans avaient le taux de ch\u00f4mage temporaire le plus \u00e9lev\u00e9 : 30%. Cela signifie que les -25 ans \u00e9taient en ch\u00f4mage technique pour un tiers des jours \u00e0 travailler.<\/p>\n<p><em><strong>Les jeunes victimes des secteurs dans lesquels ils \u00e9voluent<\/strong><\/em><\/p>\n<p><a href=\"https:\/\/peoplesphere.be\/fr\/jeunes-principales-victimes-de-crise-region-de-bruxelles-capitale-taux-de-chomage-depasse-16\/\">Cette crise ne frappe pas tous les secteurs avec la m\u00eame violence.<\/a> Ce sont les domaines d\u2019activit\u00e9s o\u00f9 l\u2019on retrouve en majorit\u00e9 les jeunes de moins de 25 ans qui sont les plus touch\u00e9s. Jean-Luc Vannieuwenhuyse, du centre de connaissances de SD Worx, explique que : <em>\u00ab\u00a0Dans cette tranche d&rsquo;\u00e2ge, nous avons une forte proportion de jeunes sans formation sup\u00e9rieure qui sont plus souvent employ\u00e9s dans des secteurs qui ont grandement souffert de la crise. Ces secteurs sont : la coiffure et les soins de beaut\u00e9, l\u2019horeca, le nettoyage, le commerce alimentaire, le secteur socioculturel, les garages, l&rsquo;am\u00e9nagement paysager et l&rsquo;entretien des jardins et l&rsquo;assistance au sol dans les a\u00e9roports\u00a0\u00bb.<\/em><\/p>\n<p>La reprise de certaines activit\u00e9s le 1er avril et le 1er mai donnent des perspectives pour cette tranche d\u2019\u00e2ge, malgr\u00e9 le fait, qu\u2019ils devront encore \u00eatre patients quelques semaines.<\/p>\n<p><em><strong>Un absent\u00e9isme inqui\u00e9tant chez les jeunes<\/strong><\/em><\/p>\n<p>En f\u00e9vrier 2021, les jeunes de moins de 25 ans sont \u00e9galement plus absents que les autres ann\u00e9es \u00e0 la m\u00eame p\u00e9riode. Pour les absences de longues dur\u00e9e (&gt; 1 mois et &lt; 1 an), cette cat\u00e9gorie d\u2019\u00e2ge a \u00e9t\u00e9 40% plus absente qu\u2019en f\u00e9vrier 2020 et ce chiffre double m\u00eame lorsque l\u2019on le compare \u00e0 f\u00e9vrier 2019.<\/p>\n<p>La situation est encore plus inqui\u00e9tante lorsque l\u2019on analyse les maladies de courte dur\u00e9e (&lt; 1 mois). Les jeunes de moins de 25 ans sont la cat\u00e9gorie d\u2019\u00e2ge la plus absente en f\u00e9vrier avec 3,11%.<\/p>\n<p>Comme pour le mois de janvier, les chiffres globaux du mois de f\u00e9vrier montrent une grande disparit\u00e9 entre les secteurs. Jean-Luc Vannieuwenhuyse, du centre de connaissances de SD Worx, conclut:\u00a0<em>\u00ab\u00a0Les chiffres de l\u2019employment tracker de f\u00e9vrier sont dans la continuit\u00e9 de ce que nous avions observ\u00e9 en janvier. Nous remarquons m\u00eame une l\u00e9g\u00e8re baisse dans le ch\u00f4mage temporaire, malgr\u00e9 une situation qui reste pr\u00e9occupante dans de nombreux secteurs. Les derni\u00e8res annonces du gouvernement tendent vers un d\u00e9confinement qui ne pourra avoir un impact que b\u00e9n\u00e9fique sur les diff\u00e9rents secteurs encore fortement touch\u00e9s.\u00a0\u00bb<\/em><\/p>\n<p>&nbsp;<\/p>\n<p><em>Source : SD Worx Employment Tracker &#8211; rapport effectu\u00e9 par SD Worx sur la base sur les donn\u00e9es salariales de 70 000 employeurs et de pr\u00e8s d\u2019un million de travailleurs belges.<\/em><\/p>\n","protected":false},"excerpt":{"rendered":"<p>Les travailleurs de moins de 25 ans sont les plus durement touch\u00e9s par la crise du coronavirus. En f\u00e9vrier, les jeunes ont \u00e9t\u00e9 au ch\u00f4mage temporaire pendant 5,6% des jours travaill\u00e9s. Ils \u00e9taient \u00e9galement les plus susceptibles de rester \u00e0 [&hellip;]<\/p>\n","protected":false},"author":2,"featured_media":0,"comment_status":"closed","ping_status":"open","sticky":false,"template":"","format":"standard","meta":[],"categories":[65,10],"tags":[145,2195,714,2947,702,671],"yoast_head":"<!-- This site is optimized with the Yoast SEO plugin v21.0 - https:\/\/yoast.com\/wordpress\/plugins\/seo\/ -->\n<title>Ch\u00f4mage temporaire et absent\u00e9\u00efsme: les jeunes durement touch\u00e9s par la crise du coronavirus. - Peoplesphere<\/title>\n<meta name=\"robots\" content=\"index, follow, max-snippet:-1, max-image-preview:large, max-video-preview:-1\" \/>\n<link rel=\"canonical\" href=\"https:\/\/peoplesphere.be\/fr\/chomage-temporaire-absenteisme-jeunes-durement-touches-crise-coronavirus\/\" \/>\n<meta property=\"og:locale\" content=\"fr_FR\" \/>\n<meta property=\"og:type\" content=\"article\" \/>\n<meta property=\"og:title\" content=\"Ch\u00f4mage temporaire et absent\u00e9\u00efsme: les jeunes durement touch\u00e9s par la crise du coronavirus. - Peoplesphere\" \/>\n<meta property=\"og:description\" content=\"Les travailleurs de moins de 25 ans sont les plus durement touch\u00e9s par la crise du coronavirus. En f\u00e9vrier, les jeunes ont \u00e9t\u00e9 au ch\u00f4mage temporaire pendant 5,6% des jours travaill\u00e9s. Ils \u00e9taient \u00e9galement les plus susceptibles de rester \u00e0 [&hellip;]\" \/>\n<meta property=\"og:url\" content=\"https:\/\/peoplesphere.be\/fr\/chomage-temporaire-absenteisme-jeunes-durement-touches-crise-coronavirus\/\" \/>\n<meta property=\"og:site_name\" content=\"Peoplesphere\" \/>\n<meta property=\"article:publisher\" content=\"https:\/\/www.facebook.com\/peoplesphere\" \/>\n<meta property=\"article:published_time\" content=\"2021-03-16T08:07:43+00:00\" \/>\n<meta property=\"og:image\" content=\"http:\/\/www.peoplesphere.be\/fr\/wp-content\/uploads\/2016\/07\/facebook-default-posting-1200x628px.jpg\" \/>\n<meta name=\"author\" content=\"Jean-Paul Erhard\" \/>\n<meta name=\"twitter:card\" content=\"summary_large_image\" \/>\n<meta name=\"twitter:creator\" content=\"@PeoplesphereMag\" \/>\n<meta name=\"twitter:site\" content=\"@PeoplesphereMag\" \/>\n<meta name=\"twitter:label1\" content=\"\u00c9crit par\" \/>\n\t<meta name=\"twitter:data1\" content=\"Jean-Paul Erhard\" \/>\n\t<meta name=\"twitter:label2\" content=\"Dur\u00e9e de lecture estim\u00e9e\" \/>\n\t<meta name=\"twitter:data2\" content=\"3 minutes\" \/>\n<script type=\"application\/ld+json\" class=\"yoast-schema-graph\">{\"@context\":\"https:\/\/schema.org\",\"@graph\":[{\"@type\":\"Article\",\"@id\":\"https:\/\/peoplesphere.be\/fr\/chomage-temporaire-absenteisme-jeunes-durement-touches-crise-coronavirus\/#article\",\"isPartOf\":{\"@id\":\"https:\/\/peoplesphere.be\/fr\/chomage-temporaire-absenteisme-jeunes-durement-touches-crise-coronavirus\/\"},\"author\":{\"name\":\"Jean-Paul Erhard\",\"@id\":\"https:\/\/peoplesphere.be\/fr\/#\/schema\/person\/7976225ff17988604334abb7b3536a7e\"},\"headline\":\"Ch\u00f4mage temporaire et absent\u00e9\u00efsme: les jeunes durement touch\u00e9s par la crise du coronavirus.\",\"datePublished\":\"2021-03-16T08:07:43+00:00\",\"dateModified\":\"2021-03-16T08:07:43+00:00\",\"mainEntityOfPage\":{\"@id\":\"https:\/\/peoplesphere.be\/fr\/chomage-temporaire-absenteisme-jeunes-durement-touches-crise-coronavirus\/\"},\"wordCount\":696,\"publisher\":{\"@id\":\"https:\/\/peoplesphere.be\/fr\/#organization\"},\"keywords\":[\"absent\u00e9isme\",\"ch\u00f4mage des jeunes\",\"ch\u00f4mage temporaire\",\"coronavirus\",\"march\u00e9 de l'emploi\",\"SD Worx\"],\"articleSection\":[\"Actualit\u00e9s\",\"Digital\"],\"inLanguage\":\"fr-FR\"},{\"@type\":\"WebPage\",\"@id\":\"https:\/\/peoplesphere.be\/fr\/chomage-temporaire-absenteisme-jeunes-durement-touches-crise-coronavirus\/\",\"url\":\"https:\/\/peoplesphere.be\/fr\/chomage-temporaire-absenteisme-jeunes-durement-touches-crise-coronavirus\/\",\"name\":\"Ch\u00f4mage temporaire et absent\u00e9\u00efsme: les jeunes durement touch\u00e9s par la crise du coronavirus. - Peoplesphere\",\"isPartOf\":{\"@id\":\"https:\/\/peoplesphere.be\/fr\/#website\"},\"datePublished\":\"2021-03-16T08:07:43+00:00\",\"dateModified\":\"2021-03-16T08:07:43+00:00\",\"breadcrumb\":{\"@id\":\"https:\/\/peoplesphere.be\/fr\/chomage-temporaire-absenteisme-jeunes-durement-touches-crise-coronavirus\/#breadcrumb\"},\"inLanguage\":\"fr-FR\",\"potentialAction\":[{\"@type\":\"ReadAction\",\"target\":[\"https:\/\/peoplesphere.be\/fr\/chomage-temporaire-absenteisme-jeunes-durement-touches-crise-coronavirus\/\"]}]},{\"@type\":\"BreadcrumbList\",\"@id\":\"https:\/\/peoplesphere.be\/fr\/chomage-temporaire-absenteisme-jeunes-durement-touches-crise-coronavirus\/#breadcrumb\",\"itemListElement\":[{\"@type\":\"ListItem\",\"position\":1,\"name\":\"Accueil\",\"item\":\"https:\/\/peoplesphere.be\/fr\/\"},{\"@type\":\"ListItem\",\"position\":2,\"name\":\"Ch\u00f4mage temporaire et absent\u00e9\u00efsme: les jeunes durement touch\u00e9s par la crise du coronavirus.\"}]},{\"@type\":\"WebSite\",\"@id\":\"https:\/\/peoplesphere.be\/fr\/#website\",\"url\":\"https:\/\/peoplesphere.be\/fr\/\",\"name\":\"Peoplesphere\",\"description\":\"The People Managers Magazine\",\"publisher\":{\"@id\":\"https:\/\/peoplesphere.be\/fr\/#organization\"},\"potentialAction\":[{\"@type\":\"SearchAction\",\"target\":{\"@type\":\"EntryPoint\",\"urlTemplate\":\"https:\/\/peoplesphere.be\/fr\/?s={search_term_string}\"},\"query-input\":\"required name=search_term_string\"}],\"inLanguage\":\"fr-FR\"},{\"@type\":\"Organization\",\"@id\":\"https:\/\/peoplesphere.be\/fr\/#organization\",\"name\":\"Peoplesphere Company srl\",\"url\":\"https:\/\/peoplesphere.be\/fr\/\",\"logo\":{\"@type\":\"ImageObject\",\"inLanguage\":\"fr-FR\",\"@id\":\"https:\/\/peoplesphere.be\/fr\/#\/schema\/logo\/image\/\",\"url\":\"https:\/\/peoplesphere.be\/fr\/wp-content\/uploads\/2023\/07\/peoplesphere-lgo-new-generik.jpg\",\"contentUrl\":\"https:\/\/peoplesphere.be\/fr\/wp-content\/uploads\/2023\/07\/peoplesphere-lgo-new-generik.jpg\",\"width\":1031,\"height\":1479,\"caption\":\"Peoplesphere Company srl\"},\"image\":{\"@id\":\"https:\/\/peoplesphere.be\/fr\/#\/schema\/logo\/image\/\"},\"sameAs\":[\"https:\/\/www.facebook.com\/peoplesphere\",\"https:\/\/twitter.com\/PeoplesphereMag\",\"https:\/\/www.linkedin.com\/company\/7587361?trk\",\"http:\/\/youtube.com\/peoplesphere\"]},{\"@type\":\"Person\",\"@id\":\"https:\/\/peoplesphere.be\/fr\/#\/schema\/person\/7976225ff17988604334abb7b3536a7e\",\"name\":\"Jean-Paul Erhard\",\"image\":{\"@type\":\"ImageObject\",\"inLanguage\":\"fr-FR\",\"@id\":\"https:\/\/peoplesphere.be\/fr\/#\/schema\/person\/image\/\",\"url\":\"https:\/\/secure.gravatar.com\/avatar\/f941e681460179738071629a51574930?s=96&d=mm&r=g\",\"contentUrl\":\"https:\/\/secure.gravatar.com\/avatar\/f941e681460179738071629a51574930?s=96&d=mm&r=g\",\"caption\":\"Jean-Paul Erhard\"},\"url\":\"https:\/\/peoplesphere.be\/fr\/author\/jpe\/\"}]}<\/script>\n<!-- \/ Yoast SEO plugin. -->","yoast_head_json":{"title":"Ch\u00f4mage temporaire et absent\u00e9\u00efsme: les jeunes durement touch\u00e9s par la crise du coronavirus. - Peoplesphere","robots":{"index":"index","follow":"follow","max-snippet":"max-snippet:-1","max-image-preview":"max-image-preview:large","max-video-preview":"max-video-preview:-1"},"canonical":"https:\/\/peoplesphere.be\/fr\/chomage-temporaire-absenteisme-jeunes-durement-touches-crise-coronavirus\/","og_locale":"fr_FR","og_type":"article","og_title":"Ch\u00f4mage temporaire et absent\u00e9\u00efsme: les jeunes durement touch\u00e9s par la crise du coronavirus. - Peoplesphere","og_description":"Les travailleurs de moins de 25 ans sont les plus durement touch\u00e9s par la crise du coronavirus. En f\u00e9vrier, les jeunes ont \u00e9t\u00e9 au ch\u00f4mage temporaire pendant 5,6% des jours travaill\u00e9s. Ils \u00e9taient \u00e9galement les plus susceptibles de rester \u00e0 [&hellip;]","og_url":"https:\/\/peoplesphere.be\/fr\/chomage-temporaire-absenteisme-jeunes-durement-touches-crise-coronavirus\/","og_site_name":"Peoplesphere","article_publisher":"https:\/\/www.facebook.com\/peoplesphere","article_published_time":"2021-03-16T08:07:43+00:00","og_image":[{"url":"http:\/\/www.peoplesphere.be\/fr\/wp-content\/uploads\/2016\/07\/facebook-default-posting-1200x628px.jpg"}],"author":"Jean-Paul Erhard","twitter_card":"summary_large_image","twitter_creator":"@PeoplesphereMag","twitter_site":"@PeoplesphereMag","twitter_misc":{"\u00c9crit par":"Jean-Paul Erhard","Dur\u00e9e de lecture estim\u00e9e":"3 minutes"},"schema":{"@context":"https:\/\/schema.org","@graph":[{"@type":"Article","@id":"https:\/\/peoplesphere.be\/fr\/chomage-temporaire-absenteisme-jeunes-durement-touches-crise-coronavirus\/#article","isPartOf":{"@id":"https:\/\/peoplesphere.be\/fr\/chomage-temporaire-absenteisme-jeunes-durement-touches-crise-coronavirus\/"},"author":{"name":"Jean-Paul Erhard","@id":"https:\/\/peoplesphere.be\/fr\/#\/schema\/person\/7976225ff17988604334abb7b3536a7e"},"headline":"Ch\u00f4mage temporaire et absent\u00e9\u00efsme: les jeunes durement touch\u00e9s par la crise du coronavirus.","datePublished":"2021-03-16T08:07:43+00:00","dateModified":"2021-03-16T08:07:43+00:00","mainEntityOfPage":{"@id":"https:\/\/peoplesphere.be\/fr\/chomage-temporaire-absenteisme-jeunes-durement-touches-crise-coronavirus\/"},"wordCount":696,"publisher":{"@id":"https:\/\/peoplesphere.be\/fr\/#organization"},"keywords":["absent\u00e9isme","ch\u00f4mage des jeunes","ch\u00f4mage temporaire","coronavirus","march\u00e9 de l'emploi","SD Worx"],"articleSection":["Actualit\u00e9s","Digital"],"inLanguage":"fr-FR"},{"@type":"WebPage","@id":"https:\/\/peoplesphere.be\/fr\/chomage-temporaire-absenteisme-jeunes-durement-touches-crise-coronavirus\/","url":"https:\/\/peoplesphere.be\/fr\/chomage-temporaire-absenteisme-jeunes-durement-touches-crise-coronavirus\/","name":"Ch\u00f4mage temporaire et absent\u00e9\u00efsme: les jeunes durement touch\u00e9s par la crise du coronavirus. - Peoplesphere","isPartOf":{"@id":"https:\/\/peoplesphere.be\/fr\/#website"},"datePublished":"2021-03-16T08:07:43+00:00","dateModified":"2021-03-16T08:07:43+00:00","breadcrumb":{"@id":"https:\/\/peoplesphere.be\/fr\/chomage-temporaire-absenteisme-jeunes-durement-touches-crise-coronavirus\/#breadcrumb"},"inLanguage":"fr-FR","potentialAction":[{"@type":"ReadAction","target":["https:\/\/peoplesphere.be\/fr\/chomage-temporaire-absenteisme-jeunes-durement-touches-crise-coronavirus\/"]}]},{"@type":"BreadcrumbList","@id":"https:\/\/peoplesphere.be\/fr\/chomage-temporaire-absenteisme-jeunes-durement-touches-crise-coronavirus\/#breadcrumb","itemListElement":[{"@type":"ListItem","position":1,"name":"Accueil","item":"https:\/\/peoplesphere.be\/fr\/"},{"@type":"ListItem","position":2,"name":"Ch\u00f4mage temporaire et absent\u00e9\u00efsme: les jeunes durement touch\u00e9s par la crise du coronavirus."}]},{"@type":"WebSite","@id":"https:\/\/peoplesphere.be\/fr\/#website","url":"https:\/\/peoplesphere.be\/fr\/","name":"Peoplesphere","description":"The People Managers Magazine","publisher":{"@id":"https:\/\/peoplesphere.be\/fr\/#organization"},"potentialAction":[{"@type":"SearchAction","target":{"@type":"EntryPoint","urlTemplate":"https:\/\/peoplesphere.be\/fr\/?s={search_term_string}"},"query-input":"required name=search_term_string"}],"inLanguage":"fr-FR"},{"@type":"Organization","@id":"https:\/\/peoplesphere.be\/fr\/#organization","name":"Peoplesphere Company srl","url":"https:\/\/peoplesphere.be\/fr\/","logo":{"@type":"ImageObject","inLanguage":"fr-FR","@id":"https:\/\/peoplesphere.be\/fr\/#\/schema\/logo\/image\/","url":"https:\/\/peoplesphere.be\/fr\/wp-content\/uploads\/2023\/07\/peoplesphere-lgo-new-generik.jpg","contentUrl":"https:\/\/peoplesphere.be\/fr\/wp-content\/uploads\/2023\/07\/peoplesphere-lgo-new-generik.jpg","width":1031,"height":1479,"caption":"Peoplesphere Company srl"},"image":{"@id":"https:\/\/peoplesphere.be\/fr\/#\/schema\/logo\/image\/"},"sameAs":["https:\/\/www.facebook.com\/peoplesphere","https:\/\/twitter.com\/PeoplesphereMag","https:\/\/www.linkedin.com\/company\/7587361?trk","http:\/\/youtube.com\/peoplesphere"]},{"@type":"Person","@id":"https:\/\/peoplesphere.be\/fr\/#\/schema\/person\/7976225ff17988604334abb7b3536a7e","name":"Jean-Paul Erhard","image":{"@type":"ImageObject","inLanguage":"fr-FR","@id":"https:\/\/peoplesphere.be\/fr\/#\/schema\/person\/image\/","url":"https:\/\/secure.gravatar.com\/avatar\/f941e681460179738071629a51574930?s=96&d=mm&r=g","contentUrl":"https:\/\/secure.gravatar.com\/avatar\/f941e681460179738071629a51574930?s=96&d=mm&r=g","caption":"Jean-Paul Erhard"},"url":"https:\/\/peoplesphere.be\/fr\/author\/jpe\/"}]}},"_links":{"self":[{"href":"https:\/\/peoplesphere.be\/fr\/wp-json\/wp\/v2\/posts\/11010"}],"collection":[{"href":"https:\/\/peoplesphere.be\/fr\/wp-json\/wp\/v2\/posts"}],"about":[{"href":"https:\/\/peoplesphere.be\/fr\/wp-json\/wp\/v2\/types\/post"}],"author":[{"embeddable":true,"href":"https:\/\/peoplesphere.be\/fr\/wp-json\/wp\/v2\/users\/2"}],"replies":[{"embeddable":true,"href":"https:\/\/peoplesphere.be\/fr\/wp-json\/wp\/v2\/comments?post=11010"}],"version-history":[{"count":1,"href":"https:\/\/peoplesphere.be\/fr\/wp-json\/wp\/v2\/posts\/11010\/revisions"}],"predecessor-version":[{"id":11011,"href":"https:\/\/peoplesphere.be\/fr\/wp-json\/wp\/v2\/posts\/11010\/revisions\/11011"}],"wp:attachment":[{"href":"https:\/\/peoplesphere.be\/fr\/wp-json\/wp\/v2\/media?parent=11010"}],"wp:term":[{"taxonomy":"category","embeddable":true,"href":"https:\/\/peoplesphere.be\/fr\/wp-json\/wp\/v2\/categories?post=11010"},{"taxonomy":"post_tag","embeddable":true,"href":"https:\/\/peoplesphere.be\/fr\/wp-json\/wp\/v2\/tags?post=11010"}],"curies":[{"name":"wp","href":"https:\/\/api.w.org\/{rel}","templated":true}]}}