









{"id":11040,"date":"2021-03-21T11:37:09","date_gmt":"2021-03-21T09:37:09","guid":{"rendered":"https:\/\/peoplesphere.be\/fr\/?p=11040"},"modified":"2021-03-21T11:42:06","modified_gmt":"2021-03-21T09:42:06","slug":"ressemble-a-passage-de-flambeau-desormais-entreprises-devoir-prendre-main-lutter-contre-pandemie","status":"publish","type":"post","link":"https:\/\/peoplesphere.be\/fr\/ressemble-a-passage-de-flambeau-desormais-entreprises-devoir-prendre-main-lutter-contre-pandemie\/","title":{"rendered":"Cela ressemble \u00e0 un passage de flambeau&#8230; Ce sont d\u00e9sormais les entreprises qui vont devoir prendre la main pour lutter contre la pand\u00e9mie."},"content":{"rendered":"<p>Le comit\u00e9 de concertation anticip\u00e9 de ce vendredi 19 mars aura finalement donn\u00e9 deux signaux similaires de la part du gouvernement, ce dernier c\u00e9dant le flambeau de la lutte contre le coronavirus \u00e0 d&rsquo;autre entit\u00e9s. D&rsquo;une part, le Premier ministre et le Ministre de la Sant\u00e9 attendent de la part des entit\u00e9s f\u00e9d\u00e9r\u00e9es une strat\u00e9gie concernant le secteur de l&rsquo;enseignement. Et d&rsquo;autre part, les entreprises vont \u00eatre mises \u00e0 contribution pour <a href=\"https:\/\/peoplesphere.be\/fr\/vaccination-faut-agir-vite-accelerer-reprise-economique-puisse-lieu\/\">acc\u00e9l\u00e9rer le processus de vaccination<\/a> qui peine toujours \u00e0 adopter une vitesse de croisi\u00e8re acceptable.<!--more--><\/p>\n<p>L&rsquo;UCM se r\u00e9jouit ainsi du changement de strat\u00e9gie pour les employeurs : <em>\u00ab\u00a0les ind\u00e9pendants et les chefs de PME ne peuvent plus supporter une gestion de crise r\u00e9duite \u00e0 une approche restrictive et punitive. Des secteurs entiers (horeca, culture, fitness, agences de paris et de voyages, \u00e9v\u00e9nementiel, monde de la nuit\u2026) sont en train de dispara\u00eetre. Des milliers d&rsquo;entrepreneurs sont accul\u00e9s au d\u00e9sespoir. Les aides restent n\u00e9cessaires mais elles ne suffisent plus : il faut aujourd&rsquo;hui permettre aux professionnels qui peuvent le faire dans de bonnes conditions sanitaires de travailler.\u00a0Dans ce contexte, UCM prend comme une bonne nouvelle la mise en place du testing rapide en entreprise. Des questions logistiques se posent. Il faut pouvoir se fournir facilement. Il faut bien entendu que le co\u00fbt ne soit pas \u00e0 la charge des employeurs. Si ces conditions sont remplies, il s&rsquo;agit d&rsquo;une avanc\u00e9e dans la gestion de l&rsquo;\u00e9pid\u00e9mie. Le gouvernement joue enfin la confiance et la responsabilisation.\u00a0\u00bb<\/em><\/p>\n<p>L&rsquo;organisation patronale wallonne se dit pr\u00eate \u00e0 soutenir l&rsquo;acc\u00e9l\u00e9ration de la campagne de vaccination: <em>\u00ab\u00a0le gouvernement a eu le courage politique de faire confiance aux scientifiques et de ne pas ralentir inutilement la campagne de vaccination. Poursuivons-la aussi rapidement que possible. Mais n&rsquo;attendons pas que tout le monde ait eu l&rsquo;occasion de se prot\u00e9ger avant de revenir \u00e0 une vie normale.\u00a0Le risque z\u00e9ro n&rsquo;existe pas. Il faut accepter de vivre avec le Covid \u00e0 partir du moment o\u00f9 des moyens existent pour r\u00e9duire sa circulation, o\u00f9 les personnes les plus \u00e0 risque sont prot\u00e9g\u00e9es et le syst\u00e8me de soins ne risque pas d&rsquo;\u00eatre d\u00e9bord\u00e9.\u00a0\u00bb<\/em><\/p>\n<p>Du c\u00f4t\u00e9 de la FEB o\u00f9 l&rsquo;on s&rsquo;inqui\u00e8te des chiffres alarmants publi\u00e9s r\u00e9cemment:<\/p>\n<p>Le respect des r\u00e8gles et l\u2019acc\u00e9l\u00e9ration de la campagne de vaccination pour sortir de la crise: <em>\u00ab\u00a0l&rsquo;acc\u00e9l\u00e9ration de la campagne de vaccination est le seul moyen de continuer \u00e0 offrir des perspectives aux secteurs \u00e0 l\u2019arr\u00eat et de ramener l\u2019\u00e9conomie \u00e0 la normale \u00e0 br\u00e8ve \u00e9ch\u00e9ance.\u00a0\u00bb<\/em><\/p>\n<p>La FEB craint que le nombre croissant de cas de coronavirus ne mette \u00e0 nouveau les entreprises en difficult\u00e9 et ne sape davantage les perspectives esp\u00e9r\u00e9es. Premi\u00e8rement, elle est pr\u00e9occup\u00e9e par <a href=\"https:\/\/peoplesphere.be\/fr\/absenteisme-pandemie-limpact-se-marque-surtout-niveau-absences-de-longue-duree-pire-etre-a-venir\/\">le risque de voir les entreprises \u00e0 nouveau confront\u00e9es \u00e0 un niveau \u00e9lev\u00e9 d\u2019absence au travail<\/a> en raison de l\u2019augmentation du nombre de travailleurs malades et des obligations de quarantaine et d\u2019isolement. Deuxi\u00e8mement, la FEB souligne que tout doit \u00eatre mis en \u0153uvre pour respecter le calendrier de r\u00e9ouverture des secteurs \u00e0 l\u2019arr\u00eat, qui sont en grande difficult\u00e9.<\/p>\n<p><em>\u00ab\u00a0Seule une application stricte des r\u00e8gles sanitaires maintenant permettra que les perspectives ouvertes en d\u00e9but de semaine en faveur de moments de retour sur le lieu de travail des t\u00e9l\u00e9travailleurs apr\u00e8s les vacances de P\u00e2ques ne se soient pas compromises. Ces moments de retour sont importants, car les effets n\u00e9gatifs du t\u00e9l\u00e9travail obligatoire \u00e0 temps plein commencent \u00e0 se faire sentir tant chez les employeurs que chez les travailleurs.\u00a0Nous devons \u00e9viter tous ensemble que la situation devienne \u00e0 nouveau incontr\u00f4lable et que nous soyons confront\u00e9s \u00e0 une troisi\u00e8me vague et \u00e0 de nouvelles restrictions. Il est donc plus que jamais crucial que chacun continue \u00e0 respecter strictement les mesures sanitaires et de pr\u00e9caution. Que tous les employeurs et les travailleurs continuent \u00e0 faire une utilisation maximale du t\u00e9l\u00e9travail, l\u00e0 o\u00f9 cela est possible. Enfin, les pouvoirs publics doivent tout faire pour acc\u00e9l\u00e9rer la campagne de vaccination. La combinaison de ces mesures constitue la seule voie pour sortir de la crise et offrir les perspectives n\u00e9cessaires aux secteurs \u00e0 l\u2019arr\u00eat et aux t\u00e9l\u00e9travailleurs\u00a0\u00bb<\/em>, d\u00e9clare Pieter Timmermans, CEO de la FEB.<\/p>\n<p><em>Sources : UCM &#8211; FEB<\/em><\/p>\n","protected":false},"excerpt":{"rendered":"<p>Le comit\u00e9 de concertation anticip\u00e9 de ce vendredi 19 mars aura finalement donn\u00e9 deux signaux similaires de la part du gouvernement, ce dernier c\u00e9dant le flambeau de la lutte contre le coronavirus \u00e0 d&rsquo;autre entit\u00e9s. D&rsquo;une part, le Premier ministre [&hellip;]<\/p>\n","protected":false},"author":2,"featured_media":0,"comment_status":"closed","ping_status":"open","sticky":false,"template":"","format":"standard","meta":[],"categories":[65,10],"tags":[2947,1207,17,1350,2723],"yoast_head":"<!-- This site is optimized with the Yoast SEO plugin v21.0 - https:\/\/yoast.com\/wordpress\/plugins\/seo\/ -->\n<title>Cela ressemble \u00e0 un passage de flambeau... Ce sont d\u00e9sormais les entreprises qui vont devoir prendre la main pour lutter contre la pand\u00e9mie. - Peoplesphere<\/title>\n<meta name=\"robots\" content=\"index, follow, max-snippet:-1, max-image-preview:large, max-video-preview:-1\" \/>\n<link rel=\"canonical\" href=\"https:\/\/peoplesphere.be\/fr\/ressemble-a-passage-de-flambeau-desormais-entreprises-devoir-prendre-main-lutter-contre-pandemie\/\" \/>\n<meta property=\"og:locale\" content=\"fr_FR\" \/>\n<meta property=\"og:type\" content=\"article\" \/>\n<meta property=\"og:title\" content=\"Cela ressemble \u00e0 un passage de flambeau... Ce sont d\u00e9sormais les entreprises qui vont devoir prendre la main pour lutter contre la pand\u00e9mie. - Peoplesphere\" \/>\n<meta property=\"og:description\" content=\"Le comit\u00e9 de concertation anticip\u00e9 de ce vendredi 19 mars aura finalement donn\u00e9 deux signaux similaires de la part du gouvernement, ce dernier c\u00e9dant le flambeau de la lutte contre le coronavirus \u00e0 d&rsquo;autre entit\u00e9s. D&rsquo;une part, le Premier ministre [&hellip;]\" \/>\n<meta property=\"og:url\" content=\"https:\/\/peoplesphere.be\/fr\/ressemble-a-passage-de-flambeau-desormais-entreprises-devoir-prendre-main-lutter-contre-pandemie\/\" \/>\n<meta property=\"og:site_name\" content=\"Peoplesphere\" \/>\n<meta property=\"article:publisher\" content=\"https:\/\/www.facebook.com\/peoplesphere\" \/>\n<meta property=\"article:published_time\" content=\"2021-03-21T09:37:09+00:00\" \/>\n<meta property=\"article:modified_time\" content=\"2021-03-21T09:42:06+00:00\" \/>\n<meta property=\"og:image\" content=\"http:\/\/www.peoplesphere.be\/fr\/wp-content\/uploads\/2016\/07\/facebook-default-posting-1200x628px.jpg\" \/>\n<meta name=\"author\" content=\"Jean-Paul Erhard\" \/>\n<meta name=\"twitter:card\" content=\"summary_large_image\" \/>\n<meta name=\"twitter:creator\" content=\"@PeoplesphereMag\" \/>\n<meta name=\"twitter:site\" content=\"@PeoplesphereMag\" \/>\n<meta name=\"twitter:label1\" content=\"\u00c9crit par\" \/>\n\t<meta name=\"twitter:data1\" content=\"Jean-Paul Erhard\" \/>\n\t<meta name=\"twitter:label2\" content=\"Dur\u00e9e de lecture estim\u00e9e\" \/>\n\t<meta name=\"twitter:data2\" content=\"4 minutes\" \/>\n<script type=\"application\/ld+json\" class=\"yoast-schema-graph\">{\"@context\":\"https:\/\/schema.org\",\"@graph\":[{\"@type\":\"Article\",\"@id\":\"https:\/\/peoplesphere.be\/fr\/ressemble-a-passage-de-flambeau-desormais-entreprises-devoir-prendre-main-lutter-contre-pandemie\/#article\",\"isPartOf\":{\"@id\":\"https:\/\/peoplesphere.be\/fr\/ressemble-a-passage-de-flambeau-desormais-entreprises-devoir-prendre-main-lutter-contre-pandemie\/\"},\"author\":{\"name\":\"Jean-Paul Erhard\",\"@id\":\"https:\/\/peoplesphere.be\/fr\/#\/schema\/person\/7976225ff17988604334abb7b3536a7e\"},\"headline\":\"Cela ressemble \u00e0 un passage de flambeau&#8230; Ce sont d\u00e9sormais les entreprises qui vont devoir prendre la main pour lutter contre la pand\u00e9mie.\",\"datePublished\":\"2021-03-21T09:37:09+00:00\",\"dateModified\":\"2021-03-21T09:42:06+00:00\",\"mainEntityOfPage\":{\"@id\":\"https:\/\/peoplesphere.be\/fr\/ressemble-a-passage-de-flambeau-desormais-entreprises-devoir-prendre-main-lutter-contre-pandemie\/\"},\"wordCount\":761,\"publisher\":{\"@id\":\"https:\/\/peoplesphere.be\/fr\/#organization\"},\"keywords\":[\"coronavirus\",\"FEB\",\"Sant\u00e9\",\"ucm\",\"vaccination\"],\"articleSection\":[\"Actualit\u00e9s\",\"Digital\"],\"inLanguage\":\"fr-FR\"},{\"@type\":\"WebPage\",\"@id\":\"https:\/\/peoplesphere.be\/fr\/ressemble-a-passage-de-flambeau-desormais-entreprises-devoir-prendre-main-lutter-contre-pandemie\/\",\"url\":\"https:\/\/peoplesphere.be\/fr\/ressemble-a-passage-de-flambeau-desormais-entreprises-devoir-prendre-main-lutter-contre-pandemie\/\",\"name\":\"Cela ressemble \u00e0 un passage de flambeau... Ce sont d\u00e9sormais les entreprises qui vont devoir prendre la main pour lutter contre la pand\u00e9mie. - Peoplesphere\",\"isPartOf\":{\"@id\":\"https:\/\/peoplesphere.be\/fr\/#website\"},\"datePublished\":\"2021-03-21T09:37:09+00:00\",\"dateModified\":\"2021-03-21T09:42:06+00:00\",\"breadcrumb\":{\"@id\":\"https:\/\/peoplesphere.be\/fr\/ressemble-a-passage-de-flambeau-desormais-entreprises-devoir-prendre-main-lutter-contre-pandemie\/#breadcrumb\"},\"inLanguage\":\"fr-FR\",\"potentialAction\":[{\"@type\":\"ReadAction\",\"target\":[\"https:\/\/peoplesphere.be\/fr\/ressemble-a-passage-de-flambeau-desormais-entreprises-devoir-prendre-main-lutter-contre-pandemie\/\"]}]},{\"@type\":\"BreadcrumbList\",\"@id\":\"https:\/\/peoplesphere.be\/fr\/ressemble-a-passage-de-flambeau-desormais-entreprises-devoir-prendre-main-lutter-contre-pandemie\/#breadcrumb\",\"itemListElement\":[{\"@type\":\"ListItem\",\"position\":1,\"name\":\"Accueil\",\"item\":\"https:\/\/peoplesphere.be\/fr\/\"},{\"@type\":\"ListItem\",\"position\":2,\"name\":\"Cela ressemble \u00e0 un passage de flambeau&#8230; Ce sont d\u00e9sormais les entreprises qui vont devoir prendre la main pour lutter contre la pand\u00e9mie.\"}]},{\"@type\":\"WebSite\",\"@id\":\"https:\/\/peoplesphere.be\/fr\/#website\",\"url\":\"https:\/\/peoplesphere.be\/fr\/\",\"name\":\"Peoplesphere\",\"description\":\"The People Managers Magazine\",\"publisher\":{\"@id\":\"https:\/\/peoplesphere.be\/fr\/#organization\"},\"potentialAction\":[{\"@type\":\"SearchAction\",\"target\":{\"@type\":\"EntryPoint\",\"urlTemplate\":\"https:\/\/peoplesphere.be\/fr\/?s={search_term_string}\"},\"query-input\":\"required name=search_term_string\"}],\"inLanguage\":\"fr-FR\"},{\"@type\":\"Organization\",\"@id\":\"https:\/\/peoplesphere.be\/fr\/#organization\",\"name\":\"Peoplesphere Company srl\",\"url\":\"https:\/\/peoplesphere.be\/fr\/\",\"logo\":{\"@type\":\"ImageObject\",\"inLanguage\":\"fr-FR\",\"@id\":\"https:\/\/peoplesphere.be\/fr\/#\/schema\/logo\/image\/\",\"url\":\"https:\/\/peoplesphere.be\/fr\/wp-content\/uploads\/2023\/07\/peoplesphere-lgo-new-generik.jpg\",\"contentUrl\":\"https:\/\/peoplesphere.be\/fr\/wp-content\/uploads\/2023\/07\/peoplesphere-lgo-new-generik.jpg\",\"width\":1031,\"height\":1479,\"caption\":\"Peoplesphere Company srl\"},\"image\":{\"@id\":\"https:\/\/peoplesphere.be\/fr\/#\/schema\/logo\/image\/\"},\"sameAs\":[\"https:\/\/www.facebook.com\/peoplesphere\",\"https:\/\/twitter.com\/PeoplesphereMag\",\"https:\/\/www.linkedin.com\/company\/7587361?trk\",\"http:\/\/youtube.com\/peoplesphere\"]},{\"@type\":\"Person\",\"@id\":\"https:\/\/peoplesphere.be\/fr\/#\/schema\/person\/7976225ff17988604334abb7b3536a7e\",\"name\":\"Jean-Paul Erhard\",\"image\":{\"@type\":\"ImageObject\",\"inLanguage\":\"fr-FR\",\"@id\":\"https:\/\/peoplesphere.be\/fr\/#\/schema\/person\/image\/\",\"url\":\"https:\/\/secure.gravatar.com\/avatar\/f941e681460179738071629a51574930?s=96&d=mm&r=g\",\"contentUrl\":\"https:\/\/secure.gravatar.com\/avatar\/f941e681460179738071629a51574930?s=96&d=mm&r=g\",\"caption\":\"Jean-Paul Erhard\"},\"url\":\"https:\/\/peoplesphere.be\/fr\/author\/jpe\/\"}]}<\/script>\n<!-- \/ Yoast SEO plugin. -->","yoast_head_json":{"title":"Cela ressemble \u00e0 un passage de flambeau... Ce sont d\u00e9sormais les entreprises qui vont devoir prendre la main pour lutter contre la pand\u00e9mie. - Peoplesphere","robots":{"index":"index","follow":"follow","max-snippet":"max-snippet:-1","max-image-preview":"max-image-preview:large","max-video-preview":"max-video-preview:-1"},"canonical":"https:\/\/peoplesphere.be\/fr\/ressemble-a-passage-de-flambeau-desormais-entreprises-devoir-prendre-main-lutter-contre-pandemie\/","og_locale":"fr_FR","og_type":"article","og_title":"Cela ressemble \u00e0 un passage de flambeau... Ce sont d\u00e9sormais les entreprises qui vont devoir prendre la main pour lutter contre la pand\u00e9mie. - Peoplesphere","og_description":"Le comit\u00e9 de concertation anticip\u00e9 de ce vendredi 19 mars aura finalement donn\u00e9 deux signaux similaires de la part du gouvernement, ce dernier c\u00e9dant le flambeau de la lutte contre le coronavirus \u00e0 d&rsquo;autre entit\u00e9s. D&rsquo;une part, le Premier ministre [&hellip;]","og_url":"https:\/\/peoplesphere.be\/fr\/ressemble-a-passage-de-flambeau-desormais-entreprises-devoir-prendre-main-lutter-contre-pandemie\/","og_site_name":"Peoplesphere","article_publisher":"https:\/\/www.facebook.com\/peoplesphere","article_published_time":"2021-03-21T09:37:09+00:00","article_modified_time":"2021-03-21T09:42:06+00:00","og_image":[{"url":"http:\/\/www.peoplesphere.be\/fr\/wp-content\/uploads\/2016\/07\/facebook-default-posting-1200x628px.jpg"}],"author":"Jean-Paul Erhard","twitter_card":"summary_large_image","twitter_creator":"@PeoplesphereMag","twitter_site":"@PeoplesphereMag","twitter_misc":{"\u00c9crit par":"Jean-Paul Erhard","Dur\u00e9e de lecture estim\u00e9e":"4 minutes"},"schema":{"@context":"https:\/\/schema.org","@graph":[{"@type":"Article","@id":"https:\/\/peoplesphere.be\/fr\/ressemble-a-passage-de-flambeau-desormais-entreprises-devoir-prendre-main-lutter-contre-pandemie\/#article","isPartOf":{"@id":"https:\/\/peoplesphere.be\/fr\/ressemble-a-passage-de-flambeau-desormais-entreprises-devoir-prendre-main-lutter-contre-pandemie\/"},"author":{"name":"Jean-Paul Erhard","@id":"https:\/\/peoplesphere.be\/fr\/#\/schema\/person\/7976225ff17988604334abb7b3536a7e"},"headline":"Cela ressemble \u00e0 un passage de flambeau&#8230; Ce sont d\u00e9sormais les entreprises qui vont devoir prendre la main pour lutter contre la pand\u00e9mie.","datePublished":"2021-03-21T09:37:09+00:00","dateModified":"2021-03-21T09:42:06+00:00","mainEntityOfPage":{"@id":"https:\/\/peoplesphere.be\/fr\/ressemble-a-passage-de-flambeau-desormais-entreprises-devoir-prendre-main-lutter-contre-pandemie\/"},"wordCount":761,"publisher":{"@id":"https:\/\/peoplesphere.be\/fr\/#organization"},"keywords":["coronavirus","FEB","Sant\u00e9","ucm","vaccination"],"articleSection":["Actualit\u00e9s","Digital"],"inLanguage":"fr-FR"},{"@type":"WebPage","@id":"https:\/\/peoplesphere.be\/fr\/ressemble-a-passage-de-flambeau-desormais-entreprises-devoir-prendre-main-lutter-contre-pandemie\/","url":"https:\/\/peoplesphere.be\/fr\/ressemble-a-passage-de-flambeau-desormais-entreprises-devoir-prendre-main-lutter-contre-pandemie\/","name":"Cela ressemble \u00e0 un passage de flambeau... Ce sont d\u00e9sormais les entreprises qui vont devoir prendre la main pour lutter contre la pand\u00e9mie. - Peoplesphere","isPartOf":{"@id":"https:\/\/peoplesphere.be\/fr\/#website"},"datePublished":"2021-03-21T09:37:09+00:00","dateModified":"2021-03-21T09:42:06+00:00","breadcrumb":{"@id":"https:\/\/peoplesphere.be\/fr\/ressemble-a-passage-de-flambeau-desormais-entreprises-devoir-prendre-main-lutter-contre-pandemie\/#breadcrumb"},"inLanguage":"fr-FR","potentialAction":[{"@type":"ReadAction","target":["https:\/\/peoplesphere.be\/fr\/ressemble-a-passage-de-flambeau-desormais-entreprises-devoir-prendre-main-lutter-contre-pandemie\/"]}]},{"@type":"BreadcrumbList","@id":"https:\/\/peoplesphere.be\/fr\/ressemble-a-passage-de-flambeau-desormais-entreprises-devoir-prendre-main-lutter-contre-pandemie\/#breadcrumb","itemListElement":[{"@type":"ListItem","position":1,"name":"Accueil","item":"https:\/\/peoplesphere.be\/fr\/"},{"@type":"ListItem","position":2,"name":"Cela ressemble \u00e0 un passage de flambeau&#8230; Ce sont d\u00e9sormais les entreprises qui vont devoir prendre la main pour lutter contre la pand\u00e9mie."}]},{"@type":"WebSite","@id":"https:\/\/peoplesphere.be\/fr\/#website","url":"https:\/\/peoplesphere.be\/fr\/","name":"Peoplesphere","description":"The People Managers Magazine","publisher":{"@id":"https:\/\/peoplesphere.be\/fr\/#organization"},"potentialAction":[{"@type":"SearchAction","target":{"@type":"EntryPoint","urlTemplate":"https:\/\/peoplesphere.be\/fr\/?s={search_term_string}"},"query-input":"required name=search_term_string"}],"inLanguage":"fr-FR"},{"@type":"Organization","@id":"https:\/\/peoplesphere.be\/fr\/#organization","name":"Peoplesphere Company srl","url":"https:\/\/peoplesphere.be\/fr\/","logo":{"@type":"ImageObject","inLanguage":"fr-FR","@id":"https:\/\/peoplesphere.be\/fr\/#\/schema\/logo\/image\/","url":"https:\/\/peoplesphere.be\/fr\/wp-content\/uploads\/2023\/07\/peoplesphere-lgo-new-generik.jpg","contentUrl":"https:\/\/peoplesphere.be\/fr\/wp-content\/uploads\/2023\/07\/peoplesphere-lgo-new-generik.jpg","width":1031,"height":1479,"caption":"Peoplesphere Company srl"},"image":{"@id":"https:\/\/peoplesphere.be\/fr\/#\/schema\/logo\/image\/"},"sameAs":["https:\/\/www.facebook.com\/peoplesphere","https:\/\/twitter.com\/PeoplesphereMag","https:\/\/www.linkedin.com\/company\/7587361?trk","http:\/\/youtube.com\/peoplesphere"]},{"@type":"Person","@id":"https:\/\/peoplesphere.be\/fr\/#\/schema\/person\/7976225ff17988604334abb7b3536a7e","name":"Jean-Paul Erhard","image":{"@type":"ImageObject","inLanguage":"fr-FR","@id":"https:\/\/peoplesphere.be\/fr\/#\/schema\/person\/image\/","url":"https:\/\/secure.gravatar.com\/avatar\/f941e681460179738071629a51574930?s=96&d=mm&r=g","contentUrl":"https:\/\/secure.gravatar.com\/avatar\/f941e681460179738071629a51574930?s=96&d=mm&r=g","caption":"Jean-Paul Erhard"},"url":"https:\/\/peoplesphere.be\/fr\/author\/jpe\/"}]}},"_links":{"self":[{"href":"https:\/\/peoplesphere.be\/fr\/wp-json\/wp\/v2\/posts\/11040"}],"collection":[{"href":"https:\/\/peoplesphere.be\/fr\/wp-json\/wp\/v2\/posts"}],"about":[{"href":"https:\/\/peoplesphere.be\/fr\/wp-json\/wp\/v2\/types\/post"}],"author":[{"embeddable":true,"href":"https:\/\/peoplesphere.be\/fr\/wp-json\/wp\/v2\/users\/2"}],"replies":[{"embeddable":true,"href":"https:\/\/peoplesphere.be\/fr\/wp-json\/wp\/v2\/comments?post=11040"}],"version-history":[{"count":3,"href":"https:\/\/peoplesphere.be\/fr\/wp-json\/wp\/v2\/posts\/11040\/revisions"}],"predecessor-version":[{"id":11043,"href":"https:\/\/peoplesphere.be\/fr\/wp-json\/wp\/v2\/posts\/11040\/revisions\/11043"}],"wp:attachment":[{"href":"https:\/\/peoplesphere.be\/fr\/wp-json\/wp\/v2\/media?parent=11040"}],"wp:term":[{"taxonomy":"category","embeddable":true,"href":"https:\/\/peoplesphere.be\/fr\/wp-json\/wp\/v2\/categories?post=11040"},{"taxonomy":"post_tag","embeddable":true,"href":"https:\/\/peoplesphere.be\/fr\/wp-json\/wp\/v2\/tags?post=11040"}],"curies":[{"name":"wp","href":"https:\/\/api.w.org\/{rel}","templated":true}]}}