









{"id":11046,"date":"2021-03-22T13:30:20","date_gmt":"2021-03-22T11:30:20","guid":{"rendered":"https:\/\/peoplesphere.be\/fr\/?p=11046"},"modified":"2021-03-22T13:31:28","modified_gmt":"2021-03-22T11:31:28","slug":"colloque-de-ladp-liege-1er-avril-a-13h-personne-plaisir-planete-participatif-bienvenue-nouveau-monde-rh","status":"publish","type":"post","link":"https:\/\/peoplesphere.be\/fr\/colloque-de-ladp-liege-1er-avril-a-13h-personne-plaisir-planete-participatif-bienvenue-nouveau-monde-rh\/","title":{"rendered":"Colloque de l&rsquo;ADP Li\u00e8ge le 1er avril \u00e0 13h: Personne \u2013 Plaisir \u2013 Plan\u00e8te \u2013 Participatif, bienvenue dans le nouveau monde des RH."},"content":{"rendered":"<p>L\u2019ADP de Li\u00e8ge a le plaisir de vous inviter \u00e0 son colloque du jeudi 1er avril 2021 \u00e0 partir de 13 heures pr\u00e9cises ! Le monde de l\u2019entreprise poursuit sa mutation avec comme enjeu, plus que jamais, de combiner performance et sens au travail. Venez d\u00e9couvrir des id\u00e9es inspirantes et des partages d\u2019exp\u00e9riences concr\u00e8tes lors d\u2019une apr\u00e8s-midi de Colloque en format \u00ab\u00a0distanciel qui nous rapproche\u00a0\u00bb. Bienvenue dans le nouveau monde des RH et ses 4P.<!--more--><\/p>\n<p><strong><em>Au programme de la journ\u00e9e :<\/em><\/strong><\/p>\n<ul>\n<li>13H00 &#8211; Introduction par Nathalie Bologne, Pr\u00e9sidente de l\u2019ADP Li\u00e8ge, et Fran\u00e7ois Pichault, Professeur HEC\/ULi\u00e8ge et Directeur du LENTIC<\/li>\n<li>13H15 &#8211; Personne : Homo Digitalis : comment la digitalisation nous rend plus humains \u2013 Thierry Geerts, Directeur g\u00e9n\u00e9ral de Google Belgique<\/li>\n<li>14H00 &#8211; Plan\u00e8te : D\u00e9veloppement durable et entreprises : effets d\u2019entra\u00eenement \u2013 C\u00e9cile Neven, Experte Energie et Environnement et Directrice P\u00f4le Partenariats de l\u2019Union Wallonne des Entreprises et partage d\u2019exp\u00e9rience (entreprise \u00e0 confirmer)<\/li>\n<li>14H45 &#8211; Pause<\/li>\n<li>15h00 &#8211; Participatif : Le management participatif en entreprise \u2013 Laurent Ledoux, Managing Partner de Phusis et ancien pr\u00e9sident du S.P.F. Mobilit\u00e9 et Transports \u2013 partage d\u2019exp\u00e9rience avec Manuel Colasse \u2013 CEO de Colasse SA<\/li>\n<li>15h45 &#8211; Plaisir : Moment de tr\u00e8s s\u00e9rieuse d\u00e9tente avec Miguel Marchal, consultant en bien-\u00eatre et rigologue chez My Mind<\/li>\n<li>16h30 &#8211; Les 4 P des RH \u2013 Echanges avec les participants \u2013 Synth\u00e8se de Fran\u00e7ois Pichault<\/li>\n<li>17h00 &#8211; Cl\u00f4ture<\/li>\n<\/ul>\n<p><strong><em>PARTICIPATION AUX FRAIS :<\/em><\/strong> 25\u20ac (gratuit pour les membres de l\u2019ADP Li\u00e8ge et leurs invit\u00e9s). Le livre \u00ab\u00a0Homo Digitalis\u00a0\u00bb de Thierry Geerts sera offert \u00e0 tous les participants. Inscription via le site ADPLiege.be : <a href=\"http:\/\/www.adp-liege.be\/fr\/inscription-colloque-adp\">http:\/\/www.adp-liege.be\/fr\/inscription-colloque-adp<\/a><\/p>\n","protected":false},"excerpt":{"rendered":"<p>L\u2019ADP de Li\u00e8ge a le plaisir de vous inviter \u00e0 son colloque du jeudi 1er avril 2021 \u00e0 partir de 13 heures pr\u00e9cises ! Le monde de l\u2019entreprise poursuit sa mutation avec comme enjeu, plus que jamais, de combiner performance [&hellip;]<\/p>\n","protected":false},"author":2,"featured_media":0,"comment_status":"closed","ping_status":"open","sticky":false,"template":"","format":"standard","meta":[],"categories":[67,8],"tags":[274,461],"yoast_head":"<!-- This site is optimized with the Yoast SEO plugin v21.0 - https:\/\/yoast.com\/wordpress\/plugins\/seo\/ -->\n<title>Colloque de l&#039;ADP Li\u00e8ge le 1er avril \u00e0 13h: Personne \u2013 Plaisir \u2013 Plan\u00e8te \u2013 Participatif, bienvenue dans le nouveau monde des RH. - Peoplesphere<\/title>\n<meta name=\"robots\" content=\"index, follow, max-snippet:-1, max-image-preview:large, max-video-preview:-1\" \/>\n<link rel=\"canonical\" href=\"https:\/\/peoplesphere.be\/fr\/colloque-de-ladp-liege-1er-avril-a-13h-personne-plaisir-planete-participatif-bienvenue-nouveau-monde-rh\/\" \/>\n<meta property=\"og:locale\" content=\"fr_FR\" \/>\n<meta property=\"og:type\" content=\"article\" \/>\n<meta property=\"og:title\" content=\"Colloque de l&#039;ADP Li\u00e8ge le 1er avril \u00e0 13h: Personne \u2013 Plaisir \u2013 Plan\u00e8te \u2013 Participatif, bienvenue dans le nouveau monde des RH. - Peoplesphere\" \/>\n<meta property=\"og:description\" content=\"L\u2019ADP de Li\u00e8ge a le plaisir de vous inviter \u00e0 son colloque du jeudi 1er avril 2021 \u00e0 partir de 13 heures pr\u00e9cises ! Le monde de l\u2019entreprise poursuit sa mutation avec comme enjeu, plus que jamais, de combiner performance [&hellip;]\" \/>\n<meta property=\"og:url\" content=\"https:\/\/peoplesphere.be\/fr\/colloque-de-ladp-liege-1er-avril-a-13h-personne-plaisir-planete-participatif-bienvenue-nouveau-monde-rh\/\" \/>\n<meta property=\"og:site_name\" content=\"Peoplesphere\" \/>\n<meta property=\"article:publisher\" content=\"https:\/\/www.facebook.com\/peoplesphere\" \/>\n<meta property=\"article:published_time\" content=\"2021-03-22T11:30:20+00:00\" \/>\n<meta property=\"article:modified_time\" content=\"2021-03-22T11:31:28+00:00\" \/>\n<meta property=\"og:image\" content=\"http:\/\/www.peoplesphere.be\/fr\/wp-content\/uploads\/2016\/07\/facebook-default-posting-1200x628px.jpg\" \/>\n<meta name=\"author\" content=\"Jean-Paul Erhard\" \/>\n<meta name=\"twitter:card\" content=\"summary_large_image\" \/>\n<meta name=\"twitter:creator\" content=\"@PeoplesphereMag\" \/>\n<meta name=\"twitter:site\" content=\"@PeoplesphereMag\" \/>\n<meta name=\"twitter:label1\" content=\"\u00c9crit par\" \/>\n\t<meta name=\"twitter:data1\" content=\"Jean-Paul Erhard\" \/>\n\t<meta name=\"twitter:label2\" content=\"Dur\u00e9e de lecture estim\u00e9e\" \/>\n\t<meta name=\"twitter:data2\" content=\"1 minute\" \/>\n<script type=\"application\/ld+json\" class=\"yoast-schema-graph\">{\"@context\":\"https:\/\/schema.org\",\"@graph\":[{\"@type\":\"Article\",\"@id\":\"https:\/\/peoplesphere.be\/fr\/colloque-de-ladp-liege-1er-avril-a-13h-personne-plaisir-planete-participatif-bienvenue-nouveau-monde-rh\/#article\",\"isPartOf\":{\"@id\":\"https:\/\/peoplesphere.be\/fr\/colloque-de-ladp-liege-1er-avril-a-13h-personne-plaisir-planete-participatif-bienvenue-nouveau-monde-rh\/\"},\"author\":{\"name\":\"Jean-Paul Erhard\",\"@id\":\"https:\/\/peoplesphere.be\/fr\/#\/schema\/person\/7976225ff17988604334abb7b3536a7e\"},\"headline\":\"Colloque de l&rsquo;ADP Li\u00e8ge le 1er avril \u00e0 13h: Personne \u2013 Plaisir \u2013 Plan\u00e8te \u2013 Participatif, bienvenue dans le nouveau monde des RH.\",\"datePublished\":\"2021-03-22T11:30:20+00:00\",\"dateModified\":\"2021-03-22T11:31:28+00:00\",\"mainEntityOfPage\":{\"@id\":\"https:\/\/peoplesphere.be\/fr\/colloque-de-ladp-liege-1er-avril-a-13h-personne-plaisir-planete-participatif-bienvenue-nouveau-monde-rh\/\"},\"wordCount\":314,\"publisher\":{\"@id\":\"https:\/\/peoplesphere.be\/fr\/#organization\"},\"keywords\":[\"ADP Li\u00e8ge\",\"RH\"],\"articleSection\":[\"Calendrier\",\"Events\"],\"inLanguage\":\"fr-FR\"},{\"@type\":\"WebPage\",\"@id\":\"https:\/\/peoplesphere.be\/fr\/colloque-de-ladp-liege-1er-avril-a-13h-personne-plaisir-planete-participatif-bienvenue-nouveau-monde-rh\/\",\"url\":\"https:\/\/peoplesphere.be\/fr\/colloque-de-ladp-liege-1er-avril-a-13h-personne-plaisir-planete-participatif-bienvenue-nouveau-monde-rh\/\",\"name\":\"Colloque de l'ADP Li\u00e8ge le 1er avril \u00e0 13h: Personne \u2013 Plaisir \u2013 Plan\u00e8te \u2013 Participatif, bienvenue dans le nouveau monde des RH. - Peoplesphere\",\"isPartOf\":{\"@id\":\"https:\/\/peoplesphere.be\/fr\/#website\"},\"datePublished\":\"2021-03-22T11:30:20+00:00\",\"dateModified\":\"2021-03-22T11:31:28+00:00\",\"breadcrumb\":{\"@id\":\"https:\/\/peoplesphere.be\/fr\/colloque-de-ladp-liege-1er-avril-a-13h-personne-plaisir-planete-participatif-bienvenue-nouveau-monde-rh\/#breadcrumb\"},\"inLanguage\":\"fr-FR\",\"potentialAction\":[{\"@type\":\"ReadAction\",\"target\":[\"https:\/\/peoplesphere.be\/fr\/colloque-de-ladp-liege-1er-avril-a-13h-personne-plaisir-planete-participatif-bienvenue-nouveau-monde-rh\/\"]}]},{\"@type\":\"BreadcrumbList\",\"@id\":\"https:\/\/peoplesphere.be\/fr\/colloque-de-ladp-liege-1er-avril-a-13h-personne-plaisir-planete-participatif-bienvenue-nouveau-monde-rh\/#breadcrumb\",\"itemListElement\":[{\"@type\":\"ListItem\",\"position\":1,\"name\":\"Accueil\",\"item\":\"https:\/\/peoplesphere.be\/fr\/\"},{\"@type\":\"ListItem\",\"position\":2,\"name\":\"Colloque de l&rsquo;ADP Li\u00e8ge le 1er avril \u00e0 13h: Personne \u2013 Plaisir \u2013 Plan\u00e8te \u2013 Participatif, bienvenue dans le nouveau monde des RH.\"}]},{\"@type\":\"WebSite\",\"@id\":\"https:\/\/peoplesphere.be\/fr\/#website\",\"url\":\"https:\/\/peoplesphere.be\/fr\/\",\"name\":\"Peoplesphere\",\"description\":\"The People Managers Magazine\",\"publisher\":{\"@id\":\"https:\/\/peoplesphere.be\/fr\/#organization\"},\"potentialAction\":[{\"@type\":\"SearchAction\",\"target\":{\"@type\":\"EntryPoint\",\"urlTemplate\":\"https:\/\/peoplesphere.be\/fr\/?s={search_term_string}\"},\"query-input\":\"required name=search_term_string\"}],\"inLanguage\":\"fr-FR\"},{\"@type\":\"Organization\",\"@id\":\"https:\/\/peoplesphere.be\/fr\/#organization\",\"name\":\"Peoplesphere Company srl\",\"url\":\"https:\/\/peoplesphere.be\/fr\/\",\"logo\":{\"@type\":\"ImageObject\",\"inLanguage\":\"fr-FR\",\"@id\":\"https:\/\/peoplesphere.be\/fr\/#\/schema\/logo\/image\/\",\"url\":\"https:\/\/peoplesphere.be\/fr\/wp-content\/uploads\/2023\/07\/peoplesphere-lgo-new-generik.jpg\",\"contentUrl\":\"https:\/\/peoplesphere.be\/fr\/wp-content\/uploads\/2023\/07\/peoplesphere-lgo-new-generik.jpg\",\"width\":1031,\"height\":1479,\"caption\":\"Peoplesphere Company srl\"},\"image\":{\"@id\":\"https:\/\/peoplesphere.be\/fr\/#\/schema\/logo\/image\/\"},\"sameAs\":[\"https:\/\/www.facebook.com\/peoplesphere\",\"https:\/\/twitter.com\/PeoplesphereMag\",\"https:\/\/www.linkedin.com\/company\/7587361?trk\",\"http:\/\/youtube.com\/peoplesphere\"]},{\"@type\":\"Person\",\"@id\":\"https:\/\/peoplesphere.be\/fr\/#\/schema\/person\/7976225ff17988604334abb7b3536a7e\",\"name\":\"Jean-Paul Erhard\",\"image\":{\"@type\":\"ImageObject\",\"inLanguage\":\"fr-FR\",\"@id\":\"https:\/\/peoplesphere.be\/fr\/#\/schema\/person\/image\/\",\"url\":\"https:\/\/secure.gravatar.com\/avatar\/f941e681460179738071629a51574930?s=96&d=mm&r=g\",\"contentUrl\":\"https:\/\/secure.gravatar.com\/avatar\/f941e681460179738071629a51574930?s=96&d=mm&r=g\",\"caption\":\"Jean-Paul Erhard\"},\"url\":\"https:\/\/peoplesphere.be\/fr\/author\/jpe\/\"}]}<\/script>\n<!-- \/ Yoast SEO plugin. -->","yoast_head_json":{"title":"Colloque de l'ADP Li\u00e8ge le 1er avril \u00e0 13h: Personne \u2013 Plaisir \u2013 Plan\u00e8te \u2013 Participatif, bienvenue dans le nouveau monde des RH. - Peoplesphere","robots":{"index":"index","follow":"follow","max-snippet":"max-snippet:-1","max-image-preview":"max-image-preview:large","max-video-preview":"max-video-preview:-1"},"canonical":"https:\/\/peoplesphere.be\/fr\/colloque-de-ladp-liege-1er-avril-a-13h-personne-plaisir-planete-participatif-bienvenue-nouveau-monde-rh\/","og_locale":"fr_FR","og_type":"article","og_title":"Colloque de l'ADP Li\u00e8ge le 1er avril \u00e0 13h: Personne \u2013 Plaisir \u2013 Plan\u00e8te \u2013 Participatif, bienvenue dans le nouveau monde des RH. - Peoplesphere","og_description":"L\u2019ADP de Li\u00e8ge a le plaisir de vous inviter \u00e0 son colloque du jeudi 1er avril 2021 \u00e0 partir de 13 heures pr\u00e9cises ! Le monde de l\u2019entreprise poursuit sa mutation avec comme enjeu, plus que jamais, de combiner performance [&hellip;]","og_url":"https:\/\/peoplesphere.be\/fr\/colloque-de-ladp-liege-1er-avril-a-13h-personne-plaisir-planete-participatif-bienvenue-nouveau-monde-rh\/","og_site_name":"Peoplesphere","article_publisher":"https:\/\/www.facebook.com\/peoplesphere","article_published_time":"2021-03-22T11:30:20+00:00","article_modified_time":"2021-03-22T11:31:28+00:00","og_image":[{"url":"http:\/\/www.peoplesphere.be\/fr\/wp-content\/uploads\/2016\/07\/facebook-default-posting-1200x628px.jpg"}],"author":"Jean-Paul Erhard","twitter_card":"summary_large_image","twitter_creator":"@PeoplesphereMag","twitter_site":"@PeoplesphereMag","twitter_misc":{"\u00c9crit par":"Jean-Paul Erhard","Dur\u00e9e de lecture estim\u00e9e":"1 minute"},"schema":{"@context":"https:\/\/schema.org","@graph":[{"@type":"Article","@id":"https:\/\/peoplesphere.be\/fr\/colloque-de-ladp-liege-1er-avril-a-13h-personne-plaisir-planete-participatif-bienvenue-nouveau-monde-rh\/#article","isPartOf":{"@id":"https:\/\/peoplesphere.be\/fr\/colloque-de-ladp-liege-1er-avril-a-13h-personne-plaisir-planete-participatif-bienvenue-nouveau-monde-rh\/"},"author":{"name":"Jean-Paul Erhard","@id":"https:\/\/peoplesphere.be\/fr\/#\/schema\/person\/7976225ff17988604334abb7b3536a7e"},"headline":"Colloque de l&rsquo;ADP Li\u00e8ge le 1er avril \u00e0 13h: Personne \u2013 Plaisir \u2013 Plan\u00e8te \u2013 Participatif, bienvenue dans le nouveau monde des RH.","datePublished":"2021-03-22T11:30:20+00:00","dateModified":"2021-03-22T11:31:28+00:00","mainEntityOfPage":{"@id":"https:\/\/peoplesphere.be\/fr\/colloque-de-ladp-liege-1er-avril-a-13h-personne-plaisir-planete-participatif-bienvenue-nouveau-monde-rh\/"},"wordCount":314,"publisher":{"@id":"https:\/\/peoplesphere.be\/fr\/#organization"},"keywords":["ADP Li\u00e8ge","RH"],"articleSection":["Calendrier","Events"],"inLanguage":"fr-FR"},{"@type":"WebPage","@id":"https:\/\/peoplesphere.be\/fr\/colloque-de-ladp-liege-1er-avril-a-13h-personne-plaisir-planete-participatif-bienvenue-nouveau-monde-rh\/","url":"https:\/\/peoplesphere.be\/fr\/colloque-de-ladp-liege-1er-avril-a-13h-personne-plaisir-planete-participatif-bienvenue-nouveau-monde-rh\/","name":"Colloque de l'ADP Li\u00e8ge le 1er avril \u00e0 13h: Personne \u2013 Plaisir \u2013 Plan\u00e8te \u2013 Participatif, bienvenue dans le nouveau monde des RH. - Peoplesphere","isPartOf":{"@id":"https:\/\/peoplesphere.be\/fr\/#website"},"datePublished":"2021-03-22T11:30:20+00:00","dateModified":"2021-03-22T11:31:28+00:00","breadcrumb":{"@id":"https:\/\/peoplesphere.be\/fr\/colloque-de-ladp-liege-1er-avril-a-13h-personne-plaisir-planete-participatif-bienvenue-nouveau-monde-rh\/#breadcrumb"},"inLanguage":"fr-FR","potentialAction":[{"@type":"ReadAction","target":["https:\/\/peoplesphere.be\/fr\/colloque-de-ladp-liege-1er-avril-a-13h-personne-plaisir-planete-participatif-bienvenue-nouveau-monde-rh\/"]}]},{"@type":"BreadcrumbList","@id":"https:\/\/peoplesphere.be\/fr\/colloque-de-ladp-liege-1er-avril-a-13h-personne-plaisir-planete-participatif-bienvenue-nouveau-monde-rh\/#breadcrumb","itemListElement":[{"@type":"ListItem","position":1,"name":"Accueil","item":"https:\/\/peoplesphere.be\/fr\/"},{"@type":"ListItem","position":2,"name":"Colloque de l&rsquo;ADP Li\u00e8ge le 1er avril \u00e0 13h: Personne \u2013 Plaisir \u2013 Plan\u00e8te \u2013 Participatif, bienvenue dans le nouveau monde des RH."}]},{"@type":"WebSite","@id":"https:\/\/peoplesphere.be\/fr\/#website","url":"https:\/\/peoplesphere.be\/fr\/","name":"Peoplesphere","description":"The People Managers Magazine","publisher":{"@id":"https:\/\/peoplesphere.be\/fr\/#organization"},"potentialAction":[{"@type":"SearchAction","target":{"@type":"EntryPoint","urlTemplate":"https:\/\/peoplesphere.be\/fr\/?s={search_term_string}"},"query-input":"required name=search_term_string"}],"inLanguage":"fr-FR"},{"@type":"Organization","@id":"https:\/\/peoplesphere.be\/fr\/#organization","name":"Peoplesphere Company srl","url":"https:\/\/peoplesphere.be\/fr\/","logo":{"@type":"ImageObject","inLanguage":"fr-FR","@id":"https:\/\/peoplesphere.be\/fr\/#\/schema\/logo\/image\/","url":"https:\/\/peoplesphere.be\/fr\/wp-content\/uploads\/2023\/07\/peoplesphere-lgo-new-generik.jpg","contentUrl":"https:\/\/peoplesphere.be\/fr\/wp-content\/uploads\/2023\/07\/peoplesphere-lgo-new-generik.jpg","width":1031,"height":1479,"caption":"Peoplesphere Company srl"},"image":{"@id":"https:\/\/peoplesphere.be\/fr\/#\/schema\/logo\/image\/"},"sameAs":["https:\/\/www.facebook.com\/peoplesphere","https:\/\/twitter.com\/PeoplesphereMag","https:\/\/www.linkedin.com\/company\/7587361?trk","http:\/\/youtube.com\/peoplesphere"]},{"@type":"Person","@id":"https:\/\/peoplesphere.be\/fr\/#\/schema\/person\/7976225ff17988604334abb7b3536a7e","name":"Jean-Paul Erhard","image":{"@type":"ImageObject","inLanguage":"fr-FR","@id":"https:\/\/peoplesphere.be\/fr\/#\/schema\/person\/image\/","url":"https:\/\/secure.gravatar.com\/avatar\/f941e681460179738071629a51574930?s=96&d=mm&r=g","contentUrl":"https:\/\/secure.gravatar.com\/avatar\/f941e681460179738071629a51574930?s=96&d=mm&r=g","caption":"Jean-Paul Erhard"},"url":"https:\/\/peoplesphere.be\/fr\/author\/jpe\/"}]}},"_links":{"self":[{"href":"https:\/\/peoplesphere.be\/fr\/wp-json\/wp\/v2\/posts\/11046"}],"collection":[{"href":"https:\/\/peoplesphere.be\/fr\/wp-json\/wp\/v2\/posts"}],"about":[{"href":"https:\/\/peoplesphere.be\/fr\/wp-json\/wp\/v2\/types\/post"}],"author":[{"embeddable":true,"href":"https:\/\/peoplesphere.be\/fr\/wp-json\/wp\/v2\/users\/2"}],"replies":[{"embeddable":true,"href":"https:\/\/peoplesphere.be\/fr\/wp-json\/wp\/v2\/comments?post=11046"}],"version-history":[{"count":3,"href":"https:\/\/peoplesphere.be\/fr\/wp-json\/wp\/v2\/posts\/11046\/revisions"}],"predecessor-version":[{"id":11049,"href":"https:\/\/peoplesphere.be\/fr\/wp-json\/wp\/v2\/posts\/11046\/revisions\/11049"}],"wp:attachment":[{"href":"https:\/\/peoplesphere.be\/fr\/wp-json\/wp\/v2\/media?parent=11046"}],"wp:term":[{"taxonomy":"category","embeddable":true,"href":"https:\/\/peoplesphere.be\/fr\/wp-json\/wp\/v2\/categories?post=11046"},{"taxonomy":"post_tag","embeddable":true,"href":"https:\/\/peoplesphere.be\/fr\/wp-json\/wp\/v2\/tags?post=11046"}],"curies":[{"name":"wp","href":"https:\/\/api.w.org\/{rel}","templated":true}]}}