









{"id":11078,"date":"2021-03-26T16:46:12","date_gmt":"2021-03-26T14:46:12","guid":{"rendered":"https:\/\/peoplesphere.be\/fr\/?p=11078"},"modified":"2021-03-26T16:46:12","modified_gmt":"2021-03-26T14:46:12","slug":"appel-a-telegreve-rappel-lundi-29-mars-syndicats-contestent-a-nouveau-revoir-norme-daugmentation-salaires","status":"publish","type":"post","link":"https:\/\/peoplesphere.be\/fr\/appel-a-telegreve-rappel-lundi-29-mars-syndicats-contestent-a-nouveau-revoir-norme-daugmentation-salaires\/","title":{"rendered":"Appel \u00e0 la &lsquo;t\u00e9l\u00e9gr\u00e8ve&rsquo; : pour rappel, ce lundi 29 mars, les syndicats contestent \u00e0 nouveau pour revoir la norme d&rsquo;augmentation des salaires."},"content":{"rendered":"<p>Comme le rappellent la CSC et la FGTB, les n\u00e9gociations concernant l\u2019AIP sont au point mort. \u00ab\u00a0Les employeurs s&rsquo;en tiennent \u00e0 une augmentation maximale des salaires de 0,4 %. Pas plus de quelques miettes &#8211; ou plus concr\u00e8tement : deux brioches de pain par mois. C&rsquo;est inacceptable.\u00a0\u00bb C&rsquo;est pour cette raison qu\u2019une journ\u00e9e de gr\u00e8ve nationale a \u00e9t\u00e9 d\u00e9cr\u00e9t\u00e9e en Belgique ce lundi 29 mars. A Bruxelles, la gr\u00e8ve se d\u00e9roulera dans les entreprises, mais aussi chez soi, en \u00ab\u00a0t\u00e9l\u00e9gr\u00e8ve\u00a0\u00bb.<!--more--><\/p>\n<p>Le Front Commun CSC-FGTB souhaite qu\u2019un accord interprofessionnel (AIP) soit obtenu pour 2021 et 2022. Cet accord devrait b\u00e9n\u00e9ficier aux quatre millions de salari\u00e9s en Belgique. Les n\u00e9gociations sont actuellement \u00e0 l\u2019arr\u00eat.<\/p>\n<p>Les syndicats pr\u00e9cisent :<em> \u00ab\u00a0les employeurs rejettent toute possibilit\u00e9 d&rsquo;augmentation des salaires de plus de 0,4 %. Ils se cachent derri\u00e8re la crise du COVID-19. Il est vrai que de nombreuses entreprises et leurs employ\u00e9s sont en difficult\u00e9. Mais certains secteurs se portent tr\u00e8s bien et ont vers\u00e9 de g\u00e9n\u00e9reux dividendes \u00e0 leurs actionnaires en pleine crise sanitaire. Les travailleurs, eux, ne re\u00e7oivent que des miettes.\u00a00,4 %, c&rsquo;est trop peu, surtout dans les secteurs o\u00f9 les choses tournent bien ces derniers mois. Dans de nombreux cas, cela n&rsquo;a \u00e9t\u00e9 possible que gr\u00e2ce aux efforts consid\u00e9rables d\u00e9ploy\u00e9s par les travailleuses et travailleurs. Ils et elles m\u00e9ritent le respect.\u00a0En refusant d\u2019augmenter notre pouvoir d\u2019achat, les employeurs freinent la reprise \u00e9conomique et menacent la paix sociale en pleine crise sanitaire.\u00a0\u00bb<\/em><\/p>\n<p><em>Source : CSC<\/em><\/p>\n","protected":false},"excerpt":{"rendered":"<p>Comme le rappellent la CSC et la FGTB, les n\u00e9gociations concernant l\u2019AIP sont au point mort. \u00ab\u00a0Les employeurs s&rsquo;en tiennent \u00e0 une augmentation maximale des salaires de 0,4 %. Pas plus de quelques miettes &#8211; ou plus concr\u00e8tement : deux [&hellip;]<\/p>\n","protected":false},"author":2,"featured_media":0,"comment_status":"closed","ping_status":"open","sticky":false,"template":"","format":"standard","meta":[],"categories":[65,10],"tags":[1081,2398,1084,3338],"yoast_head":"<!-- This site is optimized with the Yoast SEO plugin v21.0 - https:\/\/yoast.com\/wordpress\/plugins\/seo\/ -->\n<title>Appel \u00e0 la &#039;t\u00e9l\u00e9gr\u00e8ve&#039; : pour rappel, ce lundi 29 mars, les syndicats contestent \u00e0 nouveau pour revoir la norme d&#039;augmentation des salaires. - Peoplesphere<\/title>\n<meta name=\"robots\" content=\"index, follow, max-snippet:-1, max-image-preview:large, max-video-preview:-1\" \/>\n<link rel=\"canonical\" href=\"https:\/\/peoplesphere.be\/fr\/appel-a-telegreve-rappel-lundi-29-mars-syndicats-contestent-a-nouveau-revoir-norme-daugmentation-salaires\/\" \/>\n<meta property=\"og:locale\" content=\"fr_FR\" \/>\n<meta property=\"og:type\" content=\"article\" \/>\n<meta property=\"og:title\" content=\"Appel \u00e0 la &#039;t\u00e9l\u00e9gr\u00e8ve&#039; : pour rappel, ce lundi 29 mars, les syndicats contestent \u00e0 nouveau pour revoir la norme d&#039;augmentation des salaires. - Peoplesphere\" \/>\n<meta property=\"og:description\" content=\"Comme le rappellent la CSC et la FGTB, les n\u00e9gociations concernant l\u2019AIP sont au point mort. \u00ab\u00a0Les employeurs s&rsquo;en tiennent \u00e0 une augmentation maximale des salaires de 0,4 %. Pas plus de quelques miettes &#8211; ou plus concr\u00e8tement : deux [&hellip;]\" \/>\n<meta property=\"og:url\" content=\"https:\/\/peoplesphere.be\/fr\/appel-a-telegreve-rappel-lundi-29-mars-syndicats-contestent-a-nouveau-revoir-norme-daugmentation-salaires\/\" \/>\n<meta property=\"og:site_name\" content=\"Peoplesphere\" \/>\n<meta property=\"article:publisher\" content=\"https:\/\/www.facebook.com\/peoplesphere\" \/>\n<meta property=\"article:published_time\" content=\"2021-03-26T14:46:12+00:00\" \/>\n<meta property=\"og:image\" content=\"http:\/\/www.peoplesphere.be\/fr\/wp-content\/uploads\/2016\/07\/facebook-default-posting-1200x628px.jpg\" \/>\n<meta name=\"author\" content=\"Jean-Paul Erhard\" \/>\n<meta name=\"twitter:card\" content=\"summary_large_image\" \/>\n<meta name=\"twitter:creator\" content=\"@PeoplesphereMag\" \/>\n<meta name=\"twitter:site\" content=\"@PeoplesphereMag\" \/>\n<meta name=\"twitter:label1\" content=\"\u00c9crit par\" \/>\n\t<meta name=\"twitter:data1\" content=\"Jean-Paul Erhard\" \/>\n\t<meta name=\"twitter:label2\" content=\"Dur\u00e9e de lecture estim\u00e9e\" \/>\n\t<meta name=\"twitter:data2\" content=\"1 minute\" \/>\n<script type=\"application\/ld+json\" class=\"yoast-schema-graph\">{\"@context\":\"https:\/\/schema.org\",\"@graph\":[{\"@type\":\"Article\",\"@id\":\"https:\/\/peoplesphere.be\/fr\/appel-a-telegreve-rappel-lundi-29-mars-syndicats-contestent-a-nouveau-revoir-norme-daugmentation-salaires\/#article\",\"isPartOf\":{\"@id\":\"https:\/\/peoplesphere.be\/fr\/appel-a-telegreve-rappel-lundi-29-mars-syndicats-contestent-a-nouveau-revoir-norme-daugmentation-salaires\/\"},\"author\":{\"name\":\"Jean-Paul Erhard\",\"@id\":\"https:\/\/peoplesphere.be\/fr\/#\/schema\/person\/7976225ff17988604334abb7b3536a7e\"},\"headline\":\"Appel \u00e0 la &lsquo;t\u00e9l\u00e9gr\u00e8ve&rsquo; : pour rappel, ce lundi 29 mars, les syndicats contestent \u00e0 nouveau pour revoir la norme d&rsquo;augmentation des salaires.\",\"datePublished\":\"2021-03-26T14:46:12+00:00\",\"dateModified\":\"2021-03-26T14:46:12+00:00\",\"mainEntityOfPage\":{\"@id\":\"https:\/\/peoplesphere.be\/fr\/appel-a-telegreve-rappel-lundi-29-mars-syndicats-contestent-a-nouveau-revoir-norme-daugmentation-salaires\/\"},\"wordCount\":286,\"publisher\":{\"@id\":\"https:\/\/peoplesphere.be\/fr\/#organization\"},\"keywords\":[\"AIP\",\"gr\u00e8ve nationale\",\"norme salariale\",\"t\u00e9l\u00e9gr\u00e8ve\"],\"articleSection\":[\"Actualit\u00e9s\",\"Digital\"],\"inLanguage\":\"fr-FR\"},{\"@type\":\"WebPage\",\"@id\":\"https:\/\/peoplesphere.be\/fr\/appel-a-telegreve-rappel-lundi-29-mars-syndicats-contestent-a-nouveau-revoir-norme-daugmentation-salaires\/\",\"url\":\"https:\/\/peoplesphere.be\/fr\/appel-a-telegreve-rappel-lundi-29-mars-syndicats-contestent-a-nouveau-revoir-norme-daugmentation-salaires\/\",\"name\":\"Appel \u00e0 la 't\u00e9l\u00e9gr\u00e8ve' : pour rappel, ce lundi 29 mars, les syndicats contestent \u00e0 nouveau pour revoir la norme d'augmentation des salaires. - Peoplesphere\",\"isPartOf\":{\"@id\":\"https:\/\/peoplesphere.be\/fr\/#website\"},\"datePublished\":\"2021-03-26T14:46:12+00:00\",\"dateModified\":\"2021-03-26T14:46:12+00:00\",\"breadcrumb\":{\"@id\":\"https:\/\/peoplesphere.be\/fr\/appel-a-telegreve-rappel-lundi-29-mars-syndicats-contestent-a-nouveau-revoir-norme-daugmentation-salaires\/#breadcrumb\"},\"inLanguage\":\"fr-FR\",\"potentialAction\":[{\"@type\":\"ReadAction\",\"target\":[\"https:\/\/peoplesphere.be\/fr\/appel-a-telegreve-rappel-lundi-29-mars-syndicats-contestent-a-nouveau-revoir-norme-daugmentation-salaires\/\"]}]},{\"@type\":\"BreadcrumbList\",\"@id\":\"https:\/\/peoplesphere.be\/fr\/appel-a-telegreve-rappel-lundi-29-mars-syndicats-contestent-a-nouveau-revoir-norme-daugmentation-salaires\/#breadcrumb\",\"itemListElement\":[{\"@type\":\"ListItem\",\"position\":1,\"name\":\"Accueil\",\"item\":\"https:\/\/peoplesphere.be\/fr\/\"},{\"@type\":\"ListItem\",\"position\":2,\"name\":\"Appel \u00e0 la &lsquo;t\u00e9l\u00e9gr\u00e8ve&rsquo; : pour rappel, ce lundi 29 mars, les syndicats contestent \u00e0 nouveau pour revoir la norme d&rsquo;augmentation des salaires.\"}]},{\"@type\":\"WebSite\",\"@id\":\"https:\/\/peoplesphere.be\/fr\/#website\",\"url\":\"https:\/\/peoplesphere.be\/fr\/\",\"name\":\"Peoplesphere\",\"description\":\"The People Managers Magazine\",\"publisher\":{\"@id\":\"https:\/\/peoplesphere.be\/fr\/#organization\"},\"potentialAction\":[{\"@type\":\"SearchAction\",\"target\":{\"@type\":\"EntryPoint\",\"urlTemplate\":\"https:\/\/peoplesphere.be\/fr\/?s={search_term_string}\"},\"query-input\":\"required name=search_term_string\"}],\"inLanguage\":\"fr-FR\"},{\"@type\":\"Organization\",\"@id\":\"https:\/\/peoplesphere.be\/fr\/#organization\",\"name\":\"Peoplesphere Company srl\",\"url\":\"https:\/\/peoplesphere.be\/fr\/\",\"logo\":{\"@type\":\"ImageObject\",\"inLanguage\":\"fr-FR\",\"@id\":\"https:\/\/peoplesphere.be\/fr\/#\/schema\/logo\/image\/\",\"url\":\"https:\/\/peoplesphere.be\/fr\/wp-content\/uploads\/2023\/07\/peoplesphere-lgo-new-generik.jpg\",\"contentUrl\":\"https:\/\/peoplesphere.be\/fr\/wp-content\/uploads\/2023\/07\/peoplesphere-lgo-new-generik.jpg\",\"width\":1031,\"height\":1479,\"caption\":\"Peoplesphere Company srl\"},\"image\":{\"@id\":\"https:\/\/peoplesphere.be\/fr\/#\/schema\/logo\/image\/\"},\"sameAs\":[\"https:\/\/www.facebook.com\/peoplesphere\",\"https:\/\/twitter.com\/PeoplesphereMag\",\"https:\/\/www.linkedin.com\/company\/7587361?trk\",\"http:\/\/youtube.com\/peoplesphere\"]},{\"@type\":\"Person\",\"@id\":\"https:\/\/peoplesphere.be\/fr\/#\/schema\/person\/7976225ff17988604334abb7b3536a7e\",\"name\":\"Jean-Paul Erhard\",\"image\":{\"@type\":\"ImageObject\",\"inLanguage\":\"fr-FR\",\"@id\":\"https:\/\/peoplesphere.be\/fr\/#\/schema\/person\/image\/\",\"url\":\"https:\/\/secure.gravatar.com\/avatar\/f941e681460179738071629a51574930?s=96&d=mm&r=g\",\"contentUrl\":\"https:\/\/secure.gravatar.com\/avatar\/f941e681460179738071629a51574930?s=96&d=mm&r=g\",\"caption\":\"Jean-Paul Erhard\"},\"url\":\"https:\/\/peoplesphere.be\/fr\/author\/jpe\/\"}]}<\/script>\n<!-- \/ Yoast SEO plugin. -->","yoast_head_json":{"title":"Appel \u00e0 la 't\u00e9l\u00e9gr\u00e8ve' : pour rappel, ce lundi 29 mars, les syndicats contestent \u00e0 nouveau pour revoir la norme d'augmentation des salaires. - Peoplesphere","robots":{"index":"index","follow":"follow","max-snippet":"max-snippet:-1","max-image-preview":"max-image-preview:large","max-video-preview":"max-video-preview:-1"},"canonical":"https:\/\/peoplesphere.be\/fr\/appel-a-telegreve-rappel-lundi-29-mars-syndicats-contestent-a-nouveau-revoir-norme-daugmentation-salaires\/","og_locale":"fr_FR","og_type":"article","og_title":"Appel \u00e0 la 't\u00e9l\u00e9gr\u00e8ve' : pour rappel, ce lundi 29 mars, les syndicats contestent \u00e0 nouveau pour revoir la norme d'augmentation des salaires. - Peoplesphere","og_description":"Comme le rappellent la CSC et la FGTB, les n\u00e9gociations concernant l\u2019AIP sont au point mort. \u00ab\u00a0Les employeurs s&rsquo;en tiennent \u00e0 une augmentation maximale des salaires de 0,4 %. Pas plus de quelques miettes &#8211; ou plus concr\u00e8tement : deux [&hellip;]","og_url":"https:\/\/peoplesphere.be\/fr\/appel-a-telegreve-rappel-lundi-29-mars-syndicats-contestent-a-nouveau-revoir-norme-daugmentation-salaires\/","og_site_name":"Peoplesphere","article_publisher":"https:\/\/www.facebook.com\/peoplesphere","article_published_time":"2021-03-26T14:46:12+00:00","og_image":[{"url":"http:\/\/www.peoplesphere.be\/fr\/wp-content\/uploads\/2016\/07\/facebook-default-posting-1200x628px.jpg"}],"author":"Jean-Paul Erhard","twitter_card":"summary_large_image","twitter_creator":"@PeoplesphereMag","twitter_site":"@PeoplesphereMag","twitter_misc":{"\u00c9crit par":"Jean-Paul Erhard","Dur\u00e9e de lecture estim\u00e9e":"1 minute"},"schema":{"@context":"https:\/\/schema.org","@graph":[{"@type":"Article","@id":"https:\/\/peoplesphere.be\/fr\/appel-a-telegreve-rappel-lundi-29-mars-syndicats-contestent-a-nouveau-revoir-norme-daugmentation-salaires\/#article","isPartOf":{"@id":"https:\/\/peoplesphere.be\/fr\/appel-a-telegreve-rappel-lundi-29-mars-syndicats-contestent-a-nouveau-revoir-norme-daugmentation-salaires\/"},"author":{"name":"Jean-Paul Erhard","@id":"https:\/\/peoplesphere.be\/fr\/#\/schema\/person\/7976225ff17988604334abb7b3536a7e"},"headline":"Appel \u00e0 la &lsquo;t\u00e9l\u00e9gr\u00e8ve&rsquo; : pour rappel, ce lundi 29 mars, les syndicats contestent \u00e0 nouveau pour revoir la norme d&rsquo;augmentation des salaires.","datePublished":"2021-03-26T14:46:12+00:00","dateModified":"2021-03-26T14:46:12+00:00","mainEntityOfPage":{"@id":"https:\/\/peoplesphere.be\/fr\/appel-a-telegreve-rappel-lundi-29-mars-syndicats-contestent-a-nouveau-revoir-norme-daugmentation-salaires\/"},"wordCount":286,"publisher":{"@id":"https:\/\/peoplesphere.be\/fr\/#organization"},"keywords":["AIP","gr\u00e8ve nationale","norme salariale","t\u00e9l\u00e9gr\u00e8ve"],"articleSection":["Actualit\u00e9s","Digital"],"inLanguage":"fr-FR"},{"@type":"WebPage","@id":"https:\/\/peoplesphere.be\/fr\/appel-a-telegreve-rappel-lundi-29-mars-syndicats-contestent-a-nouveau-revoir-norme-daugmentation-salaires\/","url":"https:\/\/peoplesphere.be\/fr\/appel-a-telegreve-rappel-lundi-29-mars-syndicats-contestent-a-nouveau-revoir-norme-daugmentation-salaires\/","name":"Appel \u00e0 la 't\u00e9l\u00e9gr\u00e8ve' : pour rappel, ce lundi 29 mars, les syndicats contestent \u00e0 nouveau pour revoir la norme d'augmentation des salaires. - Peoplesphere","isPartOf":{"@id":"https:\/\/peoplesphere.be\/fr\/#website"},"datePublished":"2021-03-26T14:46:12+00:00","dateModified":"2021-03-26T14:46:12+00:00","breadcrumb":{"@id":"https:\/\/peoplesphere.be\/fr\/appel-a-telegreve-rappel-lundi-29-mars-syndicats-contestent-a-nouveau-revoir-norme-daugmentation-salaires\/#breadcrumb"},"inLanguage":"fr-FR","potentialAction":[{"@type":"ReadAction","target":["https:\/\/peoplesphere.be\/fr\/appel-a-telegreve-rappel-lundi-29-mars-syndicats-contestent-a-nouveau-revoir-norme-daugmentation-salaires\/"]}]},{"@type":"BreadcrumbList","@id":"https:\/\/peoplesphere.be\/fr\/appel-a-telegreve-rappel-lundi-29-mars-syndicats-contestent-a-nouveau-revoir-norme-daugmentation-salaires\/#breadcrumb","itemListElement":[{"@type":"ListItem","position":1,"name":"Accueil","item":"https:\/\/peoplesphere.be\/fr\/"},{"@type":"ListItem","position":2,"name":"Appel \u00e0 la &lsquo;t\u00e9l\u00e9gr\u00e8ve&rsquo; : pour rappel, ce lundi 29 mars, les syndicats contestent \u00e0 nouveau pour revoir la norme d&rsquo;augmentation des salaires."}]},{"@type":"WebSite","@id":"https:\/\/peoplesphere.be\/fr\/#website","url":"https:\/\/peoplesphere.be\/fr\/","name":"Peoplesphere","description":"The People Managers Magazine","publisher":{"@id":"https:\/\/peoplesphere.be\/fr\/#organization"},"potentialAction":[{"@type":"SearchAction","target":{"@type":"EntryPoint","urlTemplate":"https:\/\/peoplesphere.be\/fr\/?s={search_term_string}"},"query-input":"required name=search_term_string"}],"inLanguage":"fr-FR"},{"@type":"Organization","@id":"https:\/\/peoplesphere.be\/fr\/#organization","name":"Peoplesphere Company srl","url":"https:\/\/peoplesphere.be\/fr\/","logo":{"@type":"ImageObject","inLanguage":"fr-FR","@id":"https:\/\/peoplesphere.be\/fr\/#\/schema\/logo\/image\/","url":"https:\/\/peoplesphere.be\/fr\/wp-content\/uploads\/2023\/07\/peoplesphere-lgo-new-generik.jpg","contentUrl":"https:\/\/peoplesphere.be\/fr\/wp-content\/uploads\/2023\/07\/peoplesphere-lgo-new-generik.jpg","width":1031,"height":1479,"caption":"Peoplesphere Company srl"},"image":{"@id":"https:\/\/peoplesphere.be\/fr\/#\/schema\/logo\/image\/"},"sameAs":["https:\/\/www.facebook.com\/peoplesphere","https:\/\/twitter.com\/PeoplesphereMag","https:\/\/www.linkedin.com\/company\/7587361?trk","http:\/\/youtube.com\/peoplesphere"]},{"@type":"Person","@id":"https:\/\/peoplesphere.be\/fr\/#\/schema\/person\/7976225ff17988604334abb7b3536a7e","name":"Jean-Paul Erhard","image":{"@type":"ImageObject","inLanguage":"fr-FR","@id":"https:\/\/peoplesphere.be\/fr\/#\/schema\/person\/image\/","url":"https:\/\/secure.gravatar.com\/avatar\/f941e681460179738071629a51574930?s=96&d=mm&r=g","contentUrl":"https:\/\/secure.gravatar.com\/avatar\/f941e681460179738071629a51574930?s=96&d=mm&r=g","caption":"Jean-Paul Erhard"},"url":"https:\/\/peoplesphere.be\/fr\/author\/jpe\/"}]}},"_links":{"self":[{"href":"https:\/\/peoplesphere.be\/fr\/wp-json\/wp\/v2\/posts\/11078"}],"collection":[{"href":"https:\/\/peoplesphere.be\/fr\/wp-json\/wp\/v2\/posts"}],"about":[{"href":"https:\/\/peoplesphere.be\/fr\/wp-json\/wp\/v2\/types\/post"}],"author":[{"embeddable":true,"href":"https:\/\/peoplesphere.be\/fr\/wp-json\/wp\/v2\/users\/2"}],"replies":[{"embeddable":true,"href":"https:\/\/peoplesphere.be\/fr\/wp-json\/wp\/v2\/comments?post=11078"}],"version-history":[{"count":1,"href":"https:\/\/peoplesphere.be\/fr\/wp-json\/wp\/v2\/posts\/11078\/revisions"}],"predecessor-version":[{"id":11079,"href":"https:\/\/peoplesphere.be\/fr\/wp-json\/wp\/v2\/posts\/11078\/revisions\/11079"}],"wp:attachment":[{"href":"https:\/\/peoplesphere.be\/fr\/wp-json\/wp\/v2\/media?parent=11078"}],"wp:term":[{"taxonomy":"category","embeddable":true,"href":"https:\/\/peoplesphere.be\/fr\/wp-json\/wp\/v2\/categories?post=11078"},{"taxonomy":"post_tag","embeddable":true,"href":"https:\/\/peoplesphere.be\/fr\/wp-json\/wp\/v2\/tags?post=11078"}],"curies":[{"name":"wp","href":"https:\/\/api.w.org\/{rel}","templated":true}]}}