









{"id":11084,"date":"2021-03-29T08:35:06","date_gmt":"2021-03-29T06:35:06","guid":{"rendered":"https:\/\/peoplesphere.be\/fr\/?p=11084"},"modified":"2021-03-29T08:35:06","modified_gmt":"2021-03-29T06:35:06","slug":"mobilite-professionnelle-travailleurs-ont-mis-leurs-ambitions-leurs-envies-de-changement-frigo-cours-de-douze-derniers-mois","status":"publish","type":"post","link":"https:\/\/peoplesphere.be\/fr\/mobilite-professionnelle-travailleurs-ont-mis-leurs-ambitions-leurs-envies-de-changement-frigo-cours-de-douze-derniers-mois\/","title":{"rendered":"Mobilit\u00e9 professionnelle: les travailleurs ont mis leurs ambitions et leurs envies de changement au frigo au cours de ces douze derniers mois."},"content":{"rendered":"<p>D\u2019apr\u00e8s les r\u00e9cents chiffres du secr\u00e9tariat social de Securex, les d\u00e9parts volontaires des travailleurs sous contrat \u00e0 dur\u00e9e ind\u00e9termin\u00e9e ont diminu\u00e9 de 18% par rapport \u00e0 2019. \u00c0 l\u2019inverse, les d\u00e9parts involontaires ont augment\u00e9 de 16% en 2020, notamment en raison d\u2019une hausse importante du nombre de faillites et de d\u00e9parts en (pr\u00e9)pension qui ont atteint leur taux le plus \u00e9lev\u00e9 depuis 2015. Le secr\u00e9tariat social constate que les d\u00e9parts d\u2019entreprises, volontaires et involontaires, ont globalement diminu\u00e9 de 5% en 2020 par rapport \u00e0 2019, pour les travailleurs sous CDI.<!--more--><\/p>\n<p>Guillaume Bosmans, expert en \u00e9tudes RH chez Securex : \u00ab\u00a0<em>La diminution des d\u00e9parts volontaires s\u2019explique par une \u00e9poque de crise sanitaire, et donc un sentiment d\u2019ins\u00e9curit\u00e9 du travailleur qui pr\u00e9f\u00e8re assurer ses arri\u00e8res et garantir une certaine s\u00e9curit\u00e9 d\u2019emploi quand c\u2019est possible.\u00a0\u00bb<\/em><\/p>\n<p>Malgr\u00e9 les nombreuses personnes qui ont profit\u00e9 de la COVID-19 pour remettre en question leur vie professionnelle et trouver un sens \u00e0 leur travail, la r\u00e9alit\u00e9 est toute autre. En effet, le nombre de travailleurs sous CDI qui ont d\u00e9cid\u00e9 de quitter leur entreprise de leur propre chef a diminu\u00e9 de 18% par rapport \u00e0 2019, et ce apr\u00e8s une croissance moyenne de 6% par an entre 2015 et 2019. Alors que ce chiffre ne cessait d\u2019augmenter depuis 2015 pour atteindre 6,22% de d\u00e9parts volontaires en 2019, le taux est redescendu \u00e0 5,05% en 2020.<\/p>\n<p><em>\u00ab\u00a0Cela s\u2019explique principalement par le fait que les opportunit\u00e9s d\u2019emploi sont plus faibles en raison de la crise et les travailleurs, malgr\u00e9 la remise en question de leur r\u00f4le au sein de leur entreprise, pr\u00e9f\u00e8rent jouer la carte de la s\u00e9curit\u00e9. Lorsque la crise sera pass\u00e9e, nous devrions nous attendre \u00e0 une reprise plus dynamique du march\u00e9 du travail avec des d\u00e9parts volontaires plus nombreux, \u00e0 condition bien s\u00fbr qu\u2019il y ait plus de postes vacants\u00a0\u00bb<\/em>, pr\u00e9cise Guillaume Bosmans, expert en \u00e9tude RH chez Securex.<\/p>\n<p>Ces tendances restent uniformes dans l\u2019enti\u00e8ret\u00e9 du pays, que ce soit par taille d\u2019entreprise ou par R\u00e9gion, avec un taux de d\u00e9part volontaire l\u00e9g\u00e8rement plus \u00e9lev\u00e9 en Flandre (5,3% contre 4,44% en Wallonie et 4,84% \u00e0 Bruxelles).<\/p>\n<p><em>\u00ab\u00a0L\u2019effet de la crise sur notre march\u00e9 du travail n\u2019est plus \u00e0 prouver. L&#8217;emploi a \u00e9t\u00e9 prot\u00e9g\u00e9 au maximum gr\u00e2ce au ch\u00f4mage temporaire pour les salari\u00e9s et au droit passerelle pour les ind\u00e9pendants. Ces mesures, qui sont normalement destin\u00e9es \u00e0 \u00eatre utilis\u00e9es de fa\u00e7on temporaire, ont pris un caract\u00e8re quasi structurel et ont provoqu\u00e9 un effet de \u00ab\u00a0r\u00e9tention de la main-d&rsquo;\u0153uvre\u00a0\u00bb sans pr\u00e9c\u00e9dent. Le r\u00e9sultat est que nous avons une \u00e9p\u00e9e de Damocl\u00e8s, pour ainsi dire, au-dessus de la t\u00eate du march\u00e9 de l&#8217;emploi. Les indicateurs traditionnels masquent, pour l&rsquo;instant, la gravit\u00e9 de la crise\u00a0\u00bb<\/em>, ajoute Paul Verschueren, Directeur r\u00e9gional de Federgon, la f\u00e9d\u00e9ration des op\u00e9rateurs priv\u00e9s du march\u00e9 du travail et des prestataires de services RH.<\/p>\n<p>Alors que les secteurs les plus touch\u00e9s par la crise du coronavirus sont notamment l\u2019Horeca et l\u2019\u00e9v\u00e9nementiel, autrement dit des secteurs comportant de nombreux ouvriers, ce sont les employ\u00e9s qui sont le plus touch\u00e9s par les d\u00e9parts involontaires (3,8% pour les ouvriers contre 5,25% chez les employ\u00e9s). Cela s\u2019explique par le fait que les secteurs primaires et essentiels, celui de l\u2019agriculture par exemple, ne connaissent pas la crise et sont g\u00e9n\u00e9ralement repr\u00e9sent\u00e9s par des ouvriers. En revanche, le secteur tertiaire a \u00e9t\u00e9 plus touch\u00e9 par la crise et compte plus d\u2019employ\u00e9s.<\/p>\n<p><strong><em>Les fins de contrat dues aux faillites et aux (pr\u00e9)pensions risquent encore d\u2019augmenter cette ann\u00e9e.<\/em><\/strong><\/p>\n<p>En ce qui concerne les d\u00e9parts involontaires, les fins de contrat pour cause de faillite et de (pr\u00e9)pension connaissent leur taux le plus \u00e9lev\u00e9 depuis 2015. Alors qu\u2019en 2019, le nombre de fins de contrat pour cause de faillite atteignait 0,23%, ce chiffre est mont\u00e9 \u00e0 0,80% en 2020, son taux le plus \u00e9lev\u00e9 depuis 2015. Securex s\u2019attend \u00e0 ce que ce chiffre continue d\u2019augmenter en raison de la crise. Les mesures prises dans le cadre de la crise du coronavirus ont notamment permis le gel partiel des faillites visant \u00e0 prot\u00e9ger les entreprises qui souffrent gravement de la crise et qui risquaient le d\u00e9faut de paiement. Il faut donc s\u2019attendre \u00e0 un nombre plus \u00e9lev\u00e9 de faillites une fois que ce gel ne sera plus en vigueur.<\/p>\n<p>Toujours en mati\u00e8re de d\u00e9part involontaire, Securex a \u00e9galement constat\u00e9 que le taux de d\u00e9part \u00e0 la retraite, anticip\u00e9e ou non, \u00e9tait pass\u00e9 de 0,39% en 2019 \u00e0 0,6% en 2020.\u00a0<em>\u00ab\u00a0Cette observation s\u2019explique par deux raisons. La premi\u00e8re est, sans surprise, le vieillissement de la population. Deuxi\u00e8mement, certaines entreprises ont offert des packages de d\u00e9part en pension ou pr\u00e9pension afin d\u2019all\u00e9ger leurs co\u00fbts salariaux pendant la crise. On peut donc s\u2019attendre \u00e0 ce que ce chiffre ne descende pas dans les prochaines ann\u00e9es.\u00a0\u00bb<\/em><\/p>\n<p>Ces chiffres de 2020 laissent pr\u00e9sager une ann\u00e9e 2021 similaire ou plus difficile, toujours d\u00e9pendante de la dur\u00e9e de la crise du coronavirus.<\/p>\n<p><em>\u00ab\u00a0La principale chose que l&rsquo;on retiendra de 2020 est qu&rsquo;un certain nombre de faiblesses structurelles de notre march\u00e9 du travail ont \u00e9t\u00e9 mises \u00e0 nu. Le moteur de l&rsquo;inactivit\u00e9 a continu\u00e9 \u00e0 tourner \u00e0 plein r\u00e9gime, le temps de travail lib\u00e9r\u00e9 n&rsquo;a gu\u00e8re \u00e9t\u00e9 utilis\u00e9 pour le renforcement des comp\u00e9tences et la mobilit\u00e9 traditionnellement faible de la main-d&rsquo;\u0153uvre s&rsquo;est confirm\u00e9e et accentue le caract\u00e8re plut\u00f4t ferm\u00e9 de notre march\u00e9 du travail\u00a0\u00bb<\/em>, conclut Paul Verschueren.<\/p>\n<p>&nbsp;<\/p>\n<p><em>Source : l\u2019\u00e9chantillon de cette \u00e9tude se compose de 42.477 travailleurs, dont 18.797 ouvriers et 23.680 employ\u00e9s. Il est issu des donn\u00e9es du portefeuille-client de Securex, comprenant 294.476 travailleurs. Ces donn\u00e9es ont \u00e9t\u00e9 retravaill\u00e9es afin d\u2019\u00eatre repr\u00e9sentatives du march\u00e9 belge pour le sexe, le statut, l\u2019\u00e2ge, la taille de l\u2019entreprise, le r\u00e9gime de travail et la R\u00e9gion o\u00f9 le travailleur est occup\u00e9.<\/em><\/p>\n","protected":false},"excerpt":{"rendered":"<p>D\u2019apr\u00e8s les r\u00e9cents chiffres du secr\u00e9tariat social de Securex, les d\u00e9parts volontaires des travailleurs sous contrat \u00e0 dur\u00e9e ind\u00e9termin\u00e9e ont diminu\u00e9 de 18% par rapport \u00e0 2019. \u00c0 l\u2019inverse, les d\u00e9parts involontaires ont augment\u00e9 de 16% en 2020, notamment en [&hellip;]<\/p>\n","protected":false},"author":2,"featured_media":0,"comment_status":"closed","ping_status":"open","sticky":false,"template":"","format":"standard","meta":[],"categories":[65,10],"tags":[1258,1244,380,2190,134,136,1792],"yoast_head":"<!-- This site is optimized with the Yoast SEO plugin v21.0 - https:\/\/yoast.com\/wordpress\/plugins\/seo\/ -->\n<title>Mobilit\u00e9 professionnelle: les travailleurs ont mis leurs ambitions et leurs envies de changement au frigo au cours de ces douze derniers mois. - Peoplesphere<\/title>\n<meta name=\"robots\" content=\"index, follow, max-snippet:-1, max-image-preview:large, max-video-preview:-1\" \/>\n<link rel=\"canonical\" href=\"https:\/\/peoplesphere.be\/fr\/mobilite-professionnelle-travailleurs-ont-mis-leurs-ambitions-leurs-envies-de-changement-frigo-cours-de-douze-derniers-mois\/\" \/>\n<meta property=\"og:locale\" content=\"fr_FR\" \/>\n<meta property=\"og:type\" content=\"article\" \/>\n<meta property=\"og:title\" content=\"Mobilit\u00e9 professionnelle: les travailleurs ont mis leurs ambitions et leurs envies de changement au frigo au cours de ces douze derniers mois. - Peoplesphere\" \/>\n<meta property=\"og:description\" content=\"D\u2019apr\u00e8s les r\u00e9cents chiffres du secr\u00e9tariat social de Securex, les d\u00e9parts volontaires des travailleurs sous contrat \u00e0 dur\u00e9e ind\u00e9termin\u00e9e ont diminu\u00e9 de 18% par rapport \u00e0 2019. \u00c0 l\u2019inverse, les d\u00e9parts involontaires ont augment\u00e9 de 16% en 2020, notamment en [&hellip;]\" \/>\n<meta property=\"og:url\" content=\"https:\/\/peoplesphere.be\/fr\/mobilite-professionnelle-travailleurs-ont-mis-leurs-ambitions-leurs-envies-de-changement-frigo-cours-de-douze-derniers-mois\/\" \/>\n<meta property=\"og:site_name\" content=\"Peoplesphere\" \/>\n<meta property=\"article:publisher\" content=\"https:\/\/www.facebook.com\/peoplesphere\" \/>\n<meta property=\"article:published_time\" content=\"2021-03-29T06:35:06+00:00\" \/>\n<meta property=\"og:image\" content=\"http:\/\/www.peoplesphere.be\/fr\/wp-content\/uploads\/2016\/07\/facebook-default-posting-1200x628px.jpg\" \/>\n<meta name=\"author\" content=\"Jean-Paul Erhard\" \/>\n<meta name=\"twitter:card\" content=\"summary_large_image\" \/>\n<meta name=\"twitter:creator\" content=\"@PeoplesphereMag\" \/>\n<meta name=\"twitter:site\" content=\"@PeoplesphereMag\" \/>\n<meta name=\"twitter:label1\" content=\"\u00c9crit par\" \/>\n\t<meta name=\"twitter:data1\" content=\"Jean-Paul Erhard\" \/>\n\t<meta name=\"twitter:label2\" content=\"Dur\u00e9e de lecture estim\u00e9e\" \/>\n\t<meta name=\"twitter:data2\" content=\"5 minutes\" \/>\n<script type=\"application\/ld+json\" class=\"yoast-schema-graph\">{\"@context\":\"https:\/\/schema.org\",\"@graph\":[{\"@type\":\"Article\",\"@id\":\"https:\/\/peoplesphere.be\/fr\/mobilite-professionnelle-travailleurs-ont-mis-leurs-ambitions-leurs-envies-de-changement-frigo-cours-de-douze-derniers-mois\/#article\",\"isPartOf\":{\"@id\":\"https:\/\/peoplesphere.be\/fr\/mobilite-professionnelle-travailleurs-ont-mis-leurs-ambitions-leurs-envies-de-changement-frigo-cours-de-douze-derniers-mois\/\"},\"author\":{\"name\":\"Jean-Paul Erhard\",\"@id\":\"https:\/\/peoplesphere.be\/fr\/#\/schema\/person\/7976225ff17988604334abb7b3536a7e\"},\"headline\":\"Mobilit\u00e9 professionnelle: les travailleurs ont mis leurs ambitions et leurs envies de changement au frigo au cours de ces douze derniers mois.\",\"datePublished\":\"2021-03-29T06:35:06+00:00\",\"dateModified\":\"2021-03-29T06:35:06+00:00\",\"mainEntityOfPage\":{\"@id\":\"https:\/\/peoplesphere.be\/fr\/mobilite-professionnelle-travailleurs-ont-mis-leurs-ambitions-leurs-envies-de-changement-frigo-cours-de-douze-derniers-mois\/\"},\"wordCount\":1040,\"publisher\":{\"@id\":\"https:\/\/peoplesphere.be\/fr\/#organization\"},\"keywords\":[\"CDD\",\"CDI\",\"contrat de travail\",\"faillite\",\"licenciement\",\"mobilit\u00e9\",\"securex\"],\"articleSection\":[\"Actualit\u00e9s\",\"Digital\"],\"inLanguage\":\"fr-FR\"},{\"@type\":\"WebPage\",\"@id\":\"https:\/\/peoplesphere.be\/fr\/mobilite-professionnelle-travailleurs-ont-mis-leurs-ambitions-leurs-envies-de-changement-frigo-cours-de-douze-derniers-mois\/\",\"url\":\"https:\/\/peoplesphere.be\/fr\/mobilite-professionnelle-travailleurs-ont-mis-leurs-ambitions-leurs-envies-de-changement-frigo-cours-de-douze-derniers-mois\/\",\"name\":\"Mobilit\u00e9 professionnelle: les travailleurs ont mis leurs ambitions et leurs envies de changement au frigo au cours de ces douze derniers mois. - Peoplesphere\",\"isPartOf\":{\"@id\":\"https:\/\/peoplesphere.be\/fr\/#website\"},\"datePublished\":\"2021-03-29T06:35:06+00:00\",\"dateModified\":\"2021-03-29T06:35:06+00:00\",\"breadcrumb\":{\"@id\":\"https:\/\/peoplesphere.be\/fr\/mobilite-professionnelle-travailleurs-ont-mis-leurs-ambitions-leurs-envies-de-changement-frigo-cours-de-douze-derniers-mois\/#breadcrumb\"},\"inLanguage\":\"fr-FR\",\"potentialAction\":[{\"@type\":\"ReadAction\",\"target\":[\"https:\/\/peoplesphere.be\/fr\/mobilite-professionnelle-travailleurs-ont-mis-leurs-ambitions-leurs-envies-de-changement-frigo-cours-de-douze-derniers-mois\/\"]}]},{\"@type\":\"BreadcrumbList\",\"@id\":\"https:\/\/peoplesphere.be\/fr\/mobilite-professionnelle-travailleurs-ont-mis-leurs-ambitions-leurs-envies-de-changement-frigo-cours-de-douze-derniers-mois\/#breadcrumb\",\"itemListElement\":[{\"@type\":\"ListItem\",\"position\":1,\"name\":\"Accueil\",\"item\":\"https:\/\/peoplesphere.be\/fr\/\"},{\"@type\":\"ListItem\",\"position\":2,\"name\":\"Mobilit\u00e9 professionnelle: les travailleurs ont mis leurs ambitions et leurs envies de changement au frigo au cours de ces douze derniers mois.\"}]},{\"@type\":\"WebSite\",\"@id\":\"https:\/\/peoplesphere.be\/fr\/#website\",\"url\":\"https:\/\/peoplesphere.be\/fr\/\",\"name\":\"Peoplesphere\",\"description\":\"The People Managers Magazine\",\"publisher\":{\"@id\":\"https:\/\/peoplesphere.be\/fr\/#organization\"},\"potentialAction\":[{\"@type\":\"SearchAction\",\"target\":{\"@type\":\"EntryPoint\",\"urlTemplate\":\"https:\/\/peoplesphere.be\/fr\/?s={search_term_string}\"},\"query-input\":\"required name=search_term_string\"}],\"inLanguage\":\"fr-FR\"},{\"@type\":\"Organization\",\"@id\":\"https:\/\/peoplesphere.be\/fr\/#organization\",\"name\":\"Peoplesphere Company srl\",\"url\":\"https:\/\/peoplesphere.be\/fr\/\",\"logo\":{\"@type\":\"ImageObject\",\"inLanguage\":\"fr-FR\",\"@id\":\"https:\/\/peoplesphere.be\/fr\/#\/schema\/logo\/image\/\",\"url\":\"https:\/\/peoplesphere.be\/fr\/wp-content\/uploads\/2023\/07\/peoplesphere-lgo-new-generik.jpg\",\"contentUrl\":\"https:\/\/peoplesphere.be\/fr\/wp-content\/uploads\/2023\/07\/peoplesphere-lgo-new-generik.jpg\",\"width\":1031,\"height\":1479,\"caption\":\"Peoplesphere Company srl\"},\"image\":{\"@id\":\"https:\/\/peoplesphere.be\/fr\/#\/schema\/logo\/image\/\"},\"sameAs\":[\"https:\/\/www.facebook.com\/peoplesphere\",\"https:\/\/twitter.com\/PeoplesphereMag\",\"https:\/\/www.linkedin.com\/company\/7587361?trk\",\"http:\/\/youtube.com\/peoplesphere\"]},{\"@type\":\"Person\",\"@id\":\"https:\/\/peoplesphere.be\/fr\/#\/schema\/person\/7976225ff17988604334abb7b3536a7e\",\"name\":\"Jean-Paul Erhard\",\"image\":{\"@type\":\"ImageObject\",\"inLanguage\":\"fr-FR\",\"@id\":\"https:\/\/peoplesphere.be\/fr\/#\/schema\/person\/image\/\",\"url\":\"https:\/\/secure.gravatar.com\/avatar\/f941e681460179738071629a51574930?s=96&d=mm&r=g\",\"contentUrl\":\"https:\/\/secure.gravatar.com\/avatar\/f941e681460179738071629a51574930?s=96&d=mm&r=g\",\"caption\":\"Jean-Paul Erhard\"},\"url\":\"https:\/\/peoplesphere.be\/fr\/author\/jpe\/\"}]}<\/script>\n<!-- \/ Yoast SEO plugin. -->","yoast_head_json":{"title":"Mobilit\u00e9 professionnelle: les travailleurs ont mis leurs ambitions et leurs envies de changement au frigo au cours de ces douze derniers mois. - Peoplesphere","robots":{"index":"index","follow":"follow","max-snippet":"max-snippet:-1","max-image-preview":"max-image-preview:large","max-video-preview":"max-video-preview:-1"},"canonical":"https:\/\/peoplesphere.be\/fr\/mobilite-professionnelle-travailleurs-ont-mis-leurs-ambitions-leurs-envies-de-changement-frigo-cours-de-douze-derniers-mois\/","og_locale":"fr_FR","og_type":"article","og_title":"Mobilit\u00e9 professionnelle: les travailleurs ont mis leurs ambitions et leurs envies de changement au frigo au cours de ces douze derniers mois. - Peoplesphere","og_description":"D\u2019apr\u00e8s les r\u00e9cents chiffres du secr\u00e9tariat social de Securex, les d\u00e9parts volontaires des travailleurs sous contrat \u00e0 dur\u00e9e ind\u00e9termin\u00e9e ont diminu\u00e9 de 18% par rapport \u00e0 2019. \u00c0 l\u2019inverse, les d\u00e9parts involontaires ont augment\u00e9 de 16% en 2020, notamment en [&hellip;]","og_url":"https:\/\/peoplesphere.be\/fr\/mobilite-professionnelle-travailleurs-ont-mis-leurs-ambitions-leurs-envies-de-changement-frigo-cours-de-douze-derniers-mois\/","og_site_name":"Peoplesphere","article_publisher":"https:\/\/www.facebook.com\/peoplesphere","article_published_time":"2021-03-29T06:35:06+00:00","og_image":[{"url":"http:\/\/www.peoplesphere.be\/fr\/wp-content\/uploads\/2016\/07\/facebook-default-posting-1200x628px.jpg"}],"author":"Jean-Paul Erhard","twitter_card":"summary_large_image","twitter_creator":"@PeoplesphereMag","twitter_site":"@PeoplesphereMag","twitter_misc":{"\u00c9crit par":"Jean-Paul Erhard","Dur\u00e9e de lecture estim\u00e9e":"5 minutes"},"schema":{"@context":"https:\/\/schema.org","@graph":[{"@type":"Article","@id":"https:\/\/peoplesphere.be\/fr\/mobilite-professionnelle-travailleurs-ont-mis-leurs-ambitions-leurs-envies-de-changement-frigo-cours-de-douze-derniers-mois\/#article","isPartOf":{"@id":"https:\/\/peoplesphere.be\/fr\/mobilite-professionnelle-travailleurs-ont-mis-leurs-ambitions-leurs-envies-de-changement-frigo-cours-de-douze-derniers-mois\/"},"author":{"name":"Jean-Paul Erhard","@id":"https:\/\/peoplesphere.be\/fr\/#\/schema\/person\/7976225ff17988604334abb7b3536a7e"},"headline":"Mobilit\u00e9 professionnelle: les travailleurs ont mis leurs ambitions et leurs envies de changement au frigo au cours de ces douze derniers mois.","datePublished":"2021-03-29T06:35:06+00:00","dateModified":"2021-03-29T06:35:06+00:00","mainEntityOfPage":{"@id":"https:\/\/peoplesphere.be\/fr\/mobilite-professionnelle-travailleurs-ont-mis-leurs-ambitions-leurs-envies-de-changement-frigo-cours-de-douze-derniers-mois\/"},"wordCount":1040,"publisher":{"@id":"https:\/\/peoplesphere.be\/fr\/#organization"},"keywords":["CDD","CDI","contrat de travail","faillite","licenciement","mobilit\u00e9","securex"],"articleSection":["Actualit\u00e9s","Digital"],"inLanguage":"fr-FR"},{"@type":"WebPage","@id":"https:\/\/peoplesphere.be\/fr\/mobilite-professionnelle-travailleurs-ont-mis-leurs-ambitions-leurs-envies-de-changement-frigo-cours-de-douze-derniers-mois\/","url":"https:\/\/peoplesphere.be\/fr\/mobilite-professionnelle-travailleurs-ont-mis-leurs-ambitions-leurs-envies-de-changement-frigo-cours-de-douze-derniers-mois\/","name":"Mobilit\u00e9 professionnelle: les travailleurs ont mis leurs ambitions et leurs envies de changement au frigo au cours de ces douze derniers mois. - Peoplesphere","isPartOf":{"@id":"https:\/\/peoplesphere.be\/fr\/#website"},"datePublished":"2021-03-29T06:35:06+00:00","dateModified":"2021-03-29T06:35:06+00:00","breadcrumb":{"@id":"https:\/\/peoplesphere.be\/fr\/mobilite-professionnelle-travailleurs-ont-mis-leurs-ambitions-leurs-envies-de-changement-frigo-cours-de-douze-derniers-mois\/#breadcrumb"},"inLanguage":"fr-FR","potentialAction":[{"@type":"ReadAction","target":["https:\/\/peoplesphere.be\/fr\/mobilite-professionnelle-travailleurs-ont-mis-leurs-ambitions-leurs-envies-de-changement-frigo-cours-de-douze-derniers-mois\/"]}]},{"@type":"BreadcrumbList","@id":"https:\/\/peoplesphere.be\/fr\/mobilite-professionnelle-travailleurs-ont-mis-leurs-ambitions-leurs-envies-de-changement-frigo-cours-de-douze-derniers-mois\/#breadcrumb","itemListElement":[{"@type":"ListItem","position":1,"name":"Accueil","item":"https:\/\/peoplesphere.be\/fr\/"},{"@type":"ListItem","position":2,"name":"Mobilit\u00e9 professionnelle: les travailleurs ont mis leurs ambitions et leurs envies de changement au frigo au cours de ces douze derniers mois."}]},{"@type":"WebSite","@id":"https:\/\/peoplesphere.be\/fr\/#website","url":"https:\/\/peoplesphere.be\/fr\/","name":"Peoplesphere","description":"The People Managers Magazine","publisher":{"@id":"https:\/\/peoplesphere.be\/fr\/#organization"},"potentialAction":[{"@type":"SearchAction","target":{"@type":"EntryPoint","urlTemplate":"https:\/\/peoplesphere.be\/fr\/?s={search_term_string}"},"query-input":"required name=search_term_string"}],"inLanguage":"fr-FR"},{"@type":"Organization","@id":"https:\/\/peoplesphere.be\/fr\/#organization","name":"Peoplesphere Company srl","url":"https:\/\/peoplesphere.be\/fr\/","logo":{"@type":"ImageObject","inLanguage":"fr-FR","@id":"https:\/\/peoplesphere.be\/fr\/#\/schema\/logo\/image\/","url":"https:\/\/peoplesphere.be\/fr\/wp-content\/uploads\/2023\/07\/peoplesphere-lgo-new-generik.jpg","contentUrl":"https:\/\/peoplesphere.be\/fr\/wp-content\/uploads\/2023\/07\/peoplesphere-lgo-new-generik.jpg","width":1031,"height":1479,"caption":"Peoplesphere Company srl"},"image":{"@id":"https:\/\/peoplesphere.be\/fr\/#\/schema\/logo\/image\/"},"sameAs":["https:\/\/www.facebook.com\/peoplesphere","https:\/\/twitter.com\/PeoplesphereMag","https:\/\/www.linkedin.com\/company\/7587361?trk","http:\/\/youtube.com\/peoplesphere"]},{"@type":"Person","@id":"https:\/\/peoplesphere.be\/fr\/#\/schema\/person\/7976225ff17988604334abb7b3536a7e","name":"Jean-Paul Erhard","image":{"@type":"ImageObject","inLanguage":"fr-FR","@id":"https:\/\/peoplesphere.be\/fr\/#\/schema\/person\/image\/","url":"https:\/\/secure.gravatar.com\/avatar\/f941e681460179738071629a51574930?s=96&d=mm&r=g","contentUrl":"https:\/\/secure.gravatar.com\/avatar\/f941e681460179738071629a51574930?s=96&d=mm&r=g","caption":"Jean-Paul Erhard"},"url":"https:\/\/peoplesphere.be\/fr\/author\/jpe\/"}]}},"_links":{"self":[{"href":"https:\/\/peoplesphere.be\/fr\/wp-json\/wp\/v2\/posts\/11084"}],"collection":[{"href":"https:\/\/peoplesphere.be\/fr\/wp-json\/wp\/v2\/posts"}],"about":[{"href":"https:\/\/peoplesphere.be\/fr\/wp-json\/wp\/v2\/types\/post"}],"author":[{"embeddable":true,"href":"https:\/\/peoplesphere.be\/fr\/wp-json\/wp\/v2\/users\/2"}],"replies":[{"embeddable":true,"href":"https:\/\/peoplesphere.be\/fr\/wp-json\/wp\/v2\/comments?post=11084"}],"version-history":[{"count":1,"href":"https:\/\/peoplesphere.be\/fr\/wp-json\/wp\/v2\/posts\/11084\/revisions"}],"predecessor-version":[{"id":11085,"href":"https:\/\/peoplesphere.be\/fr\/wp-json\/wp\/v2\/posts\/11084\/revisions\/11085"}],"wp:attachment":[{"href":"https:\/\/peoplesphere.be\/fr\/wp-json\/wp\/v2\/media?parent=11084"}],"wp:term":[{"taxonomy":"category","embeddable":true,"href":"https:\/\/peoplesphere.be\/fr\/wp-json\/wp\/v2\/categories?post=11084"},{"taxonomy":"post_tag","embeddable":true,"href":"https:\/\/peoplesphere.be\/fr\/wp-json\/wp\/v2\/tags?post=11084"}],"curies":[{"name":"wp","href":"https:\/\/api.w.org\/{rel}","templated":true}]}}