









{"id":11092,"date":"2021-03-29T16:28:18","date_gmt":"2021-03-29T14:28:18","guid":{"rendered":"https:\/\/peoplesphere.be\/fr\/?p=11092"},"modified":"2021-03-29T16:28:18","modified_gmt":"2021-03-29T14:28:18","slug":"teletravail-obligatoire-lenregistrement-mensuel-mois-davril-etre-rentre-6-avril","status":"publish","type":"post","link":"https:\/\/peoplesphere.be\/fr\/teletravail-obligatoire-lenregistrement-mensuel-mois-davril-etre-rentre-6-avril\/","title":{"rendered":"T\u00e9l\u00e9travail obligatoire : l&rsquo;enregistrement mensuel pour le mois d&rsquo;avril doit \u00eatre rentr\u00e9 avant le 6 avril."},"content":{"rendered":"<p>Une obligation d\u2019enregistrement mensuel pour les employeurs a \u00e9t\u00e9 introduite afin de mieux contr\u00f4ler le t\u00e9l\u00e9travail \u00e0 domicile obligatoire. Le syst\u00e8me d\u2019enregistrement \u00e9lectronique est mis \u00e0 disposition par l\u2019Office National de S\u00e9curit\u00e9 Sociale. Les services d&rsquo;inspection sociale utiliseront ces donn\u00e9es comme point de r\u00e9f\u00e9rence lorsqu&rsquo;ils contr\u00f4lent le respect du t\u00e9l\u00e9travail. Celui qui exerce une fonction susceptible de t\u00e9l\u00e9travail, mais qui se trouve quand m\u00eame dans l&rsquo;entreprise, devra \u00eatre capable de justifier sa pr\u00e9sence.<!--more--><\/p>\n<p>Tous les employeurs (\u00e0 l\u2019exception des entreprises qui sont ferm\u00e9es obligatoirement) doivent communiquer les deux chiffres suivants dans un syst\u00e8me d\u2019enregistrement \u00e9lectronique :<\/p>\n<p>&#8211; le nombre total d\u2019employ\u00e9s par unit\u00e9 d\u2019\u00e9tablissement (par.ex. pour chaque magasin d\u2019une cha\u00eene de magasins) au premier jour ouvrable du mois ; et<br \/>\n&#8211; le nombre d\u2019employ\u00e9s qui y exercent une fonction qui est incompatible avec le t\u00e9l\u00e9travail \u00e0 domicile. Il s\u2019agit de toutes les fonctions qui, par leur nature, doivent \u00eatre exerc\u00e9es sur place (par exemple, les ouvriers, le personnel de nettoyage, le personnel d\u2019accueil, les collaborateurs administratif qui ne peuvent pas exercer leur t\u00e2ches depuis leur domicile). Les personnes qui sont exceptionnellement pr\u00e9sentes parce qu\u2019elles doivent par exemple r\u00e9cup\u00e9rer du mat\u00e9riel, imprimer certains documents ou participer \u00e0 un entretien d\u2019\u00e9valuation, peuvent en fournir une justification et ne sont pas incluses dans le nombre de fonctions incompatibles avec le t\u00e9l\u00e9travail \u00e0 domicile. Il en va de m\u00eame pour les membres de la direction et les personnes appartenant au management en ligne (par exemple les chefs d\u2019ateliers, les chefs d\u2019\u00e9quipes,\u2026).<\/p>\n<p>Faites attention: le terme employ\u00e9s est interpr\u00e9t\u00e9 au sens large. Il comprend \u00e9galement les travailleurs temporaires et le personnel qui effectue structurellement des travaux dans l\u2019entreprise (comme le personnel de garde, les sous-traitants, etc.). En outre, les ind\u00e9pendants qui exercent des travaux structurels (consultants, associ\u00e9s) doivent \u00e9galement \u00eatre inclus.<\/p>\n<p>Le syst\u00e8me d\u2019enregistrement \u00e9lectronique est mis \u00e0 disposition par l\u2019Office National de S\u00e9curit\u00e9 Sociale. La d\u00e9claration doit \u00eatre faite sur le syst\u00e8me d&rsquo;enregistrement \u00e9lectronique au moyen de l\u2019e-ID, d\u2019Itsme ou d\u2019autres possibilit\u00e9s techniques qui sont offertes par le syst\u00e8me d\u2019acc\u00e8s CSAM.<\/p>\n<p>Quand la d\u00e9claration doit-elle \u00eatre effectu\u00e9e?<br \/>\nCette d\u00e9claration porte sur la situation au premier jour ouvrable du mois et doit \u00eatre effectu\u00e9e au plus tard le sixi\u00e8me jour civil du mois.<\/p>\n<p>&#8211; La situation au premier jour de travail du mois d&rsquo;avril 2021 doit \u00eatre d\u00e9clar\u00e9e au plus tard le mardi 6 avril 2021<br \/>\n&#8211; La situation au premier jour de travail du mois de mai 2021 doit \u00eatre d\u00e9clar\u00e9e au plus tard le jeudi 6 mai 2021<br \/>\n&#8211; La situation au premier jour de travail du mois de juin 2021 doit \u00eatre d\u00e9clar\u00e9e au plus tard le dimanche 6 juin 2021<\/p>\n<p>L\u2019enregistrement pour le mois d\u2019avril doit \u00eatre effectu\u00e9e au plus tard le 6 avril 2021. Pour les mois suivants, l\u2019enregistrement doit \u00eatre effectu\u00e9 au plus tard le sixi\u00e8me jour de calendrier de chaque mois.<\/p>\n<p><em>Source: Lydian &#8211; Socialsecurity.be<\/em><\/p>\n","protected":false},"excerpt":{"rendered":"<p>Une obligation d\u2019enregistrement mensuel pour les employeurs a \u00e9t\u00e9 introduite afin de mieux contr\u00f4ler le t\u00e9l\u00e9travail \u00e0 domicile obligatoire. Le syst\u00e8me d\u2019enregistrement \u00e9lectronique est mis \u00e0 disposition par l\u2019Office National de S\u00e9curit\u00e9 Sociale. Les services d&rsquo;inspection sociale utiliseront ces donn\u00e9es [&hellip;]<\/p>\n","protected":false},"author":2,"featured_media":0,"comment_status":"closed","ping_status":"open","sticky":false,"template":"","format":"standard","meta":[],"categories":[65,10],"tags":[2947,58,219],"yoast_head":"<!-- This site is optimized with the Yoast SEO plugin v21.0 - https:\/\/yoast.com\/wordpress\/plugins\/seo\/ -->\n<title>T\u00e9l\u00e9travail obligatoire : l&#039;enregistrement mensuel pour le mois d&#039;avril doit \u00eatre rentr\u00e9 avant le 6 avril. - Peoplesphere<\/title>\n<meta name=\"robots\" content=\"index, follow, max-snippet:-1, max-image-preview:large, max-video-preview:-1\" \/>\n<link rel=\"canonical\" href=\"https:\/\/peoplesphere.be\/fr\/teletravail-obligatoire-lenregistrement-mensuel-mois-davril-etre-rentre-6-avril\/\" \/>\n<meta property=\"og:locale\" content=\"fr_FR\" \/>\n<meta property=\"og:type\" content=\"article\" \/>\n<meta property=\"og:title\" content=\"T\u00e9l\u00e9travail obligatoire : l&#039;enregistrement mensuel pour le mois d&#039;avril doit \u00eatre rentr\u00e9 avant le 6 avril. - Peoplesphere\" \/>\n<meta property=\"og:description\" content=\"Une obligation d\u2019enregistrement mensuel pour les employeurs a \u00e9t\u00e9 introduite afin de mieux contr\u00f4ler le t\u00e9l\u00e9travail \u00e0 domicile obligatoire. Le syst\u00e8me d\u2019enregistrement \u00e9lectronique est mis \u00e0 disposition par l\u2019Office National de S\u00e9curit\u00e9 Sociale. Les services d&rsquo;inspection sociale utiliseront ces donn\u00e9es [&hellip;]\" \/>\n<meta property=\"og:url\" content=\"https:\/\/peoplesphere.be\/fr\/teletravail-obligatoire-lenregistrement-mensuel-mois-davril-etre-rentre-6-avril\/\" \/>\n<meta property=\"og:site_name\" content=\"Peoplesphere\" \/>\n<meta property=\"article:publisher\" content=\"https:\/\/www.facebook.com\/peoplesphere\" \/>\n<meta property=\"article:published_time\" content=\"2021-03-29T14:28:18+00:00\" \/>\n<meta property=\"og:image\" content=\"http:\/\/www.peoplesphere.be\/fr\/wp-content\/uploads\/2016\/07\/facebook-default-posting-1200x628px.jpg\" \/>\n<meta name=\"author\" content=\"Jean-Paul Erhard\" \/>\n<meta name=\"twitter:card\" content=\"summary_large_image\" \/>\n<meta name=\"twitter:creator\" content=\"@PeoplesphereMag\" \/>\n<meta name=\"twitter:site\" content=\"@PeoplesphereMag\" \/>\n<meta name=\"twitter:label1\" content=\"\u00c9crit par\" \/>\n\t<meta name=\"twitter:data1\" content=\"Jean-Paul Erhard\" \/>\n\t<meta name=\"twitter:label2\" content=\"Dur\u00e9e de lecture estim\u00e9e\" \/>\n\t<meta name=\"twitter:data2\" content=\"3 minutes\" \/>\n<script type=\"application\/ld+json\" class=\"yoast-schema-graph\">{\"@context\":\"https:\/\/schema.org\",\"@graph\":[{\"@type\":\"Article\",\"@id\":\"https:\/\/peoplesphere.be\/fr\/teletravail-obligatoire-lenregistrement-mensuel-mois-davril-etre-rentre-6-avril\/#article\",\"isPartOf\":{\"@id\":\"https:\/\/peoplesphere.be\/fr\/teletravail-obligatoire-lenregistrement-mensuel-mois-davril-etre-rentre-6-avril\/\"},\"author\":{\"name\":\"Jean-Paul Erhard\",\"@id\":\"https:\/\/peoplesphere.be\/fr\/#\/schema\/person\/7976225ff17988604334abb7b3536a7e\"},\"headline\":\"T\u00e9l\u00e9travail obligatoire : l&rsquo;enregistrement mensuel pour le mois d&rsquo;avril doit \u00eatre rentr\u00e9 avant le 6 avril.\",\"datePublished\":\"2021-03-29T14:28:18+00:00\",\"dateModified\":\"2021-03-29T14:28:18+00:00\",\"mainEntityOfPage\":{\"@id\":\"https:\/\/peoplesphere.be\/fr\/teletravail-obligatoire-lenregistrement-mensuel-mois-davril-etre-rentre-6-avril\/\"},\"wordCount\":555,\"publisher\":{\"@id\":\"https:\/\/peoplesphere.be\/fr\/#organization\"},\"keywords\":[\"coronavirus\",\"s\u00e9curit\u00e9 sociale\",\"t\u00e9l\u00e9travail\"],\"articleSection\":[\"Actualit\u00e9s\",\"Digital\"],\"inLanguage\":\"fr-FR\"},{\"@type\":\"WebPage\",\"@id\":\"https:\/\/peoplesphere.be\/fr\/teletravail-obligatoire-lenregistrement-mensuel-mois-davril-etre-rentre-6-avril\/\",\"url\":\"https:\/\/peoplesphere.be\/fr\/teletravail-obligatoire-lenregistrement-mensuel-mois-davril-etre-rentre-6-avril\/\",\"name\":\"T\u00e9l\u00e9travail obligatoire : l'enregistrement mensuel pour le mois d'avril doit \u00eatre rentr\u00e9 avant le 6 avril. - Peoplesphere\",\"isPartOf\":{\"@id\":\"https:\/\/peoplesphere.be\/fr\/#website\"},\"datePublished\":\"2021-03-29T14:28:18+00:00\",\"dateModified\":\"2021-03-29T14:28:18+00:00\",\"breadcrumb\":{\"@id\":\"https:\/\/peoplesphere.be\/fr\/teletravail-obligatoire-lenregistrement-mensuel-mois-davril-etre-rentre-6-avril\/#breadcrumb\"},\"inLanguage\":\"fr-FR\",\"potentialAction\":[{\"@type\":\"ReadAction\",\"target\":[\"https:\/\/peoplesphere.be\/fr\/teletravail-obligatoire-lenregistrement-mensuel-mois-davril-etre-rentre-6-avril\/\"]}]},{\"@type\":\"BreadcrumbList\",\"@id\":\"https:\/\/peoplesphere.be\/fr\/teletravail-obligatoire-lenregistrement-mensuel-mois-davril-etre-rentre-6-avril\/#breadcrumb\",\"itemListElement\":[{\"@type\":\"ListItem\",\"position\":1,\"name\":\"Accueil\",\"item\":\"https:\/\/peoplesphere.be\/fr\/\"},{\"@type\":\"ListItem\",\"position\":2,\"name\":\"T\u00e9l\u00e9travail obligatoire : l&rsquo;enregistrement mensuel pour le mois d&rsquo;avril doit \u00eatre rentr\u00e9 avant le 6 avril.\"}]},{\"@type\":\"WebSite\",\"@id\":\"https:\/\/peoplesphere.be\/fr\/#website\",\"url\":\"https:\/\/peoplesphere.be\/fr\/\",\"name\":\"Peoplesphere\",\"description\":\"The People Managers Magazine\",\"publisher\":{\"@id\":\"https:\/\/peoplesphere.be\/fr\/#organization\"},\"potentialAction\":[{\"@type\":\"SearchAction\",\"target\":{\"@type\":\"EntryPoint\",\"urlTemplate\":\"https:\/\/peoplesphere.be\/fr\/?s={search_term_string}\"},\"query-input\":\"required name=search_term_string\"}],\"inLanguage\":\"fr-FR\"},{\"@type\":\"Organization\",\"@id\":\"https:\/\/peoplesphere.be\/fr\/#organization\",\"name\":\"Peoplesphere Company srl\",\"url\":\"https:\/\/peoplesphere.be\/fr\/\",\"logo\":{\"@type\":\"ImageObject\",\"inLanguage\":\"fr-FR\",\"@id\":\"https:\/\/peoplesphere.be\/fr\/#\/schema\/logo\/image\/\",\"url\":\"https:\/\/peoplesphere.be\/fr\/wp-content\/uploads\/2023\/07\/peoplesphere-lgo-new-generik.jpg\",\"contentUrl\":\"https:\/\/peoplesphere.be\/fr\/wp-content\/uploads\/2023\/07\/peoplesphere-lgo-new-generik.jpg\",\"width\":1031,\"height\":1479,\"caption\":\"Peoplesphere Company srl\"},\"image\":{\"@id\":\"https:\/\/peoplesphere.be\/fr\/#\/schema\/logo\/image\/\"},\"sameAs\":[\"https:\/\/www.facebook.com\/peoplesphere\",\"https:\/\/twitter.com\/PeoplesphereMag\",\"https:\/\/www.linkedin.com\/company\/7587361?trk\",\"http:\/\/youtube.com\/peoplesphere\"]},{\"@type\":\"Person\",\"@id\":\"https:\/\/peoplesphere.be\/fr\/#\/schema\/person\/7976225ff17988604334abb7b3536a7e\",\"name\":\"Jean-Paul Erhard\",\"image\":{\"@type\":\"ImageObject\",\"inLanguage\":\"fr-FR\",\"@id\":\"https:\/\/peoplesphere.be\/fr\/#\/schema\/person\/image\/\",\"url\":\"https:\/\/secure.gravatar.com\/avatar\/f941e681460179738071629a51574930?s=96&d=mm&r=g\",\"contentUrl\":\"https:\/\/secure.gravatar.com\/avatar\/f941e681460179738071629a51574930?s=96&d=mm&r=g\",\"caption\":\"Jean-Paul Erhard\"},\"url\":\"https:\/\/peoplesphere.be\/fr\/author\/jpe\/\"}]}<\/script>\n<!-- \/ Yoast SEO plugin. -->","yoast_head_json":{"title":"T\u00e9l\u00e9travail obligatoire : l'enregistrement mensuel pour le mois d'avril doit \u00eatre rentr\u00e9 avant le 6 avril. - Peoplesphere","robots":{"index":"index","follow":"follow","max-snippet":"max-snippet:-1","max-image-preview":"max-image-preview:large","max-video-preview":"max-video-preview:-1"},"canonical":"https:\/\/peoplesphere.be\/fr\/teletravail-obligatoire-lenregistrement-mensuel-mois-davril-etre-rentre-6-avril\/","og_locale":"fr_FR","og_type":"article","og_title":"T\u00e9l\u00e9travail obligatoire : l'enregistrement mensuel pour le mois d'avril doit \u00eatre rentr\u00e9 avant le 6 avril. - Peoplesphere","og_description":"Une obligation d\u2019enregistrement mensuel pour les employeurs a \u00e9t\u00e9 introduite afin de mieux contr\u00f4ler le t\u00e9l\u00e9travail \u00e0 domicile obligatoire. Le syst\u00e8me d\u2019enregistrement \u00e9lectronique est mis \u00e0 disposition par l\u2019Office National de S\u00e9curit\u00e9 Sociale. Les services d&rsquo;inspection sociale utiliseront ces donn\u00e9es [&hellip;]","og_url":"https:\/\/peoplesphere.be\/fr\/teletravail-obligatoire-lenregistrement-mensuel-mois-davril-etre-rentre-6-avril\/","og_site_name":"Peoplesphere","article_publisher":"https:\/\/www.facebook.com\/peoplesphere","article_published_time":"2021-03-29T14:28:18+00:00","og_image":[{"url":"http:\/\/www.peoplesphere.be\/fr\/wp-content\/uploads\/2016\/07\/facebook-default-posting-1200x628px.jpg"}],"author":"Jean-Paul Erhard","twitter_card":"summary_large_image","twitter_creator":"@PeoplesphereMag","twitter_site":"@PeoplesphereMag","twitter_misc":{"\u00c9crit par":"Jean-Paul Erhard","Dur\u00e9e de lecture estim\u00e9e":"3 minutes"},"schema":{"@context":"https:\/\/schema.org","@graph":[{"@type":"Article","@id":"https:\/\/peoplesphere.be\/fr\/teletravail-obligatoire-lenregistrement-mensuel-mois-davril-etre-rentre-6-avril\/#article","isPartOf":{"@id":"https:\/\/peoplesphere.be\/fr\/teletravail-obligatoire-lenregistrement-mensuel-mois-davril-etre-rentre-6-avril\/"},"author":{"name":"Jean-Paul Erhard","@id":"https:\/\/peoplesphere.be\/fr\/#\/schema\/person\/7976225ff17988604334abb7b3536a7e"},"headline":"T\u00e9l\u00e9travail obligatoire : l&rsquo;enregistrement mensuel pour le mois d&rsquo;avril doit \u00eatre rentr\u00e9 avant le 6 avril.","datePublished":"2021-03-29T14:28:18+00:00","dateModified":"2021-03-29T14:28:18+00:00","mainEntityOfPage":{"@id":"https:\/\/peoplesphere.be\/fr\/teletravail-obligatoire-lenregistrement-mensuel-mois-davril-etre-rentre-6-avril\/"},"wordCount":555,"publisher":{"@id":"https:\/\/peoplesphere.be\/fr\/#organization"},"keywords":["coronavirus","s\u00e9curit\u00e9 sociale","t\u00e9l\u00e9travail"],"articleSection":["Actualit\u00e9s","Digital"],"inLanguage":"fr-FR"},{"@type":"WebPage","@id":"https:\/\/peoplesphere.be\/fr\/teletravail-obligatoire-lenregistrement-mensuel-mois-davril-etre-rentre-6-avril\/","url":"https:\/\/peoplesphere.be\/fr\/teletravail-obligatoire-lenregistrement-mensuel-mois-davril-etre-rentre-6-avril\/","name":"T\u00e9l\u00e9travail obligatoire : l'enregistrement mensuel pour le mois d'avril doit \u00eatre rentr\u00e9 avant le 6 avril. - Peoplesphere","isPartOf":{"@id":"https:\/\/peoplesphere.be\/fr\/#website"},"datePublished":"2021-03-29T14:28:18+00:00","dateModified":"2021-03-29T14:28:18+00:00","breadcrumb":{"@id":"https:\/\/peoplesphere.be\/fr\/teletravail-obligatoire-lenregistrement-mensuel-mois-davril-etre-rentre-6-avril\/#breadcrumb"},"inLanguage":"fr-FR","potentialAction":[{"@type":"ReadAction","target":["https:\/\/peoplesphere.be\/fr\/teletravail-obligatoire-lenregistrement-mensuel-mois-davril-etre-rentre-6-avril\/"]}]},{"@type":"BreadcrumbList","@id":"https:\/\/peoplesphere.be\/fr\/teletravail-obligatoire-lenregistrement-mensuel-mois-davril-etre-rentre-6-avril\/#breadcrumb","itemListElement":[{"@type":"ListItem","position":1,"name":"Accueil","item":"https:\/\/peoplesphere.be\/fr\/"},{"@type":"ListItem","position":2,"name":"T\u00e9l\u00e9travail obligatoire : l&rsquo;enregistrement mensuel pour le mois d&rsquo;avril doit \u00eatre rentr\u00e9 avant le 6 avril."}]},{"@type":"WebSite","@id":"https:\/\/peoplesphere.be\/fr\/#website","url":"https:\/\/peoplesphere.be\/fr\/","name":"Peoplesphere","description":"The People Managers Magazine","publisher":{"@id":"https:\/\/peoplesphere.be\/fr\/#organization"},"potentialAction":[{"@type":"SearchAction","target":{"@type":"EntryPoint","urlTemplate":"https:\/\/peoplesphere.be\/fr\/?s={search_term_string}"},"query-input":"required name=search_term_string"}],"inLanguage":"fr-FR"},{"@type":"Organization","@id":"https:\/\/peoplesphere.be\/fr\/#organization","name":"Peoplesphere Company srl","url":"https:\/\/peoplesphere.be\/fr\/","logo":{"@type":"ImageObject","inLanguage":"fr-FR","@id":"https:\/\/peoplesphere.be\/fr\/#\/schema\/logo\/image\/","url":"https:\/\/peoplesphere.be\/fr\/wp-content\/uploads\/2023\/07\/peoplesphere-lgo-new-generik.jpg","contentUrl":"https:\/\/peoplesphere.be\/fr\/wp-content\/uploads\/2023\/07\/peoplesphere-lgo-new-generik.jpg","width":1031,"height":1479,"caption":"Peoplesphere Company srl"},"image":{"@id":"https:\/\/peoplesphere.be\/fr\/#\/schema\/logo\/image\/"},"sameAs":["https:\/\/www.facebook.com\/peoplesphere","https:\/\/twitter.com\/PeoplesphereMag","https:\/\/www.linkedin.com\/company\/7587361?trk","http:\/\/youtube.com\/peoplesphere"]},{"@type":"Person","@id":"https:\/\/peoplesphere.be\/fr\/#\/schema\/person\/7976225ff17988604334abb7b3536a7e","name":"Jean-Paul Erhard","image":{"@type":"ImageObject","inLanguage":"fr-FR","@id":"https:\/\/peoplesphere.be\/fr\/#\/schema\/person\/image\/","url":"https:\/\/secure.gravatar.com\/avatar\/f941e681460179738071629a51574930?s=96&d=mm&r=g","contentUrl":"https:\/\/secure.gravatar.com\/avatar\/f941e681460179738071629a51574930?s=96&d=mm&r=g","caption":"Jean-Paul Erhard"},"url":"https:\/\/peoplesphere.be\/fr\/author\/jpe\/"}]}},"_links":{"self":[{"href":"https:\/\/peoplesphere.be\/fr\/wp-json\/wp\/v2\/posts\/11092"}],"collection":[{"href":"https:\/\/peoplesphere.be\/fr\/wp-json\/wp\/v2\/posts"}],"about":[{"href":"https:\/\/peoplesphere.be\/fr\/wp-json\/wp\/v2\/types\/post"}],"author":[{"embeddable":true,"href":"https:\/\/peoplesphere.be\/fr\/wp-json\/wp\/v2\/users\/2"}],"replies":[{"embeddable":true,"href":"https:\/\/peoplesphere.be\/fr\/wp-json\/wp\/v2\/comments?post=11092"}],"version-history":[{"count":1,"href":"https:\/\/peoplesphere.be\/fr\/wp-json\/wp\/v2\/posts\/11092\/revisions"}],"predecessor-version":[{"id":11093,"href":"https:\/\/peoplesphere.be\/fr\/wp-json\/wp\/v2\/posts\/11092\/revisions\/11093"}],"wp:attachment":[{"href":"https:\/\/peoplesphere.be\/fr\/wp-json\/wp\/v2\/media?parent=11092"}],"wp:term":[{"taxonomy":"category","embeddable":true,"href":"https:\/\/peoplesphere.be\/fr\/wp-json\/wp\/v2\/categories?post=11092"},{"taxonomy":"post_tag","embeddable":true,"href":"https:\/\/peoplesphere.be\/fr\/wp-json\/wp\/v2\/tags?post=11092"}],"curies":[{"name":"wp","href":"https:\/\/api.w.org\/{rel}","templated":true}]}}